{"id":1153,"date":"2023-04-14T19:10:08","date_gmt":"2023-04-14T19:10:08","guid":{"rendered":"https:\/\/tirinha.com\/marina-galan-estreia-nunca-fomos-tao-amigas\/"},"modified":"2023-04-14T19:10:08","modified_gmt":"2023-04-14T19:10:08","slug":"marina-galan-estreia-nunca-fomos-tao-amigas","status":"publish","type":"post","link":"https:\/\/tirinha.com\/fr\/1153\/marina-galan-estreia-nunca-fomos-tao-amigas\/","title":{"rendered":"Marina Gal\u00e1n lance &quot;Nous n&#039;avons jamais \u00e9t\u00e9 aussi amis&quot;"},"content":{"rendered":"<p><\/p>\n<div>\n<h2>Marina Gal\u00e1n publie <em>nous n&#039;avons jamais \u00e9t\u00e9 aussi proches<\/em> consolidant sa place dans la pop f\u00e9minine en Espagne<\/h2>\n<p dir=\"ltr\"><strong>Apr\u00e8s s&#039;\u00eatre produit pour la premi\u00e8re fois devant 18 000 personnes au spectacle Los 40 C\u00f3rdoba Pop, o\u00f9 il a partag\u00e9 la sc\u00e8ne avec des artistes comme Antonio Jos\u00e9, L\u00e9rica, Leo Rizzi et Vicco, interpr\u00e9tant leurs tubes <em>\u00c0 l&#039;\u00e9preuve des balles<\/em> C&#039;est <em>Malibu \u00e0 l&#039;ananas<\/em>qui d\u00e9passe d\u00e9j\u00e0 les 150 000 streams sur les plateformes num\u00e9riques, Marina Gal\u00e1n pr\u00e9sente un nouveau tube dance, envelopp\u00e9 dans les sons branch\u00e9s de <em>synthwave<\/em>. <\/strong><\/p>\n<p dir=\"ltr\"><em>nous n&#039;avons jamais \u00e9t\u00e9 aussi proches<\/em> Il a un rythme pour vous faire danser et des paroles qui vous invitent \u00e0 rester \u00e0 l&#039;\u00e9cart des personnes toxiques, d&#039;un point de vue sarcastique avec des phrases comme : <strong>&quot;Je ne sais pas quoi te dire, c&#039;\u00e9tait d\u00e9j\u00e0 difficile pour toi de te d\u00e9cider et \u00e0 ce moment tu remportes le prix de consolation.&quot;<\/strong><\/p>\n<p dir=\"ltr\">La chanson est compos\u00e9e par elle et son producteur <strong>Ander P\u00e9rez-Nemowave<\/strong> (auteur de succ\u00e8s de l&#039;Eurovision ou d&#039;artistes comme <strong>Natalia Lacunza, Sweet California, Alex Ubago ou Soraya.<\/strong><\/p>\n<p dir=\"ltr\">Pour le clip de cette chanson, il a \u00e9t\u00e9 r\u00e9alis\u00e9 par <strong>Carlos Cabezas<\/strong> (hybride Abraxas), et la photographie de <strong>voix de Carla<\/strong>o\u00f9 l&#039;on voit une Marina plus amusante et sensuelle pour se mettre dans l&#039;ambiance estivale.<\/p>\n<figure id=\"attachment_85965\" aria-describedby=\"caption-attachment-85965\" style=\"width: 2048px\" class=\"wp-caption alignnone\"><img fetchpriority=\"high\" data-attachment-id=\"85965\" data-permalink=\"https:\/\/elgeneracionalpost.com\/cultura\/2023\/0414\/85959\/cultura-musica-marina-galan.html\/attachment\/3-marina\" data-orig-file=\"https:\/\/i0.wp.com\/elgeneracionalpost.com\/wp-content\/uploads\/2023\/04\/3-marina.jpg?fit=2048%2C1365&amp;ssl=1\" data-orig-size=\"2048,1365\" data-comments-opened=\"0\" data-image-meta=\"{&quot;aperture&quot;:&quot;0&quot;,&quot;credit&quot;:&quot;&quot;,&quot;camera&quot;:&quot;&quot;,&quot;caption&quot;:&quot;&quot;,&quot;created_timestamp&quot;:&quot;0&quot;,&quot;copyright&quot;:&quot;&quot;,&quot;focal_length&quot;:&quot;0&quot;,&quot;iso&quot;:&quot;0&quot;,&quot;shutter_speed&quot;:&quot;0&quot;,&quot;title&quot;:&quot;&quot;,&quot;orientation&quot;:&quot;0&quot;}\" data-image-title=\"3 marina\" data-image-description=\"\" data-image-caption=\"&lt;p&gt;Marina Gal\u00e1n estrena \u2018Nunca fuimos tan amigos\u2019. Fuente: Oscar Pertusa&lt;\/p&gt;&#10;\" data-medium-file=\"https:\/\/i0.wp.com\/elgeneracionalpost.com\/wp-content\/uploads\/2023\/04\/3-marina.jpg?fit=300%2C200&amp;ssl=1\" data-large-file=\"https:\/\/i0.wp.com\/elgeneracionalpost.com\/wp-content\/uploads\/2023\/04\/3-marina.jpg?fit=696%2C464&amp;ssl=1\" decoding=\"async\" class=\"size-full wp-image-85965 jetpack-lazy-image\" src=\"https:\/\/i0.wp.com\/elgeneracionalpost.com\/wp-content\/uploads\/2023\/04\/3-marina.jpg?resize=696%2C464&amp;ssl=1\" alt=\"\" width=\"696\" height=\"464\" data-recalc-dims=\"1\" data-lazy-srcset=\"https:\/\/i0.wp.com\/elgeneracionalpost.com\/wp-content\/uploads\/2023\/04\/3-marina.jpg?w=2048&amp;ssl=1 2048w, https:\/\/i0.wp.com\/elgeneracionalpost.com\/wp-content\/uploads\/2023\/04\/3-marina.jpg?resize=300%2C200&amp;ssl=1 300w, https:\/\/i0.wp.com\/elgeneracionalpost.com\/wp-content\/uploads\/2023\/04\/3-marina.jpg?resize=1024%2C683&amp;ssl=1 1024w, https:\/\/i0.wp.com\/elgeneracionalpost.com\/wp-content\/uploads\/2023\/04\/3-marina.jpg?resize=768%2C512&amp;ssl=1 768w, https:\/\/i0.wp.com\/elgeneracionalpost.com\/wp-content\/uploads\/2023\/04\/3-marina.jpg?resize=1536%2C1024&amp;ssl=1 1536w, https:\/\/i0.wp.com\/elgeneracionalpost.com\/wp-content\/uploads\/2023\/04\/3-marina.jpg?resize=150%2C100&amp;ssl=1 150w, https:\/\/i0.wp.com\/elgeneracionalpost.com\/wp-content\/uploads\/2023\/04\/3-marina.jpg?resize=696%2C464&amp;ssl=1 696w, https:\/\/i0.wp.com\/elgeneracionalpost.com\/wp-content\/uploads\/2023\/04\/3-marina.jpg?resize=1068%2C712&amp;ssl=1 1068w, https:\/\/i0.wp.com\/elgeneracionalpost.com\/wp-content\/uploads\/2023\/04\/3-marina.jpg?resize=1920%2C1280&amp;ssl=1 1920w, https:\/\/i0.wp.com\/elgeneracionalpost.com\/wp-content\/uploads\/2023\/04\/3-marina.jpg?w=1392&amp;ssl=1 1392w\" data-lazy-sizes=\"(max-width: 696px) 100vw, 696px\" data-lazy-src=\"https:\/\/i0.wp.com\/elgeneracionalpost.com\/wp-content\/uploads\/2023\/04\/3-marina.jpg?resize=696%2C464&amp;is-pending-load=1#038;ssl=1\" srcset=\"data:image\/gif;base64,R0lGODlhAQABAIAAAAAAAP\/\/\/yH5BAEAAAAALAAAAAABAAEAAAIBRAA7\"\/><noscript><img data-lazy-fallback=\"1\" data-attachment-id=\"85965\" data-permalink=\"https:\/\/elgeneracionalpost.com\/cultura\/2023\/0414\/85959\/cultura-musica-marina-galan.html\/attachment\/3-marina\" data-orig-file=\"https:\/\/i0.wp.com\/elgeneracionalpost.com\/wp-content\/uploads\/2023\/04\/3-marina.jpg?fit=2048%2C1365&amp;ssl=1\" data-orig-size=\"2048,1365\" data-comments-opened=\"0\" data-image-meta=\"{&quot;aperture&quot;:&quot;0&quot;,&quot;credit&quot;:&quot;&quot;,&quot;camera&quot;:&quot;&quot;,&quot;caption&quot;:&quot;&quot;,&quot;created_timestamp&quot;:&quot;0&quot;,&quot;copyright&quot;:&quot;&quot;,&quot;focal_length&quot;:&quot;0&quot;,&quot;iso&quot;:&quot;0&quot;,&quot;shutter_speed&quot;:&quot;0&quot;,&quot;title&quot;:&quot;&quot;,&quot;orientation&quot;:&quot;0&quot;}\" data-image-title=\"3 marina\" data-image-description=\"\" data-image-caption=\"&lt;p&gt;Marina Gal\u00e1n estrena \u2018Nunca fuimos tan amigos\u2019. Fuente: Oscar Pertusa&lt;\/p&gt;&#10;\" data-medium-file=\"https:\/\/i0.wp.com\/elgeneracionalpost.com\/wp-content\/uploads\/2023\/04\/3-marina.jpg?fit=300%2C200&amp;ssl=1\" data-large-file=\"https:\/\/i0.wp.com\/elgeneracionalpost.com\/wp-content\/uploads\/2023\/04\/3-marina.jpg?fit=696%2C464&amp;ssl=1\" decoding=\"async\" class=\"size-full wp-image-85965\" src=\"https:\/\/i0.wp.com\/elgeneracionalpost.com\/wp-content\/uploads\/2023\/04\/3-marina.jpg?resize=696%2C464&amp;ssl=1\" alt=\"\" width=\"696\" height=\"464\" srcset=\"https:\/\/i0.wp.com\/elgeneracionalpost.com\/wp-content\/uploads\/2023\/04\/3-marina.jpg?w=2048&amp;ssl=1 2048w, https:\/\/i0.wp.com\/elgeneracionalpost.com\/wp-content\/uploads\/2023\/04\/3-marina.jpg?resize=300%2C200&amp;ssl=1 300w, https:\/\/i0.wp.com\/elgeneracionalpost.com\/wp-content\/uploads\/2023\/04\/3-marina.jpg?resize=1024%2C683&amp;ssl=1 1024w, https:\/\/i0.wp.com\/elgeneracionalpost.com\/wp-content\/uploads\/2023\/04\/3-marina.jpg?resize=768%2C512&amp;ssl=1 768w, https:\/\/i0.wp.com\/elgeneracionalpost.com\/wp-content\/uploads\/2023\/04\/3-marina.jpg?resize=1536%2C1024&amp;ssl=1 1536w, https:\/\/i0.wp.com\/elgeneracionalpost.com\/wp-content\/uploads\/2023\/04\/3-marina.jpg?resize=150%2C100&amp;ssl=1 150w, https:\/\/i0.wp.com\/elgeneracionalpost.com\/wp-content\/uploads\/2023\/04\/3-marina.jpg?resize=696%2C464&amp;ssl=1 696w, https:\/\/i0.wp.com\/elgeneracionalpost.com\/wp-content\/uploads\/2023\/04\/3-marina.jpg?resize=1068%2C712&amp;ssl=1 1068w, https:\/\/i0.wp.com\/elgeneracionalpost.com\/wp-content\/uploads\/2023\/04\/3-marina.jpg?resize=1920%2C1280&amp;ssl=1 1920w, https:\/\/i0.wp.com\/elgeneracionalpost.com\/wp-content\/uploads\/2023\/04\/3-marina.jpg?w=1392&amp;ssl=1 1392w\" sizes=\"(max-width: 696px) 100vw, 696px\" data-recalc-dims=\"1\"\/><\/noscript><figcaption id=\"caption-attachment-85965\" class=\"wp-caption-text\">Marina Gal\u00e1n lance &quot;Nous n&#039;avons jamais \u00e9t\u00e9 aussi amis&quot;. Source : Oscar Pertusa<\/figcaption><\/figure>\n<h3><em>Malibu \u00e0 l&#039;ananas<\/em> C&#039;est <em>au ralenti<\/em> Ce sont vos lettres de motivation<\/h3>\n<p dir=\"ltr\"><strong>Marina Gal\u00e1n<\/strong> a commenc\u00e9 2023 avec le lancement de <strong>Remixer<\/strong> de ton c\u00e9libataire<strong><em>  Malibu \u00e0 l&#039;ananas<\/em> <\/strong>et celui d&#039;un <strong>belle version de la ballade de Sof\u00eda Castro, <em>au ralenti<\/em><\/strong>. Ses chansons constituent la bande originale de programmes diffus\u00e9s aux heures de grande \u00e9coute, tels que <strong>La fi\u00e8vre nocturne du Mediafest<\/strong> et aussi ton single <strong><em>\u00c0 l&#039;\u00e9preuve des balles<\/em><\/strong>  est entr\u00e9 dans la formule radio de <strong><em>la danse des 40<\/em><\/strong>. En mars dernier, elle faisait partie des artistes qui se sont produits au c\u00e9l\u00e8bre concert <strong>Les 40 Cordoues Pop<\/strong>en vue de <strong>plus de 18 000 personnes<\/strong>une journ\u00e9e inoubliable puisque c&#039;\u00e9tait aussi leur premier concert live.<\/p>\n<p dir=\"ltr\">Sa proposition suit la tendance musicale pop avec des r\u00e9miniscences des ann\u00e9es 80 et 90, qui triomphe dans les playlists, le streaming et la radio, suivant les derni\u00e8res \u0153uvres d&#039;artistes tels que <strong>Ana Mena, Aitana ou Zara Larsson<\/strong>.<\/p>\n<h3 dir=\"ltr\">La choriste de Jerez de la Frontera<\/h3>\n<p dir=\"ltr\"><strong>Marina Gal\u00e1n<\/strong> est n\u00e9 en <strong>X\u00e9r\u00e8s de la Frontera<\/strong> juste <strong>19 ans<\/strong>. Elle \u00e9tudie le chant et le piano depuis qu&#039;elle est enfant et fait partie du <strong>Ch\u0153ur de jeunes du Th\u00e9\u00e2tre Villamarta<\/strong> De retour chez lui, il est \u00e9galement trilingue : espagnol, fran\u00e7ais et anglais. Il a compos\u00e9 sa premi\u00e8re chanson alors qu&#039;il n&#039;avait que 16 ans, alors qu&#039;il rentrait chez lui apr\u00e8s avoir assist\u00e9 \u00e0 un concert. <strong>Harry Styles<\/strong>: <strong>&quot;J&#039;ai \u00e9t\u00e9 tr\u00e8s inspir\u00e9 par sa carri\u00e8re d&#039;artiste et par la fa\u00e7on dont il exprimait des histoires \u00e0 travers des chansons&quot;<\/strong>m\u00eame si ce n&#039;est qu&#039;\u00e0 l&#039;\u00e2ge de 18 ans qu&#039;il a publi\u00e9 sa premi\u00e8re chanson intitul\u00e9e <em>douze ans<\/em>, qui \u00e9tait en fait la douzi\u00e8me chanson qu&#039;il composait. Les 11 autres sont enregistr\u00e9s et seront supprim\u00e9s \u00e0 l\u2019avenir.<\/p>\n<p dir=\"ltr\">Toutes ses chansons sont d\u00e9crites comme <strong>\u00ab\u00a0chapitres du livre de ma vie\u00a0\u00bb<\/strong> qui rapportent tous ces types de sentiments que nous pourrions ressentir lorsqu&#039;il y a une nouvelle direction et un nouveau d\u00e9part qui vous met au d\u00e9fi de voir le monde d&#039;une mani\u00e8re diff\u00e9rente de celle que vous connaissiez et vous fait vous lib\u00e9rer de tout ce qui vous emp\u00eache d&#039;\u00eatre qui vous \u00eates. vous l&#039;\u00eates vraiment et recherchez ce que vous m\u00e9ritez.<\/p>\n<blockquote>\n<h2 dir=\"ltr\"><strong>&quot;Je ne sais pas quoi te dire, c&#039;\u00e9tait d\u00e9j\u00e0 difficile pour toi de te d\u00e9cider et \u00e0 ce moment tu remportes le lot de consolation&quot;<\/strong><\/h2>\n<\/blockquote>\n<p dir=\"ltr\">Avec eux, ils ont l&#039;intention de remonter le moral de ceux qui les \u00e9coutent et d&#039;apporter cette fra\u00eecheur d&#039;ananas pour adoucir et rafra\u00eechir nos journ\u00e9es comme si nous \u00e9tions dans une de ces nuits d&#039;\u00e9t\u00e9 o\u00f9 nous ne doutons pas de qui nous sommes et ne laissons personne nous le dire. qui \u00eatre.<\/p>\n<p><span class=\"embed-youtube\" style=\"text-align:center; display: block;\"><iframe title=\"NOUS N&#039;\u00c9TONS JAMAIS TELS AMIS - Marina Gal\u00e1n (Vid\u00e9o Officiel)\" width=\"790\" height=\"444\" src=\"https:\/\/www.youtube.com\/embed\/dX-fck4ZuXg?feature=oembed\" frameborder=\"0\" allow=\"accelerometer; autoplay; clipboard-write; encrypted-media; gyroscope; picture-in-picture; web-share\" allowfullscreen><\/iframe><\/span><\/p>\n<div class=\"sharedaddy sd-block sd-like jetpack-likes-widget-wrapper jetpack-likes-widget-unloaded\" id=\"like-post-wrapper-153844979-85959-6439a50fbfc7a\" data-src=\"https:\/\/widgets.wp.com\/likes\/#blog_id=153844979&amp;post_id=85959&amp;origin=elgeneracionalpost.com&amp;obj_id=153844979-85959-6439a50fbfc7a\" data-name=\"like-post-frame-153844979-85959-6439a50fbfc7a\" data-title=\"Me gusta o Compartir\">\n<h3 class=\"sd-title\">J&#039;aime \u00e7a:<\/h3>\n<p><span class=\"button\"><span>J&#039;aime<\/span><\/span> <span class=\"loading\">Chargement\u2026<\/span><\/p>\n<p><span class=\"sd-text-color\"\/><\/div>\n<p><h3 class=\"jp-relatedposts-headline\"><em>En rapport<\/em><\/h3>\n<\/p>\n<\/div>","protected":false},"excerpt":{"rendered":"<p>Marina Gal\u00e1n publie Nous n&#039;avons jamais \u00e9t\u00e9 aussi proches de consolider sa place dans la pop f\u00e9minine en Espagne Apr\u00e8s avoir jou\u00e9 \u2026 <\/p>","protected":false},"author":1,"featured_media":1155,"comment_status":"open","ping_status":"open","sticky":false,"template":"","format":"standard","meta":{"fifu_image_url":"https:\/\/elgeneracionalpost.com\/wp-content\/uploads\/2023\/04\/1-marina-1.jpeg","fifu_image_alt":"","footnotes":""},"categories":[35],"tags":[],"class_list":["post-1153","post","type-post","status-publish","format-standard","has-post-thumbnail","hentry","category-cultura-e-lazer","latest_post"],"yoast_head":"<!-- This site is optimized with the Yoast SEO plugin v27.8 - https:\/\/yoast.com\/product\/yoast-seo-wordpress\/ -->\n<title>Marina Gal\u00e1n estreia &#039;Nunca fomos t\u00e3o amigas&#039; - Tirinha.com<\/title>\n<meta name=\"robots\" content=\"index, follow, max-snippet:-1, max-image-preview:large, max-video-preview:-1\" \/>\n<link rel=\"canonical\" href=\"https:\/\/tirinha.com\/fr\/1153\/marina-galan-estreia-nunca-fomos-tao-amigas\/\" \/>\n<meta property=\"og:locale\" content=\"fr_FR\" \/>\n<meta property=\"og:type\" content=\"article\" \/>\n<meta property=\"og:title\" content=\"Marina Gal\u00e1n estreia &#039;Nunca fomos t\u00e3o amigas&#039; - Tirinha.com\" \/>\n<meta property=\"og:description\" content=\"Marina Gal\u00e1n publica n\u00f3s nunca fomos t\u00e3o pr\u00f3ximos consolidando seu lugar no pop feminino na Espanha Depois de se apresentar &hellip;\" \/>\n<meta property=\"og:url\" content=\"https:\/\/tirinha.com\/fr\/1153\/marina-galan-estreia-nunca-fomos-tao-amigas\/\" \/>\n<meta property=\"og:site_name\" content=\"Tirinha.com\" \/>\n<meta property=\"article:published_time\" content=\"2023-04-14T19:10:08+00:00\" \/>\n<meta property=\"og:image\" content=\"https:\/\/elgeneracionalpost.com\/wp-content\/uploads\/2023\/04\/1-marina-1.jpeg\" \/>\n<meta name=\"author\" content=\"Admin\" \/>\n<meta name=\"twitter:card\" content=\"summary_large_image\" \/>\n<meta name=\"twitter:image\" content=\"https:\/\/elgeneracionalpost.com\/wp-content\/uploads\/2023\/04\/1-marina-1.jpeg\" \/>\n<meta name=\"twitter:label1\" content=\"\u00c9crit par\" \/>\n\t<meta name=\"twitter:data1\" content=\"Admin\" \/>\n\t<meta name=\"twitter:label2\" content=\"Dur\u00e9e de lecture estim\u00e9e\" \/>\n\t<meta name=\"twitter:data2\" content=\"3 minutes\" \/>\n<script type=\"application\/ld+json\" class=\"yoast-schema-graph\">{\"@context\":\"https:\\\/\\\/schema.org\",\"@graph\":[{\"@type\":\"Article\",\"@id\":\"https:\\\/\\\/tirinha.com\\\/1153\\\/marina-galan-estreia-nunca-fomos-tao-amigas\\\/#article\",\"isPartOf\":{\"@id\":\"https:\\\/\\\/tirinha.com\\\/1153\\\/marina-galan-estreia-nunca-fomos-tao-amigas\\\/\"},\"author\":{\"name\":\"Admin\",\"@id\":\"https:\\\/\\\/tirinha.com\\\/hr\\\/#\\\/schema\\\/person\\\/e22bdfbe17e0461f7e927e6a1208d4d9\"},\"headline\":\"Marina Gal\u00e1n estreia &#8216;Nunca fomos t\u00e3o amigas&#8217;\",\"datePublished\":\"2023-04-14T19:10:08+00:00\",\"mainEntityOfPage\":{\"@id\":\"https:\\\/\\\/tirinha.com\\\/1153\\\/marina-galan-estreia-nunca-fomos-tao-amigas\\\/\"},\"wordCount\":702,\"commentCount\":0,\"publisher\":{\"@id\":\"https:\\\/\\\/tirinha.com\\\/hr\\\/#organization\"},\"image\":{\"@id\":\"https:\\\/\\\/tirinha.com\\\/1153\\\/marina-galan-estreia-nunca-fomos-tao-amigas\\\/#primaryimage\"},\"thumbnailUrl\":\"https:\\\/\\\/elgeneracionalpost.com\\\/wp-content\\\/uploads\\\/2023\\\/04\\\/1-marina-1.jpeg\",\"articleSection\":[\"Cultura e lazer\"],\"inLanguage\":\"fr-FR\",\"potentialAction\":[{\"@type\":\"CommentAction\",\"name\":\"Comment\",\"target\":[\"https:\\\/\\\/tirinha.com\\\/1153\\\/marina-galan-estreia-nunca-fomos-tao-amigas\\\/#respond\"]}]},{\"@type\":\"WebPage\",\"@id\":\"https:\\\/\\\/tirinha.com\\\/1153\\\/marina-galan-estreia-nunca-fomos-tao-amigas\\\/\",\"url\":\"https:\\\/\\\/tirinha.com\\\/1153\\\/marina-galan-estreia-nunca-fomos-tao-amigas\\\/\",\"name\":\"Marina Gal\u00e1n estreia 'Nunca fomos t\u00e3o amigas' - Tirinha.com\",\"isPartOf\":{\"@id\":\"https:\\\/\\\/tirinha.com\\\/hr\\\/#website\"},\"primaryImageOfPage\":{\"@id\":\"https:\\\/\\\/tirinha.com\\\/1153\\\/marina-galan-estreia-nunca-fomos-tao-amigas\\\/#primaryimage\"},\"image\":{\"@id\":\"https:\\\/\\\/tirinha.com\\\/1153\\\/marina-galan-estreia-nunca-fomos-tao-amigas\\\/#primaryimage\"},\"thumbnailUrl\":\"https:\\\/\\\/elgeneracionalpost.com\\\/wp-content\\\/uploads\\\/2023\\\/04\\\/1-marina-1.jpeg\",\"datePublished\":\"2023-04-14T19:10:08+00:00\",\"breadcrumb\":{\"@id\":\"https:\\\/\\\/tirinha.com\\\/1153\\\/marina-galan-estreia-nunca-fomos-tao-amigas\\\/#breadcrumb\"},\"inLanguage\":\"fr-FR\",\"potentialAction\":[{\"@type\":\"ReadAction\",\"target\":[\"https:\\\/\\\/tirinha.com\\\/1153\\\/marina-galan-estreia-nunca-fomos-tao-amigas\\\/\"]}]},{\"@type\":\"ImageObject\",\"inLanguage\":\"fr-FR\",\"@id\":\"https:\\\/\\\/tirinha.com\\\/1153\\\/marina-galan-estreia-nunca-fomos-tao-amigas\\\/#primaryimage\",\"url\":\"https:\\\/\\\/elgeneracionalpost.com\\\/wp-content\\\/uploads\\\/2023\\\/04\\\/1-marina-1.jpeg\",\"contentUrl\":\"https:\\\/\\\/elgeneracionalpost.com\\\/wp-content\\\/uploads\\\/2023\\\/04\\\/1-marina-1.jpeg\"},{\"@type\":\"BreadcrumbList\",\"@id\":\"https:\\\/\\\/tirinha.com\\\/1153\\\/marina-galan-estreia-nunca-fomos-tao-amigas\\\/#breadcrumb\",\"itemListElement\":[{\"@type\":\"ListItem\",\"position\":1,\"name\":\"Home\",\"item\":\"https:\\\/\\\/tirinha.com\\\/hr\\\/\"},{\"@type\":\"ListItem\",\"position\":2,\"name\":\"Marina Gal\u00e1n estreia &#8216;Nunca fomos t\u00e3o amigas&#8217;\"}]},{\"@type\":\"WebSite\",\"@id\":\"https:\\\/\\\/tirinha.com\\\/hr\\\/#website\",\"url\":\"https:\\\/\\\/tirinha.com\\\/hr\\\/\",\"name\":\"Tirinha.com\",\"description\":\"Arte e livros resenhas\",\"publisher\":{\"@id\":\"https:\\\/\\\/tirinha.com\\\/hr\\\/#organization\"},\"potentialAction\":[{\"@type\":\"SearchAction\",\"target\":{\"@type\":\"EntryPoint\",\"urlTemplate\":\"https:\\\/\\\/tirinha.com\\\/hr\\\/?s={search_term_string}\"},\"query-input\":{\"@type\":\"PropertyValueSpecification\",\"valueRequired\":true,\"valueName\":\"search_term_string\"}}],\"inLanguage\":\"fr-FR\"},{\"@type\":\"Organization\",\"@id\":\"https:\\\/\\\/tirinha.com\\\/hr\\\/#organization\",\"name\":\"Tirinha.com\",\"url\":\"https:\\\/\\\/tirinha.com\\\/hr\\\/\",\"logo\":{\"@type\":\"ImageObject\",\"inLanguage\":\"fr-FR\",\"@id\":\"https:\\\/\\\/tirinha.com\\\/hr\\\/#\\\/schema\\\/logo\\\/image\\\/\",\"url\":\"https:\\\/\\\/tirinha.com\\\/wp-content\\\/uploads\\\/2023\\\/08\\\/cropped-Logo-Tirinha.webp\",\"contentUrl\":\"https:\\\/\\\/tirinha.com\\\/wp-content\\\/uploads\\\/2023\\\/08\\\/cropped-Logo-Tirinha.webp\",\"width\":512,\"height\":512,\"caption\":\"Tirinha.com\"},\"image\":{\"@id\":\"https:\\\/\\\/tirinha.com\\\/hr\\\/#\\\/schema\\\/logo\\\/image\\\/\"}},{\"@type\":\"Person\",\"@id\":\"https:\\\/\\\/tirinha.com\\\/hr\\\/#\\\/schema\\\/person\\\/e22bdfbe17e0461f7e927e6a1208d4d9\",\"name\":\"Admin\",\"image\":{\"@type\":\"ImageObject\",\"inLanguage\":\"fr-FR\",\"@id\":\"https:\\\/\\\/tirinha.com\\\/wp-content\\\/litespeed\\\/avatar\\\/394da628e0e367b1790570a93fe58e9b.jpg?ver=1788360620\",\"url\":\"https:\\\/\\\/tirinha.com\\\/wp-content\\\/litespeed\\\/avatar\\\/394da628e0e367b1790570a93fe58e9b.jpg?ver=1788360620\",\"contentUrl\":\"https:\\\/\\\/tirinha.com\\\/wp-content\\\/litespeed\\\/avatar\\\/394da628e0e367b1790570a93fe58e9b.jpg?ver=1788360620\",\"caption\":\"Admin\"},\"url\":\"https:\\\/\\\/tirinha.com\\\/fr\\\/author\\\/\"}]}<\/script>\n<!-- \/ Yoast SEO plugin. -->","yoast_head_json":{"title":"Marina Gal\u00e1n pr\u00e9sente son nouveau single ' We&#039;ve Never Been Such Good Friends ' - Tirinha.com","robots":{"index":"index","follow":"follow","max-snippet":"max-snippet:-1","max-image-preview":"max-image-preview:large","max-video-preview":"max-video-preview:-1"},"canonical":"https:\/\/tirinha.com\/fr\/1153\/marina-galan-estreia-nunca-fomos-tao-amigas\/","og_locale":"fr_FR","og_type":"article","og_title":"Marina Gal\u00e1n estreia 'Nunca fomos t\u00e3o amigas' - Tirinha.com","og_description":"Marina Gal\u00e1n publica n\u00f3s nunca fomos t\u00e3o pr\u00f3ximos consolidando seu lugar no pop feminino na Espanha Depois de se apresentar &hellip;","og_url":"https:\/\/tirinha.com\/fr\/1153\/marina-galan-estreia-nunca-fomos-tao-amigas\/","og_site_name":"Tirinha.com","article_published_time":"2023-04-14T19:10:08+00:00","og_image":[{"url":"https:\/\/elgeneracionalpost.com\/wp-content\/uploads\/2023\/04\/1-marina-1.jpeg","type":"","width":"","height":""}],"author":"Admin","twitter_card":"summary_large_image","twitter_image":"https:\/\/elgeneracionalpost.com\/wp-content\/uploads\/2023\/04\/1-marina-1.jpeg","twitter_misc":{"\u00c9crit par":"Admin","Dur\u00e9e de lecture estim\u00e9e":"3 minutes"},"schema":{"@context":"https:\/\/schema.org","@graph":[{"@type":"Article","@id":"https:\/\/tirinha.com\/1153\/marina-galan-estreia-nunca-fomos-tao-amigas\/#article","isPartOf":{"@id":"https:\/\/tirinha.com\/1153\/marina-galan-estreia-nunca-fomos-tao-amigas\/"},"author":{"name":"Admin","@id":"https:\/\/tirinha.com\/hr\/#\/schema\/person\/e22bdfbe17e0461f7e927e6a1208d4d9"},"headline":"Marina Gal\u00e1n estreia &#8216;Nunca fomos t\u00e3o amigas&#8217;","datePublished":"2023-04-14T19:10:08+00:00","mainEntityOfPage":{"@id":"https:\/\/tirinha.com\/1153\/marina-galan-estreia-nunca-fomos-tao-amigas\/"},"wordCount":702,"commentCount":0,"publisher":{"@id":"https:\/\/tirinha.com\/hr\/#organization"},"image":{"@id":"https:\/\/tirinha.com\/1153\/marina-galan-estreia-nunca-fomos-tao-amigas\/#primaryimage"},"thumbnailUrl":"https:\/\/elgeneracionalpost.com\/wp-content\/uploads\/2023\/04\/1-marina-1.jpeg","articleSection":["Cultura e lazer"],"inLanguage":"fr-FR","potentialAction":[{"@type":"CommentAction","name":"Comment","target":["https:\/\/tirinha.com\/1153\/marina-galan-estreia-nunca-fomos-tao-amigas\/#respond"]}]},{"@type":"WebPage","@id":"https:\/\/tirinha.com\/1153\/marina-galan-estreia-nunca-fomos-tao-amigas\/","url":"https:\/\/tirinha.com\/1153\/marina-galan-estreia-nunca-fomos-tao-amigas\/","name":"Marina Gal\u00e1n pr\u00e9sente son nouveau single ' We&#039;ve Never Been Such Good Friends ' - Tirinha.com","isPartOf":{"@id":"https:\/\/tirinha.com\/hr\/#website"},"primaryImageOfPage":{"@id":"https:\/\/tirinha.com\/1153\/marina-galan-estreia-nunca-fomos-tao-amigas\/#primaryimage"},"image":{"@id":"https:\/\/tirinha.com\/1153\/marina-galan-estreia-nunca-fomos-tao-amigas\/#primaryimage"},"thumbnailUrl":"https:\/\/elgeneracionalpost.com\/wp-content\/uploads\/2023\/04\/1-marina-1.jpeg","datePublished":"2023-04-14T19:10:08+00:00","breadcrumb":{"@id":"https:\/\/tirinha.com\/1153\/marina-galan-estreia-nunca-fomos-tao-amigas\/#breadcrumb"},"inLanguage":"fr-FR","potentialAction":[{"@type":"ReadAction","target":["https:\/\/tirinha.com\/1153\/marina-galan-estreia-nunca-fomos-tao-amigas\/"]}]},{"@type":"ImageObject","inLanguage":"fr-FR","@id":"https:\/\/tirinha.com\/1153\/marina-galan-estreia-nunca-fomos-tao-amigas\/#primaryimage","url":"https:\/\/elgeneracionalpost.com\/wp-content\/uploads\/2023\/04\/1-marina-1.jpeg","contentUrl":"https:\/\/elgeneracionalpost.com\/wp-content\/uploads\/2023\/04\/1-marina-1.jpeg"},{"@type":"BreadcrumbList","@id":"https:\/\/tirinha.com\/1153\/marina-galan-estreia-nunca-fomos-tao-amigas\/#breadcrumb","itemListElement":[{"@type":"ListItem","position":1,"name":"Home","item":"https:\/\/tirinha.com\/hr\/"},{"@type":"ListItem","position":2,"name":"Marina Gal\u00e1n estreia &#8216;Nunca fomos t\u00e3o amigas&#8217;"}]},{"@type":"WebSite","@id":"https:\/\/tirinha.com\/hr\/#website","url":"https:\/\/tirinha.com\/hr\/","name":"Tirinha.com","description":"Critiques d&#039;art et de livres","publisher":{"@id":"https:\/\/tirinha.com\/hr\/#organization"},"potentialAction":[{"@type":"SearchAction","target":{"@type":"EntryPoint","urlTemplate":"https:\/\/tirinha.com\/hr\/?s={search_term_string}"},"query-input":{"@type":"PropertyValueSpecification","valueRequired":true,"valueName":"search_term_string"}}],"inLanguage":"fr-FR"},{"@type":"Organization","@id":"https:\/\/tirinha.com\/hr\/#organization","name":"Tirinha.com","url":"https:\/\/tirinha.com\/hr\/","logo":{"@type":"ImageObject","inLanguage":"fr-FR","@id":"https:\/\/tirinha.com\/hr\/#\/schema\/logo\/image\/","url":"https:\/\/tirinha.com\/wp-content\/uploads\/2023\/08\/cropped-Logo-Tirinha.webp","contentUrl":"https:\/\/tirinha.com\/wp-content\/uploads\/2023\/08\/cropped-Logo-Tirinha.webp","width":512,"height":512,"caption":"Tirinha.com"},"image":{"@id":"https:\/\/tirinha.com\/hr\/#\/schema\/logo\/image\/"}},{"@type":"Person","@id":"https:\/\/tirinha.com\/hr\/#\/schema\/person\/e22bdfbe17e0461f7e927e6a1208d4d9","name":"Admin","image":{"@type":"ImageObject","inLanguage":"fr-FR","@id":"https:\/\/tirinha.com\/wp-content\/litespeed\/avatar\/394da628e0e367b1790570a93fe58e9b.jpg?ver=1788360620","url":"https:\/\/tirinha.com\/wp-content\/litespeed\/avatar\/394da628e0e367b1790570a93fe58e9b.jpg?ver=1788360620","contentUrl":"https:\/\/tirinha.com\/wp-content\/litespeed\/avatar\/394da628e0e367b1790570a93fe58e9b.jpg?ver=1788360620","caption":"Admin"},"url":"https:\/\/tirinha.com\/fr\/author\/"}]}},"_links":{"self":[{"href":"https:\/\/tirinha.com\/fr\/wp-json\/wp\/v2\/posts\/1153","targetHints":{"allow":["GET"]}}],"collection":[{"href":"https:\/\/tirinha.com\/fr\/wp-json\/wp\/v2\/posts"}],"about":[{"href":"https:\/\/tirinha.com\/fr\/wp-json\/wp\/v2\/types\/post"}],"author":[{"embeddable":true,"href":"https:\/\/tirinha.com\/fr\/wp-json\/wp\/v2\/users\/1"}],"replies":[{"embeddable":true,"href":"https:\/\/tirinha.com\/fr\/wp-json\/wp\/v2\/comments?post=1153"}],"version-history":[{"count":0,"href":"https:\/\/tirinha.com\/fr\/wp-json\/wp\/v2\/posts\/1153\/revisions"}],"wp:featuredmedia":[{"embeddable":true,"href":"https:\/\/tirinha.com\/fr\/wp-json\/wp\/v2\/media\/1155"}],"wp:attachment":[{"href":"https:\/\/tirinha.com\/fr\/wp-json\/wp\/v2\/media?parent=1153"}],"wp:term":[{"taxonomy":"category","embeddable":true,"href":"https:\/\/tirinha.com\/fr\/wp-json\/wp\/v2\/categories?post=1153"},{"taxonomy":"post_tag","embeddable":true,"href":"https:\/\/tirinha.com\/fr\/wp-json\/wp\/v2\/tags?post=1153"}],"curies":[{"name":"wp","href":"https:\/\/api.w.org\/{rel}","templated":true}]}}