{"id":1063,"date":"2023-04-05T11:46:23","date_gmt":"2023-04-05T11:46:23","guid":{"rendered":"https:\/\/tirinha.com\/grammy-latino-2018-eg-o-jornal-digital-noticias-presente\/"},"modified":"2023-04-05T11:46:23","modified_gmt":"2023-04-05T11:46:23","slug":"latin-grammy-2018-par-exemple-le-journal-numerique-presente","status":"publish","type":"post","link":"https:\/\/tirinha.com\/fr\/1063\/grammy-latino-2018-eg-o-jornal-digital-noticias-presente\/","title":{"rendered":"Grammy latin 2018 \u2013 EG. Le journal num\u00e9rique. Nouvelles. Cadeau"},"content":{"rendered":"<p><\/p>\n<div data-td-block-uid=\"tdi_70\">\n<div class=\"tdb-block-inner td-fix-index\">\n<h3><span style=\"color:#808080;\">Un succ\u00e8s qui se r\u00e9p\u00e8te ann\u00e9e apr\u00e8s ann\u00e9e <\/span><\/h3>\n<figure id=\"attachment_649\" aria-describedby=\"caption-attachment-649\" style=\"width: 992px\" class=\"wp-caption alignnone\"><img fetchpriority=\"high\" data-attachment-id=\"649\" data-permalink=\"https:\/\/elgeneracionalpost.com\/cultura\/2018\/1116\/648\/los-grammy-latino-2018.html\/attachment\/rosalia\" data-orig-file=\"https:\/\/i0.wp.com\/elgeneracionalpost.com\/wp-content\/uploads\/2018\/11\/rosalia.jpg?fit=992%2C558&amp;ssl=1\" data-orig-size=\"992,558\" data-comments-opened=\"1\" data-image-meta=\"{&quot;aperture&quot;:&quot;0&quot;,&quot;credit&quot;:&quot;&quot;,&quot;camera&quot;:&quot;&quot;,&quot;caption&quot;:&quot;&quot;,&quot;created_timestamp&quot;:&quot;0&quot;,&quot;copyright&quot;:&quot;&quot;,&quot;focal_length&quot;:&quot;0&quot;,&quot;iso&quot;:&quot;0&quot;,&quot;shutter_speed&quot;:&quot;0&quot;,&quot;title&quot;:&quot;&quot;,&quot;orientation&quot;:&quot;0&quot;}\" data-image-title=\"rosalia\" data-image-description=\"\" data-image-caption=\"\" data-medium-file=\"https:\/\/i0.wp.com\/elgeneracionalpost.com\/wp-content\/uploads\/2018\/11\/rosalia.jpg?fit=300%2C169&amp;ssl=1\" data-large-file=\"https:\/\/i0.wp.com\/elgeneracionalpost.com\/wp-content\/uploads\/2018\/11\/rosalia.jpg?fit=696%2C392&amp;ssl=1\" decoding=\"async\" class=\"alignnone size-full wp-image-649 jetpack-lazy-image\" src=\"https:\/\/i0.wp.com\/elgeneracionalpost.com\/wp-content\/uploads\/2018\/11\/rosalia.jpg?resize=696%2C392&amp;ssl=1\" alt=\"Rosalie\" width=\"696\" height=\"392\" data-recalc-dims=\"1\" data-lazy-src=\"https:\/\/i0.wp.com\/elgeneracionalpost.com\/wp-content\/uploads\/2018\/11\/rosalia.jpg?resize=696%2C392&amp;is-pending-load=1#038;ssl=1\" srcset=\"data:image\/gif;base64,R0lGODlhAQABAIAAAAAAAP\/\/\/yH5BAEAAAAALAAAAAABAAEAAAIBRAA7\"\/><noscript><img data-lazy-fallback=\"1\" data-attachment-id=\"649\" data-permalink=\"https:\/\/elgeneracionalpost.com\/cultura\/2018\/1116\/648\/los-grammy-latino-2018.html\/attachment\/rosalia\" data-orig-file=\"https:\/\/i0.wp.com\/elgeneracionalpost.com\/wp-content\/uploads\/2018\/11\/rosalia.jpg?fit=992%2C558&amp;ssl=1\" data-orig-size=\"992,558\" data-comments-opened=\"1\" data-image-meta=\"{&quot;aperture&quot;:&quot;0&quot;,&quot;credit&quot;:&quot;&quot;,&quot;camera&quot;:&quot;&quot;,&quot;caption&quot;:&quot;&quot;,&quot;created_timestamp&quot;:&quot;0&quot;,&quot;copyright&quot;:&quot;&quot;,&quot;focal_length&quot;:&quot;0&quot;,&quot;iso&quot;:&quot;0&quot;,&quot;shutter_speed&quot;:&quot;0&quot;,&quot;title&quot;:&quot;&quot;,&quot;orientation&quot;:&quot;0&quot;}\" data-image-title=\"rosalia\" data-image-description=\"\" data-image-caption=\"\" data-medium-file=\"https:\/\/i0.wp.com\/elgeneracionalpost.com\/wp-content\/uploads\/2018\/11\/rosalia.jpg?fit=300%2C169&amp;ssl=1\" data-large-file=\"https:\/\/i0.wp.com\/elgeneracionalpost.com\/wp-content\/uploads\/2018\/11\/rosalia.jpg?fit=696%2C392&amp;ssl=1\" decoding=\"async\" class=\"alignnone size-full wp-image-649\" src=\"https:\/\/i0.wp.com\/elgeneracionalpost.com\/wp-content\/uploads\/2018\/11\/rosalia.jpg?resize=696%2C392&amp;ssl=1\" alt=\"Rosalie\" width=\"696\" height=\"392\" data-recalc-dims=\"1\"\/><\/noscript><figcaption id=\"caption-attachment-649\" class=\"wp-caption-text\">Rosal\u00eda aux Grammy Awards 2018 (Robyn Beck\/AFP)<\/figcaption><\/figure>\n<p>Les Latin Grammy Awards sont un honneur d\u00e9cern\u00e9 par la National Academy of Recording Arts and Sciences des \u00c9tats-Unis pour r\u00e9compenser une r\u00e9alisation particuli\u00e8rement remarquable dans l&#039;industrie musicale pour un artiste sp\u00e9cifique. La c\u00e9r\u00e9monie annuelle de remise des prix comprend des performances d&#039;artistes de premier plan et la remise de prix qui suscitent le plus grand int\u00e9r\u00eat populaire.<\/p>\n<p>Cette ann\u00e9e, la c\u00e9r\u00e9monie de remise des prix a eu lieu le 15 novembre au MGM Grand Garden Arena de Las Vegas. Les principales personnalit\u00e9s de la musique espagnole (et portugaise) \u00e9taient pr\u00e9sentes \u00e0 l&#039;\u00e9v\u00e9nement.<\/p>\n<p>La c\u00e9r\u00e9monie a commenc\u00e9 avec le chanteur de salsa Marc Anthony, le chanteur et acteur Will Smith et le joueur de reggaeton Bad Bunny.<\/p>\n<p>L&#039;Espagne a eu une repr\u00e9sentation fructueuse au gala ; Bunbury a \u00e9t\u00e9 r\u00e9compens\u00e9 comme meilleur album rock pour <em>Attentes<\/em>et Manolo Garc\u00eda pour le meilleur album pop\/rock pour son <em>g\u00e9om\u00e9trie de la foudre<\/em>. Ainsi, la chanteuse Rosal\u00eda avec son nouvel album <em>la volont\u00e9 du mal<\/em> Elle a \u00e9galement \u00e9t\u00e9 r\u00e9compens\u00e9e et a pr\u00e9sent\u00e9 un spectacle taurin en interpr\u00e9tant sa chanson \u00ab Malamente \u00bb.<em>. <\/em>Mais il n&#039;\u00e9tait pas le seul \u00e0 choquer le public, Man\u00e1 les a soulev\u00e9s de leurs si\u00e8ges.<\/p>\n<p>Enfin, voici la liste des gagnants selon The Trust Project :<\/p>\n<ul>\n<li>Disque de l&#039;ann\u00e9e : \u00ab\u00a0T\u00e9l\u00e9phonie\u00a0\u00bb, Jorge Drexler.<\/li>\n<li>Chanson de l&#039;ann\u00e9e : \u00ab T\u00e9l\u00e9phonie \u00bb, Jorge Drexler.<\/li>\n<li>Album de l&#039;ann\u00e9e : <em>Le Mexique pour toujours<\/em>Luis Miguel.<\/li>\n<li>Meilleur nouveau venu : Karol G.<\/li>\n<li>Meilleur album vocal pop traditionnel\u00a0: <em>faites-vous sentir<\/em>Laura Pausini.<\/li>\n<li>Meilleur album vocal pop contemporain\u00a0: <em>NOTORI\u00c9T\u00c9<\/em>Maluma.<\/li>\n<li>Meilleur album de musique urbaine : <em>Vibrations<\/em>J. Balvin.<\/li>\n<li>Meilleure chanson de musique urbaine : \u00ab Dura \u00bb, Daddy Yankee, Urbani Mota Cedeno, Juan G. Rivera V\u00e1zquez et Luis Jorge Romero.<\/li>\n<li>Meilleur album de musique du Nord\u00a0: <em>guerre par procuration<\/em>calibre 50 et <em>les anges existent<\/em>Poids lourd (double vainqueur).<\/li>\n<li>Meilleur album de salsa : <em>25\/07<\/em>Victor Manuelle.<\/li>\n<li>Meilleure fusion\/interpr\u00e9tation urbaine : \u00ab Malamente \u00bb, Rosal\u00eda.<\/li>\n<li>Meilleur album chr\u00e9tien (en portugais)\u00a0: <em>Nous sommes ma vie<\/em>Fernanda Brum.<\/li>\n<li>Meilleur album pop contemporain en langue portugaise\u00a0: <em>nocturne<\/em>Anadi.<\/li>\n<li>Meilleur album de rock ou de musique alternative en portugais\u00a0: <em>L\u00e9nine en transit<\/em>L\u00e9nine.<\/li>\n<li>Meilleur album de samba\/pagode : <em>l&#039;amour et la musique<\/em>Marie Rita.<\/li>\n<li>Meilleur album de musique populaire br\u00e9silienne\u00a0: <em>caravanes<\/em>Chico Buarque.<\/li>\n<li>Meilleur album de musique country : <em>Ce sont des preuves<\/em>Chit\u00e3ozinho et Xoror\u00f3.<\/li>\n<li>Meilleure chanson en portugais : \u00ab As caravanas \u00bb, Chico Buarque.<\/li>\n<li>Meilleur album instrumental : <em>Identit\u00e9<\/em>Miguel Siso.<\/li>\n<li>Meilleur album folk : <em>Musas (un hommage au folklore latino-am\u00e9ricain entre les mains de Los Macorinos), Vol. 2<\/em>Nathalie Lafourcade.<\/li>\n<li>Meilleur album de tango : <em>vigueur du tango<\/em>Pedro Giraudo.<\/li>\n<li>Meilleur album de musique flamenco\u00a0: <em>\u00e0 l&#039;est de la musique<\/em>Archange.<\/li>\n<li>Meilleur album latino\/jazz\u00a0: <em>nature universelle<\/em>Hermeto Pascoal &amp; Big Band.<\/li>\n<li>Meilleur album de musique Roots en portugais\u00a0: <em>+AR<\/em>Almir Sater et Renato Teixeira.<\/li>\n<li>Meilleur album chr\u00e9tien (en espagnol)\u00a0: <em>soixante-dix fois sept<\/em>Potiers.<\/li>\n<li>Meilleur album de musique latine pour enfants\u00a0: <em>j&#039;imaginerai<\/em>Clair de lune.<\/li>\n<li>Meilleur album de musique classique : <em>magique et myst\u00e9rieux<\/em>Claudia Montero.<\/li>\n<li>Meilleure \u0153uvre\/composition classique contemporaine : \u00ab Luces y shadows. Concerto pour guitare et orchestre \u00e0 cordes\u00bb, Claudia Montero.<\/li>\n<li>Meilleure disposition\u00a0: <em>tu le vois<\/em>Milton Salcedo.<\/li>\n<li>Meilleure conception d\u2019emballage\u00a0: <em>diff\u00e9rents types de lumi\u00e8re<\/em>Carlos Tristesse.<\/li>\n<li>Meilleur album de cumbia\/vallenato\u00a0: <em>C&#039;est la vie<\/em>Sylvestre Dangond.<\/li>\n<li>Meilleur album tropical contemporain\u00a0: <em>tu vis<\/em>Carlos Vives.<\/li>\n<li>Meilleur album tropical traditionnel\u00a0: <em>A m\u00ed qu\u00e9 \u2013 Hommage aux classiques cubains<\/em>Jos\u00e9 Alberto El Canario et El Septeto Santiaguero.<\/li>\n<li>Meilleur album de fusion tropicale\u00a0: <em>Comme une bague \u00e0 ton doigt<\/em>Aym\u00e9e Nuviola.<\/li>\n<li>Meilleure chanson tropicale : \u00ab Je veux du temps \u00bb, Juan Carlos Luces &amp; V\u00edctor Manuelle.<\/li>\n<li>Meilleur album d&#039;auteur-compositeur-interpr\u00e8te\u00a0: <em>gilet de sauvetage sur glace<\/em>Georges Drexler.<\/li>\n<li>Meilleur album de musique ranchera\/mariachi\u00a0: <em>Le Mexique pour toujours<\/em>Luis Miguel.<\/li>\n<\/ul>\n<p>\u200b<\/p>\n<div class=\"sharedaddy sd-block sd-like jetpack-likes-widget-wrapper jetpack-likes-widget-unloaded\" id=\"like-post-wrapper-153844979-648-642d5f8e9e806\" data-src=\"https:\/\/widgets.wp.com\/likes\/#blog_id=153844979&amp;post_id=648&amp;origin=elgeneracionalpost.com&amp;obj_id=153844979-648-642d5f8e9e806\" data-name=\"like-post-frame-153844979-648-642d5f8e9e806\" data-title=\"Me gusta o Compartir\">\n<h3 class=\"sd-title\">J&#039;aime \u00e7a:<\/h3>\n<p><span class=\"button\"><span>J&#039;aime<\/span><\/span> <span class=\"loading\">Chargement\u2026<\/span><\/p>\n<p><span class=\"sd-text-color\"\/><\/div>\n<p><h3 class=\"jp-relatedposts-headline\"><em>En rapport<\/em><\/h3>\n<\/p>\n<\/div>\n<\/div>","protected":false},"excerpt":{"rendered":"<p>Un succ\u00e8s qui se r\u00e9p\u00e8te ann\u00e9e apr\u00e8s ann\u00e9e Rosal\u00eda aux Grammy Awards 2018 (Robyn Beck\/ AFP) Les Latin Grammys sont\u2026 <\/p>","protected":false},"author":1,"featured_media":1064,"comment_status":"open","ping_status":"open","sticky":false,"template":"","format":"standard","meta":{"fifu_image_url":"https:\/\/i2.wp.com\/elgeneracionalpost.com\/wp-content\/uploads\/2018\/11\/rosalia.jpg?fit=992,558&ssl=1","fifu_image_alt":"","footnotes":""},"categories":[35],"tags":[],"class_list":["post-1063","post","type-post","status-publish","format-standard","has-post-thumbnail","hentry","category-cultura-e-lazer","latest_post"],"yoast_head":"<!-- This site is optimized with the Yoast SEO plugin v27.3 - https:\/\/yoast.com\/product\/yoast-seo-wordpress\/ -->\n<title>Grammy Latino 2018 - EG. O jornal digital. Not\u00edcias. Presente - Tirinha.com<\/title>\n<meta name=\"robots\" content=\"index, follow, max-snippet:-1, max-image-preview:large, max-video-preview:-1\" \/>\n<link rel=\"canonical\" href=\"https:\/\/tirinha.com\/fr\/1063\/latin-grammy-2018-par-exemple-le-journal-numerique-presente\/\" \/>\n<meta property=\"og:locale\" content=\"fr_FR\" \/>\n<meta property=\"og:type\" content=\"article\" \/>\n<meta property=\"og:title\" content=\"Grammy Latino 2018 - EG. O jornal digital. Not\u00edcias. Presente - Tirinha.com\" \/>\n<meta property=\"og:description\" content=\"Um sucesso que se repete ano ap\u00f3s ano Rosal\u00eda no Grammy Awards 2018 (Robyn Beck\/ AFP) O Grammy Latino \u00e9 &hellip;\" \/>\n<meta property=\"og:url\" content=\"https:\/\/tirinha.com\/fr\/1063\/latin-grammy-2018-par-exemple-le-journal-numerique-presente\/\" \/>\n<meta property=\"og:site_name\" content=\"Tirinha.com\" \/>\n<meta property=\"article:published_time\" content=\"2023-04-05T11:46:23+00:00\" \/>\n<meta property=\"og:image\" content=\"https:\/\/i2.wp.com\/elgeneracionalpost.com\/wp-content\/uploads\/2018\/11\/rosalia.jpg?fit=992,558&ssl=1\" \/>\n<meta name=\"author\" content=\"admin\" \/>\n<meta name=\"twitter:card\" content=\"summary_large_image\" \/>\n<meta name=\"twitter:image\" content=\"https:\/\/i2.wp.com\/elgeneracionalpost.com\/wp-content\/uploads\/2018\/11\/rosalia.jpg?fit=992,558&ssl=1\" \/>\n<meta name=\"twitter:label1\" content=\"\u00c9crit par\" \/>\n\t<meta name=\"twitter:data1\" content=\"admin\" \/>\n\t<meta name=\"twitter:label2\" content=\"Dur\u00e9e de lecture estim\u00e9e\" \/>\n\t<meta name=\"twitter:data2\" content=\"3 minutes\" \/>\n<script type=\"application\/ld+json\" class=\"yoast-schema-graph\">{\"@context\":\"https:\\\/\\\/schema.org\",\"@graph\":[{\"@type\":\"Article\",\"@id\":\"https:\\\/\\\/tirinha.com\\\/1063\\\/grammy-latino-2018-eg-o-jornal-digital-noticias-presente\\\/#article\",\"isPartOf\":{\"@id\":\"https:\\\/\\\/tirinha.com\\\/1063\\\/grammy-latino-2018-eg-o-jornal-digital-noticias-presente\\\/\"},\"author\":{\"name\":\"admin\",\"@id\":\"https:\\\/\\\/tirinha.com\\\/#\\\/schema\\\/person\\\/e22bdfbe17e0461f7e927e6a1208d4d9\"},\"headline\":\"Grammy Latino 2018 &#8211; EG. O jornal digital. Not\u00edcias. Presente\",\"datePublished\":\"2023-04-05T11:46:23+00:00\",\"mainEntityOfPage\":{\"@id\":\"https:\\\/\\\/tirinha.com\\\/1063\\\/grammy-latino-2018-eg-o-jornal-digital-noticias-presente\\\/\"},\"wordCount\":655,\"commentCount\":0,\"publisher\":{\"@id\":\"https:\\\/\\\/tirinha.com\\\/#organization\"},\"image\":{\"@id\":\"https:\\\/\\\/tirinha.com\\\/1063\\\/grammy-latino-2018-eg-o-jornal-digital-noticias-presente\\\/#primaryimage\"},\"thumbnailUrl\":\"https:\\\/\\\/i2.wp.com\\\/elgeneracionalpost.com\\\/wp-content\\\/uploads\\\/2018\\\/11\\\/rosalia.jpg?fit=992,558&ssl=1\",\"articleSection\":[\"Cultura e lazer\"],\"inLanguage\":\"fr-FR\",\"potentialAction\":[{\"@type\":\"CommentAction\",\"name\":\"Comment\",\"target\":[\"https:\\\/\\\/tirinha.com\\\/1063\\\/grammy-latino-2018-eg-o-jornal-digital-noticias-presente\\\/#respond\"]}]},{\"@type\":\"WebPage\",\"@id\":\"https:\\\/\\\/tirinha.com\\\/1063\\\/grammy-latino-2018-eg-o-jornal-digital-noticias-presente\\\/\",\"url\":\"https:\\\/\\\/tirinha.com\\\/1063\\\/grammy-latino-2018-eg-o-jornal-digital-noticias-presente\\\/\",\"name\":\"Grammy Latino 2018 - EG. O jornal digital. Not\u00edcias. Presente - Tirinha.com\",\"isPartOf\":{\"@id\":\"https:\\\/\\\/tirinha.com\\\/#website\"},\"primaryImageOfPage\":{\"@id\":\"https:\\\/\\\/tirinha.com\\\/1063\\\/grammy-latino-2018-eg-o-jornal-digital-noticias-presente\\\/#primaryimage\"},\"image\":{\"@id\":\"https:\\\/\\\/tirinha.com\\\/1063\\\/grammy-latino-2018-eg-o-jornal-digital-noticias-presente\\\/#primaryimage\"},\"thumbnailUrl\":\"https:\\\/\\\/i2.wp.com\\\/elgeneracionalpost.com\\\/wp-content\\\/uploads\\\/2018\\\/11\\\/rosalia.jpg?fit=992,558&ssl=1\",\"datePublished\":\"2023-04-05T11:46:23+00:00\",\"breadcrumb\":{\"@id\":\"https:\\\/\\\/tirinha.com\\\/1063\\\/grammy-latino-2018-eg-o-jornal-digital-noticias-presente\\\/#breadcrumb\"},\"inLanguage\":\"fr-FR\",\"potentialAction\":[{\"@type\":\"ReadAction\",\"target\":[\"https:\\\/\\\/tirinha.com\\\/1063\\\/grammy-latino-2018-eg-o-jornal-digital-noticias-presente\\\/\"]}]},{\"@type\":\"ImageObject\",\"inLanguage\":\"fr-FR\",\"@id\":\"https:\\\/\\\/tirinha.com\\\/1063\\\/grammy-latino-2018-eg-o-jornal-digital-noticias-presente\\\/#primaryimage\",\"url\":\"https:\\\/\\\/i2.wp.com\\\/elgeneracionalpost.com\\\/wp-content\\\/uploads\\\/2018\\\/11\\\/rosalia.jpg?fit=992,558&ssl=1\",\"contentUrl\":\"https:\\\/\\\/i2.wp.com\\\/elgeneracionalpost.com\\\/wp-content\\\/uploads\\\/2018\\\/11\\\/rosalia.jpg?fit=992,558&ssl=1\"},{\"@type\":\"BreadcrumbList\",\"@id\":\"https:\\\/\\\/tirinha.com\\\/1063\\\/grammy-latino-2018-eg-o-jornal-digital-noticias-presente\\\/#breadcrumb\",\"itemListElement\":[{\"@type\":\"ListItem\",\"position\":1,\"name\":\"Home\",\"item\":\"https:\\\/\\\/tirinha.com\\\/\"},{\"@type\":\"ListItem\",\"position\":2,\"name\":\"Grammy Latino 2018 &#8211; EG. O jornal digital. Not\u00edcias. Presente\"}]},{\"@type\":\"WebSite\",\"@id\":\"https:\\\/\\\/tirinha.com\\\/#website\",\"url\":\"https:\\\/\\\/tirinha.com\\\/\",\"name\":\"Tirinha.com\",\"description\":\"Arte e livros resenhas\",\"publisher\":{\"@id\":\"https:\\\/\\\/tirinha.com\\\/#organization\"},\"potentialAction\":[{\"@type\":\"SearchAction\",\"target\":{\"@type\":\"EntryPoint\",\"urlTemplate\":\"https:\\\/\\\/tirinha.com\\\/?s={search_term_string}\"},\"query-input\":{\"@type\":\"PropertyValueSpecification\",\"valueRequired\":true,\"valueName\":\"search_term_string\"}}],\"inLanguage\":\"fr-FR\"},{\"@type\":\"Organization\",\"@id\":\"https:\\\/\\\/tirinha.com\\\/#organization\",\"name\":\"Tirinha.com\",\"url\":\"https:\\\/\\\/tirinha.com\\\/\",\"logo\":{\"@type\":\"ImageObject\",\"inLanguage\":\"fr-FR\",\"@id\":\"https:\\\/\\\/tirinha.com\\\/#\\\/schema\\\/logo\\\/image\\\/\",\"url\":\"https:\\\/\\\/tirinha.com\\\/wp-content\\\/uploads\\\/2023\\\/08\\\/cropped-Logo-Tirinha.webp\",\"contentUrl\":\"https:\\\/\\\/tirinha.com\\\/wp-content\\\/uploads\\\/2023\\\/08\\\/cropped-Logo-Tirinha.webp\",\"width\":512,\"height\":512,\"caption\":\"Tirinha.com\"},\"image\":{\"@id\":\"https:\\\/\\\/tirinha.com\\\/#\\\/schema\\\/logo\\\/image\\\/\"}},{\"@type\":\"Person\",\"@id\":\"https:\\\/\\\/tirinha.com\\\/#\\\/schema\\\/person\\\/e22bdfbe17e0461f7e927e6a1208d4d9\",\"name\":\"admin\",\"image\":{\"@type\":\"ImageObject\",\"inLanguage\":\"fr-FR\",\"@id\":\"https:\\\/\\\/tirinha.com\\\/wp-content\\\/litespeed\\\/avatar\\\/d0068f7931cc87d7274eb0c3db1deb4b.jpg?ver=1776829466\",\"url\":\"https:\\\/\\\/tirinha.com\\\/wp-content\\\/litespeed\\\/avatar\\\/d0068f7931cc87d7274eb0c3db1deb4b.jpg?ver=1776829466\",\"contentUrl\":\"https:\\\/\\\/tirinha.com\\\/wp-content\\\/litespeed\\\/avatar\\\/d0068f7931cc87d7274eb0c3db1deb4b.jpg?ver=1776829466\",\"caption\":\"admin\"},\"sameAs\":[\"https:\\\/\\\/tirinha.com\"],\"url\":\"https:\\\/\\\/tirinha.com\\\/fr\\\/author\\\/admin\\\/\"}]}<\/script>\n<!-- \/ Yoast SEO plugin. -->","yoast_head_json":{"title":"Latin Grammy 2018 - EG. Le journal num\u00e9rique. Actualit\u00e9s. Pr\u00e9sent - Tirinha.com","robots":{"index":"index","follow":"follow","max-snippet":"max-snippet:-1","max-image-preview":"max-image-preview:large","max-video-preview":"max-video-preview:-1"},"canonical":"https:\/\/tirinha.com\/fr\/1063\/latin-grammy-2018-par-exemple-le-journal-numerique-presente\/","og_locale":"fr_FR","og_type":"article","og_title":"Grammy Latino 2018 - EG. O jornal digital. Not\u00edcias. Presente - Tirinha.com","og_description":"Um sucesso que se repete ano ap\u00f3s ano Rosal\u00eda no Grammy Awards 2018 (Robyn Beck\/ AFP) O Grammy Latino \u00e9 &hellip;","og_url":"https:\/\/tirinha.com\/fr\/1063\/latin-grammy-2018-par-exemple-le-journal-numerique-presente\/","og_site_name":"Tirinha.com","article_published_time":"2023-04-05T11:46:23+00:00","og_image":[{"url":"https:\/\/i2.wp.com\/elgeneracionalpost.com\/wp-content\/uploads\/2018\/11\/rosalia.jpg?fit=992,558&ssl=1","type":"","width":"","height":""}],"author":"admin","twitter_card":"summary_large_image","twitter_image":"https:\/\/i2.wp.com\/elgeneracionalpost.com\/wp-content\/uploads\/2018\/11\/rosalia.jpg?fit=992,558&ssl=1","twitter_misc":{"\u00c9crit par":"admin","Dur\u00e9e de lecture estim\u00e9e":"3 minutes"},"schema":{"@context":"https:\/\/schema.org","@graph":[{"@type":"Article","@id":"https:\/\/tirinha.com\/1063\/grammy-latino-2018-eg-o-jornal-digital-noticias-presente\/#article","isPartOf":{"@id":"https:\/\/tirinha.com\/1063\/grammy-latino-2018-eg-o-jornal-digital-noticias-presente\/"},"author":{"name":"admin","@id":"https:\/\/tirinha.com\/#\/schema\/person\/e22bdfbe17e0461f7e927e6a1208d4d9"},"headline":"Grammy Latino 2018 &#8211; EG. O jornal digital. Not\u00edcias. Presente","datePublished":"2023-04-05T11:46:23+00:00","mainEntityOfPage":{"@id":"https:\/\/tirinha.com\/1063\/grammy-latino-2018-eg-o-jornal-digital-noticias-presente\/"},"wordCount":655,"commentCount":0,"publisher":{"@id":"https:\/\/tirinha.com\/#organization"},"image":{"@id":"https:\/\/tirinha.com\/1063\/grammy-latino-2018-eg-o-jornal-digital-noticias-presente\/#primaryimage"},"thumbnailUrl":"https:\/\/i2.wp.com\/elgeneracionalpost.com\/wp-content\/uploads\/2018\/11\/rosalia.jpg?fit=992,558&ssl=1","articleSection":["Cultura e lazer"],"inLanguage":"fr-FR","potentialAction":[{"@type":"CommentAction","name":"Comment","target":["https:\/\/tirinha.com\/1063\/grammy-latino-2018-eg-o-jornal-digital-noticias-presente\/#respond"]}]},{"@type":"WebPage","@id":"https:\/\/tirinha.com\/1063\/grammy-latino-2018-eg-o-jornal-digital-noticias-presente\/","url":"https:\/\/tirinha.com\/1063\/grammy-latino-2018-eg-o-jornal-digital-noticias-presente\/","name":"Latin Grammy 2018 - EG. Le journal num\u00e9rique. Actualit\u00e9s. Pr\u00e9sent - Tirinha.com","isPartOf":{"@id":"https:\/\/tirinha.com\/#website"},"primaryImageOfPage":{"@id":"https:\/\/tirinha.com\/1063\/grammy-latino-2018-eg-o-jornal-digital-noticias-presente\/#primaryimage"},"image":{"@id":"https:\/\/tirinha.com\/1063\/grammy-latino-2018-eg-o-jornal-digital-noticias-presente\/#primaryimage"},"thumbnailUrl":"https:\/\/i2.wp.com\/elgeneracionalpost.com\/wp-content\/uploads\/2018\/11\/rosalia.jpg?fit=992,558&ssl=1","datePublished":"2023-04-05T11:46:23+00:00","breadcrumb":{"@id":"https:\/\/tirinha.com\/1063\/grammy-latino-2018-eg-o-jornal-digital-noticias-presente\/#breadcrumb"},"inLanguage":"fr-FR","potentialAction":[{"@type":"ReadAction","target":["https:\/\/tirinha.com\/1063\/grammy-latino-2018-eg-o-jornal-digital-noticias-presente\/"]}]},{"@type":"ImageObject","inLanguage":"fr-FR","@id":"https:\/\/tirinha.com\/1063\/grammy-latino-2018-eg-o-jornal-digital-noticias-presente\/#primaryimage","url":"https:\/\/i2.wp.com\/elgeneracionalpost.com\/wp-content\/uploads\/2018\/11\/rosalia.jpg?fit=992,558&ssl=1","contentUrl":"https:\/\/i2.wp.com\/elgeneracionalpost.com\/wp-content\/uploads\/2018\/11\/rosalia.jpg?fit=992,558&ssl=1"},{"@type":"BreadcrumbList","@id":"https:\/\/tirinha.com\/1063\/grammy-latino-2018-eg-o-jornal-digital-noticias-presente\/#breadcrumb","itemListElement":[{"@type":"ListItem","position":1,"name":"Home","item":"https:\/\/tirinha.com\/"},{"@type":"ListItem","position":2,"name":"Grammy Latino 2018 &#8211; EG. O jornal digital. Not\u00edcias. Presente"}]},{"@type":"WebSite","@id":"https:\/\/tirinha.com\/#website","url":"https:\/\/tirinha.com\/","name":"Tirinha.com","description":"Critiques d&#039;art et de livres","publisher":{"@id":"https:\/\/tirinha.com\/#organization"},"potentialAction":[{"@type":"SearchAction","target":{"@type":"EntryPoint","urlTemplate":"https:\/\/tirinha.com\/?s={search_term_string}"},"query-input":{"@type":"PropertyValueSpecification","valueRequired":true,"valueName":"search_term_string"}}],"inLanguage":"fr-FR"},{"@type":"Organization","@id":"https:\/\/tirinha.com\/#organization","name":"Tirinha.com","url":"https:\/\/tirinha.com\/","logo":{"@type":"ImageObject","inLanguage":"fr-FR","@id":"https:\/\/tirinha.com\/#\/schema\/logo\/image\/","url":"https:\/\/tirinha.com\/wp-content\/uploads\/2023\/08\/cropped-Logo-Tirinha.webp","contentUrl":"https:\/\/tirinha.com\/wp-content\/uploads\/2023\/08\/cropped-Logo-Tirinha.webp","width":512,"height":512,"caption":"Tirinha.com"},"image":{"@id":"https:\/\/tirinha.com\/#\/schema\/logo\/image\/"}},{"@type":"Person","@id":"https:\/\/tirinha.com\/#\/schema\/person\/e22bdfbe17e0461f7e927e6a1208d4d9","name":"administrateur","image":{"@type":"ImageObject","inLanguage":"fr-FR","@id":"https:\/\/tirinha.com\/wp-content\/litespeed\/avatar\/d0068f7931cc87d7274eb0c3db1deb4b.jpg?ver=1776829466","url":"https:\/\/tirinha.com\/wp-content\/litespeed\/avatar\/d0068f7931cc87d7274eb0c3db1deb4b.jpg?ver=1776829466","contentUrl":"https:\/\/tirinha.com\/wp-content\/litespeed\/avatar\/d0068f7931cc87d7274eb0c3db1deb4b.jpg?ver=1776829466","caption":"admin"},"sameAs":["https:\/\/tirinha.com"],"url":"https:\/\/tirinha.com\/fr\/author\/admin\/"}]}},"_links":{"self":[{"href":"https:\/\/tirinha.com\/fr\/wp-json\/wp\/v2\/posts\/1063","targetHints":{"allow":["GET"]}}],"collection":[{"href":"https:\/\/tirinha.com\/fr\/wp-json\/wp\/v2\/posts"}],"about":[{"href":"https:\/\/tirinha.com\/fr\/wp-json\/wp\/v2\/types\/post"}],"author":[{"embeddable":true,"href":"https:\/\/tirinha.com\/fr\/wp-json\/wp\/v2\/users\/1"}],"replies":[{"embeddable":true,"href":"https:\/\/tirinha.com\/fr\/wp-json\/wp\/v2\/comments?post=1063"}],"version-history":[{"count":0,"href":"https:\/\/tirinha.com\/fr\/wp-json\/wp\/v2\/posts\/1063\/revisions"}],"wp:featuredmedia":[{"embeddable":true,"href":"https:\/\/tirinha.com\/fr\/wp-json\/wp\/v2\/media\/1064"}],"wp:attachment":[{"href":"https:\/\/tirinha.com\/fr\/wp-json\/wp\/v2\/media?parent=1063"}],"wp:term":[{"taxonomy":"category","embeddable":true,"href":"https:\/\/tirinha.com\/fr\/wp-json\/wp\/v2\/categories?post=1063"},{"taxonomy":"post_tag","embeddable":true,"href":"https:\/\/tirinha.com\/fr\/wp-json\/wp\/v2\/tags?post=1063"}],"curies":[{"name":"wp","href":"https:\/\/api.w.org\/{rel}","templated":true}]}}