{"id":1059,"date":"2023-04-05T10:35:05","date_gmt":"2023-04-05T10:35:05","guid":{"rendered":"https:\/\/tirinha.com\/mickey-e-minnie-comemoram-seu-90o-aniversario\/"},"modified":"2023-04-05T10:35:05","modified_gmt":"2023-04-05T10:35:05","slug":"mickey-et-minnie-fetent-leur-90e-anniversaire","status":"publish","type":"post","link":"https:\/\/tirinha.com\/fr\/1059\/mickey-e-minnie-comemoram-seu-90o-aniversario\/","title":{"rendered":"Mickey et Minnie f\u00eatent leurs 90 ans"},"content":{"rendered":"<p><\/p>\n<div>\n<h3>Malgr\u00e9 ses quatre-vingt-dix ans, le duo de rongeurs reste en pleine forme et devient une ic\u00f4ne appr\u00e9ci\u00e9e des enfants et des adultes.<\/h3>\n<p style=\"text-align:left;\">Le week-end dernier, la souris la plus c\u00e9l\u00e8bre de Disney, Mickey Mouse, ainsi que son ins\u00e9parable compagne, Minnie Mouse, ont eu 90 ans et l&#039;empire Disney a c\u00e9l\u00e9br\u00e9 avec style.<\/p>\n<p><img fetchpriority=\"high\" data-attachment-id=\"928\" data-permalink=\"https:\/\/elgeneracionalpost.com\/cultura\/2018\/1120\/927\/mickey-y-minnie-celebran-su-90-aniversario.html\/attachment\/mickey-minnie-railroad-header\" data-orig-file=\"https:\/\/i0.wp.com\/elgeneracionalpost.com\/wp-content\/uploads\/2018\/11\/mickey-minnie-railroad-header.jpg?fit=970%2C545&amp;ssl=1\" data-orig-size=\"970,545\" data-comments-opened=\"1\" data-image-meta=\"{&quot;aperture&quot;:&quot;0&quot;,&quot;credit&quot;:&quot;&quot;,&quot;camera&quot;:&quot;&quot;,&quot;caption&quot;:&quot;&quot;,&quot;created_timestamp&quot;:&quot;0&quot;,&quot;copyright&quot;:&quot;&quot;,&quot;focal_length&quot;:&quot;0&quot;,&quot;iso&quot;:&quot;0&quot;,&quot;shutter_speed&quot;:&quot;0&quot;,&quot;title&quot;:&quot;&quot;,&quot;orientation&quot;:&quot;0&quot;}\" data-image-title=\"mickey-minnie-railroad-header\" data-image-description=\"\" data-image-caption=\"\" data-medium-file=\"https:\/\/i0.wp.com\/elgeneracionalpost.com\/wp-content\/uploads\/2018\/11\/mickey-minnie-railroad-header.jpg?fit=300%2C169&amp;ssl=1\" data-large-file=\"https:\/\/i0.wp.com\/elgeneracionalpost.com\/wp-content\/uploads\/2018\/11\/mickey-minnie-railroad-header.jpg?fit=696%2C391&amp;ssl=1\" decoding=\"async\" class=\"alignnone size-full wp-image-928 jetpack-lazy-image\" src=\"https:\/\/i0.wp.com\/elgeneracionalpost.com\/wp-content\/uploads\/2018\/11\/mickey-minnie-railroad-header.jpg?resize=696%2C391&amp;ssl=1\" alt=\"En-t\u00eate de chemin de fer Mickey-Minnie\" width=\"696\" height=\"391\" data-recalc-dims=\"1\" data-lazy-src=\"https:\/\/i0.wp.com\/elgeneracionalpost.com\/wp-content\/uploads\/2018\/11\/mickey-minnie-railroad-header.jpg?resize=696%2C391&amp;is-pending-load=1#038;ssl=1\" srcset=\"data:image\/gif;base64,R0lGODlhAQABAIAAAAAAAP\/\/\/yH5BAEAAAAALAAAAAABAAEAAAIBRAA7\"\/><noscript><img data-lazy-fallback=\"1\" data-attachment-id=\"928\" data-permalink=\"https:\/\/elgeneracionalpost.com\/cultura\/2018\/1120\/927\/mickey-y-minnie-celebran-su-90-aniversario.html\/attachment\/mickey-minnie-railroad-header\" data-orig-file=\"https:\/\/i0.wp.com\/elgeneracionalpost.com\/wp-content\/uploads\/2018\/11\/mickey-minnie-railroad-header.jpg?fit=970%2C545&amp;ssl=1\" data-orig-size=\"970,545\" data-comments-opened=\"1\" data-image-meta=\"{&quot;aperture&quot;:&quot;0&quot;,&quot;credit&quot;:&quot;&quot;,&quot;camera&quot;:&quot;&quot;,&quot;caption&quot;:&quot;&quot;,&quot;created_timestamp&quot;:&quot;0&quot;,&quot;copyright&quot;:&quot;&quot;,&quot;focal_length&quot;:&quot;0&quot;,&quot;iso&quot;:&quot;0&quot;,&quot;shutter_speed&quot;:&quot;0&quot;,&quot;title&quot;:&quot;&quot;,&quot;orientation&quot;:&quot;0&quot;}\" data-image-title=\"mickey-minnie-railroad-header\" data-image-description=\"\" data-image-caption=\"\" data-medium-file=\"https:\/\/i0.wp.com\/elgeneracionalpost.com\/wp-content\/uploads\/2018\/11\/mickey-minnie-railroad-header.jpg?fit=300%2C169&amp;ssl=1\" data-large-file=\"https:\/\/i0.wp.com\/elgeneracionalpost.com\/wp-content\/uploads\/2018\/11\/mickey-minnie-railroad-header.jpg?fit=696%2C391&amp;ssl=1\" decoding=\"async\" class=\"alignnone size-full wp-image-928\" src=\"https:\/\/i0.wp.com\/elgeneracionalpost.com\/wp-content\/uploads\/2018\/11\/mickey-minnie-railroad-header.jpg?resize=696%2C391&amp;ssl=1\" alt=\"En-t\u00eate de chemin de fer Mickey-Minnie\" width=\"696\" height=\"391\" data-recalc-dims=\"1\"\/><\/noscript><\/p>\n<h5 style=\"text-align:right;\">photographie disney<\/h5>\n<p>Les deux rongeurs sont apparus pour la premi\u00e8re fois dans le court m\u00e9trage <em>avion fou<\/em> le 15 mai 1928, mais r\u00e9ussit le 18 novembre 1928 avec <em>Bateau \u00e0 vapeur Willie <\/em>au Colony Theatre de New York, devenant ainsi la premi\u00e8re animation en noir et blanc avec bande sonore synchronis\u00e9e.<\/p>\n<p>Ce personnage particulier avec de grandes oreilles et un air charismatique est apparu parce que Walt Disney a \u00e9t\u00e9 contraint de trouver un successeur \u00e0 son \u00e9toile Oswald le Lapin Chanceux, un distributeur lui ayant retir\u00e9 les droits. Qui aurait pu imaginer que ce revers donnerait naissance \u00e0 l&#039;un des personnages les plus embl\u00e9matiques du cin\u00e9ma pour enfants ?<\/p>\n<p>Au d\u00e9but, Disney a d\u00e9cid\u00e9 d&#039;appeler son nouveau personnage Mortimer, mais sa femme Lilian lui a sugg\u00e9r\u00e9 de changer pour le nom de Mickey Mouse, sans aucun doute un excellent choix. Bien que son nom soit assez universel, il existe des pays o\u00f9 il n&#039;est pas connu en tant que tel, par exemple en Italie, il s&#039;appelle Topolino, en Su\u00e8de, Musse Pigg et en Chine, Mi Lau Shu. Les premiers croquis sont venus des mains du dessinateur Ubbe Iwerks, qui a captur\u00e9 l&#039;id\u00e9e de Disney.<\/p>\n<p>Au cours de ces 90 ann\u00e9es, son apparence a subi des changements en s&#039;adaptant \u00e0 chaque saison, en 1929 Mickey a enfil\u00e9 ses c\u00e9l\u00e8bres gants, et quelques ann\u00e9es plus tard, des sourcils et des pupilles ont \u00e9t\u00e9 ajout\u00e9s \u00e0 ses yeux, lui donnant une apparence plus moderne.<\/p>\n<p><img data-attachment-id=\"934\" data-permalink=\"https:\/\/elgeneracionalpost.com\/cultura\/2018\/1120\/927\/mickey-y-minnie-celebran-su-90-aniversario.html\/attachment\/_20181120_2120531\" data-orig-file=\"https:\/\/i0.wp.com\/elgeneracionalpost.com\/wp-content\/uploads\/2018\/11\/20181120_2120531.jpg?fit=720%2C1015&amp;ssl=1\" data-orig-size=\"720,1015\" data-comments-opened=\"1\" data-image-meta=\"{&quot;aperture&quot;:&quot;0&quot;,&quot;credit&quot;:&quot;&quot;,&quot;camera&quot;:&quot;&quot;,&quot;caption&quot;:&quot;&quot;,&quot;created_timestamp&quot;:&quot;0&quot;,&quot;copyright&quot;:&quot;&quot;,&quot;focal_length&quot;:&quot;0&quot;,&quot;iso&quot;:&quot;0&quot;,&quot;shutter_speed&quot;:&quot;0&quot;,&quot;title&quot;:&quot;&quot;,&quot;orientation&quot;:&quot;0&quot;}\" data-image-title=\"_20181120_212053(1)\" data-image-description=\"\" data-image-caption=\"\" data-medium-file=\"https:\/\/i0.wp.com\/elgeneracionalpost.com\/wp-content\/uploads\/2018\/11\/20181120_2120531.jpg?fit=213%2C300&amp;ssl=1\" data-large-file=\"https:\/\/i0.wp.com\/elgeneracionalpost.com\/wp-content\/uploads\/2018\/11\/20181120_2120531.jpg?fit=696%2C981&amp;ssl=1\" decoding=\"async\" class=\"alignnone size-full wp-image-934 jetpack-lazy-image\" src=\"https:\/\/i0.wp.com\/elgeneracionalpost.com\/wp-content\/uploads\/2018\/11\/20181120_2120531.jpg?resize=696%2C981&amp;ssl=1\" alt=\"_20181120_212053(1)\" width=\"696\" height=\"981\" data-recalc-dims=\"1\" data-lazy-src=\"https:\/\/i0.wp.com\/elgeneracionalpost.com\/wp-content\/uploads\/2018\/11\/20181120_2120531.jpg?resize=696%2C981&amp;is-pending-load=1#038;ssl=1\" srcset=\"data:image\/gif;base64,R0lGODlhAQABAIAAAAAAAP\/\/\/yH5BAEAAAAALAAAAAABAAEAAAIBRAA7\"\/><noscript><img loading=\"lazy\" data-lazy-fallback=\"1\" data-attachment-id=\"934\" data-permalink=\"https:\/\/elgeneracionalpost.com\/cultura\/2018\/1120\/927\/mickey-y-minnie-celebran-su-90-aniversario.html\/attachment\/_20181120_2120531\" data-orig-file=\"https:\/\/i0.wp.com\/elgeneracionalpost.com\/wp-content\/uploads\/2018\/11\/20181120_2120531.jpg?fit=720%2C1015&amp;ssl=1\" data-orig-size=\"720,1015\" data-comments-opened=\"1\" data-image-meta=\"{&quot;aperture&quot;:&quot;0&quot;,&quot;credit&quot;:&quot;&quot;,&quot;camera&quot;:&quot;&quot;,&quot;caption&quot;:&quot;&quot;,&quot;created_timestamp&quot;:&quot;0&quot;,&quot;copyright&quot;:&quot;&quot;,&quot;focal_length&quot;:&quot;0&quot;,&quot;iso&quot;:&quot;0&quot;,&quot;shutter_speed&quot;:&quot;0&quot;,&quot;title&quot;:&quot;&quot;,&quot;orientation&quot;:&quot;0&quot;}\" data-image-title=\"_20181120_212053(1)\" data-image-description=\"\" data-image-caption=\"\" data-medium-file=\"https:\/\/i0.wp.com\/elgeneracionalpost.com\/wp-content\/uploads\/2018\/11\/20181120_2120531.jpg?fit=213%2C300&amp;ssl=1\" data-large-file=\"https:\/\/i0.wp.com\/elgeneracionalpost.com\/wp-content\/uploads\/2018\/11\/20181120_2120531.jpg?fit=696%2C981&amp;ssl=1\" decoding=\"async\" class=\"alignnone size-full wp-image-934\" src=\"https:\/\/i0.wp.com\/elgeneracionalpost.com\/wp-content\/uploads\/2018\/11\/20181120_2120531.jpg?resize=696%2C981&amp;ssl=1\" alt=\"_20181120_212053(1)\" width=\"696\" height=\"981\" data-recalc-dims=\"1\"\/><\/noscript><\/p>\n<h5 style=\"text-align:right;\">Evolution du design de Mickey au cours de ces 90 ann\u00e9es. La photographie \u00e0 travers le monde.<\/h5>\n<p>En 1929 avec le court m\u00e9trage <em>Le gar\u00e7on du carnaval,<\/em> Mickey parla pour la premi\u00e8re fois. Il est int\u00e9ressant de noter qu&#039;au cours de ces neuf d\u00e9cennies, seuls cinq hommes l&#039;ont exprim\u00e9 : Walt Disney qui a pr\u00eat\u00e9 sa voix jusqu&#039;en 1947, remplac\u00e9 par Jimmy MacDonald qui a \u00e9t\u00e9 r\u00e9trograd\u00e9 en 1977 par Wayne Allwine et \u00e0 partir de 2009, Bret Iwan et Chris Diamantopoulos sont les doubleurs les plus c\u00e9l\u00e8bres. En Espagne, le doubleur actuel est Jos\u00e9 Padilla.<\/p>\n<p>Ils sont arriv\u00e9s en Espagne en 1934 dans les dessins quotidiens de Vanguarda, sous des noms diff\u00e9rents : Miguel\u00edn et Mimi, dont le succ\u00e8s \u00e9tait indiscutable et ils avaient m\u00eame leur propre magazine.<\/p>\n<p>Quelques ann\u00e9es plus tard, en 1935, il sortira en salles <em>Le concert du groupe<\/em>, son premier court m\u00e9trage en couleur. Plus tard, en 1940, il laissera son empreinte avec la s\u00e9quence L&#039;Apprenti sorcier, dans le film <em>\u00c9l\u00e9gant<\/em>. La derni\u00e8re fois que Mickey est revenu sur grand \u00e9cran, c&#039;\u00e9tait en 2013 avec le court m\u00e9trage <em>prends un cheval<\/em>.<\/p>\n<p>De plus, il fut le premier personnage d&#039;animation \u00e0 avoir une \u00e9toile sur le Hollywood Walk of Fame, le jour de son 50e anniversaire, le 18 novembre 1978. Cependant, m\u00eame si ses d\u00e9buts se firent toujours avec sa petite amie Minnie, cette derni\u00e8re re\u00e7ut son \u00e9toile plus t\u00f4t. cette ann\u00e9e.<\/p>\n<p>A l&#039;occasion de cette c\u00e9l\u00e9bration, l&#039;entreprise a voulu rendre hommage \u00e0 ce particulier couple de souris avec un programme sp\u00e9cial, qui durera 90 jours, plein d&#039;activit\u00e9s pour enfants et adultes dans ses parcs \u00e0 th\u00e8me, Parc Disneyland et Disneyland Paris.<\/p>\n<p>En outre, des centaines de marques ont voulu leur rendre hommage, certaines comme Bershka, une jeune entreprise appartenant \u00e0 Inditex, ou l&#039;entreprise textile espagnole El Ganso, qui a lanc\u00e9 une collection de v\u00eatements inspir\u00e9s d&#039;eux. Pandora a \u00e9galement rejoint la f\u00eate, malgr\u00e9 sa collaboration avec Disney depuis 2014, et pour son anniversaire, elle a mis en vente un pendentif Mickey en argent et un pendentif en or 90. Cependant, des artistes et des designers comme Dolce &amp; Gabbana ou Andy Warhol ont d\u00e9j\u00e0 cr\u00e9\u00e9 des cr\u00e9ations avec ce entreprise.<\/p>\n<p>En bref, ces personnages \u00e0 l&#039;air charismatique, bien qu&#039;ils soient le couple anim\u00e9 le plus ancien au monde, continuent d&#039;\u00eatre une ic\u00f4ne aim\u00e9e des enfants et des adultes et comme le disait Walt Disney : \u00ab J&#039;esp\u00e8re que nous ne perdrons jamais de vue une chose : que tout a commenc\u00e9 avec une souris.<\/p>\n<div class=\"sharedaddy sd-block sd-like jetpack-likes-widget-wrapper jetpack-likes-widget-unloaded\" id=\"like-post-wrapper-153844979-927-642d4ed8ded6b\" data-src=\"https:\/\/widgets.wp.com\/likes\/#blog_id=153844979&amp;post_id=927&amp;origin=elgeneracionalpost.com&amp;obj_id=153844979-927-642d4ed8ded6b\" data-name=\"like-post-frame-153844979-927-642d4ed8ded6b\" data-title=\"Me gusta o Compartir\">\n<h3 class=\"sd-title\">J&#039;aime \u00e7a:<\/h3>\n<p><span class=\"button\"><span>J&#039;aime<\/span><\/span> <span class=\"loading\">Chargement\u2026<\/span><\/p>\n<p><span class=\"sd-text-color\"\/><\/div>\n<p><h3 class=\"jp-relatedposts-headline\"><em>En rapport<\/em><\/h3>\n<\/p>\n<\/div>","protected":false},"excerpt":{"rendered":"<p>Malgr\u00e9 ses quatre-vingt-dix ans, le duo de rongeurs reste en pleine forme et devient une ic\u00f4ne appr\u00e9ci\u00e9e des enfants comme des adultes\u2026 <\/p>","protected":false},"author":1,"featured_media":1060,"comment_status":"open","ping_status":"open","sticky":false,"template":"","format":"standard","meta":{"fifu_image_url":"https:\/\/i2.wp.com\/elgeneracionalpost.com\/wp-content\/uploads\/2018\/11\/mickey-minnie-railroad-header.jpg?fit=970,545&ssl=1","fifu_image_alt":"","footnotes":""},"categories":[35],"tags":[],"class_list":["post-1059","post","type-post","status-publish","format-standard","has-post-thumbnail","hentry","category-cultura-e-lazer","latest_post"],"yoast_head":"<!-- This site is optimized with the Yoast SEO plugin v27.3 - https:\/\/yoast.com\/product\/yoast-seo-wordpress\/ -->\n<title>Mickey e Minnie comemoram seu 90\u00ba anivers\u00e1rio - Tirinha.com<\/title>\n<meta name=\"robots\" content=\"index, follow, max-snippet:-1, max-image-preview:large, max-video-preview:-1\" \/>\n<link rel=\"canonical\" href=\"https:\/\/tirinha.com\/fr\/1059\/mickey-et-minnie-fetent-leur-90e-anniversaire\/\" \/>\n<meta property=\"og:locale\" content=\"fr_FR\" \/>\n<meta property=\"og:type\" content=\"article\" \/>\n<meta property=\"og:title\" content=\"Mickey e Minnie comemoram seu 90\u00ba anivers\u00e1rio - Tirinha.com\" \/>\n<meta property=\"og:description\" content=\"Apesar dos noventa anos, a dupla de roedores segue em plena forma, tornando-se um \u00edcone amado por crian\u00e7as e adultos &hellip;\" \/>\n<meta property=\"og:url\" content=\"https:\/\/tirinha.com\/fr\/1059\/mickey-et-minnie-fetent-leur-90e-anniversaire\/\" \/>\n<meta property=\"og:site_name\" content=\"Tirinha.com\" \/>\n<meta property=\"article:published_time\" content=\"2023-04-05T10:35:05+00:00\" \/>\n<meta property=\"og:image\" content=\"https:\/\/i2.wp.com\/elgeneracionalpost.com\/wp-content\/uploads\/2018\/11\/mickey-minnie-railroad-header.jpg?fit=970,545&ssl=1\" \/>\n<meta name=\"author\" content=\"admin\" \/>\n<meta name=\"twitter:card\" content=\"summary_large_image\" \/>\n<meta name=\"twitter:image\" content=\"https:\/\/i2.wp.com\/elgeneracionalpost.com\/wp-content\/uploads\/2018\/11\/mickey-minnie-railroad-header.jpg?fit=970,545&ssl=1\" \/>\n<meta name=\"twitter:label1\" content=\"\u00c9crit par\" \/>\n\t<meta name=\"twitter:data1\" content=\"admin\" \/>\n\t<meta name=\"twitter:label2\" content=\"Dur\u00e9e de lecture estim\u00e9e\" \/>\n\t<meta name=\"twitter:data2\" content=\"3 minutes\" \/>\n<script type=\"application\/ld+json\" class=\"yoast-schema-graph\">{\"@context\":\"https:\\\/\\\/schema.org\",\"@graph\":[{\"@type\":\"Article\",\"@id\":\"https:\\\/\\\/tirinha.com\\\/1059\\\/mickey-e-minnie-comemoram-seu-90o-aniversario\\\/#article\",\"isPartOf\":{\"@id\":\"https:\\\/\\\/tirinha.com\\\/1059\\\/mickey-e-minnie-comemoram-seu-90o-aniversario\\\/\"},\"author\":{\"name\":\"admin\",\"@id\":\"https:\\\/\\\/tirinha.com\\\/#\\\/schema\\\/person\\\/e22bdfbe17e0461f7e927e6a1208d4d9\"},\"headline\":\"Mickey e Minnie comemoram seu 90\u00ba anivers\u00e1rio\",\"datePublished\":\"2023-04-05T10:35:05+00:00\",\"mainEntityOfPage\":{\"@id\":\"https:\\\/\\\/tirinha.com\\\/1059\\\/mickey-e-minnie-comemoram-seu-90o-aniversario\\\/\"},\"wordCount\":683,\"commentCount\":0,\"publisher\":{\"@id\":\"https:\\\/\\\/tirinha.com\\\/#organization\"},\"image\":{\"@id\":\"https:\\\/\\\/tirinha.com\\\/1059\\\/mickey-e-minnie-comemoram-seu-90o-aniversario\\\/#primaryimage\"},\"thumbnailUrl\":\"https:\\\/\\\/i2.wp.com\\\/elgeneracionalpost.com\\\/wp-content\\\/uploads\\\/2018\\\/11\\\/mickey-minnie-railroad-header.jpg?fit=970,545&ssl=1\",\"articleSection\":[\"Cultura e lazer\"],\"inLanguage\":\"fr-FR\",\"potentialAction\":[{\"@type\":\"CommentAction\",\"name\":\"Comment\",\"target\":[\"https:\\\/\\\/tirinha.com\\\/1059\\\/mickey-e-minnie-comemoram-seu-90o-aniversario\\\/#respond\"]}]},{\"@type\":\"WebPage\",\"@id\":\"https:\\\/\\\/tirinha.com\\\/1059\\\/mickey-e-minnie-comemoram-seu-90o-aniversario\\\/\",\"url\":\"https:\\\/\\\/tirinha.com\\\/1059\\\/mickey-e-minnie-comemoram-seu-90o-aniversario\\\/\",\"name\":\"Mickey e Minnie comemoram seu 90\u00ba anivers\u00e1rio - Tirinha.com\",\"isPartOf\":{\"@id\":\"https:\\\/\\\/tirinha.com\\\/#website\"},\"primaryImageOfPage\":{\"@id\":\"https:\\\/\\\/tirinha.com\\\/1059\\\/mickey-e-minnie-comemoram-seu-90o-aniversario\\\/#primaryimage\"},\"image\":{\"@id\":\"https:\\\/\\\/tirinha.com\\\/1059\\\/mickey-e-minnie-comemoram-seu-90o-aniversario\\\/#primaryimage\"},\"thumbnailUrl\":\"https:\\\/\\\/i2.wp.com\\\/elgeneracionalpost.com\\\/wp-content\\\/uploads\\\/2018\\\/11\\\/mickey-minnie-railroad-header.jpg?fit=970,545&ssl=1\",\"datePublished\":\"2023-04-05T10:35:05+00:00\",\"breadcrumb\":{\"@id\":\"https:\\\/\\\/tirinha.com\\\/1059\\\/mickey-e-minnie-comemoram-seu-90o-aniversario\\\/#breadcrumb\"},\"inLanguage\":\"fr-FR\",\"potentialAction\":[{\"@type\":\"ReadAction\",\"target\":[\"https:\\\/\\\/tirinha.com\\\/1059\\\/mickey-e-minnie-comemoram-seu-90o-aniversario\\\/\"]}]},{\"@type\":\"ImageObject\",\"inLanguage\":\"fr-FR\",\"@id\":\"https:\\\/\\\/tirinha.com\\\/1059\\\/mickey-e-minnie-comemoram-seu-90o-aniversario\\\/#primaryimage\",\"url\":\"https:\\\/\\\/i2.wp.com\\\/elgeneracionalpost.com\\\/wp-content\\\/uploads\\\/2018\\\/11\\\/mickey-minnie-railroad-header.jpg?fit=970,545&ssl=1\",\"contentUrl\":\"https:\\\/\\\/i2.wp.com\\\/elgeneracionalpost.com\\\/wp-content\\\/uploads\\\/2018\\\/11\\\/mickey-minnie-railroad-header.jpg?fit=970,545&ssl=1\"},{\"@type\":\"BreadcrumbList\",\"@id\":\"https:\\\/\\\/tirinha.com\\\/1059\\\/mickey-e-minnie-comemoram-seu-90o-aniversario\\\/#breadcrumb\",\"itemListElement\":[{\"@type\":\"ListItem\",\"position\":1,\"name\":\"Home\",\"item\":\"https:\\\/\\\/tirinha.com\\\/\"},{\"@type\":\"ListItem\",\"position\":2,\"name\":\"Mickey e Minnie comemoram seu 90\u00ba anivers\u00e1rio\"}]},{\"@type\":\"WebSite\",\"@id\":\"https:\\\/\\\/tirinha.com\\\/#website\",\"url\":\"https:\\\/\\\/tirinha.com\\\/\",\"name\":\"Tirinha.com\",\"description\":\"Arte e livros resenhas\",\"publisher\":{\"@id\":\"https:\\\/\\\/tirinha.com\\\/#organization\"},\"potentialAction\":[{\"@type\":\"SearchAction\",\"target\":{\"@type\":\"EntryPoint\",\"urlTemplate\":\"https:\\\/\\\/tirinha.com\\\/?s={search_term_string}\"},\"query-input\":{\"@type\":\"PropertyValueSpecification\",\"valueRequired\":true,\"valueName\":\"search_term_string\"}}],\"inLanguage\":\"fr-FR\"},{\"@type\":\"Organization\",\"@id\":\"https:\\\/\\\/tirinha.com\\\/#organization\",\"name\":\"Tirinha.com\",\"url\":\"https:\\\/\\\/tirinha.com\\\/\",\"logo\":{\"@type\":\"ImageObject\",\"inLanguage\":\"fr-FR\",\"@id\":\"https:\\\/\\\/tirinha.com\\\/#\\\/schema\\\/logo\\\/image\\\/\",\"url\":\"https:\\\/\\\/tirinha.com\\\/wp-content\\\/uploads\\\/2023\\\/08\\\/cropped-Logo-Tirinha.webp\",\"contentUrl\":\"https:\\\/\\\/tirinha.com\\\/wp-content\\\/uploads\\\/2023\\\/08\\\/cropped-Logo-Tirinha.webp\",\"width\":512,\"height\":512,\"caption\":\"Tirinha.com\"},\"image\":{\"@id\":\"https:\\\/\\\/tirinha.com\\\/#\\\/schema\\\/logo\\\/image\\\/\"}},{\"@type\":\"Person\",\"@id\":\"https:\\\/\\\/tirinha.com\\\/#\\\/schema\\\/person\\\/e22bdfbe17e0461f7e927e6a1208d4d9\",\"name\":\"admin\",\"image\":{\"@type\":\"ImageObject\",\"inLanguage\":\"fr-FR\",\"@id\":\"https:\\\/\\\/tirinha.com\\\/wp-content\\\/litespeed\\\/avatar\\\/d0068f7931cc87d7274eb0c3db1deb4b.jpg?ver=1777434315\",\"url\":\"https:\\\/\\\/tirinha.com\\\/wp-content\\\/litespeed\\\/avatar\\\/d0068f7931cc87d7274eb0c3db1deb4b.jpg?ver=1777434315\",\"contentUrl\":\"https:\\\/\\\/tirinha.com\\\/wp-content\\\/litespeed\\\/avatar\\\/d0068f7931cc87d7274eb0c3db1deb4b.jpg?ver=1777434315\",\"caption\":\"admin\"},\"sameAs\":[\"https:\\\/\\\/tirinha.com\"],\"url\":\"https:\\\/\\\/tirinha.com\\\/fr\\\/author\\\/admin\\\/\"}]}<\/script>\n<!-- \/ Yoast SEO plugin. -->","yoast_head_json":{"title":"Mickey et Minnie f\u00eatent leurs 90 ans - Tirinha.com","robots":{"index":"index","follow":"follow","max-snippet":"max-snippet:-1","max-image-preview":"max-image-preview:large","max-video-preview":"max-video-preview:-1"},"canonical":"https:\/\/tirinha.com\/fr\/1059\/mickey-et-minnie-fetent-leur-90e-anniversaire\/","og_locale":"fr_FR","og_type":"article","og_title":"Mickey e Minnie comemoram seu 90\u00ba anivers\u00e1rio - Tirinha.com","og_description":"Apesar dos noventa anos, a dupla de roedores segue em plena forma, tornando-se um \u00edcone amado por crian\u00e7as e adultos &hellip;","og_url":"https:\/\/tirinha.com\/fr\/1059\/mickey-et-minnie-fetent-leur-90e-anniversaire\/","og_site_name":"Tirinha.com","article_published_time":"2023-04-05T10:35:05+00:00","og_image":[{"url":"https:\/\/i2.wp.com\/elgeneracionalpost.com\/wp-content\/uploads\/2018\/11\/mickey-minnie-railroad-header.jpg?fit=970,545&ssl=1","type":"","width":"","height":""}],"author":"admin","twitter_card":"summary_large_image","twitter_image":"https:\/\/i2.wp.com\/elgeneracionalpost.com\/wp-content\/uploads\/2018\/11\/mickey-minnie-railroad-header.jpg?fit=970,545&ssl=1","twitter_misc":{"\u00c9crit par":"admin","Dur\u00e9e de lecture estim\u00e9e":"3 minutes"},"schema":{"@context":"https:\/\/schema.org","@graph":[{"@type":"Article","@id":"https:\/\/tirinha.com\/1059\/mickey-e-minnie-comemoram-seu-90o-aniversario\/#article","isPartOf":{"@id":"https:\/\/tirinha.com\/1059\/mickey-e-minnie-comemoram-seu-90o-aniversario\/"},"author":{"name":"admin","@id":"https:\/\/tirinha.com\/#\/schema\/person\/e22bdfbe17e0461f7e927e6a1208d4d9"},"headline":"Mickey e Minnie comemoram seu 90\u00ba anivers\u00e1rio","datePublished":"2023-04-05T10:35:05+00:00","mainEntityOfPage":{"@id":"https:\/\/tirinha.com\/1059\/mickey-e-minnie-comemoram-seu-90o-aniversario\/"},"wordCount":683,"commentCount":0,"publisher":{"@id":"https:\/\/tirinha.com\/#organization"},"image":{"@id":"https:\/\/tirinha.com\/1059\/mickey-e-minnie-comemoram-seu-90o-aniversario\/#primaryimage"},"thumbnailUrl":"https:\/\/i2.wp.com\/elgeneracionalpost.com\/wp-content\/uploads\/2018\/11\/mickey-minnie-railroad-header.jpg?fit=970,545&ssl=1","articleSection":["Cultura e lazer"],"inLanguage":"fr-FR","potentialAction":[{"@type":"CommentAction","name":"Comment","target":["https:\/\/tirinha.com\/1059\/mickey-e-minnie-comemoram-seu-90o-aniversario\/#respond"]}]},{"@type":"WebPage","@id":"https:\/\/tirinha.com\/1059\/mickey-e-minnie-comemoram-seu-90o-aniversario\/","url":"https:\/\/tirinha.com\/1059\/mickey-e-minnie-comemoram-seu-90o-aniversario\/","name":"Mickey et Minnie f\u00eatent leurs 90 ans - Tirinha.com","isPartOf":{"@id":"https:\/\/tirinha.com\/#website"},"primaryImageOfPage":{"@id":"https:\/\/tirinha.com\/1059\/mickey-e-minnie-comemoram-seu-90o-aniversario\/#primaryimage"},"image":{"@id":"https:\/\/tirinha.com\/1059\/mickey-e-minnie-comemoram-seu-90o-aniversario\/#primaryimage"},"thumbnailUrl":"https:\/\/i2.wp.com\/elgeneracionalpost.com\/wp-content\/uploads\/2018\/11\/mickey-minnie-railroad-header.jpg?fit=970,545&ssl=1","datePublished":"2023-04-05T10:35:05+00:00","breadcrumb":{"@id":"https:\/\/tirinha.com\/1059\/mickey-e-minnie-comemoram-seu-90o-aniversario\/#breadcrumb"},"inLanguage":"fr-FR","potentialAction":[{"@type":"ReadAction","target":["https:\/\/tirinha.com\/1059\/mickey-e-minnie-comemoram-seu-90o-aniversario\/"]}]},{"@type":"ImageObject","inLanguage":"fr-FR","@id":"https:\/\/tirinha.com\/1059\/mickey-e-minnie-comemoram-seu-90o-aniversario\/#primaryimage","url":"https:\/\/i2.wp.com\/elgeneracionalpost.com\/wp-content\/uploads\/2018\/11\/mickey-minnie-railroad-header.jpg?fit=970,545&ssl=1","contentUrl":"https:\/\/i2.wp.com\/elgeneracionalpost.com\/wp-content\/uploads\/2018\/11\/mickey-minnie-railroad-header.jpg?fit=970,545&ssl=1"},{"@type":"BreadcrumbList","@id":"https:\/\/tirinha.com\/1059\/mickey-e-minnie-comemoram-seu-90o-aniversario\/#breadcrumb","itemListElement":[{"@type":"ListItem","position":1,"name":"Home","item":"https:\/\/tirinha.com\/"},{"@type":"ListItem","position":2,"name":"Mickey e Minnie comemoram seu 90\u00ba anivers\u00e1rio"}]},{"@type":"WebSite","@id":"https:\/\/tirinha.com\/#website","url":"https:\/\/tirinha.com\/","name":"Tirinha.com","description":"Critiques d&#039;art et de livres","publisher":{"@id":"https:\/\/tirinha.com\/#organization"},"potentialAction":[{"@type":"SearchAction","target":{"@type":"EntryPoint","urlTemplate":"https:\/\/tirinha.com\/?s={search_term_string}"},"query-input":{"@type":"PropertyValueSpecification","valueRequired":true,"valueName":"search_term_string"}}],"inLanguage":"fr-FR"},{"@type":"Organization","@id":"https:\/\/tirinha.com\/#organization","name":"Tirinha.com","url":"https:\/\/tirinha.com\/","logo":{"@type":"ImageObject","inLanguage":"fr-FR","@id":"https:\/\/tirinha.com\/#\/schema\/logo\/image\/","url":"https:\/\/tirinha.com\/wp-content\/uploads\/2023\/08\/cropped-Logo-Tirinha.webp","contentUrl":"https:\/\/tirinha.com\/wp-content\/uploads\/2023\/08\/cropped-Logo-Tirinha.webp","width":512,"height":512,"caption":"Tirinha.com"},"image":{"@id":"https:\/\/tirinha.com\/#\/schema\/logo\/image\/"}},{"@type":"Person","@id":"https:\/\/tirinha.com\/#\/schema\/person\/e22bdfbe17e0461f7e927e6a1208d4d9","name":"administrateur","image":{"@type":"ImageObject","inLanguage":"fr-FR","@id":"https:\/\/tirinha.com\/wp-content\/litespeed\/avatar\/d0068f7931cc87d7274eb0c3db1deb4b.jpg?ver=1777434315","url":"https:\/\/tirinha.com\/wp-content\/litespeed\/avatar\/d0068f7931cc87d7274eb0c3db1deb4b.jpg?ver=1777434315","contentUrl":"https:\/\/tirinha.com\/wp-content\/litespeed\/avatar\/d0068f7931cc87d7274eb0c3db1deb4b.jpg?ver=1777434315","caption":"admin"},"sameAs":["https:\/\/tirinha.com"],"url":"https:\/\/tirinha.com\/fr\/author\/admin\/"}]}},"_links":{"self":[{"href":"https:\/\/tirinha.com\/fr\/wp-json\/wp\/v2\/posts\/1059","targetHints":{"allow":["GET"]}}],"collection":[{"href":"https:\/\/tirinha.com\/fr\/wp-json\/wp\/v2\/posts"}],"about":[{"href":"https:\/\/tirinha.com\/fr\/wp-json\/wp\/v2\/types\/post"}],"author":[{"embeddable":true,"href":"https:\/\/tirinha.com\/fr\/wp-json\/wp\/v2\/users\/1"}],"replies":[{"embeddable":true,"href":"https:\/\/tirinha.com\/fr\/wp-json\/wp\/v2\/comments?post=1059"}],"version-history":[{"count":0,"href":"https:\/\/tirinha.com\/fr\/wp-json\/wp\/v2\/posts\/1059\/revisions"}],"wp:featuredmedia":[{"embeddable":true,"href":"https:\/\/tirinha.com\/fr\/wp-json\/wp\/v2\/media\/1060"}],"wp:attachment":[{"href":"https:\/\/tirinha.com\/fr\/wp-json\/wp\/v2\/media?parent=1059"}],"wp:term":[{"taxonomy":"category","embeddable":true,"href":"https:\/\/tirinha.com\/fr\/wp-json\/wp\/v2\/categories?post=1059"},{"taxonomy":"post_tag","embeddable":true,"href":"https:\/\/tirinha.com\/fr\/wp-json\/wp\/v2\/tags?post=1059"}],"curies":[{"name":"wp","href":"https:\/\/api.w.org\/{rel}","templated":true}]}}