{"id":1051,"date":"2023-04-05T08:00:47","date_gmt":"2023-04-05T08:00:47","guid":{"rendered":"https:\/\/tirinha.com\/tempos-de-cultura-eg-o-jornal-digital-noticias-presente\/"},"modified":"2023-04-05T08:00:47","modified_gmt":"2023-04-05T08:00:47","slug":"les-temps-de-la-culture-par-exemple-les-journaux-numeriques-presentent-lactualite","status":"publish","type":"post","link":"https:\/\/tirinha.com\/fr\/1051\/tempos-de-cultura-eg-o-jornal-digital-noticias-presente\/","title":{"rendered":"Temps de culture \u2013 EG. Le journal num\u00e9rique. Nouvelles. Cadeau"},"content":{"rendered":"<p><\/p>\n<div>\n<h3><strong>Beaucoup pensent que la culture n\u2019est plus ce qu\u2019elle \u00e9tait, peut-\u00eatre a-t-elle simplement \u00e9volu\u00e9<\/strong><\/h3>\n<p><img fetchpriority=\"high\" data-attachment-id=\"533\" data-permalink=\"https:\/\/elgeneracionalpost.com\/cultura\/2018\/1115\/532\/tiempos-de-cultura.html\/attachment\/810787\" data-orig-file=\"https:\/\/i0.wp.com\/elgeneracionalpost.com\/wp-content\/uploads\/2018\/11\/810787.jpg?fit=370%2C277&amp;ssl=1\" data-orig-size=\"370,277\" data-comments-opened=\"1\" data-image-meta=\"{&quot;aperture&quot;:&quot;0&quot;,&quot;credit&quot;:&quot;&quot;,&quot;camera&quot;:&quot;&quot;,&quot;caption&quot;:&quot;&quot;,&quot;created_timestamp&quot;:&quot;0&quot;,&quot;copyright&quot;:&quot;&quot;,&quot;focal_length&quot;:&quot;0&quot;,&quot;iso&quot;:&quot;0&quot;,&quot;shutter_speed&quot;:&quot;0&quot;,&quot;title&quot;:&quot;&quot;,&quot;orientation&quot;:&quot;0&quot;}\" data-image-title=\"810787\" data-image-description=\"\" data-image-caption=\"\" data-medium-file=\"https:\/\/i0.wp.com\/elgeneracionalpost.com\/wp-content\/uploads\/2018\/11\/810787.jpg?fit=300%2C225&amp;ssl=1\" data-large-file=\"https:\/\/i0.wp.com\/elgeneracionalpost.com\/wp-content\/uploads\/2018\/11\/810787.jpg?fit=370%2C277&amp;ssl=1\" decoding=\"async\" class=\"wp-image-533 aligncenter jetpack-lazy-image\" src=\"https:\/\/i0.wp.com\/elgeneracionalpost.com\/wp-content\/uploads\/2018\/11\/810787.jpg?resize=626%2C468&amp;ssl=1\" alt=\"810787\" width=\"626\" height=\"468\" data-recalc-dims=\"1\" data-lazy-src=\"https:\/\/i0.wp.com\/elgeneracionalpost.com\/wp-content\/uploads\/2018\/11\/810787.jpg?resize=626%2C468&amp;is-pending-load=1#038;ssl=1\" srcset=\"data:image\/gif;base64,R0lGODlhAQABAIAAAAAAAP\/\/\/yH5BAEAAAAALAAAAAABAAEAAAIBRAA7\"\/><noscript><img data-lazy-fallback=\"1\" data-attachment-id=\"533\" data-permalink=\"https:\/\/elgeneracionalpost.com\/cultura\/2018\/1115\/532\/tiempos-de-cultura.html\/attachment\/810787\" data-orig-file=\"https:\/\/i0.wp.com\/elgeneracionalpost.com\/wp-content\/uploads\/2018\/11\/810787.jpg?fit=370%2C277&amp;ssl=1\" data-orig-size=\"370,277\" data-comments-opened=\"1\" data-image-meta=\"{&quot;aperture&quot;:&quot;0&quot;,&quot;credit&quot;:&quot;&quot;,&quot;camera&quot;:&quot;&quot;,&quot;caption&quot;:&quot;&quot;,&quot;created_timestamp&quot;:&quot;0&quot;,&quot;copyright&quot;:&quot;&quot;,&quot;focal_length&quot;:&quot;0&quot;,&quot;iso&quot;:&quot;0&quot;,&quot;shutter_speed&quot;:&quot;0&quot;,&quot;title&quot;:&quot;&quot;,&quot;orientation&quot;:&quot;0&quot;}\" data-image-title=\"810787\" data-image-description=\"\" data-image-caption=\"\" data-medium-file=\"https:\/\/i0.wp.com\/elgeneracionalpost.com\/wp-content\/uploads\/2018\/11\/810787.jpg?fit=300%2C225&amp;ssl=1\" data-large-file=\"https:\/\/i0.wp.com\/elgeneracionalpost.com\/wp-content\/uploads\/2018\/11\/810787.jpg?fit=370%2C277&amp;ssl=1\" decoding=\"async\" class=\"wp-image-533 aligncenter\" src=\"https:\/\/i0.wp.com\/elgeneracionalpost.com\/wp-content\/uploads\/2018\/11\/810787.jpg?resize=626%2C468&amp;ssl=1\" alt=\"810787\" width=\"626\" height=\"468\" data-recalc-dims=\"1\"\/><\/noscript><\/p>\n<h5><span class=\"irc_dsh\"><span class=\"irc_ho\" dir=\"ltr\">Photographie culturelle d\u2019Almu\u00f1\u00e9car \u2013 WordPress.com<\/span><\/span><\/h5>\n<p>Culture, ce mot de sept lettres qui a eu tant de significations et de nuances au fil du temps et qui probablement, si quelqu&#039;un se trouvait en mesure de le d\u00e9finir, devrait consacrer quelques minutes \u00e0 r\u00e9fl\u00e9chir \u00e0 ce qui est si largement utilis\u00e9, mais si peu le terme compris est .<\/p>\n<p>Techniquement, la culture fait r\u00e9f\u00e9rence \u00e0 l\u2019ensemble des connaissances qui permettent \u00e0 quelqu\u2019un d\u2019\u00e9largir son jugement critique. De m\u00eame, il fait allusion aux divers modes de vie et coutumes, aux connaissances historiques, religieuses, philosophiques et scientifiques et \u00e0 la promotion de l&#039;exploration de nouvelles formes artistiques et litt\u00e9raires et de l&#039;\u00e9tude dans tous les domaines de la connaissance.<\/p>\n<p>Cependant, dans la pratique, il y a tellement d&#039;opinions sur ce qui est ou n&#039;est pas la culture pour certains, il suffit de se tourner vers un sujet aussi d\u00e9battu et controvers\u00e9 que la tauromachie, pour beaucoup un reflet clair de la culture, tandis que, pour d&#039;autres, il est intol\u00e9rable qu&#039;elle soit \u00eatre consid\u00e9r\u00e9 de cette mani\u00e8re.<\/p>\n<p>Aujourd&#039;hui, de nombreux experts affirment que la culture est en d\u00e9clin. Paradoxalement, jamais dans l&#039;histoire il n&#039;y a eu autant de d\u00e9couvertes scientifiques et technologiques, autant de livres publi\u00e9s et autant de mus\u00e9es ouverts. Cependant, malgr\u00e9 tout cela, il existe toujours une critique populaire \u00e0 l\u2019\u00e9gard de la jeunesse, une g\u00e9n\u00e9ration perdue qui ne lit plus, ne s\u2019int\u00e9resse pas \u00e0 l\u2019art ou ignore les notions fondamentales de la connaissance humaniste, scientifique et technologique.<\/p>\n<p>Cependant, la seule chose qui s\u2019est produite est peut-\u00eatre que la culture s\u2019est renouvel\u00e9e au fil du temps. Un exemple clair est celui des r\u00e9seaux sociaux, qui repr\u00e9sentent une fen\u00eatre ouverte sur l\u2019art s\u2019ils sont bien utilis\u00e9s ; Un mod\u00e8le est Instagram, qui a conduit \u00e0 un boom dans le domaine de la photographie. La danse, comme la musique, se renouvelle, avec de nouveaux styles. En outre, la cr\u00e9ation de programmes comme OT, qui ont fait chanter \u00e0 pleins poumons des milliers de jeunes des chansons d\u2019il y a cinquante ans. En revanche, le th\u00e9\u00e2tre a connu une splendeur ces derni\u00e8res ann\u00e9es, peut-\u00eatre gr\u00e2ce \u00e0 de grandes com\u00e9dies musicales comme Le Roi Lion ou Billy Elliot. L&#039;art s&#039;est modernis\u00e9, transf\u00e9rant les toiles dans la rue, gr\u00e2ce aux graffitis. De m\u00eame, la mondialisation a permis l\u2019expansion de la culture, comme en t\u00e9moigne l\u2019augmentation du nombre d\u2019acad\u00e9mies de flamenco au Japon.<\/p>\n<p>Par cons\u00e9quent, si la culture est consomm\u00e9e, la seule chose est que cela se fait peut-\u00eatre diff\u00e9remment des d\u00e9cennies pr\u00e9c\u00e9dentes, cela ne veut pas dire qu\u2019elle est meilleure ou pire, car ce qui compte vraiment c\u2019est qu\u2019il s\u2019agisse d\u2019une culture de qualit\u00e9.<\/p>\n<div class=\"sharedaddy sd-block sd-like jetpack-likes-widget-wrapper jetpack-likes-widget-unloaded\" id=\"like-post-wrapper-153844979-532-642d2aae56d1d\" data-src=\"https:\/\/widgets.wp.com\/likes\/#blog_id=153844979&amp;post_id=532&amp;origin=elgeneracionalpost.com&amp;obj_id=153844979-532-642d2aae56d1d\" data-name=\"like-post-frame-153844979-532-642d2aae56d1d\" data-title=\"Me gusta o Compartir\">\n<h3 class=\"sd-title\">J&#039;aime \u00e7a:<\/h3>\n<p><span class=\"button\"><span>J&#039;aime<\/span><\/span> <span class=\"loading\">Chargement\u2026<\/span><\/p>\n<p><span class=\"sd-text-color\"\/><\/div>\n<p><h3 class=\"jp-relatedposts-headline\"><em>En rapport<\/em><\/h3>\n<\/p>\n<\/div>","protected":false},"excerpt":{"rendered":"<p>Beaucoup pensent que la culture n\u2019est plus ce qu\u2019elle \u00e9tait, peut-\u00eatre qu\u2019elle vient d\u2019\u00e9voluer Photographie de Culture Almu\u00f1\u00e9car \u2013 \u2026 <\/p>","protected":false},"author":1,"featured_media":1052,"comment_status":"open","ping_status":"open","sticky":false,"template":"","format":"standard","meta":{"fifu_image_url":"https:\/\/i2.wp.com\/elgeneracionalpost.com\/wp-content\/uploads\/2018\/11\/810787.jpg?fit=370,277&ssl=1","fifu_image_alt":"","footnotes":""},"categories":[35],"tags":[],"class_list":["post-1051","post","type-post","status-publish","format-standard","has-post-thumbnail","hentry","category-cultura-e-lazer","latest_post"],"yoast_head":"<!-- This site is optimized with the Yoast SEO plugin v27.3 - https:\/\/yoast.com\/product\/yoast-seo-wordpress\/ -->\n<title>Tempos de cultura - EG. O jornal digital. Not\u00edcias. Presente - Tirinha.com<\/title>\n<meta name=\"robots\" content=\"index, follow, max-snippet:-1, max-image-preview:large, max-video-preview:-1\" \/>\n<link rel=\"canonical\" href=\"https:\/\/tirinha.com\/fr\/1051\/les-temps-de-la-culture-par-exemple-les-journaux-numeriques-presentent-lactualite\/\" \/>\n<meta property=\"og:locale\" content=\"fr_FR\" \/>\n<meta property=\"og:type\" content=\"article\" \/>\n<meta property=\"og:title\" content=\"Tempos de cultura - EG. O jornal digital. Not\u00edcias. Presente - Tirinha.com\" \/>\n<meta property=\"og:description\" content=\"Muitos acreditam que a cultura n\u00e3o \u00e9 mais o que era, talvez apenas tenha evolu\u00eddo Fotografia de Cultura Almu\u00f1\u00e9car \u2013 &hellip;\" \/>\n<meta property=\"og:url\" content=\"https:\/\/tirinha.com\/fr\/1051\/les-temps-de-la-culture-par-exemple-les-journaux-numeriques-presentent-lactualite\/\" \/>\n<meta property=\"og:site_name\" content=\"Tirinha.com\" \/>\n<meta property=\"article:published_time\" content=\"2023-04-05T08:00:47+00:00\" \/>\n<meta property=\"og:image\" content=\"https:\/\/i2.wp.com\/elgeneracionalpost.com\/wp-content\/uploads\/2018\/11\/810787.jpg?fit=370,277&ssl=1\" \/>\n<meta name=\"author\" content=\"admin\" \/>\n<meta name=\"twitter:card\" content=\"summary_large_image\" \/>\n<meta name=\"twitter:image\" content=\"https:\/\/i2.wp.com\/elgeneracionalpost.com\/wp-content\/uploads\/2018\/11\/810787.jpg?fit=370,277&ssl=1\" \/>\n<meta name=\"twitter:label1\" content=\"\u00c9crit par\" \/>\n\t<meta name=\"twitter:data1\" content=\"admin\" \/>\n\t<meta name=\"twitter:label2\" content=\"Dur\u00e9e de lecture estim\u00e9e\" \/>\n\t<meta name=\"twitter:data2\" content=\"2 minutes\" \/>\n<script type=\"application\/ld+json\" class=\"yoast-schema-graph\">{\"@context\":\"https:\\\/\\\/schema.org\",\"@graph\":[{\"@type\":\"Article\",\"@id\":\"https:\\\/\\\/tirinha.com\\\/1051\\\/tempos-de-cultura-eg-o-jornal-digital-noticias-presente\\\/#article\",\"isPartOf\":{\"@id\":\"https:\\\/\\\/tirinha.com\\\/1051\\\/tempos-de-cultura-eg-o-jornal-digital-noticias-presente\\\/\"},\"author\":{\"name\":\"admin\",\"@id\":\"https:\\\/\\\/tirinha.com\\\/#\\\/schema\\\/person\\\/e22bdfbe17e0461f7e927e6a1208d4d9\"},\"headline\":\"Tempos de cultura &#8211; EG. O jornal digital. Not\u00edcias. Presente\",\"datePublished\":\"2023-04-05T08:00:47+00:00\",\"mainEntityOfPage\":{\"@id\":\"https:\\\/\\\/tirinha.com\\\/1051\\\/tempos-de-cultura-eg-o-jornal-digital-noticias-presente\\\/\"},\"wordCount\":468,\"commentCount\":0,\"publisher\":{\"@id\":\"https:\\\/\\\/tirinha.com\\\/#organization\"},\"image\":{\"@id\":\"https:\\\/\\\/tirinha.com\\\/1051\\\/tempos-de-cultura-eg-o-jornal-digital-noticias-presente\\\/#primaryimage\"},\"thumbnailUrl\":\"https:\\\/\\\/i2.wp.com\\\/elgeneracionalpost.com\\\/wp-content\\\/uploads\\\/2018\\\/11\\\/810787.jpg?fit=370,277&ssl=1\",\"articleSection\":[\"Cultura e lazer\"],\"inLanguage\":\"fr-FR\",\"potentialAction\":[{\"@type\":\"CommentAction\",\"name\":\"Comment\",\"target\":[\"https:\\\/\\\/tirinha.com\\\/1051\\\/tempos-de-cultura-eg-o-jornal-digital-noticias-presente\\\/#respond\"]}]},{\"@type\":\"WebPage\",\"@id\":\"https:\\\/\\\/tirinha.com\\\/1051\\\/tempos-de-cultura-eg-o-jornal-digital-noticias-presente\\\/\",\"url\":\"https:\\\/\\\/tirinha.com\\\/1051\\\/tempos-de-cultura-eg-o-jornal-digital-noticias-presente\\\/\",\"name\":\"Tempos de cultura - EG. O jornal digital. Not\u00edcias. Presente - Tirinha.com\",\"isPartOf\":{\"@id\":\"https:\\\/\\\/tirinha.com\\\/#website\"},\"primaryImageOfPage\":{\"@id\":\"https:\\\/\\\/tirinha.com\\\/1051\\\/tempos-de-cultura-eg-o-jornal-digital-noticias-presente\\\/#primaryimage\"},\"image\":{\"@id\":\"https:\\\/\\\/tirinha.com\\\/1051\\\/tempos-de-cultura-eg-o-jornal-digital-noticias-presente\\\/#primaryimage\"},\"thumbnailUrl\":\"https:\\\/\\\/i2.wp.com\\\/elgeneracionalpost.com\\\/wp-content\\\/uploads\\\/2018\\\/11\\\/810787.jpg?fit=370,277&ssl=1\",\"datePublished\":\"2023-04-05T08:00:47+00:00\",\"breadcrumb\":{\"@id\":\"https:\\\/\\\/tirinha.com\\\/1051\\\/tempos-de-cultura-eg-o-jornal-digital-noticias-presente\\\/#breadcrumb\"},\"inLanguage\":\"fr-FR\",\"potentialAction\":[{\"@type\":\"ReadAction\",\"target\":[\"https:\\\/\\\/tirinha.com\\\/1051\\\/tempos-de-cultura-eg-o-jornal-digital-noticias-presente\\\/\"]}]},{\"@type\":\"ImageObject\",\"inLanguage\":\"fr-FR\",\"@id\":\"https:\\\/\\\/tirinha.com\\\/1051\\\/tempos-de-cultura-eg-o-jornal-digital-noticias-presente\\\/#primaryimage\",\"url\":\"https:\\\/\\\/i2.wp.com\\\/elgeneracionalpost.com\\\/wp-content\\\/uploads\\\/2018\\\/11\\\/810787.jpg?fit=370,277&ssl=1\",\"contentUrl\":\"https:\\\/\\\/i2.wp.com\\\/elgeneracionalpost.com\\\/wp-content\\\/uploads\\\/2018\\\/11\\\/810787.jpg?fit=370,277&ssl=1\"},{\"@type\":\"BreadcrumbList\",\"@id\":\"https:\\\/\\\/tirinha.com\\\/1051\\\/tempos-de-cultura-eg-o-jornal-digital-noticias-presente\\\/#breadcrumb\",\"itemListElement\":[{\"@type\":\"ListItem\",\"position\":1,\"name\":\"Home\",\"item\":\"https:\\\/\\\/tirinha.com\\\/\"},{\"@type\":\"ListItem\",\"position\":2,\"name\":\"Tempos de cultura &#8211; EG. O jornal digital. Not\u00edcias. Presente\"}]},{\"@type\":\"WebSite\",\"@id\":\"https:\\\/\\\/tirinha.com\\\/#website\",\"url\":\"https:\\\/\\\/tirinha.com\\\/\",\"name\":\"Tirinha.com\",\"description\":\"Arte e livros resenhas\",\"publisher\":{\"@id\":\"https:\\\/\\\/tirinha.com\\\/#organization\"},\"potentialAction\":[{\"@type\":\"SearchAction\",\"target\":{\"@type\":\"EntryPoint\",\"urlTemplate\":\"https:\\\/\\\/tirinha.com\\\/?s={search_term_string}\"},\"query-input\":{\"@type\":\"PropertyValueSpecification\",\"valueRequired\":true,\"valueName\":\"search_term_string\"}}],\"inLanguage\":\"fr-FR\"},{\"@type\":\"Organization\",\"@id\":\"https:\\\/\\\/tirinha.com\\\/#organization\",\"name\":\"Tirinha.com\",\"url\":\"https:\\\/\\\/tirinha.com\\\/\",\"logo\":{\"@type\":\"ImageObject\",\"inLanguage\":\"fr-FR\",\"@id\":\"https:\\\/\\\/tirinha.com\\\/#\\\/schema\\\/logo\\\/image\\\/\",\"url\":\"https:\\\/\\\/tirinha.com\\\/wp-content\\\/uploads\\\/2023\\\/08\\\/cropped-Logo-Tirinha.webp\",\"contentUrl\":\"https:\\\/\\\/tirinha.com\\\/wp-content\\\/uploads\\\/2023\\\/08\\\/cropped-Logo-Tirinha.webp\",\"width\":512,\"height\":512,\"caption\":\"Tirinha.com\"},\"image\":{\"@id\":\"https:\\\/\\\/tirinha.com\\\/#\\\/schema\\\/logo\\\/image\\\/\"}},{\"@type\":\"Person\",\"@id\":\"https:\\\/\\\/tirinha.com\\\/#\\\/schema\\\/person\\\/e22bdfbe17e0461f7e927e6a1208d4d9\",\"name\":\"admin\",\"image\":{\"@type\":\"ImageObject\",\"inLanguage\":\"fr-FR\",\"@id\":\"https:\\\/\\\/tirinha.com\\\/wp-content\\\/litespeed\\\/avatar\\\/d0068f7931cc87d7274eb0c3db1deb4b.jpg?ver=1777434315\",\"url\":\"https:\\\/\\\/tirinha.com\\\/wp-content\\\/litespeed\\\/avatar\\\/d0068f7931cc87d7274eb0c3db1deb4b.jpg?ver=1777434315\",\"contentUrl\":\"https:\\\/\\\/tirinha.com\\\/wp-content\\\/litespeed\\\/avatar\\\/d0068f7931cc87d7274eb0c3db1deb4b.jpg?ver=1777434315\",\"caption\":\"admin\"},\"sameAs\":[\"https:\\\/\\\/tirinha.com\"],\"url\":\"https:\\\/\\\/tirinha.com\\\/fr\\\/author\\\/admin\\\/\"}]}<\/script>\n<!-- \/ Yoast SEO plugin. -->","yoast_head_json":{"title":"Times of Culture - EG. Le journal num\u00e9rique. Actualit\u00e9s. Pr\u00e9sent - Tirinha.com","robots":{"index":"index","follow":"follow","max-snippet":"max-snippet:-1","max-image-preview":"max-image-preview:large","max-video-preview":"max-video-preview:-1"},"canonical":"https:\/\/tirinha.com\/fr\/1051\/les-temps-de-la-culture-par-exemple-les-journaux-numeriques-presentent-lactualite\/","og_locale":"fr_FR","og_type":"article","og_title":"Tempos de cultura - EG. O jornal digital. Not\u00edcias. Presente - Tirinha.com","og_description":"Muitos acreditam que a cultura n\u00e3o \u00e9 mais o que era, talvez apenas tenha evolu\u00eddo Fotografia de Cultura Almu\u00f1\u00e9car \u2013 &hellip;","og_url":"https:\/\/tirinha.com\/fr\/1051\/les-temps-de-la-culture-par-exemple-les-journaux-numeriques-presentent-lactualite\/","og_site_name":"Tirinha.com","article_published_time":"2023-04-05T08:00:47+00:00","og_image":[{"url":"https:\/\/i2.wp.com\/elgeneracionalpost.com\/wp-content\/uploads\/2018\/11\/810787.jpg?fit=370,277&ssl=1","type":"","width":"","height":""}],"author":"admin","twitter_card":"summary_large_image","twitter_image":"https:\/\/i2.wp.com\/elgeneracionalpost.com\/wp-content\/uploads\/2018\/11\/810787.jpg?fit=370,277&ssl=1","twitter_misc":{"\u00c9crit par":"admin","Dur\u00e9e de lecture estim\u00e9e":"2 minutes"},"schema":{"@context":"https:\/\/schema.org","@graph":[{"@type":"Article","@id":"https:\/\/tirinha.com\/1051\/tempos-de-cultura-eg-o-jornal-digital-noticias-presente\/#article","isPartOf":{"@id":"https:\/\/tirinha.com\/1051\/tempos-de-cultura-eg-o-jornal-digital-noticias-presente\/"},"author":{"name":"admin","@id":"https:\/\/tirinha.com\/#\/schema\/person\/e22bdfbe17e0461f7e927e6a1208d4d9"},"headline":"Tempos de cultura &#8211; EG. O jornal digital. Not\u00edcias. Presente","datePublished":"2023-04-05T08:00:47+00:00","mainEntityOfPage":{"@id":"https:\/\/tirinha.com\/1051\/tempos-de-cultura-eg-o-jornal-digital-noticias-presente\/"},"wordCount":468,"commentCount":0,"publisher":{"@id":"https:\/\/tirinha.com\/#organization"},"image":{"@id":"https:\/\/tirinha.com\/1051\/tempos-de-cultura-eg-o-jornal-digital-noticias-presente\/#primaryimage"},"thumbnailUrl":"https:\/\/i2.wp.com\/elgeneracionalpost.com\/wp-content\/uploads\/2018\/11\/810787.jpg?fit=370,277&ssl=1","articleSection":["Cultura e lazer"],"inLanguage":"fr-FR","potentialAction":[{"@type":"CommentAction","name":"Comment","target":["https:\/\/tirinha.com\/1051\/tempos-de-cultura-eg-o-jornal-digital-noticias-presente\/#respond"]}]},{"@type":"WebPage","@id":"https:\/\/tirinha.com\/1051\/tempos-de-cultura-eg-o-jornal-digital-noticias-presente\/","url":"https:\/\/tirinha.com\/1051\/tempos-de-cultura-eg-o-jornal-digital-noticias-presente\/","name":"Times of Culture - EG. Le journal num\u00e9rique. Actualit\u00e9s. Pr\u00e9sent - Tirinha.com","isPartOf":{"@id":"https:\/\/tirinha.com\/#website"},"primaryImageOfPage":{"@id":"https:\/\/tirinha.com\/1051\/tempos-de-cultura-eg-o-jornal-digital-noticias-presente\/#primaryimage"},"image":{"@id":"https:\/\/tirinha.com\/1051\/tempos-de-cultura-eg-o-jornal-digital-noticias-presente\/#primaryimage"},"thumbnailUrl":"https:\/\/i2.wp.com\/elgeneracionalpost.com\/wp-content\/uploads\/2018\/11\/810787.jpg?fit=370,277&ssl=1","datePublished":"2023-04-05T08:00:47+00:00","breadcrumb":{"@id":"https:\/\/tirinha.com\/1051\/tempos-de-cultura-eg-o-jornal-digital-noticias-presente\/#breadcrumb"},"inLanguage":"fr-FR","potentialAction":[{"@type":"ReadAction","target":["https:\/\/tirinha.com\/1051\/tempos-de-cultura-eg-o-jornal-digital-noticias-presente\/"]}]},{"@type":"ImageObject","inLanguage":"fr-FR","@id":"https:\/\/tirinha.com\/1051\/tempos-de-cultura-eg-o-jornal-digital-noticias-presente\/#primaryimage","url":"https:\/\/i2.wp.com\/elgeneracionalpost.com\/wp-content\/uploads\/2018\/11\/810787.jpg?fit=370,277&ssl=1","contentUrl":"https:\/\/i2.wp.com\/elgeneracionalpost.com\/wp-content\/uploads\/2018\/11\/810787.jpg?fit=370,277&ssl=1"},{"@type":"BreadcrumbList","@id":"https:\/\/tirinha.com\/1051\/tempos-de-cultura-eg-o-jornal-digital-noticias-presente\/#breadcrumb","itemListElement":[{"@type":"ListItem","position":1,"name":"Home","item":"https:\/\/tirinha.com\/"},{"@type":"ListItem","position":2,"name":"Tempos de cultura &#8211; EG. O jornal digital. Not\u00edcias. Presente"}]},{"@type":"WebSite","@id":"https:\/\/tirinha.com\/#website","url":"https:\/\/tirinha.com\/","name":"Tirinha.com","description":"Critiques d&#039;art et de livres","publisher":{"@id":"https:\/\/tirinha.com\/#organization"},"potentialAction":[{"@type":"SearchAction","target":{"@type":"EntryPoint","urlTemplate":"https:\/\/tirinha.com\/?s={search_term_string}"},"query-input":{"@type":"PropertyValueSpecification","valueRequired":true,"valueName":"search_term_string"}}],"inLanguage":"fr-FR"},{"@type":"Organization","@id":"https:\/\/tirinha.com\/#organization","name":"Tirinha.com","url":"https:\/\/tirinha.com\/","logo":{"@type":"ImageObject","inLanguage":"fr-FR","@id":"https:\/\/tirinha.com\/#\/schema\/logo\/image\/","url":"https:\/\/tirinha.com\/wp-content\/uploads\/2023\/08\/cropped-Logo-Tirinha.webp","contentUrl":"https:\/\/tirinha.com\/wp-content\/uploads\/2023\/08\/cropped-Logo-Tirinha.webp","width":512,"height":512,"caption":"Tirinha.com"},"image":{"@id":"https:\/\/tirinha.com\/#\/schema\/logo\/image\/"}},{"@type":"Person","@id":"https:\/\/tirinha.com\/#\/schema\/person\/e22bdfbe17e0461f7e927e6a1208d4d9","name":"administrateur","image":{"@type":"ImageObject","inLanguage":"fr-FR","@id":"https:\/\/tirinha.com\/wp-content\/litespeed\/avatar\/d0068f7931cc87d7274eb0c3db1deb4b.jpg?ver=1777434315","url":"https:\/\/tirinha.com\/wp-content\/litespeed\/avatar\/d0068f7931cc87d7274eb0c3db1deb4b.jpg?ver=1777434315","contentUrl":"https:\/\/tirinha.com\/wp-content\/litespeed\/avatar\/d0068f7931cc87d7274eb0c3db1deb4b.jpg?ver=1777434315","caption":"admin"},"sameAs":["https:\/\/tirinha.com"],"url":"https:\/\/tirinha.com\/fr\/author\/admin\/"}]}},"_links":{"self":[{"href":"https:\/\/tirinha.com\/fr\/wp-json\/wp\/v2\/posts\/1051","targetHints":{"allow":["GET"]}}],"collection":[{"href":"https:\/\/tirinha.com\/fr\/wp-json\/wp\/v2\/posts"}],"about":[{"href":"https:\/\/tirinha.com\/fr\/wp-json\/wp\/v2\/types\/post"}],"author":[{"embeddable":true,"href":"https:\/\/tirinha.com\/fr\/wp-json\/wp\/v2\/users\/1"}],"replies":[{"embeddable":true,"href":"https:\/\/tirinha.com\/fr\/wp-json\/wp\/v2\/comments?post=1051"}],"version-history":[{"count":0,"href":"https:\/\/tirinha.com\/fr\/wp-json\/wp\/v2\/posts\/1051\/revisions"}],"wp:featuredmedia":[{"embeddable":true,"href":"https:\/\/tirinha.com\/fr\/wp-json\/wp\/v2\/media\/1052"}],"wp:attachment":[{"href":"https:\/\/tirinha.com\/fr\/wp-json\/wp\/v2\/media?parent=1051"}],"wp:term":[{"taxonomy":"category","embeddable":true,"href":"https:\/\/tirinha.com\/fr\/wp-json\/wp\/v2\/categories?post=1051"},{"taxonomy":"post_tag","embeddable":true,"href":"https:\/\/tirinha.com\/fr\/wp-json\/wp\/v2\/tags?post=1051"}],"curies":[{"name":"wp","href":"https:\/\/api.w.org\/{rel}","templated":true}]}}