{"id":968,"date":"2023-04-03T22:57:16","date_gmt":"2023-04-03T22:57:16","guid":{"rendered":"https:\/\/tirinha.com\/andres-felipe-solano-tentei-replicar-a-forma-como-pensamos\/"},"modified":"2023-04-03T22:57:16","modified_gmt":"2023-04-03T22:57:16","slug":"andres-felipe-solano-intente-replicar-nuestra-forma-de-pensar","status":"publish","type":"post","link":"https:\/\/tirinha.com\/es\/968\/andres-felipe-solano-tentei-replicar-a-forma-como-pensamos\/","title":{"rendered":"Andr\u00e9s Felipe Solano: \u201cTrat\u00e9 de replicar nuestra forma de pensar\u201d"},"content":{"rendered":"<p><\/p>\n<div>\n<h2><em>Gloria,<\/em> Su \u00faltima novela de ficci\u00f3n es un viaje \u00edntimo y retrospectivo a trav\u00e9s de escenas de la vida de una madre de la mano de su hijo.<\/h2>\n<p><strong>Andr\u00e9s Felipe Solano es un periodista y novelista colombiano. En 2010, la revista Granta, en la que public\u00f3 cuentos, lo eligi\u00f3 como uno de los 22 mejores narradores j\u00f3venes en espa\u00f1ol. Tambi\u00e9n ha escrito para The New York Times Magazine, McSweeney&#039;s y Gatopardo.<\/strong><\/p>\n<p>tu ultimo libro <em>Salario m\u00ednimo. vivir sin nada<\/em> Fue finalista del premio Fundaci\u00f3n Nuevo Periodismo Iberoamericano. Durante su estancia en el pa\u00eds asi\u00e1tico escribi\u00f3 <em>Corea, notas sobre la cuerda floja<\/em> (2015), que recibi\u00f3 el Premio Biblioteca de Narrativa Colombiana. Sus otras publicaciones son <em>s\u00e1lvame joe louis<\/em> (2007), <em>los hermanos cuervo<\/em> (2013) y <em>cementerios de ne\u00f3n<\/em> (2017) ficci\u00f3n y <em>Los d\u00edas de fiebre<\/em> (2020) no ficci\u00f3n.<\/p>\n<p>Solano, que vive en Se\u00fal desde hace casi una d\u00e9cada, lleg\u00f3 a la capital espa\u00f1ola para participar en el Festival Internacional de Literatura Matadero Madrid. Gracias a SextoPiso, El Generacional lo entrevista en el Hotel de las Letras para conocer el proceso creativo de <em>Gloria<\/em>.<\/p>\n<p><strong>Pregunta: Hay una frase de Fran\u00e7ois Truffaut que dice: \u201cel cine es como un tren que se detiene en los momentos m\u00e1s importantes de la vida\u201d, aplicada a la literatura; \u00bfPor qu\u00e9 elegiste el 11 de abril de 1970 para contar la historia de tu madre, Gl\u00f3ria?<\/strong><\/p>\n<p><strong>Responder:<\/strong> Elegir fue un gran problema. Conoc\u00ed la historia de mi madre desde peque\u00f1a. No en detalle, pero s\u00ed la historia de una joven que vive sola en Nueva York; Es <strong>Desde que comenc\u00e9 a pensar en ser escritora, supe que alg\u00fan d\u00eda lo encontrar\u00eda.<\/strong>. Cuando tuve muy claro que lo iba a escribir en un libro, comenc\u00e9 a hablar con mi mam\u00e1, que tiene muy buena memoria, y ella me cont\u00f3 m\u00e1s detalladamente ese a\u00f1o de 1970. En Latinoam\u00e9rica Sandro es muy importante; Entonces, cuando me enter\u00e9 de este programa, se me ocurri\u00f3 escribir sobre ese d\u00eda. Posteriormente, planeando el libro, escrib\u00ed otros momentos de su vida, centr\u00e1ndome siempre en tres historias de amor que ten\u00edan mucho que ver con Estados Unidos. Al intentar juntarlos se me ocurri\u00f3 utilizar este motivo literario que es \u201cun d\u00eda en la vida de\u2026\u201d; Fue utilizado por grandes autores como James Joyce en <em>Ulises<\/em>Malcolm Lowry en <em>bajo el volcan<\/em> o Virginia Wolf en <em>Sra. Dalloway<\/em>.<\/p>\n<p><strong>P: Las novelas que mencionaste multiplican la extensi\u00f3n de <em>Gloria<\/em>\u00bfEn qu\u00e9 momento tomaste la decisi\u00f3n de plasmar una historia tan compleja en una novela corta?<\/strong><\/p>\n<p>R: No planifico mis libros de forma exhaustiva. Cuando comenc\u00e9 a escribir sent\u00ed que iba a ser una novela corta porque <strong>Mi ambici\u00f3n no era novelar toda la vida de mi madre, a pesar de la abundancia de grandes acontecimientos en ella.<\/strong>. Quiz\u00e1s si lo hubiera arrastrado, me habr\u00eda quedado estancado o estancado escribiendo el libro durante mucho tiempo. Es una historia que ha estado conmigo desde siempre, una vez que tom\u00e9 la decisi\u00f3n de contarla ten\u00eda que hacerlo lo m\u00e1s r\u00e1pido posible.<\/p>\n<p><strong>P: Precisamente, la narrativa de la novela est\u00e1 llena de anacron\u00edas, \u00bfpor qu\u00e9 decidi\u00f3 que el lector conozca el pasado de Gl\u00f3ria y, principalmente, el futuro de Gl\u00f3ria?<\/strong><\/p>\n<p>R: Al decidir utilizar \u201cun d\u00eda en la vida de\u201d, <strong>Reflexion\u00e9 sobre la posibilidad de que un solo d\u00eda condense todos nuestros d\u00edas o las posibilidades de todos nuestros futuros.<\/strong>; y me dije: voy a intentar hacerlo, por eso el libro tiene estos saltos en el tiempo. Adem\u00e1s, intent\u00e9 reproducir en un d\u00eda de la vida de Gloria la forma en que pensamos. cuando lo hacemos <strong>una peque\u00f1a parte de nosotros est\u00e1 en el presente, la mayor parte del tiempo pensamos en el futuro cercano y lejano o en el pasado<\/strong>, incluso si fue hace cinco minutos. En definitiva, siempre somos como una bola de <em>arcada<\/em>.<\/p>\n<p><strong>P: Sin perder forma, en <em>Gloria<\/em> predomina el estilo indirecto libre; A trav\u00e9s de su hijo, el lector se acerca al pensamiento de Gl\u00f3ria y a los personajes secundarios. \u00bfQu\u00e9 valor aporta a la novela el hecho de que sea el hijo quien la narre y no la propia protagonista, su madre?<\/strong><\/p>\n<p>R: Una madre conoce a su hijo desde que nace y sabr\u00e1 con seguridad qu\u00e9 tipo de persona es a lo largo de su vida. Por otro lado, un hijo sabe muy poco sobre la historia de su madre antes de que \u00e9l fuera hijo y ella fuera madre. Eso es lo que me interesaba contar. En el primer borrador sent\u00ed que este hijo aparec\u00eda m\u00e1s directamente para confrontar a su madre, reflexionar sobre su relaci\u00f3n e incluso intentar compararla con otras relaciones literarias en libros que tratan sobre madres e hijos. Cuando llegu\u00e9 a esta segunda forma, la mujer que parec\u00eda objeto de confrontaci\u00f3n se convirti\u00f3 en sujeto, en personaje que empez\u00f3 a vivir su propia vida. Sucesivamente, <strong>No pod\u00eda ni desligarme de la idea de que fui yo quien decidi\u00f3 contar esa historia<\/strong>. As\u00ed, el narrador desemboca en un extra\u00f1o juego que se anuncia desde el principio para avisar al lector que est\u00e1 ah\u00ed; pero tambi\u00e9n es un desperdicio dejar que el personaje viva su propio d\u00eda.<\/p>\n<p><strong>P: &quot;\u00bfCu\u00e1ntas veces te has esforzado por responder la m\u00eda?&quot; y \u201c\u00bfQu\u00e9 les preguntar\u00edas a tus padres si pudieras?\u201d son intervenciones que aparecen en la novela; \u00bfDefinir\u00edas tu creaci\u00f3n como un proceso de aprendizaje?<\/strong><\/p>\n<p>R: No estoy seguro si aprend\u00ed lo que significa ser un buen hijo, pero aprend\u00ed muchas cosas de Gl\u00f3ria como persona. Con s\u00f3lo ponerlos en papel pude verlos con seguridad. Yo creo que <strong>Ella, al verse tambi\u00e9n escrita, comprendi\u00f3 en una dimensi\u00f3n mayor lo que era su vida y hacia d\u00f3nde la llevaba.<\/strong><\/p>\n<p><strong>P: \u00bfC\u00f3mo consigues extraer ese ejercicio introspectivo de los procesos m\u00e1s cotidianos?<\/strong><\/p>\n<p>R: No lo s\u00e9 (risas). Ojal\u00e1 tuviera m\u00e1s claridad para intentar hacerlo de nuevo. Mira, escrib\u00ed un libro llamado <em>Corea, notas sobre la cuerda floja<\/em> y creo que all\u00ed tuve la capacidad de escribir momentos cotidianos y, al mismo tiempo, darles un significado po\u00e9tico. El primer borrador de<em> Gloria<\/em> Estaba tratando de replicar la forma de diario de mi libro anterior: fragmentario y confesional en voz. No soy un gran lector de poes\u00eda, fue Charles Simic quien me hizo descubrir el peso de estos momentos. <strong>Creo que al contar ese d\u00eda como pudo pasar, el estilo ser\u00eda plano y el lector se quedar\u00eda con la idea de que se trat\u00f3 de una simple an\u00e9cdota.<\/strong> de una chica yendo a un concierto.<\/p>\n<figure id=\"attachment_84663\" aria-describedby=\"caption-attachment-84663\" style=\"width: 350px\" class=\"wp-caption aligncenter\"><img fetchpriority=\"high\" data-attachment-id=\"84663\" data-permalink=\"https:\/\/elgeneracionalpost.com\/cultura\/2023\/0403\/84653\/andres-felipe-solano-trate-de-replicar-la-manera-en-que-pensamos.html\/attachment\/10c740f1-6479-4395-9a32-1d2cf7d50acb\" data-orig-file=\"https:\/\/i0.wp.com\/elgeneracionalpost.com\/wp-content\/uploads\/2023\/04\/10C740F1-6479-4395-9A32-1D2CF7D50ACB.jpeg?fit=350%2C538&amp;ssl=1\" data-orig-size=\"350,538\" data-comments-opened=\"0\" data-image-meta=\"{&quot;aperture&quot;:&quot;0&quot;,&quot;credit&quot;:&quot;&quot;,&quot;camera&quot;:&quot;&quot;,&quot;caption&quot;:&quot;&quot;,&quot;created_timestamp&quot;:&quot;0&quot;,&quot;copyright&quot;:&quot;&quot;,&quot;focal_length&quot;:&quot;0&quot;,&quot;iso&quot;:&quot;0&quot;,&quot;shutter_speed&quot;:&quot;0&quot;,&quot;title&quot;:&quot;&quot;,&quot;orientation&quot;:&quot;0&quot;}\" data-image-title=\"10C740F1-6479-4395-9A32-1D2CF7D50ACB\" data-image-description=\"\" data-image-caption=\"&lt;p&gt;Portada de Gloria | Fuente: SextoPiso&lt;\/p&gt;&#10;\" data-medium-file=\"https:\/\/i0.wp.com\/elgeneracionalpost.com\/wp-content\/uploads\/2023\/04\/10C740F1-6479-4395-9A32-1D2CF7D50ACB.jpeg?fit=195%2C300&amp;ssl=1\" data-large-file=\"https:\/\/i0.wp.com\/elgeneracionalpost.com\/wp-content\/uploads\/2023\/04\/10C740F1-6479-4395-9A32-1D2CF7D50ACB.jpeg?fit=350%2C538&amp;ssl=1\" decoding=\"async\" class=\"wp-image-84663 size-full jetpack-lazy-image\" src=\"https:\/\/i0.wp.com\/elgeneracionalpost.com\/wp-content\/uploads\/2023\/04\/10C740F1-6479-4395-9A32-1D2CF7D50ACB.jpeg?resize=350%2C538&amp;ssl=1\" alt=\"\" width=\"350\" height=\"538\" data-recalc-dims=\"1\" data-lazy-srcset=\"https:\/\/i0.wp.com\/elgeneracionalpost.com\/wp-content\/uploads\/2023\/04\/10C740F1-6479-4395-9A32-1D2CF7D50ACB.jpeg?w=350&amp;ssl=1 350w, https:\/\/i0.wp.com\/elgeneracionalpost.com\/wp-content\/uploads\/2023\/04\/10C740F1-6479-4395-9A32-1D2CF7D50ACB.jpeg?resize=195%2C300&amp;ssl=1 195w, https:\/\/i0.wp.com\/elgeneracionalpost.com\/wp-content\/uploads\/2023\/04\/10C740F1-6479-4395-9A32-1D2CF7D50ACB.jpeg?resize=150%2C231&amp;ssl=1 150w, https:\/\/i0.wp.com\/elgeneracionalpost.com\/wp-content\/uploads\/2023\/04\/10C740F1-6479-4395-9A32-1D2CF7D50ACB.jpeg?resize=300%2C461&amp;ssl=1 300w\" data-lazy-sizes=\"(max-width: 350px) 100vw, 350px\" data-lazy-src=\"https:\/\/i0.wp.com\/elgeneracionalpost.com\/wp-content\/uploads\/2023\/04\/10C740F1-6479-4395-9A32-1D2CF7D50ACB.jpeg?resize=350%2C538&amp;is-pending-load=1#038;ssl=1\" srcset=\"data:image\/gif;base64,R0lGODlhAQABAIAAAAAAAP\/\/\/yH5BAEAAAAALAAAAAABAAEAAAIBRAA7\"\/><noscript><img data-lazy-fallback=\"1\" data-attachment-id=\"84663\" data-permalink=\"https:\/\/elgeneracionalpost.com\/cultura\/2023\/0403\/84653\/andres-felipe-solano-trate-de-replicar-la-manera-en-que-pensamos.html\/attachment\/10c740f1-6479-4395-9a32-1d2cf7d50acb\" data-orig-file=\"https:\/\/i0.wp.com\/elgeneracionalpost.com\/wp-content\/uploads\/2023\/04\/10C740F1-6479-4395-9A32-1D2CF7D50ACB.jpeg?fit=350%2C538&amp;ssl=1\" data-orig-size=\"350,538\" data-comments-opened=\"0\" data-image-meta=\"{&quot;aperture&quot;:&quot;0&quot;,&quot;credit&quot;:&quot;&quot;,&quot;camera&quot;:&quot;&quot;,&quot;caption&quot;:&quot;&quot;,&quot;created_timestamp&quot;:&quot;0&quot;,&quot;copyright&quot;:&quot;&quot;,&quot;focal_length&quot;:&quot;0&quot;,&quot;iso&quot;:&quot;0&quot;,&quot;shutter_speed&quot;:&quot;0&quot;,&quot;title&quot;:&quot;&quot;,&quot;orientation&quot;:&quot;0&quot;}\" data-image-title=\"10C740F1-6479-4395-9A32-1D2CF7D50ACB\" data-image-description=\"\" data-image-caption=\"&lt;p&gt;Portada de Gloria | Fuente: SextoPiso&lt;\/p&gt;&#10;\" data-medium-file=\"https:\/\/i0.wp.com\/elgeneracionalpost.com\/wp-content\/uploads\/2023\/04\/10C740F1-6479-4395-9A32-1D2CF7D50ACB.jpeg?fit=195%2C300&amp;ssl=1\" data-large-file=\"https:\/\/i0.wp.com\/elgeneracionalpost.com\/wp-content\/uploads\/2023\/04\/10C740F1-6479-4395-9A32-1D2CF7D50ACB.jpeg?fit=350%2C538&amp;ssl=1\" decoding=\"async\" class=\"wp-image-84663 size-full\" src=\"https:\/\/i0.wp.com\/elgeneracionalpost.com\/wp-content\/uploads\/2023\/04\/10C740F1-6479-4395-9A32-1D2CF7D50ACB.jpeg?resize=350%2C538&amp;ssl=1\" alt=\"\" width=\"350\" height=\"538\" srcset=\"https:\/\/i0.wp.com\/elgeneracionalpost.com\/wp-content\/uploads\/2023\/04\/10C740F1-6479-4395-9A32-1D2CF7D50ACB.jpeg?w=350&amp;ssl=1 350w, https:\/\/i0.wp.com\/elgeneracionalpost.com\/wp-content\/uploads\/2023\/04\/10C740F1-6479-4395-9A32-1D2CF7D50ACB.jpeg?resize=195%2C300&amp;ssl=1 195w, https:\/\/i0.wp.com\/elgeneracionalpost.com\/wp-content\/uploads\/2023\/04\/10C740F1-6479-4395-9A32-1D2CF7D50ACB.jpeg?resize=150%2C231&amp;ssl=1 150w, https:\/\/i0.wp.com\/elgeneracionalpost.com\/wp-content\/uploads\/2023\/04\/10C740F1-6479-4395-9A32-1D2CF7D50ACB.jpeg?resize=300%2C461&amp;ssl=1 300w\" sizes=\"(max-width: 350px) 100vw, 350px\" data-recalc-dims=\"1\"\/><\/noscript><figcaption id=\"caption-attachment-84663\" class=\"wp-caption-text\">Cabo de Gloria | Fuente: Sexto Piso<\/figcaption><\/figure>\n<p><strong>P: El lector se siente atra\u00eddo por la ciudad de Nueva York mientras camina de la mano de Gloria y el Tigre. \u00bfDe qu\u00e9 maneras exploras el movimiento de las ciudades?<\/strong><\/p>\n<p>R: Siempre camin\u00e9 por las ciudades. De hecho, la primera ciudad que descubr\u00ed a pie fue Nueva York. Es una idea que ha estado en todos mis libros y que decid\u00ed repetir aqu\u00ed. Me pareci\u00f3 que la mejor manera de desarrollar la historia era<strong> mientras caminas<\/strong>, cuando tienes que lidiar con muchos est\u00edmulos. Bloquear la historia en una habitaci\u00f3n no permite saltos en el tiempo y elimina el riesgo.<\/p>\n<p>Adem\u00e1s, <strong>En la literatura, la idea misma de una ciudad andante siempre ha pertenecido a los hombres.<\/strong> por la seguridad que sienten en la calle. S\u00f3lo me vienen a la mente dos obras que hablan de mujeres caminando solas: <em>apegos feroces<\/em> por Vivian Gornick y <em>vagabundeos nocturnos<\/em> de Kim Seung, un escritor coreano. Quiz\u00e1s me influyeron.<\/p>\n<p><strong>P: \u00bfCree que hoy una mujer latinoamericana que camina sola por la ciudad enfrenta los mismos miedos que hace cincuenta a\u00f1os?<\/strong><\/p>\n<p>R: No creo que haya cambiado. M\u00e1s que la seguridad en las calles, creo que la seguridad de las mujeres ha cambiado. Al menos algunos tienen la confianza para responder al enfoque.<\/p>\n<p><strong>P: Gloria muestra c\u00f3mo el cantante argentino Sandro alcanz\u00f3 una relevancia inconmensurable para las mujeres latinoamericanas. \u00bfQu\u00e9 valores crees que supo catalizar a trav\u00e9s de su m\u00fasica?<\/strong><\/p>\n<p>R: Sandro alcanz\u00f3 la fama en un momento muy especial para la mujer. Trae valores de libertad con la revoluci\u00f3n femenina de los a\u00f1os 60 y 70 ya en marcha, con la llegada de los anticonceptivos que fue un gran logro, signific\u00f3 la decisi\u00f3n sobre el propio cuerpo. <strong>Sandro<\/strong>A pesar de vivir en una sociedad patriarcal, <strong>Era muy transgresor y as\u00ed lo demostraba en sus entrevistas.<\/strong>. Fue muy importante que una voz con tanto impacto nos hiciera pensar en la responsabilidad de tener hijos y c\u00f3mo es una decisi\u00f3n propia de la mujer.<\/p>\n<p><strong>P: \u00bfC\u00f3mo ha combatido la brecha generacional que tan a menudo perturba las relaciones madre-hijo?<\/strong><\/p>\n<p>R: Es interesante que menciones eso. En primer lugar, esta brecha se redujo cuando tambi\u00e9n me mud\u00e9 a Nueva York cuando ten\u00eda veintitantos a\u00f1os. Su emigraci\u00f3n a tan temprana edad fue lo que me motiv\u00f3 a emigrar y comprender r\u00e1pidamente lo que ella vivi\u00f3 en los a\u00f1os 70. Comparando a los dos j\u00f3venes pude acercarlos. <strong>A los veintitantos todos podemos experimentar el mismo tipo de sensaciones, independientemente de nuestro origen.<\/strong>compartimos la misma expectativa, ansiedad, euforia, ambici\u00f3n\u2026<\/p>\n<p><strong>P: Finalmente, algunos consejos para futuros escritores y periodistas\u2026<\/strong><\/p>\n<p>R: Lee todo lo que puedas. Parece una obviedad, pero a veces se pierde en ese pantano de que todo el mundo quiere dar su opini\u00f3n de inmediato. Tengo la sensaci\u00f3n de que hay algunos escritores j\u00f3venes que ahora piensan m\u00e1s en escribir que en leer. Siempre pens\u00e9 m\u00e1s en leer que en escribir. <strong>Hay que leer todo lo que puedas, la lectura es la droga m\u00e1s poderosa para abrir la mente.<\/strong><\/p>\n<div class=\"sharedaddy sd-block sd-like jetpack-likes-widget-wrapper jetpack-likes-widget-unloaded\" id=\"like-post-wrapper-153844979-84653-642b59ca287a0\" data-src=\"https:\/\/widgets.wp.com\/likes\/#blog_id=153844979&amp;post_id=84653&amp;origin=elgeneracionalpost.com&amp;obj_id=153844979-84653-642b59ca287a0\" data-name=\"like-post-frame-153844979-84653-642b59ca287a0\" data-title=\"Me gusta o Compartir\">\n<h3 class=\"sd-title\">Me gusta esto:<\/h3>\n<p><span class=\"button\"><span>Me gusta<\/span><\/span> <span class=\"loading\">Cargando\u2026<\/span><\/p>\n<p><span class=\"sd-text-color\"\/><\/div>\n<p><h3 class=\"jp-relatedposts-headline\"><em>Relacionado<\/em><\/h3>\n<\/p>\n<\/div>","protected":false},"excerpt":{"rendered":"<p>Gl\u00f3ria, tu \u00faltima novela de ficci\u00f3n es un viaje \u00edntimo y retrospectivo a trav\u00e9s de escenas de la vida de una madre de\u2026 <\/p>","protected":false},"author":1,"featured_media":969,"comment_status":"open","ping_status":"open","sticky":false,"template":"","format":"standard","meta":{"fifu_image_url":"https:\/\/elgeneracionalpost.com\/wp-content\/uploads\/2023\/04\/817472DF-A41D-421A-AABA-718F754B846D.jpeg","fifu_image_alt":"","footnotes":""},"categories":[35],"tags":[],"class_list":["post-968","post","type-post","status-publish","format-standard","has-post-thumbnail","hentry","category-cultura-e-lazer","latest_post"],"yoast_head":"<!-- This site is optimized with the Yoast SEO plugin v27.3 - https:\/\/yoast.com\/product\/yoast-seo-wordpress\/ -->\n<title>Andr\u00e9s Felipe Solano: &quot;Tentei replicar a forma como pensamos&quot; - Tirinha.com<\/title>\n<meta name=\"robots\" content=\"index, follow, max-snippet:-1, max-image-preview:large, max-video-preview:-1\" \/>\n<link rel=\"canonical\" href=\"https:\/\/tirinha.com\/es\/968\/andres-felipe-solano-intente-replicar-nuestra-forma-de-pensar\/\" \/>\n<meta property=\"og:locale\" content=\"es_MX\" \/>\n<meta property=\"og:type\" content=\"article\" \/>\n<meta property=\"og:title\" content=\"Andr\u00e9s Felipe Solano: &quot;Tentei replicar a forma como pensamos&quot; - Tirinha.com\" \/>\n<meta property=\"og:description\" content=\"Gl\u00f3ria, Seu \u00faltimo romance de fic\u00e7\u00e3o \u00e9 uma viagem \u00edntima e retrospectiva por cenas da vida de uma m\u00e3e de &hellip;\" \/>\n<meta property=\"og:url\" content=\"https:\/\/tirinha.com\/es\/968\/andres-felipe-solano-intente-replicar-nuestra-forma-de-pensar\/\" \/>\n<meta property=\"og:site_name\" content=\"Tirinha.com\" \/>\n<meta property=\"article:published_time\" content=\"2023-04-03T22:57:16+00:00\" \/>\n<meta property=\"og:image\" content=\"https:\/\/elgeneracionalpost.com\/wp-content\/uploads\/2023\/04\/817472DF-A41D-421A-AABA-718F754B846D.jpeg\" \/>\n<meta name=\"author\" content=\"admin\" \/>\n<meta name=\"twitter:card\" content=\"summary_large_image\" \/>\n<meta name=\"twitter:image\" content=\"https:\/\/elgeneracionalpost.com\/wp-content\/uploads\/2023\/04\/817472DF-A41D-421A-AABA-718F754B846D.jpeg\" \/>\n<meta name=\"twitter:label1\" content=\"Escrito por\" \/>\n\t<meta name=\"twitter:data1\" content=\"admin\" \/>\n\t<meta name=\"twitter:label2\" content=\"Tiempo de lectura\" \/>\n\t<meta name=\"twitter:data2\" content=\"8 minutos\" \/>\n<script type=\"application\/ld+json\" class=\"yoast-schema-graph\">{\"@context\":\"https:\\\/\\\/schema.org\",\"@graph\":[{\"@type\":\"Article\",\"@id\":\"https:\\\/\\\/tirinha.com\\\/968\\\/andres-felipe-solano-tentei-replicar-a-forma-como-pensamos\\\/#article\",\"isPartOf\":{\"@id\":\"https:\\\/\\\/tirinha.com\\\/968\\\/andres-felipe-solano-tentei-replicar-a-forma-como-pensamos\\\/\"},\"author\":{\"name\":\"admin\",\"@id\":\"https:\\\/\\\/tirinha.com\\\/#\\\/schema\\\/person\\\/e22bdfbe17e0461f7e927e6a1208d4d9\"},\"headline\":\"Andr\u00e9s Felipe Solano: &#8220;Tentei replicar a forma como pensamos&#8221;\",\"datePublished\":\"2023-04-03T22:57:16+00:00\",\"mainEntityOfPage\":{\"@id\":\"https:\\\/\\\/tirinha.com\\\/968\\\/andres-felipe-solano-tentei-replicar-a-forma-como-pensamos\\\/\"},\"wordCount\":1671,\"commentCount\":0,\"publisher\":{\"@id\":\"https:\\\/\\\/tirinha.com\\\/#organization\"},\"image\":{\"@id\":\"https:\\\/\\\/tirinha.com\\\/968\\\/andres-felipe-solano-tentei-replicar-a-forma-como-pensamos\\\/#primaryimage\"},\"thumbnailUrl\":\"https:\\\/\\\/elgeneracionalpost.com\\\/wp-content\\\/uploads\\\/2023\\\/04\\\/817472DF-A41D-421A-AABA-718F754B846D.jpeg\",\"articleSection\":[\"Cultura e lazer\"],\"inLanguage\":\"es\",\"potentialAction\":[{\"@type\":\"CommentAction\",\"name\":\"Comment\",\"target\":[\"https:\\\/\\\/tirinha.com\\\/968\\\/andres-felipe-solano-tentei-replicar-a-forma-como-pensamos\\\/#respond\"]}]},{\"@type\":\"WebPage\",\"@id\":\"https:\\\/\\\/tirinha.com\\\/968\\\/andres-felipe-solano-tentei-replicar-a-forma-como-pensamos\\\/\",\"url\":\"https:\\\/\\\/tirinha.com\\\/968\\\/andres-felipe-solano-tentei-replicar-a-forma-como-pensamos\\\/\",\"name\":\"Andr\u00e9s Felipe Solano: \\\"Tentei replicar a forma como pensamos\\\" - Tirinha.com\",\"isPartOf\":{\"@id\":\"https:\\\/\\\/tirinha.com\\\/#website\"},\"primaryImageOfPage\":{\"@id\":\"https:\\\/\\\/tirinha.com\\\/968\\\/andres-felipe-solano-tentei-replicar-a-forma-como-pensamos\\\/#primaryimage\"},\"image\":{\"@id\":\"https:\\\/\\\/tirinha.com\\\/968\\\/andres-felipe-solano-tentei-replicar-a-forma-como-pensamos\\\/#primaryimage\"},\"thumbnailUrl\":\"https:\\\/\\\/elgeneracionalpost.com\\\/wp-content\\\/uploads\\\/2023\\\/04\\\/817472DF-A41D-421A-AABA-718F754B846D.jpeg\",\"datePublished\":\"2023-04-03T22:57:16+00:00\",\"breadcrumb\":{\"@id\":\"https:\\\/\\\/tirinha.com\\\/968\\\/andres-felipe-solano-tentei-replicar-a-forma-como-pensamos\\\/#breadcrumb\"},\"inLanguage\":\"es\",\"potentialAction\":[{\"@type\":\"ReadAction\",\"target\":[\"https:\\\/\\\/tirinha.com\\\/968\\\/andres-felipe-solano-tentei-replicar-a-forma-como-pensamos\\\/\"]}]},{\"@type\":\"ImageObject\",\"inLanguage\":\"es\",\"@id\":\"https:\\\/\\\/tirinha.com\\\/968\\\/andres-felipe-solano-tentei-replicar-a-forma-como-pensamos\\\/#primaryimage\",\"url\":\"https:\\\/\\\/elgeneracionalpost.com\\\/wp-content\\\/uploads\\\/2023\\\/04\\\/817472DF-A41D-421A-AABA-718F754B846D.jpeg\",\"contentUrl\":\"https:\\\/\\\/elgeneracionalpost.com\\\/wp-content\\\/uploads\\\/2023\\\/04\\\/817472DF-A41D-421A-AABA-718F754B846D.jpeg\"},{\"@type\":\"BreadcrumbList\",\"@id\":\"https:\\\/\\\/tirinha.com\\\/968\\\/andres-felipe-solano-tentei-replicar-a-forma-como-pensamos\\\/#breadcrumb\",\"itemListElement\":[{\"@type\":\"ListItem\",\"position\":1,\"name\":\"Home\",\"item\":\"https:\\\/\\\/tirinha.com\\\/\"},{\"@type\":\"ListItem\",\"position\":2,\"name\":\"Andr\u00e9s Felipe Solano: &#8220;Tentei replicar a forma como pensamos&#8221;\"}]},{\"@type\":\"WebSite\",\"@id\":\"https:\\\/\\\/tirinha.com\\\/#website\",\"url\":\"https:\\\/\\\/tirinha.com\\\/\",\"name\":\"Tirinha.com\",\"description\":\"Arte e livros resenhas\",\"publisher\":{\"@id\":\"https:\\\/\\\/tirinha.com\\\/#organization\"},\"potentialAction\":[{\"@type\":\"SearchAction\",\"target\":{\"@type\":\"EntryPoint\",\"urlTemplate\":\"https:\\\/\\\/tirinha.com\\\/?s={search_term_string}\"},\"query-input\":{\"@type\":\"PropertyValueSpecification\",\"valueRequired\":true,\"valueName\":\"search_term_string\"}}],\"inLanguage\":\"es\"},{\"@type\":\"Organization\",\"@id\":\"https:\\\/\\\/tirinha.com\\\/#organization\",\"name\":\"Tirinha.com\",\"url\":\"https:\\\/\\\/tirinha.com\\\/\",\"logo\":{\"@type\":\"ImageObject\",\"inLanguage\":\"es\",\"@id\":\"https:\\\/\\\/tirinha.com\\\/#\\\/schema\\\/logo\\\/image\\\/\",\"url\":\"https:\\\/\\\/tirinha.com\\\/wp-content\\\/uploads\\\/2023\\\/08\\\/cropped-Logo-Tirinha.webp\",\"contentUrl\":\"https:\\\/\\\/tirinha.com\\\/wp-content\\\/uploads\\\/2023\\\/08\\\/cropped-Logo-Tirinha.webp\",\"width\":512,\"height\":512,\"caption\":\"Tirinha.com\"},\"image\":{\"@id\":\"https:\\\/\\\/tirinha.com\\\/#\\\/schema\\\/logo\\\/image\\\/\"}},{\"@type\":\"Person\",\"@id\":\"https:\\\/\\\/tirinha.com\\\/#\\\/schema\\\/person\\\/e22bdfbe17e0461f7e927e6a1208d4d9\",\"name\":\"admin\",\"image\":{\"@type\":\"ImageObject\",\"inLanguage\":\"es\",\"@id\":\"https:\\\/\\\/tirinha.com\\\/wp-content\\\/litespeed\\\/avatar\\\/d0068f7931cc87d7274eb0c3db1deb4b.jpg?ver=1776829466\",\"url\":\"https:\\\/\\\/tirinha.com\\\/wp-content\\\/litespeed\\\/avatar\\\/d0068f7931cc87d7274eb0c3db1deb4b.jpg?ver=1776829466\",\"contentUrl\":\"https:\\\/\\\/tirinha.com\\\/wp-content\\\/litespeed\\\/avatar\\\/d0068f7931cc87d7274eb0c3db1deb4b.jpg?ver=1776829466\",\"caption\":\"admin\"},\"sameAs\":[\"https:\\\/\\\/tirinha.com\"],\"url\":\"https:\\\/\\\/tirinha.com\\\/es\\\/author\\\/admin\\\/\"}]}<\/script>\n<!-- \/ Yoast SEO plugin. -->","yoast_head_json":{"title":"Andr\u00e9s Felipe Solano: &quot;Intent\u00e9 replicar nuestra forma de pensar&quot; - Tirinha.com","robots":{"index":"index","follow":"follow","max-snippet":"max-snippet:-1","max-image-preview":"max-image-preview:large","max-video-preview":"max-video-preview:-1"},"canonical":"https:\/\/tirinha.com\/es\/968\/andres-felipe-solano-intente-replicar-nuestra-forma-de-pensar\/","og_locale":"es_MX","og_type":"article","og_title":"Andr\u00e9s Felipe Solano: \"Tentei replicar a forma como pensamos\" - Tirinha.com","og_description":"Gl\u00f3ria, Seu \u00faltimo romance de fic\u00e7\u00e3o \u00e9 uma viagem \u00edntima e retrospectiva por cenas da vida de uma m\u00e3e de &hellip;","og_url":"https:\/\/tirinha.com\/es\/968\/andres-felipe-solano-intente-replicar-nuestra-forma-de-pensar\/","og_site_name":"Tirinha.com","article_published_time":"2023-04-03T22:57:16+00:00","og_image":[{"url":"https:\/\/elgeneracionalpost.com\/wp-content\/uploads\/2023\/04\/817472DF-A41D-421A-AABA-718F754B846D.jpeg","type":"","width":"","height":""}],"author":"admin","twitter_card":"summary_large_image","twitter_image":"https:\/\/elgeneracionalpost.com\/wp-content\/uploads\/2023\/04\/817472DF-A41D-421A-AABA-718F754B846D.jpeg","twitter_misc":{"Escrito por":"admin","Tiempo de lectura":"8 minutos"},"schema":{"@context":"https:\/\/schema.org","@graph":[{"@type":"Article","@id":"https:\/\/tirinha.com\/968\/andres-felipe-solano-tentei-replicar-a-forma-como-pensamos\/#article","isPartOf":{"@id":"https:\/\/tirinha.com\/968\/andres-felipe-solano-tentei-replicar-a-forma-como-pensamos\/"},"author":{"name":"admin","@id":"https:\/\/tirinha.com\/#\/schema\/person\/e22bdfbe17e0461f7e927e6a1208d4d9"},"headline":"Andr\u00e9s Felipe Solano: &#8220;Tentei replicar a forma como pensamos&#8221;","datePublished":"2023-04-03T22:57:16+00:00","mainEntityOfPage":{"@id":"https:\/\/tirinha.com\/968\/andres-felipe-solano-tentei-replicar-a-forma-como-pensamos\/"},"wordCount":1671,"commentCount":0,"publisher":{"@id":"https:\/\/tirinha.com\/#organization"},"image":{"@id":"https:\/\/tirinha.com\/968\/andres-felipe-solano-tentei-replicar-a-forma-como-pensamos\/#primaryimage"},"thumbnailUrl":"https:\/\/elgeneracionalpost.com\/wp-content\/uploads\/2023\/04\/817472DF-A41D-421A-AABA-718F754B846D.jpeg","articleSection":["Cultura e lazer"],"inLanguage":"es","potentialAction":[{"@type":"CommentAction","name":"Comment","target":["https:\/\/tirinha.com\/968\/andres-felipe-solano-tentei-replicar-a-forma-como-pensamos\/#respond"]}]},{"@type":"WebPage","@id":"https:\/\/tirinha.com\/968\/andres-felipe-solano-tentei-replicar-a-forma-como-pensamos\/","url":"https:\/\/tirinha.com\/968\/andres-felipe-solano-tentei-replicar-a-forma-como-pensamos\/","name":"Andr\u00e9s Felipe Solano: &quot;Intent\u00e9 replicar nuestra forma de pensar&quot; - Tirinha.com","isPartOf":{"@id":"https:\/\/tirinha.com\/#website"},"primaryImageOfPage":{"@id":"https:\/\/tirinha.com\/968\/andres-felipe-solano-tentei-replicar-a-forma-como-pensamos\/#primaryimage"},"image":{"@id":"https:\/\/tirinha.com\/968\/andres-felipe-solano-tentei-replicar-a-forma-como-pensamos\/#primaryimage"},"thumbnailUrl":"https:\/\/elgeneracionalpost.com\/wp-content\/uploads\/2023\/04\/817472DF-A41D-421A-AABA-718F754B846D.jpeg","datePublished":"2023-04-03T22:57:16+00:00","breadcrumb":{"@id":"https:\/\/tirinha.com\/968\/andres-felipe-solano-tentei-replicar-a-forma-como-pensamos\/#breadcrumb"},"inLanguage":"es","potentialAction":[{"@type":"ReadAction","target":["https:\/\/tirinha.com\/968\/andres-felipe-solano-tentei-replicar-a-forma-como-pensamos\/"]}]},{"@type":"ImageObject","inLanguage":"es","@id":"https:\/\/tirinha.com\/968\/andres-felipe-solano-tentei-replicar-a-forma-como-pensamos\/#primaryimage","url":"https:\/\/elgeneracionalpost.com\/wp-content\/uploads\/2023\/04\/817472DF-A41D-421A-AABA-718F754B846D.jpeg","contentUrl":"https:\/\/elgeneracionalpost.com\/wp-content\/uploads\/2023\/04\/817472DF-A41D-421A-AABA-718F754B846D.jpeg"},{"@type":"BreadcrumbList","@id":"https:\/\/tirinha.com\/968\/andres-felipe-solano-tentei-replicar-a-forma-como-pensamos\/#breadcrumb","itemListElement":[{"@type":"ListItem","position":1,"name":"Home","item":"https:\/\/tirinha.com\/"},{"@type":"ListItem","position":2,"name":"Andr\u00e9s Felipe Solano: &#8220;Tentei replicar a forma como pensamos&#8221;"}]},{"@type":"WebSite","@id":"https:\/\/tirinha.com\/#website","url":"https:\/\/tirinha.com\/","name":"c\u00f3mics.com","description":"Rese\u00f1as de arte y libros.","publisher":{"@id":"https:\/\/tirinha.com\/#organization"},"potentialAction":[{"@type":"SearchAction","target":{"@type":"EntryPoint","urlTemplate":"https:\/\/tirinha.com\/?s={search_term_string}"},"query-input":{"@type":"PropertyValueSpecification","valueRequired":true,"valueName":"search_term_string"}}],"inLanguage":"es"},{"@type":"Organization","@id":"https:\/\/tirinha.com\/#organization","name":"c\u00f3mics.com","url":"https:\/\/tirinha.com\/","logo":{"@type":"ImageObject","inLanguage":"es","@id":"https:\/\/tirinha.com\/#\/schema\/logo\/image\/","url":"https:\/\/tirinha.com\/wp-content\/uploads\/2023\/08\/cropped-Logo-Tirinha.webp","contentUrl":"https:\/\/tirinha.com\/wp-content\/uploads\/2023\/08\/cropped-Logo-Tirinha.webp","width":512,"height":512,"caption":"Tirinha.com"},"image":{"@id":"https:\/\/tirinha.com\/#\/schema\/logo\/image\/"}},{"@type":"Person","@id":"https:\/\/tirinha.com\/#\/schema\/person\/e22bdfbe17e0461f7e927e6a1208d4d9","name":"administraci\u00f3n","image":{"@type":"ImageObject","inLanguage":"es","@id":"https:\/\/tirinha.com\/wp-content\/litespeed\/avatar\/d0068f7931cc87d7274eb0c3db1deb4b.jpg?ver=1776829466","url":"https:\/\/tirinha.com\/wp-content\/litespeed\/avatar\/d0068f7931cc87d7274eb0c3db1deb4b.jpg?ver=1776829466","contentUrl":"https:\/\/tirinha.com\/wp-content\/litespeed\/avatar\/d0068f7931cc87d7274eb0c3db1deb4b.jpg?ver=1776829466","caption":"admin"},"sameAs":["https:\/\/tirinha.com"],"url":"https:\/\/tirinha.com\/es\/author\/admin\/"}]}},"_links":{"self":[{"href":"https:\/\/tirinha.com\/es\/wp-json\/wp\/v2\/posts\/968","targetHints":{"allow":["GET"]}}],"collection":[{"href":"https:\/\/tirinha.com\/es\/wp-json\/wp\/v2\/posts"}],"about":[{"href":"https:\/\/tirinha.com\/es\/wp-json\/wp\/v2\/types\/post"}],"author":[{"embeddable":true,"href":"https:\/\/tirinha.com\/es\/wp-json\/wp\/v2\/users\/1"}],"replies":[{"embeddable":true,"href":"https:\/\/tirinha.com\/es\/wp-json\/wp\/v2\/comments?post=968"}],"version-history":[{"count":0,"href":"https:\/\/tirinha.com\/es\/wp-json\/wp\/v2\/posts\/968\/revisions"}],"wp:featuredmedia":[{"embeddable":true,"href":"https:\/\/tirinha.com\/es\/wp-json\/wp\/v2\/media\/969"}],"wp:attachment":[{"href":"https:\/\/tirinha.com\/es\/wp-json\/wp\/v2\/media?parent=968"}],"wp:term":[{"taxonomy":"category","embeddable":true,"href":"https:\/\/tirinha.com\/es\/wp-json\/wp\/v2\/categories?post=968"},{"taxonomy":"post_tag","embeddable":true,"href":"https:\/\/tirinha.com\/es\/wp-json\/wp\/v2\/tags?post=968"}],"curies":[{"name":"wp","href":"https:\/\/api.w.org\/{rel}","templated":true}]}}