{"id":962,"date":"2023-04-03T22:50:03","date_gmt":"2023-04-03T22:50:03","guid":{"rendered":"https:\/\/tirinha.com\/compositor-japones-ryuichi-sakamoto-morre-aos-71-anos\/"},"modified":"2023-04-03T22:50:03","modified_gmt":"2023-04-03T22:50:03","slug":"el-compositor-japones-ryuichi-sakamoto-muere-a-los-71-anos","status":"publish","type":"post","link":"https:\/\/tirinha.com\/es\/962\/compositor-japones-ryuichi-sakamoto-morre-aos-71-anos\/","title":{"rendered":"Muere el compositor japon\u00e9s Ryuichi Sakamoto a los 71 a\u00f1os"},"content":{"rendered":"<p><\/p>\n<p>        compositor japon\u00e9s <strong>ryuchi sakamoto<\/strong>, <strong>uno de los grandes visionarios de la m\u00fasica de las \u00faltimas d\u00e9cadas<\/strong>, experimentador de diversos estilos y autor de bandas sonoras inolvidables, falleci\u00f3 el 28 de marzo a la edad de 71 a\u00f1os, anunciaron este domingo sus representantes. La muerte del artista era, lamentablemente, una noticia esperada. \u00c9l mismo hab\u00eda dicho recientemente que padec\u00eda un c\u00e1ncer colorrectal en un estado muy avanzado que s\u00f3lo pod\u00eda provocarle la muerte, y dedic\u00f3 su vida a este proceso. <strong>\u00faltimo trabajo discogr\u00e1fico, <\/strong><em><strong>12<\/strong><\/em><strong>,<\/strong> publicado hace unos meses y una especie de diario musical de esta \u00faltima etapa de su vida en el que fue plasmando sus diferentes estados de \u00e1nimo.\n<\/p>\n<div>\n<p class=\"article-body__text\">\n<p>        \u201cMientras recib\u00eda tratamiento para el c\u00e1ncer descubierto en junio de 2020,<strong> <\/strong>Sakamoto continu\u00f3 creando puestos de trabajo siempre que su salud se lo permit\u00eda. <strong>Vivi\u00f3 con la m\u00fasica hasta el final.<\/strong>\u201c, se\u00f1al\u00f3 su agencia, <strong>com\u00fan<\/strong>en el comunicado con el que hizo p\u00fablico su fallecimiento en Twitter.\n<\/p>\n<div class=\"article-body__embed\">\n<blockquote class=\"twitter-tweet\" data-lang=\"es\">\n<p lang=\"zxx\" dir=\"ltr\"><a href=\"https:\/\/t.co\/Fq0hRyp5F4\">pic.twitter.com\/Fq0hRyp5F4<\/a><\/p>\n<p>\u2014comunes (@comunes) <a href=\"https:\/\/twitter.com\/commmons\/status\/1642507718832586754?ref_src=twsrc%5Etfw\">2 de abril de 2023<\/a><\/p><\/blockquote>\n<\/div>\n<p class=\"article-body__text\">\n<p>        formado como <strong>pianista con un pie en la tradici\u00f3n japonesa y el otro en la m\u00fasica cl\u00e1sica<\/strong>con <strong>debussy <\/strong>Es <strong>Enmara\u00f1ar <\/strong>como principales referentes, Sakamoto fue uno de los fundadores de la <strong>Orquesta M\u00e1gica Amarilla<\/strong>, una formaci\u00f3n que abri\u00f3 nuevos caminos para el pop y est\u00e1 en el origen de varios estilos de m\u00fasica electr\u00f3nica. En 1978 lanz\u00f3 su primer \u00e1lbum en solitario, <em>Mil cuchillos de Ryuchi Sakamoto<\/em>donde se sumergi\u00f3 en la m\u00fasica tradicional de su pa\u00eds y continu\u00f3 experimentando con la electr\u00f3nica mientras le abr\u00eda las puertas de lo que ser\u00eda <strong>el estilo por el que acabar\u00eda siendo m\u00e1s reconocido, el minimalismo<\/strong> que luego se desenvolver\u00eda en un sinf\u00edn de composiciones con sabor neocl\u00e1sico y tambi\u00e9n las bandas sonoras que terminar\u00edan por convertirlo en un compositor mundialmente reconocido. El primero fue <em>Feliz Navidad Sr. Lawrence<\/em> (1983), pel\u00edcula dirigida por su compatriota Nagisha Oshima, y le seguir\u00edan otras como <em>El \u00faltimo emperador<\/em> (1987), que realiz\u00f3 en colaboraci\u00f3n con <strong>David Byrne<\/strong> y cuanto valdr\u00eda <strong>un \u00f3scar<\/strong>, <em>el cielo protector <\/em>(1990) o <em>el fantasma<\/em> (2015). Para <strong>Pedro Almod\u00f3var<\/strong> escribi\u00f3 la partitura para <em>Tacones altos<\/em> (1991), aunque ninguno qued\u00f3 satisfecho con su trabajo.\n<\/p>\n<p>\n    <iframe title=\"Ryuichi Sakamoto - El cielo protector\" width=\"790\" height=\"444\" src=\"https:\/\/www.youtube.com\/embed\/xLRpPISVgoA?feature=oembed\" frameborder=\"0\" allow=\"accelerometer; autoplay; clipboard-write; encrypted-media; gyroscope; picture-in-picture; web-share\" allowfullscreen><\/iframe>\n<\/p>\n<p class=\"article-body__text\">\n<p>        En 1992, Sakamoto compuso una pieza, <em>el mar Mediterr\u00e1neo<\/em>para la<strong> inauguraci\u00f3n de los Juegos Ol\u00edmpicos de Barcelona<\/strong>. Desde sus estudios universitarios, el japon\u00e9s tuvo un profundo conocimiento no s\u00f3lo de la tradici\u00f3n musical japonesa, sino tambi\u00e9n de diversas m\u00fasicas del mundo, siendo muy cercano al brasile\u00f1o durante algunos a\u00f1os. Colabor\u00f3 con m\u00fasicos de diferentes estilos y procedencias, como <strong>Caetano Veloso<\/strong>, <strong>Iggy Pop<\/strong>, <strong>Youssou N&#039;Dour<\/strong> cualquier <strong>Bill Laswell.<\/strong> Con otro gran innovador musical, <strong>David Bowie<\/strong>coincidi\u00f3 con el rodaje de<em> feliz navidad se\u00f1or lauren\u00e7o<\/em>, una de las pel\u00edculas en las que Sakamoto tambi\u00e9n apareci\u00f3 como actor. A\u00f1os m\u00e1s tarde, se arrepentir\u00eda de no haber cultivado m\u00e1s amistad con \u00e9l. Tambi\u00e9n hizo m\u00fasica de diferentes <strong>video juego<\/strong>y era un artista dedicado a <strong>activismo antinuclear <\/strong>y contra las leyes que defienden los derechos de autor.\n<\/p>\n<p class=\"article-body__text\">\n<p>        Sakamoto ya hab\u00eda sufrido hace unos a\u00f1os <strong>Otro c\u00e1ncer, en este caso de laringe.<\/strong>del que se recuper\u00f3, y del que habl\u00f3 en un documental sobre su carrera, <em>coda<\/em>, que se puede ver en Filmin. Artista de car\u00e1cter reservado y sumamente perfeccionista, hace unos a\u00f1os se hizo famosa la an\u00e9cdota de que, disgustado por la m\u00fasica de fondo en su restaurante japon\u00e9s favorito en Nueva York, donde viv\u00eda, se ofreci\u00f3 a <strong>crea una lista de reproducci\u00f3n que armonice con tu oferta culinaria. <\/strong>El exquisito autor de bandas sonoras, el artista que situ\u00f3 la m\u00fasica dentro de una determinada concepci\u00f3n de la modernidad, siempre a medio camino entre la tradici\u00f3n y la vanguardia, no pod\u00eda dejar de hacerlo incluso en los espacios m\u00e1s profanos que frecuentaba.\n<\/p>\n<\/p><\/div>\n<p><script async src=\"\/\/platform.twitter.com\/widgets.js\" charset=\"utf-8\"><\/script><\/p>","protected":false},"excerpt":{"rendered":"<p>El compositor japon\u00e9s Ryuchi Sakamoto, uno de los grandes visionarios de la m\u00fasica de las \u00faltimas d\u00e9cadas, experimentador de diversos estilos y autor de\u2026 <\/p>","protected":false},"author":1,"featured_media":964,"comment_status":"open","ping_status":"open","sticky":false,"template":"","format":"standard","meta":{"fifu_image_url":"https:\/\/estaticos-cdn.prensaiberica.es\/clip\/3c50a511-c131-4647-8309-55eaecce0925_16-9-aspect-ratio_default_0.jpg","fifu_image_alt":"","footnotes":""},"categories":[35],"tags":[],"class_list":["post-962","post","type-post","status-publish","format-standard","has-post-thumbnail","hentry","category-cultura-e-lazer","latest_post"],"yoast_head":"<!-- This site is optimized with the Yoast SEO plugin v27.3 - https:\/\/yoast.com\/product\/yoast-seo-wordpress\/ -->\n<title>Compositor japon\u00eas Ryuichi Sakamoto morre aos 71 anos - Tirinha.com<\/title>\n<meta name=\"robots\" content=\"index, follow, max-snippet:-1, max-image-preview:large, max-video-preview:-1\" \/>\n<link rel=\"canonical\" href=\"https:\/\/tirinha.com\/es\/962\/el-compositor-japones-ryuichi-sakamoto-muere-a-los-71-anos\/\" \/>\n<meta property=\"og:locale\" content=\"es_MX\" \/>\n<meta property=\"og:type\" content=\"article\" \/>\n<meta property=\"og:title\" content=\"Compositor japon\u00eas Ryuichi Sakamoto morre aos 71 anos - Tirinha.com\" \/>\n<meta property=\"og:description\" content=\"compositor japon\u00eas ryuchi sakamoto, um dos grandes vision\u00e1rios da m\u00fasica das \u00faltimas d\u00e9cadas, experimentador de v\u00e1rios estilos e autor de &hellip;\" \/>\n<meta property=\"og:url\" content=\"https:\/\/tirinha.com\/es\/962\/el-compositor-japones-ryuichi-sakamoto-muere-a-los-71-anos\/\" \/>\n<meta property=\"og:site_name\" content=\"Tirinha.com\" \/>\n<meta property=\"article:published_time\" content=\"2023-04-03T22:50:03+00:00\" \/>\n<meta property=\"og:image\" content=\"https:\/\/estaticos-cdn.prensaiberica.es\/clip\/3c50a511-c131-4647-8309-55eaecce0925_16-9-aspect-ratio_default_0.jpg\" \/>\n<meta name=\"author\" content=\"admin\" \/>\n<meta name=\"twitter:card\" content=\"summary_large_image\" \/>\n<meta name=\"twitter:image\" content=\"https:\/\/estaticos-cdn.prensaiberica.es\/clip\/3c50a511-c131-4647-8309-55eaecce0925_16-9-aspect-ratio_default_0.jpg\" \/>\n<meta name=\"twitter:label1\" content=\"Escrito por\" \/>\n\t<meta name=\"twitter:data1\" content=\"admin\" \/>\n\t<meta name=\"twitter:label2\" content=\"Tiempo de lectura\" \/>\n\t<meta name=\"twitter:data2\" content=\"3 minutos\" \/>\n<script type=\"application\/ld+json\" class=\"yoast-schema-graph\">{\"@context\":\"https:\\\/\\\/schema.org\",\"@graph\":[{\"@type\":\"Article\",\"@id\":\"https:\\\/\\\/tirinha.com\\\/962\\\/compositor-japones-ryuichi-sakamoto-morre-aos-71-anos\\\/#article\",\"isPartOf\":{\"@id\":\"https:\\\/\\\/tirinha.com\\\/962\\\/compositor-japones-ryuichi-sakamoto-morre-aos-71-anos\\\/\"},\"author\":{\"name\":\"admin\",\"@id\":\"https:\\\/\\\/tirinha.com\\\/#\\\/schema\\\/person\\\/e22bdfbe17e0461f7e927e6a1208d4d9\"},\"headline\":\"Compositor japon\u00eas Ryuichi Sakamoto morre aos 71 anos\",\"datePublished\":\"2023-04-03T22:50:03+00:00\",\"mainEntityOfPage\":{\"@id\":\"https:\\\/\\\/tirinha.com\\\/962\\\/compositor-japones-ryuichi-sakamoto-morre-aos-71-anos\\\/\"},\"wordCount\":666,\"commentCount\":0,\"publisher\":{\"@id\":\"https:\\\/\\\/tirinha.com\\\/#organization\"},\"image\":{\"@id\":\"https:\\\/\\\/tirinha.com\\\/962\\\/compositor-japones-ryuichi-sakamoto-morre-aos-71-anos\\\/#primaryimage\"},\"thumbnailUrl\":\"https:\\\/\\\/estaticos-cdn.prensaiberica.es\\\/clip\\\/3c50a511-c131-4647-8309-55eaecce0925_16-9-aspect-ratio_default_0.jpg\",\"articleSection\":[\"Cultura e lazer\"],\"inLanguage\":\"es\",\"potentialAction\":[{\"@type\":\"CommentAction\",\"name\":\"Comment\",\"target\":[\"https:\\\/\\\/tirinha.com\\\/962\\\/compositor-japones-ryuichi-sakamoto-morre-aos-71-anos\\\/#respond\"]}]},{\"@type\":\"WebPage\",\"@id\":\"https:\\\/\\\/tirinha.com\\\/962\\\/compositor-japones-ryuichi-sakamoto-morre-aos-71-anos\\\/\",\"url\":\"https:\\\/\\\/tirinha.com\\\/962\\\/compositor-japones-ryuichi-sakamoto-morre-aos-71-anos\\\/\",\"name\":\"Compositor japon\u00eas Ryuichi Sakamoto morre aos 71 anos - Tirinha.com\",\"isPartOf\":{\"@id\":\"https:\\\/\\\/tirinha.com\\\/#website\"},\"primaryImageOfPage\":{\"@id\":\"https:\\\/\\\/tirinha.com\\\/962\\\/compositor-japones-ryuichi-sakamoto-morre-aos-71-anos\\\/#primaryimage\"},\"image\":{\"@id\":\"https:\\\/\\\/tirinha.com\\\/962\\\/compositor-japones-ryuichi-sakamoto-morre-aos-71-anos\\\/#primaryimage\"},\"thumbnailUrl\":\"https:\\\/\\\/estaticos-cdn.prensaiberica.es\\\/clip\\\/3c50a511-c131-4647-8309-55eaecce0925_16-9-aspect-ratio_default_0.jpg\",\"datePublished\":\"2023-04-03T22:50:03+00:00\",\"breadcrumb\":{\"@id\":\"https:\\\/\\\/tirinha.com\\\/962\\\/compositor-japones-ryuichi-sakamoto-morre-aos-71-anos\\\/#breadcrumb\"},\"inLanguage\":\"es\",\"potentialAction\":[{\"@type\":\"ReadAction\",\"target\":[\"https:\\\/\\\/tirinha.com\\\/962\\\/compositor-japones-ryuichi-sakamoto-morre-aos-71-anos\\\/\"]}]},{\"@type\":\"ImageObject\",\"inLanguage\":\"es\",\"@id\":\"https:\\\/\\\/tirinha.com\\\/962\\\/compositor-japones-ryuichi-sakamoto-morre-aos-71-anos\\\/#primaryimage\",\"url\":\"https:\\\/\\\/estaticos-cdn.prensaiberica.es\\\/clip\\\/3c50a511-c131-4647-8309-55eaecce0925_16-9-aspect-ratio_default_0.jpg\",\"contentUrl\":\"https:\\\/\\\/estaticos-cdn.prensaiberica.es\\\/clip\\\/3c50a511-c131-4647-8309-55eaecce0925_16-9-aspect-ratio_default_0.jpg\"},{\"@type\":\"BreadcrumbList\",\"@id\":\"https:\\\/\\\/tirinha.com\\\/962\\\/compositor-japones-ryuichi-sakamoto-morre-aos-71-anos\\\/#breadcrumb\",\"itemListElement\":[{\"@type\":\"ListItem\",\"position\":1,\"name\":\"Home\",\"item\":\"https:\\\/\\\/tirinha.com\\\/\"},{\"@type\":\"ListItem\",\"position\":2,\"name\":\"Compositor japon\u00eas Ryuichi Sakamoto morre aos 71 anos\"}]},{\"@type\":\"WebSite\",\"@id\":\"https:\\\/\\\/tirinha.com\\\/#website\",\"url\":\"https:\\\/\\\/tirinha.com\\\/\",\"name\":\"Tirinha.com\",\"description\":\"Arte e livros resenhas\",\"publisher\":{\"@id\":\"https:\\\/\\\/tirinha.com\\\/#organization\"},\"potentialAction\":[{\"@type\":\"SearchAction\",\"target\":{\"@type\":\"EntryPoint\",\"urlTemplate\":\"https:\\\/\\\/tirinha.com\\\/?s={search_term_string}\"},\"query-input\":{\"@type\":\"PropertyValueSpecification\",\"valueRequired\":true,\"valueName\":\"search_term_string\"}}],\"inLanguage\":\"es\"},{\"@type\":\"Organization\",\"@id\":\"https:\\\/\\\/tirinha.com\\\/#organization\",\"name\":\"Tirinha.com\",\"url\":\"https:\\\/\\\/tirinha.com\\\/\",\"logo\":{\"@type\":\"ImageObject\",\"inLanguage\":\"es\",\"@id\":\"https:\\\/\\\/tirinha.com\\\/#\\\/schema\\\/logo\\\/image\\\/\",\"url\":\"https:\\\/\\\/tirinha.com\\\/wp-content\\\/uploads\\\/2023\\\/08\\\/cropped-Logo-Tirinha.webp\",\"contentUrl\":\"https:\\\/\\\/tirinha.com\\\/wp-content\\\/uploads\\\/2023\\\/08\\\/cropped-Logo-Tirinha.webp\",\"width\":512,\"height\":512,\"caption\":\"Tirinha.com\"},\"image\":{\"@id\":\"https:\\\/\\\/tirinha.com\\\/#\\\/schema\\\/logo\\\/image\\\/\"}},{\"@type\":\"Person\",\"@id\":\"https:\\\/\\\/tirinha.com\\\/#\\\/schema\\\/person\\\/e22bdfbe17e0461f7e927e6a1208d4d9\",\"name\":\"admin\",\"image\":{\"@type\":\"ImageObject\",\"inLanguage\":\"es\",\"@id\":\"https:\\\/\\\/tirinha.com\\\/wp-content\\\/litespeed\\\/avatar\\\/d0068f7931cc87d7274eb0c3db1deb4b.jpg?ver=1777434315\",\"url\":\"https:\\\/\\\/tirinha.com\\\/wp-content\\\/litespeed\\\/avatar\\\/d0068f7931cc87d7274eb0c3db1deb4b.jpg?ver=1777434315\",\"contentUrl\":\"https:\\\/\\\/tirinha.com\\\/wp-content\\\/litespeed\\\/avatar\\\/d0068f7931cc87d7274eb0c3db1deb4b.jpg?ver=1777434315\",\"caption\":\"admin\"},\"sameAs\":[\"https:\\\/\\\/tirinha.com\"],\"url\":\"https:\\\/\\\/tirinha.com\\\/es\\\/author\\\/admin\\\/\"}]}<\/script>\n<!-- \/ Yoast SEO plugin. -->","yoast_head_json":{"title":"El compositor japon\u00e9s Ryuichi Sakamoto muere a los 71 a\u00f1os - Tirinha.com","robots":{"index":"index","follow":"follow","max-snippet":"max-snippet:-1","max-image-preview":"max-image-preview:large","max-video-preview":"max-video-preview:-1"},"canonical":"https:\/\/tirinha.com\/es\/962\/el-compositor-japones-ryuichi-sakamoto-muere-a-los-71-anos\/","og_locale":"es_MX","og_type":"article","og_title":"Compositor japon\u00eas Ryuichi Sakamoto morre aos 71 anos - Tirinha.com","og_description":"compositor japon\u00eas ryuchi sakamoto, um dos grandes vision\u00e1rios da m\u00fasica das \u00faltimas d\u00e9cadas, experimentador de v\u00e1rios estilos e autor de &hellip;","og_url":"https:\/\/tirinha.com\/es\/962\/el-compositor-japones-ryuichi-sakamoto-muere-a-los-71-anos\/","og_site_name":"Tirinha.com","article_published_time":"2023-04-03T22:50:03+00:00","og_image":[{"url":"https:\/\/estaticos-cdn.prensaiberica.es\/clip\/3c50a511-c131-4647-8309-55eaecce0925_16-9-aspect-ratio_default_0.jpg","type":"","width":"","height":""}],"author":"admin","twitter_card":"summary_large_image","twitter_image":"https:\/\/estaticos-cdn.prensaiberica.es\/clip\/3c50a511-c131-4647-8309-55eaecce0925_16-9-aspect-ratio_default_0.jpg","twitter_misc":{"Escrito por":"admin","Tiempo de lectura":"3 minutos"},"schema":{"@context":"https:\/\/schema.org","@graph":[{"@type":"Article","@id":"https:\/\/tirinha.com\/962\/compositor-japones-ryuichi-sakamoto-morre-aos-71-anos\/#article","isPartOf":{"@id":"https:\/\/tirinha.com\/962\/compositor-japones-ryuichi-sakamoto-morre-aos-71-anos\/"},"author":{"name":"admin","@id":"https:\/\/tirinha.com\/#\/schema\/person\/e22bdfbe17e0461f7e927e6a1208d4d9"},"headline":"Compositor japon\u00eas Ryuichi Sakamoto morre aos 71 anos","datePublished":"2023-04-03T22:50:03+00:00","mainEntityOfPage":{"@id":"https:\/\/tirinha.com\/962\/compositor-japones-ryuichi-sakamoto-morre-aos-71-anos\/"},"wordCount":666,"commentCount":0,"publisher":{"@id":"https:\/\/tirinha.com\/#organization"},"image":{"@id":"https:\/\/tirinha.com\/962\/compositor-japones-ryuichi-sakamoto-morre-aos-71-anos\/#primaryimage"},"thumbnailUrl":"https:\/\/estaticos-cdn.prensaiberica.es\/clip\/3c50a511-c131-4647-8309-55eaecce0925_16-9-aspect-ratio_default_0.jpg","articleSection":["Cultura e lazer"],"inLanguage":"es","potentialAction":[{"@type":"CommentAction","name":"Comment","target":["https:\/\/tirinha.com\/962\/compositor-japones-ryuichi-sakamoto-morre-aos-71-anos\/#respond"]}]},{"@type":"WebPage","@id":"https:\/\/tirinha.com\/962\/compositor-japones-ryuichi-sakamoto-morre-aos-71-anos\/","url":"https:\/\/tirinha.com\/962\/compositor-japones-ryuichi-sakamoto-morre-aos-71-anos\/","name":"El compositor japon\u00e9s Ryuichi Sakamoto muere a los 71 a\u00f1os - Tirinha.com","isPartOf":{"@id":"https:\/\/tirinha.com\/#website"},"primaryImageOfPage":{"@id":"https:\/\/tirinha.com\/962\/compositor-japones-ryuichi-sakamoto-morre-aos-71-anos\/#primaryimage"},"image":{"@id":"https:\/\/tirinha.com\/962\/compositor-japones-ryuichi-sakamoto-morre-aos-71-anos\/#primaryimage"},"thumbnailUrl":"https:\/\/estaticos-cdn.prensaiberica.es\/clip\/3c50a511-c131-4647-8309-55eaecce0925_16-9-aspect-ratio_default_0.jpg","datePublished":"2023-04-03T22:50:03+00:00","breadcrumb":{"@id":"https:\/\/tirinha.com\/962\/compositor-japones-ryuichi-sakamoto-morre-aos-71-anos\/#breadcrumb"},"inLanguage":"es","potentialAction":[{"@type":"ReadAction","target":["https:\/\/tirinha.com\/962\/compositor-japones-ryuichi-sakamoto-morre-aos-71-anos\/"]}]},{"@type":"ImageObject","inLanguage":"es","@id":"https:\/\/tirinha.com\/962\/compositor-japones-ryuichi-sakamoto-morre-aos-71-anos\/#primaryimage","url":"https:\/\/estaticos-cdn.prensaiberica.es\/clip\/3c50a511-c131-4647-8309-55eaecce0925_16-9-aspect-ratio_default_0.jpg","contentUrl":"https:\/\/estaticos-cdn.prensaiberica.es\/clip\/3c50a511-c131-4647-8309-55eaecce0925_16-9-aspect-ratio_default_0.jpg"},{"@type":"BreadcrumbList","@id":"https:\/\/tirinha.com\/962\/compositor-japones-ryuichi-sakamoto-morre-aos-71-anos\/#breadcrumb","itemListElement":[{"@type":"ListItem","position":1,"name":"Home","item":"https:\/\/tirinha.com\/"},{"@type":"ListItem","position":2,"name":"Compositor japon\u00eas Ryuichi Sakamoto morre aos 71 anos"}]},{"@type":"WebSite","@id":"https:\/\/tirinha.com\/#website","url":"https:\/\/tirinha.com\/","name":"c\u00f3mics.com","description":"Rese\u00f1as de arte y libros.","publisher":{"@id":"https:\/\/tirinha.com\/#organization"},"potentialAction":[{"@type":"SearchAction","target":{"@type":"EntryPoint","urlTemplate":"https:\/\/tirinha.com\/?s={search_term_string}"},"query-input":{"@type":"PropertyValueSpecification","valueRequired":true,"valueName":"search_term_string"}}],"inLanguage":"es"},{"@type":"Organization","@id":"https:\/\/tirinha.com\/#organization","name":"c\u00f3mics.com","url":"https:\/\/tirinha.com\/","logo":{"@type":"ImageObject","inLanguage":"es","@id":"https:\/\/tirinha.com\/#\/schema\/logo\/image\/","url":"https:\/\/tirinha.com\/wp-content\/uploads\/2023\/08\/cropped-Logo-Tirinha.webp","contentUrl":"https:\/\/tirinha.com\/wp-content\/uploads\/2023\/08\/cropped-Logo-Tirinha.webp","width":512,"height":512,"caption":"Tirinha.com"},"image":{"@id":"https:\/\/tirinha.com\/#\/schema\/logo\/image\/"}},{"@type":"Person","@id":"https:\/\/tirinha.com\/#\/schema\/person\/e22bdfbe17e0461f7e927e6a1208d4d9","name":"administraci\u00f3n","image":{"@type":"ImageObject","inLanguage":"es","@id":"https:\/\/tirinha.com\/wp-content\/litespeed\/avatar\/d0068f7931cc87d7274eb0c3db1deb4b.jpg?ver=1777434315","url":"https:\/\/tirinha.com\/wp-content\/litespeed\/avatar\/d0068f7931cc87d7274eb0c3db1deb4b.jpg?ver=1777434315","contentUrl":"https:\/\/tirinha.com\/wp-content\/litespeed\/avatar\/d0068f7931cc87d7274eb0c3db1deb4b.jpg?ver=1777434315","caption":"admin"},"sameAs":["https:\/\/tirinha.com"],"url":"https:\/\/tirinha.com\/es\/author\/admin\/"}]}},"_links":{"self":[{"href":"https:\/\/tirinha.com\/es\/wp-json\/wp\/v2\/posts\/962","targetHints":{"allow":["GET"]}}],"collection":[{"href":"https:\/\/tirinha.com\/es\/wp-json\/wp\/v2\/posts"}],"about":[{"href":"https:\/\/tirinha.com\/es\/wp-json\/wp\/v2\/types\/post"}],"author":[{"embeddable":true,"href":"https:\/\/tirinha.com\/es\/wp-json\/wp\/v2\/users\/1"}],"replies":[{"embeddable":true,"href":"https:\/\/tirinha.com\/es\/wp-json\/wp\/v2\/comments?post=962"}],"version-history":[{"count":0,"href":"https:\/\/tirinha.com\/es\/wp-json\/wp\/v2\/posts\/962\/revisions"}],"wp:featuredmedia":[{"embeddable":true,"href":"https:\/\/tirinha.com\/es\/wp-json\/wp\/v2\/media\/964"}],"wp:attachment":[{"href":"https:\/\/tirinha.com\/es\/wp-json\/wp\/v2\/media?parent=962"}],"wp:term":[{"taxonomy":"category","embeddable":true,"href":"https:\/\/tirinha.com\/es\/wp-json\/wp\/v2\/categories?post=962"},{"taxonomy":"post_tag","embeddable":true,"href":"https:\/\/tirinha.com\/es\/wp-json\/wp\/v2\/tags?post=962"}],"curies":[{"name":"wp","href":"https:\/\/api.w.org\/{rel}","templated":true}]}}