{"id":954,"date":"2023-04-03T22:48:19","date_gmt":"2023-04-03T22:48:19","guid":{"rendered":"https:\/\/tirinha.com\/filmin-abre-um-canal-de-cinema-valenciano-com-mais-de-150-filmes\/"},"modified":"2023-04-03T22:48:19","modified_gmt":"2023-04-03T22:48:19","slug":"filmin-abre-un-canal-de-cine-valenciano-con-mas-de-150-peliculas","status":"publish","type":"post","link":"https:\/\/tirinha.com\/es\/954\/filmin-abre-um-canal-de-cinema-valenciano-com-mais-de-150-filmes\/","title":{"rendered":"Filmin estrena un canal de cine valenciano con m\u00e1s de 150 pel\u00edculas"},"content":{"rendered":"<p><\/p>\n<p>        el primer corto <strong>Chema Garc\u00eda Ibarra, Elena L\u00f3pez Riera o Ad\u00e1n Aliaga<\/strong>los documentales de<strong> Pel\u00edculas de Suiza<\/strong> o pel\u00edculas<strong> Miguel Albaladejo, Sergio Mira, Fran Ruvira y Pilar P\u00e9rez Solano.<\/strong> cualquier <strong>david valero<\/strong>entre otros directores alicantinos, ya se puede ver en Filmin.\n<\/p>\n<div>\n<p class=\"article-body__text\">\n<p>        La plataforma de cine online incorpor\u00f3 un canal con <strong>m\u00e1s de 150 t\u00edtulos <\/strong>del cine valenciano que ya est\u00e1n disponibles gracias al acuerdo alcanzado con Cultura da Generalitat a trav\u00e9s del<strong> Instituto Valenciano de Cultura <\/strong>com o objetivo de \u201ccome\u00e7ar a dar visibilidade e divulgar a oferta atual do audiovisual valenciano nas plataformas, bem como promover a marca IVC-la Filmoteca Valenciana e promover nosso Centro de Documenta\u00e7\u00e3o Cinematogr\u00e1fica\u201d, indicou o vice-diretor de Audiovisuais e Cinematografia da o Y USTED, <strong>francisco felipe<\/strong>.\n<\/p>\n<p class=\"article-body__text\">\n<p>        ofertas IVC <strong>Suscripciones gratuitas de un mes al cat\u00e1logo completo de Filmin <\/strong>para las <strong>primeras 1.000 personas <\/strong>que se registren en el Centro de Documentaci\u00f3n Cinematogr\u00e1fica, de forma presencial o electr\u00f3nica. Esta oferta est\u00e1 limitada a usuarios residentes en la Comunidad Valenciana.\n<\/p>\n<p class=\"article-body__text\">\n<p>        La inscripci\u00f3n electr\u00f3nica deber\u00e1 tramitarse mediante el formulario disponible en la web del Centro de Documentaci\u00f3n Cinematogr\u00e1fica: &lt; La tarjeta que te reconoce como usuario del centro podr\u00e1s recogerla personalmente o, si lo deseas, recibirla por correo ordinario.\n<\/p>\n<h2 class=\"article-body__ladillo\">nueve secciones<\/h2>\n<p class=\"article-body__text\">\n<p>        El nuevo canal de Filmin se divide en nueve secciones tem\u00e1ticas para hacer el contenido m\u00e1s accesible a sus suscriptores. Antes de la creaci\u00f3n del canal, todas estas pel\u00edculas ya formaban parte del cat\u00e1logo de la plataforma. Las secciones tem\u00e1ticas son las siguientes: <strong>Largometrajes de ficci\u00f3n actual, otras producciones de ficci\u00f3n, documentales, documentales de tem\u00e1tica valenciana, cine en versi\u00f3n original en valenciano, animaci\u00f3n, visiones valencianas y cortometrajes<\/strong>.\n<\/p>\n<h3 class=\"article-body__ladillo\"><strong>Largometrajes de ficci\u00f3n actuales<\/strong><\/h3>\n<p class=\"article-body__text\">\n<p>        Producciones de ficci\u00f3n valencianas actuales: compuestas por <strong>20 largometrajes<\/strong>En esta secci\u00f3n podr\u00e1s encontrar las producciones m\u00e1s recientes del cine valenciano (2019-2022) que han sido premiadas o seleccionadas por los festivales de Cannes, Berl\u00edn, San Sebasti\u00e1n, M\u00e1laga, Valladolid, M\u00e1laga, Mostra de Val\u00e8ncia, Alicante o Sitges.\n<\/p>\n<p class=\"article-body__text\">\n<p>        Esta secci\u00f3n incluye &#039;Agua&#039;, por <strong>Elena Lopes Riera<\/strong>; &#039;Vasil&#039;, de Avelina Prat; &#039;Mi vac\u00edo y yo&#039;, de Adri\u00e1n Silvestre; &#039;El que sabe&#039;, de Jordi N\u00fa\u00f1ez; &#039;Las Consecuencias&#039;, de Claudia Pinto Emperador; &#039;Amor&#039;, de Julia Paz; &#039;Lucas&#039;, de \u00c1lex Montoya&#039;, &#039;L&#039;ofrena&#039;, de Ventura Durall; &#039;Cosas que renuncian a morir&#039;, de Cristina Fern\u00e1ndez Pintado y Miguel Llorens, &#039;Frederica Montseny, la mujer que habla&#039;, de Laura Ma\u00f1\u00e1; &#039;La muerte de Guillem&#039;, de Carlos Marqu\u00e9s-Marcet; &#039;La pasajera&#039;, de Fernando Gonz\u00e1lez G\u00f3mez y Ra\u00fal Cerezo; &#039;La desvida&#039;, de Agust\u00edn Rubio Alcover; &#039;Una mujer con tremendas alas&#039;, de Pedro P\u00e9rez-Rosado; &#039;La dona del segle&#039;, de S\u00edlvia Quer; &#039;Cuerdas&#039;, de Jos\u00e9 Luis Montesinos; &#039;Lejos del fuego&#039;, de Javier Artigas; &#039;Audaz&#039;, de Fernando Alonso y Fr\u00edas; &#039;Peles&#039;, de Eduardo Casanova, y &#039;El club del paro&#039;, de David Marqu\u00e9s.\n<\/p>\n<h3 class=\"article-body__ladillo\"><strong>Otras producciones de ficci\u00f3n<\/strong><\/h3>\n<p class=\"article-body__text\">\n<p>        La secci\u00f3n &#039;Otras producciones de ficci\u00f3n valenciana&#039; incluye largometrajes producidos entre 2019 y principios del siglo XXI. Esta secci\u00f3n incluye &#039;\u00daltimos d\u00edas en La Habana&#039; de Fernando P\u00e9rez; &#039;Brava&#039;, de Roser Aguilar; &#039;\u00c1rea de Reposo&#039;, de Michael Aguil\u00f3; &#039;El camino&#039;, de Miguel \u00c1ngel Toledo; &#039;Habitus&#039;, de Samuel Domingo; \u201c\u00c9xito de taquilla\u201d de <strong>Tirso Calero<\/strong>; &#039;El amor ya no es lo que era&#039;, de Gabi Ochoa; &#039;El hombre mariposa&#039;, de Maxi Valero; &#039;Atravesando el sentido&#039;, de Iv\u00e1n Fern\u00e1ndez C\u00f3rdoba; &#039;Urano&#039;, de <strong>Chema Garc\u00eda Ibarra<\/strong>; &#039;Wilaya&#039;, de Pedro P\u00e9rez Rosado; &#039;La isla del holand\u00e9s&#039;, de Sigfrid Monle\u00f3n; &#039;Donde no llega el olor del mar&#039;, de Lilian Rosado Gonz\u00e1lez, y &#039;La leyenda del tiempo&#039;, de Isaki Lacuesta.\n<\/p>\n<p class=\"article-body__text\">\n<p>        Algunos directores est\u00e1n presentes con <strong>m\u00e1s de un largometraje<\/strong>. El cineasta alicantino<strong> Adam Aliaga<\/strong> est\u00e1 presente con<strong> &#039;Estigmas&#039;, &#039;La mujer de Ethernaut&#039;, &#039;Espina de pescado&#039; y &#039;Arca de No\u00e9&#039;<\/strong>dirigido en colaboraci\u00f3n con <strong>david valero<\/strong>. El valenciano Alberto Morais est\u00e1 presente con &#039;Las olas&#039;, &#039;Los chicos del puerto&#039; y &#039;La madre&#039;.\n<\/p>\n<h3 class=\"article-body__ladillo\"><strong>documentales<\/strong><\/h3>\n<p class=\"article-body__text\">\n<p>        Producci\u00f3n documental de tem\u00e1tica general valenciana: compuesta por 30 producciones, en esta secci\u00f3n podr\u00e1s encontrar las pel\u00edculas de no ficci\u00f3n m\u00e1s recientes del cine valenciano seleccionadas o premiadas en festivales como M\u00e1laga, San Sebasti\u00e1n, Valladolid, Mostra de Val\u00e8ncia, Docs Valencia , Docs Barcelona o Documenta Madrid.\n<\/p>\n<p class=\"article-body__text\">\n<p>        Entre los documentales disponibles de los \u00faltimos a\u00f1os se encuentran &#039;Sedimentos&#039;, de Adri\u00e1n Silvestre; &#039;El misterio del flamenco rosa&#039;, de Javier Polo; &#039;El Cuarto Reino&#039;, de <strong>Ad\u00e1n Aliaga y Alex Lora<\/strong>; &#039;La palabra maldita&#039;, de Javier \u00c1lvarez Sol\u00eds; &#039;Un blues para Teher\u00e1n&#039;, de Javier Tolentino; &#039;Casi fantasmas&#039;, de Ana Ram\u00f3n Rubio; &#039;Arcadeolog\u00eda&#039;, por <strong>Mario Paulo Mart\u00ednez<\/strong>; &#039;Aimra, tierra de nadie&#039;, de Pedro P\u00e9rez-Rosado; &#039;Los que buscamos&#039;, de \u00d2scar Bern\u00e0cer; &#039;El hombre que quer\u00eda ser Segunda&#039;, de Ram\u00f3n Al\u00f3s; &#039;Mundos invisibles&#039;, de Orlando Bosch; &#039;El \u00faltimo aviador&#039;, de Francesc Betriu; &#039;Descubriendo a Jos\u00e9 Padilla&#039;, de Susana Guardiola y Marta Figueras; &#039;La sombra del iceberg&#039;, de Hugo Dom\u00e9nech y Ra\u00fal Riebenbauer; &#039;Rol &amp; Rol&#039;, de Chus Guti\u00e9rrez; &#039;Proyecto USA&#039;, por <strong>miguel herrero<\/strong>; &#039;La voz permanece&#039;, de Laura P\u00e9rez; &#039;Resistencia Trans&#039;, de Claudia Reig; &#039;Celuloide Colectivo&#039;, de \u00d3scar Mart\u00edn;<strong> &#039;Esquiva y golpea&#039;, de Juanjo Gim\u00e9nez y Ad\u00e1n Aliaga<\/strong>; &#039;Un lugar en el cine&#039;, de Alberto Morais; &#039;Las voces de la memoria&#039;, de Vicent Peris; &#039;Vivir de pies&#039;, de Valent\u00ed Figueres, y &#039;Los ojos de Ariana&#039;, de Ricardo Maci\u00e1n.\n<\/p>\n<p class=\"article-body__text\">\n<p>        Algunos de los directores son <strong>presente con m\u00e1s de un documental.<\/strong> Este es el caso de Rafa Mol\u00e9s y <strong>pepe andr\u00e9<\/strong>creadores de Suica Films, que tienen en Filmin<strong> &#039;Sopa de Langosta&#039;, &#039;Sara Baras. Todas las voces&#039;, &#039;Cinco d\u00edas para bailar&#039;, &#039;Experimento Stuka&#039; y &#039;Palos contra el cristal&#039;.<\/strong>\n<\/p>\n<h3 class=\"article-body__ladillo\"><strong>Documentales de tem\u00e1tica valenciana<\/strong><\/h3>\n<p class=\"article-body__text\">\n<p>        Producciones documentales valencianas de tem\u00e1tica espec\u00edficamente valenciana: en esta secci\u00f3n se encuentran &#039;Por la gracia de Luis&#039;, de Jos\u00e9 Luis Garc\u00eda S\u00e1nchez; &#039;Estudiar en primavera&#039;, de Amparo Fortuny; &#039;Camaroga&#039;, de Alfonso Amador; &#039;Sue\u00f1os salados&#039;, de <strong>alfredo navarro<\/strong>; &#039;Tempos das \u00c1guas&#039;, de Miguel \u00c1ngel Baixauli; &#039;Y en cada lenteja un dios&#039;, de Miguel \u00c1ngel Jim\u00e9nez;<strong> &#039;La casa de mi abuela&#039;, de Ad\u00e1n Aliaga<\/strong>y &#039;El Quinto Caballero&#039;, de Rosana Pastor y Enrique Viciano.\n<\/p>\n<p class=\"article-body__text\">\n<p>        El director \u00d2scar Bern\u00e0cer est\u00e1 representado en esta secci\u00f3n con tres documentales: &#039;La receta del equilibrio&#039;, &#039;El hombre que embotellaba el sol&#039; y &#039;Aqu\u00ed viene el sol&#039;.\n<\/p>\n<p class=\"article-body__text\">\n<p>        En la secci\u00f3n dedicada a la comedia encontrar\u00e1s &#039;Amor en polvo&#039;, de Suso Imbern\u00f3n y Juanjo Moscard\u00f3; &#039;Mil cosas que har\u00eda por ti&#039;, de D\u00eddac Cervera; &#039;La noche que mi madre mat\u00f3 a mi padre&#039;, de In\u00e9s Paris; &#039;Benidorm, mi amor&#039;, de Santiago Pumarola; &#039;\u00bfMe esperar\u00e1s?&#039;, de Carles Alberola; &#039;Cachorro&#039;, de Miguel Albaladejo, y &#039;El kaser\u00f3n&#039;, de Pau Mart\u00ednez.\n<\/p>\n<h3 class=\"article-body__ladillo\"><strong>Cine en versi\u00f3n original en valenciano<\/strong><\/h3>\n<p class=\"article-body__text\">\n<p>        La secci\u00f3n de cine valenciano en versi\u00f3n original en valenciano est\u00e1 compuesta por <strong>21 producciones,<\/strong> entre largometrajes, documentales y cortometrajes.\n<\/p>\n<p class=\"article-body__text\">\n<p>        Esta secci\u00f3n incluye las pel\u00edculas de ficci\u00f3n &#039;El que Sabe&#039;, de Jordi N\u00fa\u00f1ez; &#039;Mil cosas que har\u00eda por ti&#039;, de D\u00eddac Civera; &#039;\u00bfMe esperar\u00e1s?&#039;, de Carles Alberola; &#039;Orson West&#039; de <strong>Fran Ruvira<\/strong>; &#039;Cosas que renuncian a morir&#039;, de Cristina Fern\u00e1ndez Pintado y Miguel Llorens, &#039;Frederica Montseny, la mujer que habla&#039;, de Laura Ma\u00f1\u00e1; &#039;La muerte de Guillem&#039;, de Carlos Marqu\u00e9s-Marcet; &#039;Brava&#039;, de Roser Aguilar; &#039;L&#039;ofrena&#039; y &#039;Les dues vides de Andr\u00e9s Rabad\u00e1n&#039;, de Ventura Durall; &#039;Una dona amb unes tremendas&#039;, de Pedro P\u00e9rez Rosado, y &#039;La dona del segle&#039;, de S\u00edlvia Quer.\n<\/p>\n<p class=\"article-body__text\">\n<p>        El g\u00e9nero documental est\u00e1 representado por &#039;Camagoga&#039;, de Alfonso Amador; &#039;Terra Cremada&#039;, de S\u00edlvia Quer; &#039;La receta del equilibrio&#039;, de \u00d2scar Bern\u00e0cer; <strong>&#039;Picades contra cristal&#039; y &#039;Stuka Experience&#039;, de Rafa Moles y Pepe Andreu<\/strong>; &#039;La bomba de Carraixet&#039;, de Helena S\u00e1nchez Bel; &#039;La g\u00e0bia&#039;, de Ad\u00e1n Aliaga, y &#039;Temps d&#039;aigua&#039;, de Miguel \u00c1ngel Baixauli. Tambi\u00e9n pod\u00e9is ver el corto de ficci\u00f3n &#039;14 anys i un dia&#039;, de Luc\u00eda Alemany.\n<\/p>\n<h3 class=\"article-body__ladillo\"><strong>Animaci\u00f3n<\/strong><\/h3>\n<p class=\"article-body__text\">\n<p>        En la categor\u00eda de cortos y largometrajes de animaci\u00f3n hay once producciones: &#039;Mironins&#039;, de Mikel Mas Bilbao y Txesco Montalt; &#039;Metamorfose&#039;, de Juan Fran Jacinto y Carla Pereira; &#039;Despu\u00e9s de esto&#039; de Sam Conflictive; &#039;Makun&#039;, de Emilio Mart\u00ed; &#039;El vendedor de tabaco&#039;, de Jaime Maestro; &#039;V\u00eda Tango&#039;, de Adriana Navarro; &#039;Blue &amp; Malone: \u200b\u200bCasos&#039; y &#039;Blue &amp; Malone: \u200b\u200bDetectives&#039;, de Abraham L\u00f3pez Guerrero; &#039;Un dep\u00f3sito de equipaje&#039;, de Daniela Cuenca; &#039;Paraguas&#039;, de Jos\u00e9 Prats y \u00c1lvaro Robles, y &#039;No eres el m\u00e1s fuerte&#039;, de Emilio Yebra.\n<\/p>\n<h3 class=\"article-body__ladillo\"><strong>apariencia valenciana<\/strong><\/h3>\n<p class=\"article-body__text\">\n<p>        La secci\u00f3n &#039;Miradas Valencianas&#039; incluye largometrajes de directores valencianos que no se producen en Valencia, como &#039;La escopeta nacional&#039;, de Luis Garc\u00eda Berlanga; &#039;El cabez\u00f3n&#039;, de Francisco Lara Palop; &#039;REC&#039; y &#039;REC2&#039;, de Jaume Balaguer\u00f3 y Paco Plaza; &#039;REC3&#039;, de Paco Plaza;<strong> &#039;The Virginia Club Orchestra&#039; y &#039;The leftlovers&#039;, de <\/strong><strong>Manuel Iborra<\/strong>; &#039;Executado&#039;, de Lucas Moro y Manuel Rossell;<strong> &#039;Cumplea\u00f1os&#039;, <\/strong><strong>por Eugenio Mira<\/strong>; &#039;Larga noche&#039; y &#039;Arraianos&#039;, de Eloy Enciso; &#039;S\u00f3lo m\u00edo&#039;, de Javier Balaguer; &#039;Los Diners&#039;, de Sergio Villanueva; &#039;El silencio roto&#039;, de Piluca Baquero; &#039;Los incre\u00edbles&#039; <strong>david valero<\/strong>; &#039;Los Gigantes&#039; y &#039;Todos Murieron&#039;, de Beatriz Sanchis; &#039;Los maestros de la rep\u00fablica&#039;, por <strong>Pilar P\u00e9rez Solano<\/strong>; &#039;Las l\u00e1grimas de \u00c1frica&#039;, de Amparo Climent; &#039;La caja Kovak&#039;, de Daniel Monz\u00f3n; &#039;Enxaneta&#039; y &#039;50 d\u00edas de mayo&#039;, de Alfonso Amador; &#039;Basura&#039;, de David Marqu\u00e9s; &#039;Cartas Molhadas&#039;, de Paula Palacios; &#039;Una pel\u00edcula p\u00f3stuma&#039; y &#039;C\u00e1ntico&#039;, de Sigfrid Monle\u00f3n; y &#039;Objetos de amor&#039;, de Fran Silvestre.\n<\/p>\n<h3 class=\"article-body__ladillo\"><strong>peliculas cortas<\/strong><\/h3>\n<p class=\"article-body__text\">\n<p>        La secci\u00f3n de cortometrajes incluye &#039;Stanbrook&#039; y &#039;Bikini&#039;, de \u00d2scar Bern\u00e0cer; &#039;Snorkel&#039; y &#039;Mindanao&#039;, de Borja Soler; &#039;Los perros ladran&#039;, de Sergio Serrano; &#039;La bomba de Carraixet&#039;, de Helena S\u00e1nchez Bel;<strong> &#039;La g\u00e0bia&#039;, de Ad\u00e1n Aliaga<\/strong>;<strong> &#039;Los que desean&#039;, &#039;Las v\u00edsceras&#039; y &#039;Pueblo&#039;, de Elena L\u00f3pez Riera<\/strong>; &#039;Metamorfose&#039;, de Juan Fran Jacinto y Carla Pereira; &#039;Makun&#039;, de Emilio Mart\u00ed; &#039;El vendedor de tabaco&#039;, de Jaime Maestro; &#039;V\u00eda Tango&#039;, de Adriana Navarro; &#039;Blue &amp; Malone: \u200b\u200bCasos&#039; y &#039;Blue &amp; Malone: \u200b\u200bDetectives&#039;, de Abraham L\u00f3pez Guerrero; &#039;Un dep\u00f3sito de equipaje&#039;, de Daniela Cuenca; &#039;Paraguas&#039;, de Jos\u00e9 Prats y \u00c1lvaro Robles; &#039;No eres el m\u00e1s fuerte&#039;, de Emilio Yebra;<strong> &#039;Leyenda Dorada&#039;, &#039;Misterio&#039;, &#039;Protopart\u00edculas&#039;, &#039;La Disco Brilla&#039; y &#039;El ataque de los robots Nebulosa 5&#039;, de Chema Garc\u00eda Ibarra<\/strong>; &#039;14 a\u00f1os y un d\u00eda&#039;, de Luc\u00eda Alemany; &#039;Europa en 8 bits&#039;, de Javier Polo, y &#039;Fallas 37: arte en guerra&#039;, de \u00d3scar Mart\u00edn.\n<\/p>\n<\/p><\/div>","protected":false},"excerpt":{"rendered":"<p>El primer corto de Chema Garc\u00eda Ibarra, Elena L\u00f3pez Riera o Ad\u00e1n Aliagaos documentales de Suica Filmes o pel\u00edculas de... <\/p>","protected":false},"author":1,"featured_media":955,"comment_status":"open","ping_status":"open","sticky":false,"template":"","format":"standard","meta":{"fifu_image_url":"https:\/\/estaticos-cdn.prensaiberica.es\/clip\/15a4a999-9a2e-4a10-8866-d32760b3fd65_16-9-aspect-ratio_default_0.jpg","fifu_image_alt":"","footnotes":""},"categories":[35],"tags":[],"class_list":["post-954","post","type-post","status-publish","format-standard","has-post-thumbnail","hentry","category-cultura-e-lazer","latest_post"],"yoast_head":"<!-- This site is optimized with the Yoast SEO plugin v27.3 - https:\/\/yoast.com\/product\/yoast-seo-wordpress\/ -->\n<title>Filmin abre um canal de cinema valenciano com mais de 150 filmes - Tirinha.com<\/title>\n<meta name=\"robots\" content=\"index, follow, max-snippet:-1, max-image-preview:large, max-video-preview:-1\" \/>\n<link rel=\"canonical\" href=\"https:\/\/tirinha.com\/es\/954\/filmin-abre-un-canal-de-cine-valenciano-con-mas-de-150-peliculas\/\" \/>\n<meta property=\"og:locale\" content=\"es_MX\" \/>\n<meta property=\"og:type\" content=\"article\" \/>\n<meta property=\"og:title\" content=\"Filmin abre um canal de cinema valenciano com mais de 150 filmes - Tirinha.com\" \/>\n<meta property=\"og:description\" content=\"O primeiro short de Chema Garc\u00eda Ibarra, Elena L\u00f3pez Riera ou Ad\u00e1n Aliagaos document\u00e1rios de Suica Filmes ou filmes de &hellip;\" \/>\n<meta property=\"og:url\" content=\"https:\/\/tirinha.com\/es\/954\/filmin-abre-un-canal-de-cine-valenciano-con-mas-de-150-peliculas\/\" \/>\n<meta property=\"og:site_name\" content=\"Tirinha.com\" \/>\n<meta property=\"article:published_time\" content=\"2023-04-03T22:48:19+00:00\" \/>\n<meta property=\"og:image\" content=\"https:\/\/estaticos-cdn.prensaiberica.es\/clip\/15a4a999-9a2e-4a10-8866-d32760b3fd65_16-9-aspect-ratio_default_0.jpg\" \/>\n<meta name=\"author\" content=\"admin\" \/>\n<meta name=\"twitter:card\" content=\"summary_large_image\" \/>\n<meta name=\"twitter:image\" content=\"https:\/\/estaticos-cdn.prensaiberica.es\/clip\/15a4a999-9a2e-4a10-8866-d32760b3fd65_16-9-aspect-ratio_default_0.jpg\" \/>\n<meta name=\"twitter:label1\" content=\"Escrito por\" \/>\n\t<meta name=\"twitter:data1\" content=\"admin\" \/>\n\t<meta name=\"twitter:label2\" content=\"Tiempo de lectura\" \/>\n\t<meta name=\"twitter:data2\" content=\"9 minutos\" \/>\n<script type=\"application\/ld+json\" class=\"yoast-schema-graph\">{\"@context\":\"https:\\\/\\\/schema.org\",\"@graph\":[{\"@type\":\"Article\",\"@id\":\"https:\\\/\\\/tirinha.com\\\/954\\\/filmin-abre-um-canal-de-cinema-valenciano-com-mais-de-150-filmes\\\/#article\",\"isPartOf\":{\"@id\":\"https:\\\/\\\/tirinha.com\\\/954\\\/filmin-abre-um-canal-de-cinema-valenciano-com-mais-de-150-filmes\\\/\"},\"author\":{\"name\":\"admin\",\"@id\":\"https:\\\/\\\/tirinha.com\\\/#\\\/schema\\\/person\\\/e22bdfbe17e0461f7e927e6a1208d4d9\"},\"headline\":\"Filmin abre um canal de cinema valenciano com mais de 150 filmes\",\"datePublished\":\"2023-04-03T22:48:19+00:00\",\"mainEntityOfPage\":{\"@id\":\"https:\\\/\\\/tirinha.com\\\/954\\\/filmin-abre-um-canal-de-cinema-valenciano-com-mais-de-150-filmes\\\/\"},\"wordCount\":1825,\"commentCount\":0,\"publisher\":{\"@id\":\"https:\\\/\\\/tirinha.com\\\/#organization\"},\"image\":{\"@id\":\"https:\\\/\\\/tirinha.com\\\/954\\\/filmin-abre-um-canal-de-cinema-valenciano-com-mais-de-150-filmes\\\/#primaryimage\"},\"thumbnailUrl\":\"https:\\\/\\\/estaticos-cdn.prensaiberica.es\\\/clip\\\/15a4a999-9a2e-4a10-8866-d32760b3fd65_16-9-aspect-ratio_default_0.jpg\",\"articleSection\":[\"Cultura e lazer\"],\"inLanguage\":\"es\",\"potentialAction\":[{\"@type\":\"CommentAction\",\"name\":\"Comment\",\"target\":[\"https:\\\/\\\/tirinha.com\\\/954\\\/filmin-abre-um-canal-de-cinema-valenciano-com-mais-de-150-filmes\\\/#respond\"]}]},{\"@type\":\"WebPage\",\"@id\":\"https:\\\/\\\/tirinha.com\\\/954\\\/filmin-abre-um-canal-de-cinema-valenciano-com-mais-de-150-filmes\\\/\",\"url\":\"https:\\\/\\\/tirinha.com\\\/954\\\/filmin-abre-um-canal-de-cinema-valenciano-com-mais-de-150-filmes\\\/\",\"name\":\"Filmin abre um canal de cinema valenciano com mais de 150 filmes - Tirinha.com\",\"isPartOf\":{\"@id\":\"https:\\\/\\\/tirinha.com\\\/#website\"},\"primaryImageOfPage\":{\"@id\":\"https:\\\/\\\/tirinha.com\\\/954\\\/filmin-abre-um-canal-de-cinema-valenciano-com-mais-de-150-filmes\\\/#primaryimage\"},\"image\":{\"@id\":\"https:\\\/\\\/tirinha.com\\\/954\\\/filmin-abre-um-canal-de-cinema-valenciano-com-mais-de-150-filmes\\\/#primaryimage\"},\"thumbnailUrl\":\"https:\\\/\\\/estaticos-cdn.prensaiberica.es\\\/clip\\\/15a4a999-9a2e-4a10-8866-d32760b3fd65_16-9-aspect-ratio_default_0.jpg\",\"datePublished\":\"2023-04-03T22:48:19+00:00\",\"breadcrumb\":{\"@id\":\"https:\\\/\\\/tirinha.com\\\/954\\\/filmin-abre-um-canal-de-cinema-valenciano-com-mais-de-150-filmes\\\/#breadcrumb\"},\"inLanguage\":\"es\",\"potentialAction\":[{\"@type\":\"ReadAction\",\"target\":[\"https:\\\/\\\/tirinha.com\\\/954\\\/filmin-abre-um-canal-de-cinema-valenciano-com-mais-de-150-filmes\\\/\"]}]},{\"@type\":\"ImageObject\",\"inLanguage\":\"es\",\"@id\":\"https:\\\/\\\/tirinha.com\\\/954\\\/filmin-abre-um-canal-de-cinema-valenciano-com-mais-de-150-filmes\\\/#primaryimage\",\"url\":\"https:\\\/\\\/estaticos-cdn.prensaiberica.es\\\/clip\\\/15a4a999-9a2e-4a10-8866-d32760b3fd65_16-9-aspect-ratio_default_0.jpg\",\"contentUrl\":\"https:\\\/\\\/estaticos-cdn.prensaiberica.es\\\/clip\\\/15a4a999-9a2e-4a10-8866-d32760b3fd65_16-9-aspect-ratio_default_0.jpg\"},{\"@type\":\"BreadcrumbList\",\"@id\":\"https:\\\/\\\/tirinha.com\\\/954\\\/filmin-abre-um-canal-de-cinema-valenciano-com-mais-de-150-filmes\\\/#breadcrumb\",\"itemListElement\":[{\"@type\":\"ListItem\",\"position\":1,\"name\":\"Home\",\"item\":\"https:\\\/\\\/tirinha.com\\\/\"},{\"@type\":\"ListItem\",\"position\":2,\"name\":\"Filmin abre um canal de cinema valenciano com mais de 150 filmes\"}]},{\"@type\":\"WebSite\",\"@id\":\"https:\\\/\\\/tirinha.com\\\/#website\",\"url\":\"https:\\\/\\\/tirinha.com\\\/\",\"name\":\"Tirinha.com\",\"description\":\"Arte e livros resenhas\",\"publisher\":{\"@id\":\"https:\\\/\\\/tirinha.com\\\/#organization\"},\"potentialAction\":[{\"@type\":\"SearchAction\",\"target\":{\"@type\":\"EntryPoint\",\"urlTemplate\":\"https:\\\/\\\/tirinha.com\\\/?s={search_term_string}\"},\"query-input\":{\"@type\":\"PropertyValueSpecification\",\"valueRequired\":true,\"valueName\":\"search_term_string\"}}],\"inLanguage\":\"es\"},{\"@type\":\"Organization\",\"@id\":\"https:\\\/\\\/tirinha.com\\\/#organization\",\"name\":\"Tirinha.com\",\"url\":\"https:\\\/\\\/tirinha.com\\\/\",\"logo\":{\"@type\":\"ImageObject\",\"inLanguage\":\"es\",\"@id\":\"https:\\\/\\\/tirinha.com\\\/#\\\/schema\\\/logo\\\/image\\\/\",\"url\":\"https:\\\/\\\/tirinha.com\\\/wp-content\\\/uploads\\\/2023\\\/08\\\/cropped-Logo-Tirinha.webp\",\"contentUrl\":\"https:\\\/\\\/tirinha.com\\\/wp-content\\\/uploads\\\/2023\\\/08\\\/cropped-Logo-Tirinha.webp\",\"width\":512,\"height\":512,\"caption\":\"Tirinha.com\"},\"image\":{\"@id\":\"https:\\\/\\\/tirinha.com\\\/#\\\/schema\\\/logo\\\/image\\\/\"}},{\"@type\":\"Person\",\"@id\":\"https:\\\/\\\/tirinha.com\\\/#\\\/schema\\\/person\\\/e22bdfbe17e0461f7e927e6a1208d4d9\",\"name\":\"admin\",\"image\":{\"@type\":\"ImageObject\",\"inLanguage\":\"es\",\"@id\":\"https:\\\/\\\/tirinha.com\\\/wp-content\\\/litespeed\\\/avatar\\\/d0068f7931cc87d7274eb0c3db1deb4b.jpg?ver=1777434315\",\"url\":\"https:\\\/\\\/tirinha.com\\\/wp-content\\\/litespeed\\\/avatar\\\/d0068f7931cc87d7274eb0c3db1deb4b.jpg?ver=1777434315\",\"contentUrl\":\"https:\\\/\\\/tirinha.com\\\/wp-content\\\/litespeed\\\/avatar\\\/d0068f7931cc87d7274eb0c3db1deb4b.jpg?ver=1777434315\",\"caption\":\"admin\"},\"sameAs\":[\"https:\\\/\\\/tirinha.com\"],\"url\":\"https:\\\/\\\/tirinha.com\\\/es\\\/author\\\/admin\\\/\"}]}<\/script>\n<!-- \/ Yoast SEO plugin. -->","yoast_head_json":{"title":"Filmin abre un canal de cine valenciano con m\u00e1s de 150 pel\u00edculas - Tirinha.com","robots":{"index":"index","follow":"follow","max-snippet":"max-snippet:-1","max-image-preview":"max-image-preview:large","max-video-preview":"max-video-preview:-1"},"canonical":"https:\/\/tirinha.com\/es\/954\/filmin-abre-un-canal-de-cine-valenciano-con-mas-de-150-peliculas\/","og_locale":"es_MX","og_type":"article","og_title":"Filmin abre um canal de cinema valenciano com mais de 150 filmes - Tirinha.com","og_description":"O primeiro short de Chema Garc\u00eda Ibarra, Elena L\u00f3pez Riera ou Ad\u00e1n Aliagaos document\u00e1rios de Suica Filmes ou filmes de &hellip;","og_url":"https:\/\/tirinha.com\/es\/954\/filmin-abre-un-canal-de-cine-valenciano-con-mas-de-150-peliculas\/","og_site_name":"Tirinha.com","article_published_time":"2023-04-03T22:48:19+00:00","og_image":[{"url":"https:\/\/estaticos-cdn.prensaiberica.es\/clip\/15a4a999-9a2e-4a10-8866-d32760b3fd65_16-9-aspect-ratio_default_0.jpg","type":"","width":"","height":""}],"author":"admin","twitter_card":"summary_large_image","twitter_image":"https:\/\/estaticos-cdn.prensaiberica.es\/clip\/15a4a999-9a2e-4a10-8866-d32760b3fd65_16-9-aspect-ratio_default_0.jpg","twitter_misc":{"Escrito por":"admin","Tiempo de lectura":"9 minutos"},"schema":{"@context":"https:\/\/schema.org","@graph":[{"@type":"Article","@id":"https:\/\/tirinha.com\/954\/filmin-abre-um-canal-de-cinema-valenciano-com-mais-de-150-filmes\/#article","isPartOf":{"@id":"https:\/\/tirinha.com\/954\/filmin-abre-um-canal-de-cinema-valenciano-com-mais-de-150-filmes\/"},"author":{"name":"admin","@id":"https:\/\/tirinha.com\/#\/schema\/person\/e22bdfbe17e0461f7e927e6a1208d4d9"},"headline":"Filmin abre um canal de cinema valenciano com mais de 150 filmes","datePublished":"2023-04-03T22:48:19+00:00","mainEntityOfPage":{"@id":"https:\/\/tirinha.com\/954\/filmin-abre-um-canal-de-cinema-valenciano-com-mais-de-150-filmes\/"},"wordCount":1825,"commentCount":0,"publisher":{"@id":"https:\/\/tirinha.com\/#organization"},"image":{"@id":"https:\/\/tirinha.com\/954\/filmin-abre-um-canal-de-cinema-valenciano-com-mais-de-150-filmes\/#primaryimage"},"thumbnailUrl":"https:\/\/estaticos-cdn.prensaiberica.es\/clip\/15a4a999-9a2e-4a10-8866-d32760b3fd65_16-9-aspect-ratio_default_0.jpg","articleSection":["Cultura e lazer"],"inLanguage":"es","potentialAction":[{"@type":"CommentAction","name":"Comment","target":["https:\/\/tirinha.com\/954\/filmin-abre-um-canal-de-cinema-valenciano-com-mais-de-150-filmes\/#respond"]}]},{"@type":"WebPage","@id":"https:\/\/tirinha.com\/954\/filmin-abre-um-canal-de-cinema-valenciano-com-mais-de-150-filmes\/","url":"https:\/\/tirinha.com\/954\/filmin-abre-um-canal-de-cinema-valenciano-com-mais-de-150-filmes\/","name":"Filmin abre un canal de cine valenciano con m\u00e1s de 150 pel\u00edculas - Tirinha.com","isPartOf":{"@id":"https:\/\/tirinha.com\/#website"},"primaryImageOfPage":{"@id":"https:\/\/tirinha.com\/954\/filmin-abre-um-canal-de-cinema-valenciano-com-mais-de-150-filmes\/#primaryimage"},"image":{"@id":"https:\/\/tirinha.com\/954\/filmin-abre-um-canal-de-cinema-valenciano-com-mais-de-150-filmes\/#primaryimage"},"thumbnailUrl":"https:\/\/estaticos-cdn.prensaiberica.es\/clip\/15a4a999-9a2e-4a10-8866-d32760b3fd65_16-9-aspect-ratio_default_0.jpg","datePublished":"2023-04-03T22:48:19+00:00","breadcrumb":{"@id":"https:\/\/tirinha.com\/954\/filmin-abre-um-canal-de-cinema-valenciano-com-mais-de-150-filmes\/#breadcrumb"},"inLanguage":"es","potentialAction":[{"@type":"ReadAction","target":["https:\/\/tirinha.com\/954\/filmin-abre-um-canal-de-cinema-valenciano-com-mais-de-150-filmes\/"]}]},{"@type":"ImageObject","inLanguage":"es","@id":"https:\/\/tirinha.com\/954\/filmin-abre-um-canal-de-cinema-valenciano-com-mais-de-150-filmes\/#primaryimage","url":"https:\/\/estaticos-cdn.prensaiberica.es\/clip\/15a4a999-9a2e-4a10-8866-d32760b3fd65_16-9-aspect-ratio_default_0.jpg","contentUrl":"https:\/\/estaticos-cdn.prensaiberica.es\/clip\/15a4a999-9a2e-4a10-8866-d32760b3fd65_16-9-aspect-ratio_default_0.jpg"},{"@type":"BreadcrumbList","@id":"https:\/\/tirinha.com\/954\/filmin-abre-um-canal-de-cinema-valenciano-com-mais-de-150-filmes\/#breadcrumb","itemListElement":[{"@type":"ListItem","position":1,"name":"Home","item":"https:\/\/tirinha.com\/"},{"@type":"ListItem","position":2,"name":"Filmin abre um canal de cinema valenciano com mais de 150 filmes"}]},{"@type":"WebSite","@id":"https:\/\/tirinha.com\/#website","url":"https:\/\/tirinha.com\/","name":"c\u00f3mics.com","description":"Rese\u00f1as de arte y libros.","publisher":{"@id":"https:\/\/tirinha.com\/#organization"},"potentialAction":[{"@type":"SearchAction","target":{"@type":"EntryPoint","urlTemplate":"https:\/\/tirinha.com\/?s={search_term_string}"},"query-input":{"@type":"PropertyValueSpecification","valueRequired":true,"valueName":"search_term_string"}}],"inLanguage":"es"},{"@type":"Organization","@id":"https:\/\/tirinha.com\/#organization","name":"c\u00f3mics.com","url":"https:\/\/tirinha.com\/","logo":{"@type":"ImageObject","inLanguage":"es","@id":"https:\/\/tirinha.com\/#\/schema\/logo\/image\/","url":"https:\/\/tirinha.com\/wp-content\/uploads\/2023\/08\/cropped-Logo-Tirinha.webp","contentUrl":"https:\/\/tirinha.com\/wp-content\/uploads\/2023\/08\/cropped-Logo-Tirinha.webp","width":512,"height":512,"caption":"Tirinha.com"},"image":{"@id":"https:\/\/tirinha.com\/#\/schema\/logo\/image\/"}},{"@type":"Person","@id":"https:\/\/tirinha.com\/#\/schema\/person\/e22bdfbe17e0461f7e927e6a1208d4d9","name":"administraci\u00f3n","image":{"@type":"ImageObject","inLanguage":"es","@id":"https:\/\/tirinha.com\/wp-content\/litespeed\/avatar\/d0068f7931cc87d7274eb0c3db1deb4b.jpg?ver=1777434315","url":"https:\/\/tirinha.com\/wp-content\/litespeed\/avatar\/d0068f7931cc87d7274eb0c3db1deb4b.jpg?ver=1777434315","contentUrl":"https:\/\/tirinha.com\/wp-content\/litespeed\/avatar\/d0068f7931cc87d7274eb0c3db1deb4b.jpg?ver=1777434315","caption":"admin"},"sameAs":["https:\/\/tirinha.com"],"url":"https:\/\/tirinha.com\/es\/author\/admin\/"}]}},"_links":{"self":[{"href":"https:\/\/tirinha.com\/es\/wp-json\/wp\/v2\/posts\/954","targetHints":{"allow":["GET"]}}],"collection":[{"href":"https:\/\/tirinha.com\/es\/wp-json\/wp\/v2\/posts"}],"about":[{"href":"https:\/\/tirinha.com\/es\/wp-json\/wp\/v2\/types\/post"}],"author":[{"embeddable":true,"href":"https:\/\/tirinha.com\/es\/wp-json\/wp\/v2\/users\/1"}],"replies":[{"embeddable":true,"href":"https:\/\/tirinha.com\/es\/wp-json\/wp\/v2\/comments?post=954"}],"version-history":[{"count":0,"href":"https:\/\/tirinha.com\/es\/wp-json\/wp\/v2\/posts\/954\/revisions"}],"wp:featuredmedia":[{"embeddable":true,"href":"https:\/\/tirinha.com\/es\/wp-json\/wp\/v2\/media\/955"}],"wp:attachment":[{"href":"https:\/\/tirinha.com\/es\/wp-json\/wp\/v2\/media?parent=954"}],"wp:term":[{"taxonomy":"category","embeddable":true,"href":"https:\/\/tirinha.com\/es\/wp-json\/wp\/v2\/categories?post=954"},{"taxonomy":"post_tag","embeddable":true,"href":"https:\/\/tirinha.com\/es\/wp-json\/wp\/v2\/tags?post=954"}],"curies":[{"name":"wp","href":"https:\/\/api.w.org\/{rel}","templated":true}]}}