{"id":945,"date":"2023-04-03T21:00:15","date_gmt":"2023-04-03T21:00:15","guid":{"rendered":"https:\/\/tirinha.com\/leganes_-as-fiestas-de-san-nicasio-triunfaram-com-o-mercado-medieval\/"},"modified":"2023-04-03T21:00:15","modified_gmt":"2023-04-03T21:00:15","slug":"leganes_-las-fiestas-de-san-nicasio-triunfaron-con-el-mercado-medieval","status":"publish","type":"post","link":"https:\/\/tirinha.com\/es\/945\/leganes_-as-fiestas-de-san-nicasio-triunfaram-com-o-mercado-medieval\/","title":{"rendered":"LEGAN\u00c9S_ Las Fiestas de San Nicasio triunfaron con el Mercado Medieval"},"content":{"rendered":"<p><\/p>\n<div id=\"post-280\">\n<div class=\"entry-content\">\n<p><strong>LEGAN\u00c9S\/8 13 OCTUBRE\/CULTURA_<\/strong>  El barrio de San Nicasio acogi\u00f3 el pasado fin de semana a miles de personas para celebrar sus fiestas. El Mercado Medieval fue uno de los mayores atractivos junto con el nuevo Recinto Ferial. <\/p>\n<p> Noem\u00ed Selas, concejala de Seguridad Ciudadana y Partidos, inaugur\u00f3 el viernes el acto y expres\u00f3 su satisfacci\u00f3n por la gran afluencia de gente, recordando que \u201ceste a\u00f1o se puso mucho \u00e9nfasis, adem\u00e1s de en la cantidad y calidad de los stands, en la decoraci\u00f3n, el contenido y las atracciones para los m\u00e1s peque\u00f1os\u201d.<\/p>\n<p> La nueva Feria de Atracciones del Recinto Ferial de San Nicasio cont\u00f3 con 25 atracciones de todo tipo durante todo el per\u00edodo festivo.<\/p>\n<div>\n<p>Adem\u00e1s, acompa\u00f1ando este primer fin de semana de actividades en San Nicasio, tuvo lugar la XXXIII Corda Popular Legan\u00e9s, que cont\u00f3 con una enorme participaci\u00f3n al ser uno de los eventos m\u00e1s esperados cada a\u00f1o por los vecinos.<\/p>\n<\/div>\n<p><h3 class=\"jp-relatedposts-headline\"><em>Relacionado<\/em><\/h3>\n<\/p><\/div>\n<p><!-- .entry-content --><\/p>\n<p>\t<!-- .entry-footer --><\/p>\n<\/div>","protected":false},"excerpt":{"rendered":"<p>LEGAN\u00c9S\/8 13 OCT\/CULTURA_ El barrio de San Nicasio acogi\u00f3 el pasado fin de semana a miles de personas para celebrar su\u2026 <\/p>","protected":false},"author":1,"featured_media":946,"comment_status":"open","ping_status":"open","sticky":false,"template":"","format":"standard","meta":{"fifu_image_url":"https:\/\/i0.wp.com\/noticiasparamunicipios.com\/wp-content\/uploads\/2021\/06\/Logo-para-Yoast-1.png?fit=800,298&ssl=1","fifu_image_alt":"","footnotes":""},"categories":[35],"tags":[],"class_list":["post-945","post","type-post","status-publish","format-standard","has-post-thumbnail","hentry","category-cultura-e-lazer","latest_post"],"yoast_head":"<!-- This site is optimized with the Yoast SEO plugin v27.3 - https:\/\/yoast.com\/product\/yoast-seo-wordpress\/ -->\n<title>LEGAN\u00c9S_ As Fiestas de San Nicasio triunfaram com o Mercado Medieval - Tirinha.com<\/title>\n<meta name=\"robots\" content=\"index, follow, max-snippet:-1, max-image-preview:large, max-video-preview:-1\" \/>\n<link rel=\"canonical\" href=\"https:\/\/tirinha.com\/es\/945\/leganes_-las-fiestas-de-san-nicasio-triunfaron-con-el-mercado-medieval\/\" \/>\n<meta property=\"og:locale\" content=\"es_MX\" \/>\n<meta property=\"og:type\" content=\"article\" \/>\n<meta property=\"og:title\" content=\"LEGAN\u00c9S_ As Fiestas de San Nicasio triunfaram com o Mercado Medieval - Tirinha.com\" \/>\n<meta property=\"og:description\" content=\"LEGAN\u00c9S\/8 OUT 13\/CULTURA_ O bairro de San Nicasio recebeu milhares de pessoas no \u00faltimo fim de semana para comemorar suas &hellip;\" \/>\n<meta property=\"og:url\" content=\"https:\/\/tirinha.com\/es\/945\/leganes_-las-fiestas-de-san-nicasio-triunfaron-con-el-mercado-medieval\/\" \/>\n<meta property=\"og:site_name\" content=\"Tirinha.com\" \/>\n<meta property=\"article:published_time\" content=\"2023-04-03T21:00:15+00:00\" \/>\n<meta property=\"og:image\" content=\"https:\/\/i0.wp.com\/noticiasparamunicipios.com\/wp-content\/uploads\/2021\/06\/Logo-para-Yoast-1.png?fit=800,298&ssl=1\" \/>\n<meta name=\"author\" content=\"admin\" \/>\n<meta name=\"twitter:card\" content=\"summary_large_image\" \/>\n<meta name=\"twitter:image\" content=\"https:\/\/i0.wp.com\/noticiasparamunicipios.com\/wp-content\/uploads\/2021\/06\/Logo-para-Yoast-1.png?fit=800,298&ssl=1\" \/>\n<meta name=\"twitter:label1\" content=\"Escrito por\" \/>\n\t<meta name=\"twitter:data1\" content=\"admin\" \/>\n\t<meta name=\"twitter:label2\" content=\"Tiempo de lectura\" \/>\n\t<meta name=\"twitter:data2\" content=\"1 minuto\" \/>\n<script type=\"application\/ld+json\" class=\"yoast-schema-graph\">{\"@context\":\"https:\\\/\\\/schema.org\",\"@graph\":[{\"@type\":\"Article\",\"@id\":\"https:\\\/\\\/tirinha.com\\\/945\\\/leganes_-as-fiestas-de-san-nicasio-triunfaram-com-o-mercado-medieval\\\/#article\",\"isPartOf\":{\"@id\":\"https:\\\/\\\/tirinha.com\\\/945\\\/leganes_-as-fiestas-de-san-nicasio-triunfaram-com-o-mercado-medieval\\\/\"},\"author\":{\"name\":\"admin\",\"@id\":\"https:\\\/\\\/tirinha.com\\\/#\\\/schema\\\/person\\\/e22bdfbe17e0461f7e927e6a1208d4d9\"},\"headline\":\"LEGAN\u00c9S_ As Fiestas de San Nicasio triunfaram com o Mercado Medieval\",\"datePublished\":\"2023-04-03T21:00:15+00:00\",\"mainEntityOfPage\":{\"@id\":\"https:\\\/\\\/tirinha.com\\\/945\\\/leganes_-as-fiestas-de-san-nicasio-triunfaram-com-o-mercado-medieval\\\/\"},\"wordCount\":171,\"commentCount\":0,\"publisher\":{\"@id\":\"https:\\\/\\\/tirinha.com\\\/#organization\"},\"image\":{\"@id\":\"https:\\\/\\\/tirinha.com\\\/945\\\/leganes_-as-fiestas-de-san-nicasio-triunfaram-com-o-mercado-medieval\\\/#primaryimage\"},\"thumbnailUrl\":\"https:\\\/\\\/i0.wp.com\\\/noticiasparamunicipios.com\\\/wp-content\\\/uploads\\\/2021\\\/06\\\/Logo-para-Yoast-1.png?fit=800,298&ssl=1\",\"articleSection\":[\"Cultura e lazer\"],\"inLanguage\":\"es\",\"potentialAction\":[{\"@type\":\"CommentAction\",\"name\":\"Comment\",\"target\":[\"https:\\\/\\\/tirinha.com\\\/945\\\/leganes_-as-fiestas-de-san-nicasio-triunfaram-com-o-mercado-medieval\\\/#respond\"]}]},{\"@type\":\"WebPage\",\"@id\":\"https:\\\/\\\/tirinha.com\\\/945\\\/leganes_-as-fiestas-de-san-nicasio-triunfaram-com-o-mercado-medieval\\\/\",\"url\":\"https:\\\/\\\/tirinha.com\\\/945\\\/leganes_-as-fiestas-de-san-nicasio-triunfaram-com-o-mercado-medieval\\\/\",\"name\":\"LEGAN\u00c9S_ As Fiestas de San Nicasio triunfaram com o Mercado Medieval - Tirinha.com\",\"isPartOf\":{\"@id\":\"https:\\\/\\\/tirinha.com\\\/#website\"},\"primaryImageOfPage\":{\"@id\":\"https:\\\/\\\/tirinha.com\\\/945\\\/leganes_-as-fiestas-de-san-nicasio-triunfaram-com-o-mercado-medieval\\\/#primaryimage\"},\"image\":{\"@id\":\"https:\\\/\\\/tirinha.com\\\/945\\\/leganes_-as-fiestas-de-san-nicasio-triunfaram-com-o-mercado-medieval\\\/#primaryimage\"},\"thumbnailUrl\":\"https:\\\/\\\/i0.wp.com\\\/noticiasparamunicipios.com\\\/wp-content\\\/uploads\\\/2021\\\/06\\\/Logo-para-Yoast-1.png?fit=800,298&ssl=1\",\"datePublished\":\"2023-04-03T21:00:15+00:00\",\"breadcrumb\":{\"@id\":\"https:\\\/\\\/tirinha.com\\\/945\\\/leganes_-as-fiestas-de-san-nicasio-triunfaram-com-o-mercado-medieval\\\/#breadcrumb\"},\"inLanguage\":\"es\",\"potentialAction\":[{\"@type\":\"ReadAction\",\"target\":[\"https:\\\/\\\/tirinha.com\\\/945\\\/leganes_-as-fiestas-de-san-nicasio-triunfaram-com-o-mercado-medieval\\\/\"]}]},{\"@type\":\"ImageObject\",\"inLanguage\":\"es\",\"@id\":\"https:\\\/\\\/tirinha.com\\\/945\\\/leganes_-as-fiestas-de-san-nicasio-triunfaram-com-o-mercado-medieval\\\/#primaryimage\",\"url\":\"https:\\\/\\\/i0.wp.com\\\/noticiasparamunicipios.com\\\/wp-content\\\/uploads\\\/2021\\\/06\\\/Logo-para-Yoast-1.png?fit=800,298&ssl=1\",\"contentUrl\":\"https:\\\/\\\/i0.wp.com\\\/noticiasparamunicipios.com\\\/wp-content\\\/uploads\\\/2021\\\/06\\\/Logo-para-Yoast-1.png?fit=800,298&ssl=1\"},{\"@type\":\"BreadcrumbList\",\"@id\":\"https:\\\/\\\/tirinha.com\\\/945\\\/leganes_-as-fiestas-de-san-nicasio-triunfaram-com-o-mercado-medieval\\\/#breadcrumb\",\"itemListElement\":[{\"@type\":\"ListItem\",\"position\":1,\"name\":\"Home\",\"item\":\"https:\\\/\\\/tirinha.com\\\/\"},{\"@type\":\"ListItem\",\"position\":2,\"name\":\"LEGAN\u00c9S_ As Fiestas de San Nicasio triunfaram com o Mercado Medieval\"}]},{\"@type\":\"WebSite\",\"@id\":\"https:\\\/\\\/tirinha.com\\\/#website\",\"url\":\"https:\\\/\\\/tirinha.com\\\/\",\"name\":\"Tirinha.com\",\"description\":\"Arte e livros resenhas\",\"publisher\":{\"@id\":\"https:\\\/\\\/tirinha.com\\\/#organization\"},\"potentialAction\":[{\"@type\":\"SearchAction\",\"target\":{\"@type\":\"EntryPoint\",\"urlTemplate\":\"https:\\\/\\\/tirinha.com\\\/?s={search_term_string}\"},\"query-input\":{\"@type\":\"PropertyValueSpecification\",\"valueRequired\":true,\"valueName\":\"search_term_string\"}}],\"inLanguage\":\"es\"},{\"@type\":\"Organization\",\"@id\":\"https:\\\/\\\/tirinha.com\\\/#organization\",\"name\":\"Tirinha.com\",\"url\":\"https:\\\/\\\/tirinha.com\\\/\",\"logo\":{\"@type\":\"ImageObject\",\"inLanguage\":\"es\",\"@id\":\"https:\\\/\\\/tirinha.com\\\/#\\\/schema\\\/logo\\\/image\\\/\",\"url\":\"https:\\\/\\\/tirinha.com\\\/wp-content\\\/uploads\\\/2023\\\/08\\\/cropped-Logo-Tirinha.webp\",\"contentUrl\":\"https:\\\/\\\/tirinha.com\\\/wp-content\\\/uploads\\\/2023\\\/08\\\/cropped-Logo-Tirinha.webp\",\"width\":512,\"height\":512,\"caption\":\"Tirinha.com\"},\"image\":{\"@id\":\"https:\\\/\\\/tirinha.com\\\/#\\\/schema\\\/logo\\\/image\\\/\"}},{\"@type\":\"Person\",\"@id\":\"https:\\\/\\\/tirinha.com\\\/#\\\/schema\\\/person\\\/e22bdfbe17e0461f7e927e6a1208d4d9\",\"name\":\"admin\",\"image\":{\"@type\":\"ImageObject\",\"inLanguage\":\"es\",\"@id\":\"https:\\\/\\\/tirinha.com\\\/wp-content\\\/litespeed\\\/avatar\\\/d0068f7931cc87d7274eb0c3db1deb4b.jpg?ver=1776829466\",\"url\":\"https:\\\/\\\/tirinha.com\\\/wp-content\\\/litespeed\\\/avatar\\\/d0068f7931cc87d7274eb0c3db1deb4b.jpg?ver=1776829466\",\"contentUrl\":\"https:\\\/\\\/tirinha.com\\\/wp-content\\\/litespeed\\\/avatar\\\/d0068f7931cc87d7274eb0c3db1deb4b.jpg?ver=1776829466\",\"caption\":\"admin\"},\"sameAs\":[\"https:\\\/\\\/tirinha.com\"],\"url\":\"https:\\\/\\\/tirinha.com\\\/es\\\/author\\\/admin\\\/\"}]}<\/script>\n<!-- \/ Yoast SEO plugin. -->","yoast_head_json":{"title":"LEGAN\u00c9S_ Las fiestas de San Nicasio triunfaron con el Mercado Medieval - Tirinha.com","robots":{"index":"index","follow":"follow","max-snippet":"max-snippet:-1","max-image-preview":"max-image-preview:large","max-video-preview":"max-video-preview:-1"},"canonical":"https:\/\/tirinha.com\/es\/945\/leganes_-las-fiestas-de-san-nicasio-triunfaron-con-el-mercado-medieval\/","og_locale":"es_MX","og_type":"article","og_title":"LEGAN\u00c9S_ As Fiestas de San Nicasio triunfaram com o Mercado Medieval - Tirinha.com","og_description":"LEGAN\u00c9S\/8 OUT 13\/CULTURA_ O bairro de San Nicasio recebeu milhares de pessoas no \u00faltimo fim de semana para comemorar suas &hellip;","og_url":"https:\/\/tirinha.com\/es\/945\/leganes_-las-fiestas-de-san-nicasio-triunfaron-con-el-mercado-medieval\/","og_site_name":"Tirinha.com","article_published_time":"2023-04-03T21:00:15+00:00","og_image":[{"url":"https:\/\/i0.wp.com\/noticiasparamunicipios.com\/wp-content\/uploads\/2021\/06\/Logo-para-Yoast-1.png?fit=800,298&ssl=1","type":"","width":"","height":""}],"author":"admin","twitter_card":"summary_large_image","twitter_image":"https:\/\/i0.wp.com\/noticiasparamunicipios.com\/wp-content\/uploads\/2021\/06\/Logo-para-Yoast-1.png?fit=800,298&ssl=1","twitter_misc":{"Escrito por":"admin","Tiempo de lectura":"1 minuto"},"schema":{"@context":"https:\/\/schema.org","@graph":[{"@type":"Article","@id":"https:\/\/tirinha.com\/945\/leganes_-as-fiestas-de-san-nicasio-triunfaram-com-o-mercado-medieval\/#article","isPartOf":{"@id":"https:\/\/tirinha.com\/945\/leganes_-as-fiestas-de-san-nicasio-triunfaram-com-o-mercado-medieval\/"},"author":{"name":"admin","@id":"https:\/\/tirinha.com\/#\/schema\/person\/e22bdfbe17e0461f7e927e6a1208d4d9"},"headline":"LEGAN\u00c9S_ As Fiestas de San Nicasio triunfaram com o Mercado Medieval","datePublished":"2023-04-03T21:00:15+00:00","mainEntityOfPage":{"@id":"https:\/\/tirinha.com\/945\/leganes_-as-fiestas-de-san-nicasio-triunfaram-com-o-mercado-medieval\/"},"wordCount":171,"commentCount":0,"publisher":{"@id":"https:\/\/tirinha.com\/#organization"},"image":{"@id":"https:\/\/tirinha.com\/945\/leganes_-as-fiestas-de-san-nicasio-triunfaram-com-o-mercado-medieval\/#primaryimage"},"thumbnailUrl":"https:\/\/i0.wp.com\/noticiasparamunicipios.com\/wp-content\/uploads\/2021\/06\/Logo-para-Yoast-1.png?fit=800,298&ssl=1","articleSection":["Cultura e lazer"],"inLanguage":"es","potentialAction":[{"@type":"CommentAction","name":"Comment","target":["https:\/\/tirinha.com\/945\/leganes_-as-fiestas-de-san-nicasio-triunfaram-com-o-mercado-medieval\/#respond"]}]},{"@type":"WebPage","@id":"https:\/\/tirinha.com\/945\/leganes_-as-fiestas-de-san-nicasio-triunfaram-com-o-mercado-medieval\/","url":"https:\/\/tirinha.com\/945\/leganes_-as-fiestas-de-san-nicasio-triunfaram-com-o-mercado-medieval\/","name":"LEGAN\u00c9S_ Las fiestas de San Nicasio triunfaron con el Mercado Medieval - Tirinha.com","isPartOf":{"@id":"https:\/\/tirinha.com\/#website"},"primaryImageOfPage":{"@id":"https:\/\/tirinha.com\/945\/leganes_-as-fiestas-de-san-nicasio-triunfaram-com-o-mercado-medieval\/#primaryimage"},"image":{"@id":"https:\/\/tirinha.com\/945\/leganes_-as-fiestas-de-san-nicasio-triunfaram-com-o-mercado-medieval\/#primaryimage"},"thumbnailUrl":"https:\/\/i0.wp.com\/noticiasparamunicipios.com\/wp-content\/uploads\/2021\/06\/Logo-para-Yoast-1.png?fit=800,298&ssl=1","datePublished":"2023-04-03T21:00:15+00:00","breadcrumb":{"@id":"https:\/\/tirinha.com\/945\/leganes_-as-fiestas-de-san-nicasio-triunfaram-com-o-mercado-medieval\/#breadcrumb"},"inLanguage":"es","potentialAction":[{"@type":"ReadAction","target":["https:\/\/tirinha.com\/945\/leganes_-as-fiestas-de-san-nicasio-triunfaram-com-o-mercado-medieval\/"]}]},{"@type":"ImageObject","inLanguage":"es","@id":"https:\/\/tirinha.com\/945\/leganes_-as-fiestas-de-san-nicasio-triunfaram-com-o-mercado-medieval\/#primaryimage","url":"https:\/\/i0.wp.com\/noticiasparamunicipios.com\/wp-content\/uploads\/2021\/06\/Logo-para-Yoast-1.png?fit=800,298&ssl=1","contentUrl":"https:\/\/i0.wp.com\/noticiasparamunicipios.com\/wp-content\/uploads\/2021\/06\/Logo-para-Yoast-1.png?fit=800,298&ssl=1"},{"@type":"BreadcrumbList","@id":"https:\/\/tirinha.com\/945\/leganes_-as-fiestas-de-san-nicasio-triunfaram-com-o-mercado-medieval\/#breadcrumb","itemListElement":[{"@type":"ListItem","position":1,"name":"Home","item":"https:\/\/tirinha.com\/"},{"@type":"ListItem","position":2,"name":"LEGAN\u00c9S_ As Fiestas de San Nicasio triunfaram com o Mercado Medieval"}]},{"@type":"WebSite","@id":"https:\/\/tirinha.com\/#website","url":"https:\/\/tirinha.com\/","name":"c\u00f3mics.com","description":"Rese\u00f1as de arte y libros.","publisher":{"@id":"https:\/\/tirinha.com\/#organization"},"potentialAction":[{"@type":"SearchAction","target":{"@type":"EntryPoint","urlTemplate":"https:\/\/tirinha.com\/?s={search_term_string}"},"query-input":{"@type":"PropertyValueSpecification","valueRequired":true,"valueName":"search_term_string"}}],"inLanguage":"es"},{"@type":"Organization","@id":"https:\/\/tirinha.com\/#organization","name":"c\u00f3mics.com","url":"https:\/\/tirinha.com\/","logo":{"@type":"ImageObject","inLanguage":"es","@id":"https:\/\/tirinha.com\/#\/schema\/logo\/image\/","url":"https:\/\/tirinha.com\/wp-content\/uploads\/2023\/08\/cropped-Logo-Tirinha.webp","contentUrl":"https:\/\/tirinha.com\/wp-content\/uploads\/2023\/08\/cropped-Logo-Tirinha.webp","width":512,"height":512,"caption":"Tirinha.com"},"image":{"@id":"https:\/\/tirinha.com\/#\/schema\/logo\/image\/"}},{"@type":"Person","@id":"https:\/\/tirinha.com\/#\/schema\/person\/e22bdfbe17e0461f7e927e6a1208d4d9","name":"administraci\u00f3n","image":{"@type":"ImageObject","inLanguage":"es","@id":"https:\/\/tirinha.com\/wp-content\/litespeed\/avatar\/d0068f7931cc87d7274eb0c3db1deb4b.jpg?ver=1776829466","url":"https:\/\/tirinha.com\/wp-content\/litespeed\/avatar\/d0068f7931cc87d7274eb0c3db1deb4b.jpg?ver=1776829466","contentUrl":"https:\/\/tirinha.com\/wp-content\/litespeed\/avatar\/d0068f7931cc87d7274eb0c3db1deb4b.jpg?ver=1776829466","caption":"admin"},"sameAs":["https:\/\/tirinha.com"],"url":"https:\/\/tirinha.com\/es\/author\/admin\/"}]}},"_links":{"self":[{"href":"https:\/\/tirinha.com\/es\/wp-json\/wp\/v2\/posts\/945","targetHints":{"allow":["GET"]}}],"collection":[{"href":"https:\/\/tirinha.com\/es\/wp-json\/wp\/v2\/posts"}],"about":[{"href":"https:\/\/tirinha.com\/es\/wp-json\/wp\/v2\/types\/post"}],"author":[{"embeddable":true,"href":"https:\/\/tirinha.com\/es\/wp-json\/wp\/v2\/users\/1"}],"replies":[{"embeddable":true,"href":"https:\/\/tirinha.com\/es\/wp-json\/wp\/v2\/comments?post=945"}],"version-history":[{"count":0,"href":"https:\/\/tirinha.com\/es\/wp-json\/wp\/v2\/posts\/945\/revisions"}],"wp:featuredmedia":[{"embeddable":true,"href":"https:\/\/tirinha.com\/es\/wp-json\/wp\/v2\/media\/946"}],"wp:attachment":[{"href":"https:\/\/tirinha.com\/es\/wp-json\/wp\/v2\/media?parent=945"}],"wp:term":[{"taxonomy":"category","embeddable":true,"href":"https:\/\/tirinha.com\/es\/wp-json\/wp\/v2\/categories?post=945"},{"taxonomy":"post_tag","embeddable":true,"href":"https:\/\/tirinha.com\/es\/wp-json\/wp\/v2\/tags?post=945"}],"curies":[{"name":"wp","href":"https:\/\/api.w.org\/{rel}","templated":true}]}}