{"id":933,"date":"2023-04-03T19:01:24","date_gmt":"2023-04-03T19:01:24","guid":{"rendered":"https:\/\/tirinha.com\/getafe-a-feira-do-livro-e-eventual-busca-recuperar-leitores\/"},"modified":"2023-04-03T19:01:24","modified_gmt":"2023-04-03T19:01:24","slug":"getafe-la-feria-del-libro-y-la-eventual-lucha-por-recuperar-a-los-lectores","status":"publish","type":"post","link":"https:\/\/tirinha.com\/es\/933\/getafe-a-feira-do-livro-e-eventual-busca-recuperar-leitores\/","title":{"rendered":"GETAFE \/ La feria del libro y la eventual b\u00fasqueda de recuperar lectores"},"content":{"rendered":"<p><\/p>\n<div>\n<div>\n<div>\n<p><strong>GETAFE \/ 17 OCT \/ CULTURA _<\/strong> La plaza General Pal\u00e1cio y sus alrededores acogen una nueva edici\u00f3n de la feria del libro antiguo y usado, donde los vecinos tienen la oportunidad de ver y comprar libros para todas las edades en diferentes puestos.<\/p>\n<\/div>\n<p>El libro como soporte f\u00edsico vive su \u201cparticular crisis\u201d y este tipo de iniciativas buscan \u201crecuperar\u201d a los lectores y el placer de leer, ante tanta gente que ha \u201colvidado\u201d sus libros en las estanter\u00edas y cajones. La oferta var\u00eda entre \u201cchollos por uno o dos euros\u201d, actualidad, c\u00f3mics y numerosos cuentos infantiles. <\/p>\n<\/div>\n<p>La Feria sin el esplendor de anta\u00f1o se prolongar\u00e1 hasta el 30 de octubre y &quot;exactamente&quot; coincide con el Festival Negro de Getafe para &quot;concentrar toda la actividad literaria en estas fechas&quot;, afirma el concejal de Cultura, Pablo Mart\u00ednez. <\/p>\n<p>Como actividades paralelas habr\u00e1 cuentacuentos, presentaciones \u201cexpr\u00e9s\u201d y \u201cencadenadas\u201d y la presencia de autores como Juan Madrid, Lorenzo Silva, Andre\u00fa Mart\u00edn o Alexis Ravelo.<\/p>\n<\/div>","protected":false},"excerpt":{"rendered":"<p>GETAFE \/ 17 OCT \/ CULTURA _ La plaza General Palacio y su entorno acogen una nueva edici\u00f3n de la feria\u2026 <\/p>","protected":false},"author":1,"featured_media":934,"comment_status":"open","ping_status":"open","sticky":false,"template":"","format":"standard","meta":{"fifu_image_url":"https:\/\/i0.wp.com\/noticiasparamunicipios.com\/wp-content\/uploads\/2021\/06\/Logo-para-Yoast-1.png?fit=800,298&ssl=1","fifu_image_alt":"","footnotes":""},"categories":[35],"tags":[],"class_list":["post-933","post","type-post","status-publish","format-standard","has-post-thumbnail","hentry","category-cultura-e-lazer","latest_post"],"yoast_head":"<!-- This site is optimized with the Yoast SEO plugin v27.3 - https:\/\/yoast.com\/product\/yoast-seo-wordpress\/ -->\n<title>GETAFE \/ A feira do livro e eventual busca recuperar leitores - Tirinha.com<\/title>\n<meta name=\"robots\" content=\"index, follow, max-snippet:-1, max-image-preview:large, max-video-preview:-1\" \/>\n<link rel=\"canonical\" href=\"https:\/\/tirinha.com\/es\/933\/getafe-la-feria-del-libro-y-la-eventual-lucha-por-recuperar-a-los-lectores\/\" \/>\n<meta property=\"og:locale\" content=\"es_MX\" \/>\n<meta property=\"og:type\" content=\"article\" \/>\n<meta property=\"og:title\" content=\"GETAFE \/ A feira do livro e eventual busca recuperar leitores - Tirinha.com\" \/>\n<meta property=\"og:description\" content=\"GETAFE \/ 17 OUT \/ CULTURA _ A pra\u00e7a General Pal\u00e1cio e seus arredores acolhem uma nova edi\u00e7\u00e3o da feira &hellip;\" \/>\n<meta property=\"og:url\" content=\"https:\/\/tirinha.com\/es\/933\/getafe-la-feria-del-libro-y-la-eventual-lucha-por-recuperar-a-los-lectores\/\" \/>\n<meta property=\"og:site_name\" content=\"Tirinha.com\" \/>\n<meta property=\"article:published_time\" content=\"2023-04-03T19:01:24+00:00\" \/>\n<meta property=\"og:image\" content=\"https:\/\/i0.wp.com\/noticiasparamunicipios.com\/wp-content\/uploads\/2021\/06\/Logo-para-Yoast-1.png?fit=800,298&ssl=1\" \/>\n<meta name=\"author\" content=\"admin\" \/>\n<meta name=\"twitter:card\" content=\"summary_large_image\" \/>\n<meta name=\"twitter:image\" content=\"https:\/\/i0.wp.com\/noticiasparamunicipios.com\/wp-content\/uploads\/2021\/06\/Logo-para-Yoast-1.png?fit=800,298&ssl=1\" \/>\n<meta name=\"twitter:label1\" content=\"Escrito por\" \/>\n\t<meta name=\"twitter:data1\" content=\"admin\" \/>\n\t<meta name=\"twitter:label2\" content=\"Tiempo de lectura\" \/>\n\t<meta name=\"twitter:data2\" content=\"1 minuto\" \/>\n<script type=\"application\/ld+json\" class=\"yoast-schema-graph\">{\"@context\":\"https:\\\/\\\/schema.org\",\"@graph\":[{\"@type\":\"Article\",\"@id\":\"https:\\\/\\\/tirinha.com\\\/933\\\/getafe-a-feira-do-livro-e-eventual-busca-recuperar-leitores\\\/#article\",\"isPartOf\":{\"@id\":\"https:\\\/\\\/tirinha.com\\\/933\\\/getafe-a-feira-do-livro-e-eventual-busca-recuperar-leitores\\\/\"},\"author\":{\"name\":\"admin\",\"@id\":\"https:\\\/\\\/tirinha.com\\\/#\\\/schema\\\/person\\\/e22bdfbe17e0461f7e927e6a1208d4d9\"},\"headline\":\"GETAFE \\\/ A feira do livro e eventual busca recuperar leitores\",\"datePublished\":\"2023-04-03T19:01:24+00:00\",\"mainEntityOfPage\":{\"@id\":\"https:\\\/\\\/tirinha.com\\\/933\\\/getafe-a-feira-do-livro-e-eventual-busca-recuperar-leitores\\\/\"},\"wordCount\":178,\"commentCount\":0,\"publisher\":{\"@id\":\"https:\\\/\\\/tirinha.com\\\/#organization\"},\"image\":{\"@id\":\"https:\\\/\\\/tirinha.com\\\/933\\\/getafe-a-feira-do-livro-e-eventual-busca-recuperar-leitores\\\/#primaryimage\"},\"thumbnailUrl\":\"https:\\\/\\\/i0.wp.com\\\/noticiasparamunicipios.com\\\/wp-content\\\/uploads\\\/2021\\\/06\\\/Logo-para-Yoast-1.png?fit=800,298&ssl=1\",\"articleSection\":[\"Cultura e lazer\"],\"inLanguage\":\"es\",\"potentialAction\":[{\"@type\":\"CommentAction\",\"name\":\"Comment\",\"target\":[\"https:\\\/\\\/tirinha.com\\\/933\\\/getafe-a-feira-do-livro-e-eventual-busca-recuperar-leitores\\\/#respond\"]}]},{\"@type\":\"WebPage\",\"@id\":\"https:\\\/\\\/tirinha.com\\\/933\\\/getafe-a-feira-do-livro-e-eventual-busca-recuperar-leitores\\\/\",\"url\":\"https:\\\/\\\/tirinha.com\\\/933\\\/getafe-a-feira-do-livro-e-eventual-busca-recuperar-leitores\\\/\",\"name\":\"GETAFE \\\/ A feira do livro e eventual busca recuperar leitores - Tirinha.com\",\"isPartOf\":{\"@id\":\"https:\\\/\\\/tirinha.com\\\/#website\"},\"primaryImageOfPage\":{\"@id\":\"https:\\\/\\\/tirinha.com\\\/933\\\/getafe-a-feira-do-livro-e-eventual-busca-recuperar-leitores\\\/#primaryimage\"},\"image\":{\"@id\":\"https:\\\/\\\/tirinha.com\\\/933\\\/getafe-a-feira-do-livro-e-eventual-busca-recuperar-leitores\\\/#primaryimage\"},\"thumbnailUrl\":\"https:\\\/\\\/i0.wp.com\\\/noticiasparamunicipios.com\\\/wp-content\\\/uploads\\\/2021\\\/06\\\/Logo-para-Yoast-1.png?fit=800,298&ssl=1\",\"datePublished\":\"2023-04-03T19:01:24+00:00\",\"breadcrumb\":{\"@id\":\"https:\\\/\\\/tirinha.com\\\/933\\\/getafe-a-feira-do-livro-e-eventual-busca-recuperar-leitores\\\/#breadcrumb\"},\"inLanguage\":\"es\",\"potentialAction\":[{\"@type\":\"ReadAction\",\"target\":[\"https:\\\/\\\/tirinha.com\\\/933\\\/getafe-a-feira-do-livro-e-eventual-busca-recuperar-leitores\\\/\"]}]},{\"@type\":\"ImageObject\",\"inLanguage\":\"es\",\"@id\":\"https:\\\/\\\/tirinha.com\\\/933\\\/getafe-a-feira-do-livro-e-eventual-busca-recuperar-leitores\\\/#primaryimage\",\"url\":\"https:\\\/\\\/i0.wp.com\\\/noticiasparamunicipios.com\\\/wp-content\\\/uploads\\\/2021\\\/06\\\/Logo-para-Yoast-1.png?fit=800,298&ssl=1\",\"contentUrl\":\"https:\\\/\\\/i0.wp.com\\\/noticiasparamunicipios.com\\\/wp-content\\\/uploads\\\/2021\\\/06\\\/Logo-para-Yoast-1.png?fit=800,298&ssl=1\"},{\"@type\":\"BreadcrumbList\",\"@id\":\"https:\\\/\\\/tirinha.com\\\/933\\\/getafe-a-feira-do-livro-e-eventual-busca-recuperar-leitores\\\/#breadcrumb\",\"itemListElement\":[{\"@type\":\"ListItem\",\"position\":1,\"name\":\"Home\",\"item\":\"https:\\\/\\\/tirinha.com\\\/\"},{\"@type\":\"ListItem\",\"position\":2,\"name\":\"GETAFE \\\/ A feira do livro e eventual busca recuperar leitores\"}]},{\"@type\":\"WebSite\",\"@id\":\"https:\\\/\\\/tirinha.com\\\/#website\",\"url\":\"https:\\\/\\\/tirinha.com\\\/\",\"name\":\"Tirinha.com\",\"description\":\"Arte e livros resenhas\",\"publisher\":{\"@id\":\"https:\\\/\\\/tirinha.com\\\/#organization\"},\"potentialAction\":[{\"@type\":\"SearchAction\",\"target\":{\"@type\":\"EntryPoint\",\"urlTemplate\":\"https:\\\/\\\/tirinha.com\\\/?s={search_term_string}\"},\"query-input\":{\"@type\":\"PropertyValueSpecification\",\"valueRequired\":true,\"valueName\":\"search_term_string\"}}],\"inLanguage\":\"es\"},{\"@type\":\"Organization\",\"@id\":\"https:\\\/\\\/tirinha.com\\\/#organization\",\"name\":\"Tirinha.com\",\"url\":\"https:\\\/\\\/tirinha.com\\\/\",\"logo\":{\"@type\":\"ImageObject\",\"inLanguage\":\"es\",\"@id\":\"https:\\\/\\\/tirinha.com\\\/#\\\/schema\\\/logo\\\/image\\\/\",\"url\":\"https:\\\/\\\/tirinha.com\\\/wp-content\\\/uploads\\\/2023\\\/08\\\/cropped-Logo-Tirinha.webp\",\"contentUrl\":\"https:\\\/\\\/tirinha.com\\\/wp-content\\\/uploads\\\/2023\\\/08\\\/cropped-Logo-Tirinha.webp\",\"width\":512,\"height\":512,\"caption\":\"Tirinha.com\"},\"image\":{\"@id\":\"https:\\\/\\\/tirinha.com\\\/#\\\/schema\\\/logo\\\/image\\\/\"}},{\"@type\":\"Person\",\"@id\":\"https:\\\/\\\/tirinha.com\\\/#\\\/schema\\\/person\\\/e22bdfbe17e0461f7e927e6a1208d4d9\",\"name\":\"admin\",\"image\":{\"@type\":\"ImageObject\",\"inLanguage\":\"es\",\"@id\":\"https:\\\/\\\/tirinha.com\\\/wp-content\\\/litespeed\\\/avatar\\\/d0068f7931cc87d7274eb0c3db1deb4b.jpg?ver=1776829466\",\"url\":\"https:\\\/\\\/tirinha.com\\\/wp-content\\\/litespeed\\\/avatar\\\/d0068f7931cc87d7274eb0c3db1deb4b.jpg?ver=1776829466\",\"contentUrl\":\"https:\\\/\\\/tirinha.com\\\/wp-content\\\/litespeed\\\/avatar\\\/d0068f7931cc87d7274eb0c3db1deb4b.jpg?ver=1776829466\",\"caption\":\"admin\"},\"sameAs\":[\"https:\\\/\\\/tirinha.com\"],\"url\":\"https:\\\/\\\/tirinha.com\\\/es\\\/author\\\/admin\\\/\"}]}<\/script>\n<!-- \/ Yoast SEO plugin. -->","yoast_head_json":{"title":"GETAFE \/ La feria del libro y su eventual intento de recuperar a los lectores - Tirinha.com","robots":{"index":"index","follow":"follow","max-snippet":"max-snippet:-1","max-image-preview":"max-image-preview:large","max-video-preview":"max-video-preview:-1"},"canonical":"https:\/\/tirinha.com\/es\/933\/getafe-la-feria-del-libro-y-la-eventual-lucha-por-recuperar-a-los-lectores\/","og_locale":"es_MX","og_type":"article","og_title":"GETAFE \/ A feira do livro e eventual busca recuperar leitores - Tirinha.com","og_description":"GETAFE \/ 17 OUT \/ CULTURA _ A pra\u00e7a General Pal\u00e1cio e seus arredores acolhem uma nova edi\u00e7\u00e3o da feira &hellip;","og_url":"https:\/\/tirinha.com\/es\/933\/getafe-la-feria-del-libro-y-la-eventual-lucha-por-recuperar-a-los-lectores\/","og_site_name":"Tirinha.com","article_published_time":"2023-04-03T19:01:24+00:00","og_image":[{"url":"https:\/\/i0.wp.com\/noticiasparamunicipios.com\/wp-content\/uploads\/2021\/06\/Logo-para-Yoast-1.png?fit=800,298&ssl=1","type":"","width":"","height":""}],"author":"admin","twitter_card":"summary_large_image","twitter_image":"https:\/\/i0.wp.com\/noticiasparamunicipios.com\/wp-content\/uploads\/2021\/06\/Logo-para-Yoast-1.png?fit=800,298&ssl=1","twitter_misc":{"Escrito por":"admin","Tiempo de lectura":"1 minuto"},"schema":{"@context":"https:\/\/schema.org","@graph":[{"@type":"Article","@id":"https:\/\/tirinha.com\/933\/getafe-a-feira-do-livro-e-eventual-busca-recuperar-leitores\/#article","isPartOf":{"@id":"https:\/\/tirinha.com\/933\/getafe-a-feira-do-livro-e-eventual-busca-recuperar-leitores\/"},"author":{"name":"admin","@id":"https:\/\/tirinha.com\/#\/schema\/person\/e22bdfbe17e0461f7e927e6a1208d4d9"},"headline":"GETAFE \/ A feira do livro e eventual busca recuperar leitores","datePublished":"2023-04-03T19:01:24+00:00","mainEntityOfPage":{"@id":"https:\/\/tirinha.com\/933\/getafe-a-feira-do-livro-e-eventual-busca-recuperar-leitores\/"},"wordCount":178,"commentCount":0,"publisher":{"@id":"https:\/\/tirinha.com\/#organization"},"image":{"@id":"https:\/\/tirinha.com\/933\/getafe-a-feira-do-livro-e-eventual-busca-recuperar-leitores\/#primaryimage"},"thumbnailUrl":"https:\/\/i0.wp.com\/noticiasparamunicipios.com\/wp-content\/uploads\/2021\/06\/Logo-para-Yoast-1.png?fit=800,298&ssl=1","articleSection":["Cultura e lazer"],"inLanguage":"es","potentialAction":[{"@type":"CommentAction","name":"Comment","target":["https:\/\/tirinha.com\/933\/getafe-a-feira-do-livro-e-eventual-busca-recuperar-leitores\/#respond"]}]},{"@type":"WebPage","@id":"https:\/\/tirinha.com\/933\/getafe-a-feira-do-livro-e-eventual-busca-recuperar-leitores\/","url":"https:\/\/tirinha.com\/933\/getafe-a-feira-do-livro-e-eventual-busca-recuperar-leitores\/","name":"GETAFE \/ La feria del libro y su eventual intento de recuperar a los lectores - Tirinha.com","isPartOf":{"@id":"https:\/\/tirinha.com\/#website"},"primaryImageOfPage":{"@id":"https:\/\/tirinha.com\/933\/getafe-a-feira-do-livro-e-eventual-busca-recuperar-leitores\/#primaryimage"},"image":{"@id":"https:\/\/tirinha.com\/933\/getafe-a-feira-do-livro-e-eventual-busca-recuperar-leitores\/#primaryimage"},"thumbnailUrl":"https:\/\/i0.wp.com\/noticiasparamunicipios.com\/wp-content\/uploads\/2021\/06\/Logo-para-Yoast-1.png?fit=800,298&ssl=1","datePublished":"2023-04-03T19:01:24+00:00","breadcrumb":{"@id":"https:\/\/tirinha.com\/933\/getafe-a-feira-do-livro-e-eventual-busca-recuperar-leitores\/#breadcrumb"},"inLanguage":"es","potentialAction":[{"@type":"ReadAction","target":["https:\/\/tirinha.com\/933\/getafe-a-feira-do-livro-e-eventual-busca-recuperar-leitores\/"]}]},{"@type":"ImageObject","inLanguage":"es","@id":"https:\/\/tirinha.com\/933\/getafe-a-feira-do-livro-e-eventual-busca-recuperar-leitores\/#primaryimage","url":"https:\/\/i0.wp.com\/noticiasparamunicipios.com\/wp-content\/uploads\/2021\/06\/Logo-para-Yoast-1.png?fit=800,298&ssl=1","contentUrl":"https:\/\/i0.wp.com\/noticiasparamunicipios.com\/wp-content\/uploads\/2021\/06\/Logo-para-Yoast-1.png?fit=800,298&ssl=1"},{"@type":"BreadcrumbList","@id":"https:\/\/tirinha.com\/933\/getafe-a-feira-do-livro-e-eventual-busca-recuperar-leitores\/#breadcrumb","itemListElement":[{"@type":"ListItem","position":1,"name":"Home","item":"https:\/\/tirinha.com\/"},{"@type":"ListItem","position":2,"name":"GETAFE \/ A feira do livro e eventual busca recuperar leitores"}]},{"@type":"WebSite","@id":"https:\/\/tirinha.com\/#website","url":"https:\/\/tirinha.com\/","name":"c\u00f3mics.com","description":"Rese\u00f1as de arte y libros.","publisher":{"@id":"https:\/\/tirinha.com\/#organization"},"potentialAction":[{"@type":"SearchAction","target":{"@type":"EntryPoint","urlTemplate":"https:\/\/tirinha.com\/?s={search_term_string}"},"query-input":{"@type":"PropertyValueSpecification","valueRequired":true,"valueName":"search_term_string"}}],"inLanguage":"es"},{"@type":"Organization","@id":"https:\/\/tirinha.com\/#organization","name":"c\u00f3mics.com","url":"https:\/\/tirinha.com\/","logo":{"@type":"ImageObject","inLanguage":"es","@id":"https:\/\/tirinha.com\/#\/schema\/logo\/image\/","url":"https:\/\/tirinha.com\/wp-content\/uploads\/2023\/08\/cropped-Logo-Tirinha.webp","contentUrl":"https:\/\/tirinha.com\/wp-content\/uploads\/2023\/08\/cropped-Logo-Tirinha.webp","width":512,"height":512,"caption":"Tirinha.com"},"image":{"@id":"https:\/\/tirinha.com\/#\/schema\/logo\/image\/"}},{"@type":"Person","@id":"https:\/\/tirinha.com\/#\/schema\/person\/e22bdfbe17e0461f7e927e6a1208d4d9","name":"administraci\u00f3n","image":{"@type":"ImageObject","inLanguage":"es","@id":"https:\/\/tirinha.com\/wp-content\/litespeed\/avatar\/d0068f7931cc87d7274eb0c3db1deb4b.jpg?ver=1776829466","url":"https:\/\/tirinha.com\/wp-content\/litespeed\/avatar\/d0068f7931cc87d7274eb0c3db1deb4b.jpg?ver=1776829466","contentUrl":"https:\/\/tirinha.com\/wp-content\/litespeed\/avatar\/d0068f7931cc87d7274eb0c3db1deb4b.jpg?ver=1776829466","caption":"admin"},"sameAs":["https:\/\/tirinha.com"],"url":"https:\/\/tirinha.com\/es\/author\/admin\/"}]}},"_links":{"self":[{"href":"https:\/\/tirinha.com\/es\/wp-json\/wp\/v2\/posts\/933","targetHints":{"allow":["GET"]}}],"collection":[{"href":"https:\/\/tirinha.com\/es\/wp-json\/wp\/v2\/posts"}],"about":[{"href":"https:\/\/tirinha.com\/es\/wp-json\/wp\/v2\/types\/post"}],"author":[{"embeddable":true,"href":"https:\/\/tirinha.com\/es\/wp-json\/wp\/v2\/users\/1"}],"replies":[{"embeddable":true,"href":"https:\/\/tirinha.com\/es\/wp-json\/wp\/v2\/comments?post=933"}],"version-history":[{"count":0,"href":"https:\/\/tirinha.com\/es\/wp-json\/wp\/v2\/posts\/933\/revisions"}],"wp:featuredmedia":[{"embeddable":true,"href":"https:\/\/tirinha.com\/es\/wp-json\/wp\/v2\/media\/934"}],"wp:attachment":[{"href":"https:\/\/tirinha.com\/es\/wp-json\/wp\/v2\/media?parent=933"}],"wp:term":[{"taxonomy":"category","embeddable":true,"href":"https:\/\/tirinha.com\/es\/wp-json\/wp\/v2\/categories?post=933"},{"taxonomy":"post_tag","embeddable":true,"href":"https:\/\/tirinha.com\/es\/wp-json\/wp\/v2\/tags?post=933"}],"curies":[{"name":"wp","href":"https:\/\/api.w.org\/{rel}","templated":true}]}}