{"id":906,"date":"2023-04-03T13:57:32","date_gmt":"2023-04-03T13:57:32","guid":{"rendered":"https:\/\/tirinha.com\/pinto-a-cidade-abre-os-bracos-a-cultura-repousante\/"},"modified":"2023-04-03T13:57:32","modified_gmt":"2023-04-03T13:57:32","slug":"pinto-la-ciudad-que-abre-sus-brazos-a-una-cultura-serena","status":"publish","type":"post","link":"https:\/\/tirinha.com\/es\/906\/pinto-a-cidade-abre-os-bracos-a-cultura-repousante\/","title":{"rendered":"PINTO\/ La ciudad abre los brazos a la &#039;Cultura del Descanso&#039;"},"content":{"rendered":"<p><\/p>\n<div>\n<p>El alcalde de Pinto.<strong> Diego Ort\u00edz (PSOE),<\/strong> anunciado este martes <strong>Noticias para Municipios<\/strong> que el festival &#039;Cultura Inquieta&#039; -que naci\u00f3 y creci\u00f3 en la \u00faltima d\u00e9cada en Getafe- podr\u00eda <strong>finalmente llegar a tu municipio.<\/strong><\/p>\n<p>En entrevista concedida a esta publicaci\u00f3n digital, el concejal de Pinta asegur\u00f3 que t\u00e9cnicos municipales <strong>Ya han mantenido varias reuniones y \u201cmuchas conversaciones\u201d<\/strong> con el promotor y creador del festival para que la muestra musical pueda ser trasladada a la ciudad de Pinta en los pr\u00f3ximos a\u00f1os.<\/p>\n<aside class=\"scaip scaip-1\">\n\t\t<\/aside>\n<p><strong>\u201cPosiblemente en los pr\u00f3ximos meses tengamos confirmada la noticia\u201d<\/strong> As\u00ed lo ha destacado el concejal, que ha defendido el mantenimiento del formato de festival (varias jornadas con conciertos repartidos, junto con festivales urbanos y un espacio en las fiestas para bandas tributo) con algunos cambios.<\/p>\n<figure class=\"wp-block-image size-large\"><img fetchpriority=\"high\" decoding=\"async\" width=\"780\" height=\"520\" alt=\"cultura inquieta\" class=\"wp-image-159433 jetpack-lazy-image\" data-recalc-dims=\"1\" srcset=\"https:\/\/i0.wp.com\/noticiasparamunicipios.com\/wp-content\/uploads\/2019\/07\/cultura-inquieta-2019.jpg?resize=1024%2C683&amp;ssl=1 1024w, https:\/\/i0.wp.com\/noticiasparamunicipios.com\/wp-content\/uploads\/2019\/07\/cultura-inquieta-2019.jpg?resize=300%2C200&amp;ssl=1 300w, https:\/\/i0.wp.com\/noticiasparamunicipios.com\/wp-content\/uploads\/2019\/07\/cultura-inquieta-2019.jpg?resize=768%2C512&amp;ssl=1 768w, https:\/\/i0.wp.com\/noticiasparamunicipios.com\/wp-content\/uploads\/2019\/07\/cultura-inquieta-2019.jpg?resize=400%2C267&amp;ssl=1 400w, https:\/\/i0.wp.com\/noticiasparamunicipios.com\/wp-content\/uploads\/2019\/07\/cultura-inquieta-2019.jpg?w=1068&amp;ssl=1 1068w\" data-lazy-sizes=\"(max-width: 780px) 100vw, 780px\" src=\"https:\/\/i0.wp.com\/noticiasparamunicipios.com\/wp-content\/uploads\/2019\/07\/cultura-inquieta-2019.jpg?resize=780%2C520&amp;is-pending-load=1#038;ssl=1\"\/><noscript><img data-lazy-fallback=\"1\" decoding=\"async\" width=\"780\" height=\"520\" src=\"https:\/\/i0.wp.com\/noticiasparamunicipios.com\/wp-content\/uploads\/2019\/07\/cultura-inquieta-2019.jpg?resize=780%2C520&amp;ssl=1\" alt=\"cultura inquieta\" class=\"wp-image-159433\" srcset=\"https:\/\/i0.wp.com\/noticiasparamunicipios.com\/wp-content\/uploads\/2019\/07\/cultura-inquieta-2019.jpg?resize=1024%2C683&amp;ssl=1 1024w, https:\/\/i0.wp.com\/noticiasparamunicipios.com\/wp-content\/uploads\/2019\/07\/cultura-inquieta-2019.jpg?resize=300%2C200&amp;ssl=1 300w, https:\/\/i0.wp.com\/noticiasparamunicipios.com\/wp-content\/uploads\/2019\/07\/cultura-inquieta-2019.jpg?resize=768%2C512&amp;ssl=1 768w, https:\/\/i0.wp.com\/noticiasparamunicipios.com\/wp-content\/uploads\/2019\/07\/cultura-inquieta-2019.jpg?resize=400%2C267&amp;ssl=1 400w, https:\/\/i0.wp.com\/noticiasparamunicipios.com\/wp-content\/uploads\/2019\/07\/cultura-inquieta-2019.jpg?w=1068&amp;ssl=1 1068w\" sizes=\"(max-width: 780px) 100vw, 780px\" data-recalc-dims=\"1\"\/><\/noscript><figcaption class=\"wp-element-caption\">Imagen del Festival Cultura Inquieta 2019.<\/figcaption><\/figure>\n<p>\u201cFuncion\u00f3, pero <strong>algunas cosas habr\u00e1 que modificarlas y valorarlas\u00bb, <\/strong>Precis\u00f3 Ortiz, tras afirmar que \u201cCultura Inquieta <strong>Tiene su esencia y no queremos cambiarla\u201d.<\/strong> \u201cPinto estar\u00e1 muy contento con este festival tan apreciado no s\u00f3lo por los madrile\u00f1os, sino tambi\u00e9n por el p\u00fablico internacional\u201d, concluy\u00f3.<\/p>\n<h2 class=\"wp-block-heading\">Saliendo de Getafe<\/h2>\n<p>Se suspendi\u00f3 el a\u00f1o pasado en Getafe el festival, un evento \u201cveraniego\u201d de dos semanas de duraci\u00f3n que el Ayuntamiento decidi\u00f3 \u201cmodificar\u201d para dar m\u00e1s impulso a la opci\u00f3n del Festival Urbano, como abog\u00f3 en su momento. Sin embargo, en un comunicado, los organizadores del festival apuntaron a una despedida definitiva.<\/p>\n<aside class=\"scaip scaip-2\">\n\t\t<\/aside>\n<p>\u00abPor supuesto - finaliza el comunicado -, el Festival Cultura Inquieta no parar\u00e1. En los pr\u00f3ximos meses anunciaremos su nueva ubicaci\u00f3n en otro municipio de la Comunidad de Madrid.<\/p>\n<p>En diez ediciones, el festival ya ha contado con artistas como <strong>Luz Casal, el m\u00edtico 091, Macaco, Mikel Erentxun, Nacha Pop, Revolver, La Guardia, La Frontera y OBK, entre otros artistas.<\/strong><\/p>\n<p><h3 class=\"jp-relatedposts-headline\"><em>Relacionado<\/em><\/h3>\n<\/p><\/div>","protected":false},"excerpt":{"rendered":"<p>El alcalde de Pinto, Diego Ortiz (PSOE), anunci\u00f3 este martes Noticias para Municipios que el festival &#039;Cultura Inquieta&#039; -que nace... <\/p>","protected":false},"author":1,"featured_media":907,"comment_status":"open","ping_status":"open","sticky":false,"template":"","format":"standard","meta":{"fifu_image_url":"https:\/\/noticiasparamunicipios.com\/wp-content\/uploads\/2015\/07\/imagen-del-publico.-foto-de-cultura-inquieta.jpg","fifu_image_alt":"","footnotes":""},"categories":[35],"tags":[],"class_list":["post-906","post","type-post","status-publish","format-standard","has-post-thumbnail","hentry","category-cultura-e-lazer","latest_post"],"yoast_head":"<!-- This site is optimized with the Yoast SEO plugin v27.3 - https:\/\/yoast.com\/product\/yoast-seo-wordpress\/ -->\n<title>PINTO\/ A cidade abre os bra\u00e7os \u00e0 &#039;Cultura Repousante&#039; - Tirinha.com<\/title>\n<meta name=\"robots\" content=\"index, follow, max-snippet:-1, max-image-preview:large, max-video-preview:-1\" \/>\n<link rel=\"canonical\" href=\"https:\/\/tirinha.com\/es\/906\/pinto-la-ciudad-que-abre-sus-brazos-a-una-cultura-serena\/\" \/>\n<meta property=\"og:locale\" content=\"es_MX\" \/>\n<meta property=\"og:type\" content=\"article\" \/>\n<meta property=\"og:title\" content=\"PINTO\/ A cidade abre os bra\u00e7os \u00e0 &#039;Cultura Repousante&#039; - Tirinha.com\" \/>\n<meta property=\"og:description\" content=\"O prefeito de Pinto, Diego Ortiz (PSOE), anunciou esta ter\u00e7a-feira Not\u00edcias para Munic\u00edpios que o festival &#8216;Cultura Inquieta&#8217; -que nasceu &hellip;\" \/>\n<meta property=\"og:url\" content=\"https:\/\/tirinha.com\/es\/906\/pinto-la-ciudad-que-abre-sus-brazos-a-una-cultura-serena\/\" \/>\n<meta property=\"og:site_name\" content=\"Tirinha.com\" \/>\n<meta property=\"article:published_time\" content=\"2023-04-03T13:57:32+00:00\" \/>\n<meta property=\"og:image\" content=\"https:\/\/noticiasparamunicipios.com\/wp-content\/uploads\/2015\/07\/imagen-del-publico.-foto-de-cultura-inquieta.jpg\" \/>\n<meta name=\"author\" content=\"admin\" \/>\n<meta name=\"twitter:card\" content=\"summary_large_image\" \/>\n<meta name=\"twitter:image\" content=\"https:\/\/noticiasparamunicipios.com\/wp-content\/uploads\/2015\/07\/imagen-del-publico.-foto-de-cultura-inquieta.jpg\" \/>\n<meta name=\"twitter:label1\" content=\"Escrito por\" \/>\n\t<meta name=\"twitter:data1\" content=\"admin\" \/>\n\t<meta name=\"twitter:label2\" content=\"Tiempo de lectura\" \/>\n\t<meta name=\"twitter:data2\" content=\"2 minutos\" \/>\n<script type=\"application\/ld+json\" class=\"yoast-schema-graph\">{\"@context\":\"https:\\\/\\\/schema.org\",\"@graph\":[{\"@type\":\"Article\",\"@id\":\"https:\\\/\\\/tirinha.com\\\/906\\\/pinto-a-cidade-abre-os-bracos-a-cultura-repousante\\\/#article\",\"isPartOf\":{\"@id\":\"https:\\\/\\\/tirinha.com\\\/906\\\/pinto-a-cidade-abre-os-bracos-a-cultura-repousante\\\/\"},\"author\":{\"name\":\"admin\",\"@id\":\"https:\\\/\\\/tirinha.com\\\/#\\\/schema\\\/person\\\/e22bdfbe17e0461f7e927e6a1208d4d9\"},\"headline\":\"PINTO\\\/ A cidade abre os bra\u00e7os \u00e0 &#8216;Cultura Repousante&#8217;\",\"datePublished\":\"2023-04-03T13:57:32+00:00\",\"mainEntityOfPage\":{\"@id\":\"https:\\\/\\\/tirinha.com\\\/906\\\/pinto-a-cidade-abre-os-bracos-a-cultura-repousante\\\/\"},\"wordCount\":322,\"commentCount\":0,\"publisher\":{\"@id\":\"https:\\\/\\\/tirinha.com\\\/#organization\"},\"image\":{\"@id\":\"https:\\\/\\\/tirinha.com\\\/906\\\/pinto-a-cidade-abre-os-bracos-a-cultura-repousante\\\/#primaryimage\"},\"thumbnailUrl\":\"https:\\\/\\\/noticiasparamunicipios.com\\\/wp-content\\\/uploads\\\/2015\\\/07\\\/imagen-del-publico.-foto-de-cultura-inquieta.jpg\",\"articleSection\":[\"Cultura e lazer\"],\"inLanguage\":\"es\",\"potentialAction\":[{\"@type\":\"CommentAction\",\"name\":\"Comment\",\"target\":[\"https:\\\/\\\/tirinha.com\\\/906\\\/pinto-a-cidade-abre-os-bracos-a-cultura-repousante\\\/#respond\"]}]},{\"@type\":\"WebPage\",\"@id\":\"https:\\\/\\\/tirinha.com\\\/906\\\/pinto-a-cidade-abre-os-bracos-a-cultura-repousante\\\/\",\"url\":\"https:\\\/\\\/tirinha.com\\\/906\\\/pinto-a-cidade-abre-os-bracos-a-cultura-repousante\\\/\",\"name\":\"PINTO\\\/ A cidade abre os bra\u00e7os \u00e0 'Cultura Repousante' - Tirinha.com\",\"isPartOf\":{\"@id\":\"https:\\\/\\\/tirinha.com\\\/#website\"},\"primaryImageOfPage\":{\"@id\":\"https:\\\/\\\/tirinha.com\\\/906\\\/pinto-a-cidade-abre-os-bracos-a-cultura-repousante\\\/#primaryimage\"},\"image\":{\"@id\":\"https:\\\/\\\/tirinha.com\\\/906\\\/pinto-a-cidade-abre-os-bracos-a-cultura-repousante\\\/#primaryimage\"},\"thumbnailUrl\":\"https:\\\/\\\/noticiasparamunicipios.com\\\/wp-content\\\/uploads\\\/2015\\\/07\\\/imagen-del-publico.-foto-de-cultura-inquieta.jpg\",\"datePublished\":\"2023-04-03T13:57:32+00:00\",\"breadcrumb\":{\"@id\":\"https:\\\/\\\/tirinha.com\\\/906\\\/pinto-a-cidade-abre-os-bracos-a-cultura-repousante\\\/#breadcrumb\"},\"inLanguage\":\"es\",\"potentialAction\":[{\"@type\":\"ReadAction\",\"target\":[\"https:\\\/\\\/tirinha.com\\\/906\\\/pinto-a-cidade-abre-os-bracos-a-cultura-repousante\\\/\"]}]},{\"@type\":\"ImageObject\",\"inLanguage\":\"es\",\"@id\":\"https:\\\/\\\/tirinha.com\\\/906\\\/pinto-a-cidade-abre-os-bracos-a-cultura-repousante\\\/#primaryimage\",\"url\":\"https:\\\/\\\/noticiasparamunicipios.com\\\/wp-content\\\/uploads\\\/2015\\\/07\\\/imagen-del-publico.-foto-de-cultura-inquieta.jpg\",\"contentUrl\":\"https:\\\/\\\/noticiasparamunicipios.com\\\/wp-content\\\/uploads\\\/2015\\\/07\\\/imagen-del-publico.-foto-de-cultura-inquieta.jpg\"},{\"@type\":\"BreadcrumbList\",\"@id\":\"https:\\\/\\\/tirinha.com\\\/906\\\/pinto-a-cidade-abre-os-bracos-a-cultura-repousante\\\/#breadcrumb\",\"itemListElement\":[{\"@type\":\"ListItem\",\"position\":1,\"name\":\"Home\",\"item\":\"https:\\\/\\\/tirinha.com\\\/\"},{\"@type\":\"ListItem\",\"position\":2,\"name\":\"PINTO\\\/ A cidade abre os bra\u00e7os \u00e0 &#8216;Cultura Repousante&#8217;\"}]},{\"@type\":\"WebSite\",\"@id\":\"https:\\\/\\\/tirinha.com\\\/#website\",\"url\":\"https:\\\/\\\/tirinha.com\\\/\",\"name\":\"Tirinha.com\",\"description\":\"Arte e livros resenhas\",\"publisher\":{\"@id\":\"https:\\\/\\\/tirinha.com\\\/#organization\"},\"potentialAction\":[{\"@type\":\"SearchAction\",\"target\":{\"@type\":\"EntryPoint\",\"urlTemplate\":\"https:\\\/\\\/tirinha.com\\\/?s={search_term_string}\"},\"query-input\":{\"@type\":\"PropertyValueSpecification\",\"valueRequired\":true,\"valueName\":\"search_term_string\"}}],\"inLanguage\":\"es\"},{\"@type\":\"Organization\",\"@id\":\"https:\\\/\\\/tirinha.com\\\/#organization\",\"name\":\"Tirinha.com\",\"url\":\"https:\\\/\\\/tirinha.com\\\/\",\"logo\":{\"@type\":\"ImageObject\",\"inLanguage\":\"es\",\"@id\":\"https:\\\/\\\/tirinha.com\\\/#\\\/schema\\\/logo\\\/image\\\/\",\"url\":\"https:\\\/\\\/tirinha.com\\\/wp-content\\\/uploads\\\/2023\\\/08\\\/cropped-Logo-Tirinha.webp\",\"contentUrl\":\"https:\\\/\\\/tirinha.com\\\/wp-content\\\/uploads\\\/2023\\\/08\\\/cropped-Logo-Tirinha.webp\",\"width\":512,\"height\":512,\"caption\":\"Tirinha.com\"},\"image\":{\"@id\":\"https:\\\/\\\/tirinha.com\\\/#\\\/schema\\\/logo\\\/image\\\/\"}},{\"@type\":\"Person\",\"@id\":\"https:\\\/\\\/tirinha.com\\\/#\\\/schema\\\/person\\\/e22bdfbe17e0461f7e927e6a1208d4d9\",\"name\":\"admin\",\"image\":{\"@type\":\"ImageObject\",\"inLanguage\":\"es\",\"@id\":\"https:\\\/\\\/tirinha.com\\\/wp-content\\\/litespeed\\\/avatar\\\/d0068f7931cc87d7274eb0c3db1deb4b.jpg?ver=1776829466\",\"url\":\"https:\\\/\\\/tirinha.com\\\/wp-content\\\/litespeed\\\/avatar\\\/d0068f7931cc87d7274eb0c3db1deb4b.jpg?ver=1776829466\",\"contentUrl\":\"https:\\\/\\\/tirinha.com\\\/wp-content\\\/litespeed\\\/avatar\\\/d0068f7931cc87d7274eb0c3db1deb4b.jpg?ver=1776829466\",\"caption\":\"admin\"},\"sameAs\":[\"https:\\\/\\\/tirinha.com\"],\"url\":\"https:\\\/\\\/tirinha.com\\\/es\\\/author\\\/admin\\\/\"}]}<\/script>\n<!-- \/ Yoast SEO plugin. -->","yoast_head_json":{"title":"PINTO\/ La ciudad abre sus brazos a la &#039;Cultura Relax&#039; - Tirinha.com","robots":{"index":"index","follow":"follow","max-snippet":"max-snippet:-1","max-image-preview":"max-image-preview:large","max-video-preview":"max-video-preview:-1"},"canonical":"https:\/\/tirinha.com\/es\/906\/pinto-la-ciudad-que-abre-sus-brazos-a-una-cultura-serena\/","og_locale":"es_MX","og_type":"article","og_title":"PINTO\/ A cidade abre os bra\u00e7os \u00e0 'Cultura Repousante' - Tirinha.com","og_description":"O prefeito de Pinto, Diego Ortiz (PSOE), anunciou esta ter\u00e7a-feira Not\u00edcias para Munic\u00edpios que o festival &#8216;Cultura Inquieta&#8217; -que nasceu &hellip;","og_url":"https:\/\/tirinha.com\/es\/906\/pinto-la-ciudad-que-abre-sus-brazos-a-una-cultura-serena\/","og_site_name":"Tirinha.com","article_published_time":"2023-04-03T13:57:32+00:00","og_image":[{"url":"https:\/\/noticiasparamunicipios.com\/wp-content\/uploads\/2015\/07\/imagen-del-publico.-foto-de-cultura-inquieta.jpg","type":"","width":"","height":""}],"author":"admin","twitter_card":"summary_large_image","twitter_image":"https:\/\/noticiasparamunicipios.com\/wp-content\/uploads\/2015\/07\/imagen-del-publico.-foto-de-cultura-inquieta.jpg","twitter_misc":{"Escrito por":"admin","Tiempo de lectura":"2 minutos"},"schema":{"@context":"https:\/\/schema.org","@graph":[{"@type":"Article","@id":"https:\/\/tirinha.com\/906\/pinto-a-cidade-abre-os-bracos-a-cultura-repousante\/#article","isPartOf":{"@id":"https:\/\/tirinha.com\/906\/pinto-a-cidade-abre-os-bracos-a-cultura-repousante\/"},"author":{"name":"admin","@id":"https:\/\/tirinha.com\/#\/schema\/person\/e22bdfbe17e0461f7e927e6a1208d4d9"},"headline":"PINTO\/ A cidade abre os bra\u00e7os \u00e0 &#8216;Cultura Repousante&#8217;","datePublished":"2023-04-03T13:57:32+00:00","mainEntityOfPage":{"@id":"https:\/\/tirinha.com\/906\/pinto-a-cidade-abre-os-bracos-a-cultura-repousante\/"},"wordCount":322,"commentCount":0,"publisher":{"@id":"https:\/\/tirinha.com\/#organization"},"image":{"@id":"https:\/\/tirinha.com\/906\/pinto-a-cidade-abre-os-bracos-a-cultura-repousante\/#primaryimage"},"thumbnailUrl":"https:\/\/noticiasparamunicipios.com\/wp-content\/uploads\/2015\/07\/imagen-del-publico.-foto-de-cultura-inquieta.jpg","articleSection":["Cultura e lazer"],"inLanguage":"es","potentialAction":[{"@type":"CommentAction","name":"Comment","target":["https:\/\/tirinha.com\/906\/pinto-a-cidade-abre-os-bracos-a-cultura-repousante\/#respond"]}]},{"@type":"WebPage","@id":"https:\/\/tirinha.com\/906\/pinto-a-cidade-abre-os-bracos-a-cultura-repousante\/","url":"https:\/\/tirinha.com\/906\/pinto-a-cidade-abre-os-bracos-a-cultura-repousante\/","name":"PINTO\/ La ciudad abre sus brazos a la &#039;Cultura Relax&#039; - Tirinha.com","isPartOf":{"@id":"https:\/\/tirinha.com\/#website"},"primaryImageOfPage":{"@id":"https:\/\/tirinha.com\/906\/pinto-a-cidade-abre-os-bracos-a-cultura-repousante\/#primaryimage"},"image":{"@id":"https:\/\/tirinha.com\/906\/pinto-a-cidade-abre-os-bracos-a-cultura-repousante\/#primaryimage"},"thumbnailUrl":"https:\/\/noticiasparamunicipios.com\/wp-content\/uploads\/2015\/07\/imagen-del-publico.-foto-de-cultura-inquieta.jpg","datePublished":"2023-04-03T13:57:32+00:00","breadcrumb":{"@id":"https:\/\/tirinha.com\/906\/pinto-a-cidade-abre-os-bracos-a-cultura-repousante\/#breadcrumb"},"inLanguage":"es","potentialAction":[{"@type":"ReadAction","target":["https:\/\/tirinha.com\/906\/pinto-a-cidade-abre-os-bracos-a-cultura-repousante\/"]}]},{"@type":"ImageObject","inLanguage":"es","@id":"https:\/\/tirinha.com\/906\/pinto-a-cidade-abre-os-bracos-a-cultura-repousante\/#primaryimage","url":"https:\/\/noticiasparamunicipios.com\/wp-content\/uploads\/2015\/07\/imagen-del-publico.-foto-de-cultura-inquieta.jpg","contentUrl":"https:\/\/noticiasparamunicipios.com\/wp-content\/uploads\/2015\/07\/imagen-del-publico.-foto-de-cultura-inquieta.jpg"},{"@type":"BreadcrumbList","@id":"https:\/\/tirinha.com\/906\/pinto-a-cidade-abre-os-bracos-a-cultura-repousante\/#breadcrumb","itemListElement":[{"@type":"ListItem","position":1,"name":"Home","item":"https:\/\/tirinha.com\/"},{"@type":"ListItem","position":2,"name":"PINTO\/ A cidade abre os bra\u00e7os \u00e0 &#8216;Cultura Repousante&#8217;"}]},{"@type":"WebSite","@id":"https:\/\/tirinha.com\/#website","url":"https:\/\/tirinha.com\/","name":"c\u00f3mics.com","description":"Rese\u00f1as de arte y libros.","publisher":{"@id":"https:\/\/tirinha.com\/#organization"},"potentialAction":[{"@type":"SearchAction","target":{"@type":"EntryPoint","urlTemplate":"https:\/\/tirinha.com\/?s={search_term_string}"},"query-input":{"@type":"PropertyValueSpecification","valueRequired":true,"valueName":"search_term_string"}}],"inLanguage":"es"},{"@type":"Organization","@id":"https:\/\/tirinha.com\/#organization","name":"c\u00f3mics.com","url":"https:\/\/tirinha.com\/","logo":{"@type":"ImageObject","inLanguage":"es","@id":"https:\/\/tirinha.com\/#\/schema\/logo\/image\/","url":"https:\/\/tirinha.com\/wp-content\/uploads\/2023\/08\/cropped-Logo-Tirinha.webp","contentUrl":"https:\/\/tirinha.com\/wp-content\/uploads\/2023\/08\/cropped-Logo-Tirinha.webp","width":512,"height":512,"caption":"Tirinha.com"},"image":{"@id":"https:\/\/tirinha.com\/#\/schema\/logo\/image\/"}},{"@type":"Person","@id":"https:\/\/tirinha.com\/#\/schema\/person\/e22bdfbe17e0461f7e927e6a1208d4d9","name":"administraci\u00f3n","image":{"@type":"ImageObject","inLanguage":"es","@id":"https:\/\/tirinha.com\/wp-content\/litespeed\/avatar\/d0068f7931cc87d7274eb0c3db1deb4b.jpg?ver=1776829466","url":"https:\/\/tirinha.com\/wp-content\/litespeed\/avatar\/d0068f7931cc87d7274eb0c3db1deb4b.jpg?ver=1776829466","contentUrl":"https:\/\/tirinha.com\/wp-content\/litespeed\/avatar\/d0068f7931cc87d7274eb0c3db1deb4b.jpg?ver=1776829466","caption":"admin"},"sameAs":["https:\/\/tirinha.com"],"url":"https:\/\/tirinha.com\/es\/author\/admin\/"}]}},"_links":{"self":[{"href":"https:\/\/tirinha.com\/es\/wp-json\/wp\/v2\/posts\/906","targetHints":{"allow":["GET"]}}],"collection":[{"href":"https:\/\/tirinha.com\/es\/wp-json\/wp\/v2\/posts"}],"about":[{"href":"https:\/\/tirinha.com\/es\/wp-json\/wp\/v2\/types\/post"}],"author":[{"embeddable":true,"href":"https:\/\/tirinha.com\/es\/wp-json\/wp\/v2\/users\/1"}],"replies":[{"embeddable":true,"href":"https:\/\/tirinha.com\/es\/wp-json\/wp\/v2\/comments?post=906"}],"version-history":[{"count":0,"href":"https:\/\/tirinha.com\/es\/wp-json\/wp\/v2\/posts\/906\/revisions"}],"wp:featuredmedia":[{"embeddable":true,"href":"https:\/\/tirinha.com\/es\/wp-json\/wp\/v2\/media\/907"}],"wp:attachment":[{"href":"https:\/\/tirinha.com\/es\/wp-json\/wp\/v2\/media?parent=906"}],"wp:term":[{"taxonomy":"category","embeddable":true,"href":"https:\/\/tirinha.com\/es\/wp-json\/wp\/v2\/categories?post=906"},{"taxonomy":"post_tag","embeddable":true,"href":"https:\/\/tirinha.com\/es\/wp-json\/wp\/v2\/tags?post=906"}],"curies":[{"name":"wp","href":"https:\/\/api.w.org\/{rel}","templated":true}]}}