{"id":880,"date":"2023-04-03T13:43:43","date_gmt":"2023-04-03T13:43:43","guid":{"rendered":"https:\/\/tirinha.com\/madrid-celebra-semana-santa-entre-saetas\/"},"modified":"2023-04-03T13:43:43","modified_gmt":"2023-04-03T13:43:43","slug":"madrid-celebra-semana-santa-entre-saetas","status":"publish","type":"post","link":"https:\/\/tirinha.com\/es\/880\/madrid-celebra-semana-santa-entre-saetas\/","title":{"rendered":"Madrid celebra la Semana Santa entre saetas"},"content":{"rendered":"<p><\/p>\n<p>&#13;<\/p>\n<h2 itemprop=\"alternativeHeadline\">La organizaci\u00f3n cre\u00f3 un mapa ilustrado con el recorrido e informaci\u00f3n sobre las principales procesiones<\/h2>\n<p>&#13;\n                <\/p>\n<div itemprop=\"articleBody\">\n<p style=\"text-align: justify;\"><strong>La programaci\u00f3n cultural que organiza la Concejal\u00eda de Cultura, Turismo y Deportes para la Semana Santa<\/strong> incluye saetas desde balcones y acompa\u00f1amiento de procesiones, <strong>conciertos de \u00f3rgano<\/strong> en la parroquia de San Gin\u00e9s, las acciones de la <strong>Banda Sinf\u00f3nica Municipal<\/strong> en la catedral de La Almudena y el tradicional <strong>tocar bater\u00eda<\/strong> en Plaza Mayor.<\/p>\n<p style=\"text-align: justify;\">\n<p style=\"text-align: justify;\"><strong>Tambi\u00e9n fue creado para orientar a residentes y visitantes de Madrid.<\/strong> por las procesiones que se desarrollar\u00e1n estos d\u00edas por las calles de la ciudad, <strong>un mapa ilustrado<\/strong> con el recorrido e informaci\u00f3n sobre las principales procesiones que acoge la ciudad entre el Viernes Doloroso y el S\u00e1bado Santo.<\/p>\n<p style=\"text-align: justify;\">\n<p style=\"text-align: justify;\"><strong>El 24 de marzo comenz\u00f3 el ciclo\u201d<em>M\u00fasica de \u00f3rgano de San Gin\u00e9s<\/em>\u201d y ahora est\u00e1 celebrando sus dos \u00faltimos conciertos.<\/strong> La primera correr\u00e1 a cargo de Roberto Fresco, organista de la Catedral de Santa Mar\u00eda la Real de la Almudena de Madrid y tendr\u00e1 lugar <strong>hoy.<\/strong> Mientras tanto el<strong> 3 de abril<\/strong> Ser\u00e1 el turno de Bernhard Marx, organista de la Johanneskirche de Friburgo y de la Abad\u00eda de San Blasien en Alemania.<\/p>\n<div id=\"ctl00_ctl00_cph1_cph1_ctrlBlogPost_sumario\" style=\"background-color:#c11d4d;\" class=\"sumarioCentral\">\n<p style=\"text-align: center;\">Grandes cantaores flamencos cantar\u00e1n saetas al paso de algunas de las procesiones<\/p>\n<\/p><\/div>\n<div id=\"ctl00_ctl00_cph1_cph1_ctrlBlogPost_body2\">\n<p style=\"text-align: justify;\"><strong>La Banda Sinf\u00f3nica Municipal<\/strong>dirigida por el maestro Jan Cober, ser\u00e1 la encargada de un nuevo concierto,<strong> Hoy jueves 30 de marzo a las 20 h.<\/strong>, en la Catedral de Santa Mar\u00eda la Real de la Almudena. El grupo musical interpretar\u00e1 la Misa de R\u00e9quiem de Mozart.<\/p>\n<p style=\"text-align: justify;\">\n<p style=\"text-align: justify;\">Otro de los momentos m\u00e1s emocionantes tendr\u00e1 lugar con la intervenci\u00f3n de grandes <strong>Cantaores de flamenco que cantar\u00e1n saetas al paso de algunas de las procesiones.<\/strong> m\u00e1s famoso de la capital. La primera de ellas ser\u00e1 Kiki Morente, <strong>buen viernes<\/strong> 7 de abril a las 20.30 horas, en la procesi\u00f3n de Jes\u00fas de Medinaceli. Al d\u00eda siguiente, el <strong>S\u00e1bado Santo<\/strong> <strong>8 de abril a las 18 h.<\/strong> Ser\u00e1 el turno de Lela Soto \u201cSordera\u201d en la procesi\u00f3n de la Soledad. Este mismo d\u00eda, a las <strong>19:00.<\/strong>la Plaza Mayor ser\u00e1 el escenario de \u201c<strong><em>Flechas desde balcones<\/em><\/strong>\u201c&quot;.<\/p>\n<p style=\"text-align: justify;\">\n<p style=\"text-align: justify;\">Finalmente, el tradicional \u201c<strong><em>tocar bater\u00eda<\/em><\/strong>&quot; en el <strong>plaza principal<\/strong>. Ser\u00e1 el domingo de Resurrecci\u00f3n, 9 de abril, a las 13 horas, por La Real, Muy Ilustre y Antigua Cofrad\u00eda de la Esclavitud de Jes\u00fas Nazareno y Conversi\u00f3n de Santa Magdalena de Zaragoza.<\/p>\n<p style=\"text-align: justify;\">\n<\/p><\/div>\n<\/p><\/div>","protected":false},"excerpt":{"rendered":"<p>La organizaci\u00f3n elabor\u00f3 un mapa ilustrado con el recorrido e informaci\u00f3n sobre las principales procesiones. La programaci\u00f3n cultural\u2026 <\/p>","protected":false},"author":1,"featured_media":0,"comment_status":"open","ping_status":"open","sticky":false,"template":"","format":"standard","meta":{"fifu_image_url":"","fifu_image_alt":"","footnotes":""},"categories":[35],"tags":[],"class_list":["post-880","post","type-post","status-publish","format-standard","hentry","category-cultura-e-lazer","latest_post"],"yoast_head":"<!-- This site is optimized with the Yoast SEO plugin v27.3 - https:\/\/yoast.com\/product\/yoast-seo-wordpress\/ -->\n<title>Madrid celebra Semana Santa entre saetas - Tirinha.com<\/title>\n<meta name=\"robots\" content=\"index, follow, max-snippet:-1, max-image-preview:large, max-video-preview:-1\" \/>\n<link rel=\"canonical\" href=\"https:\/\/tirinha.com\/es\/880\/madrid-celebra-semana-santa-entre-saetas\/\" \/>\n<meta property=\"og:locale\" content=\"es_MX\" \/>\n<meta property=\"og:type\" content=\"article\" \/>\n<meta property=\"og:title\" content=\"Madrid celebra Semana Santa entre saetas - Tirinha.com\" \/>\n<meta property=\"og:description\" content=\"&#013; A organiza\u00e7\u00e3o criou um mapa ilustrado com o percurso e informa\u00e7\u00e3o sobre os principais cortejos &#013; O programa cultural &hellip;\" \/>\n<meta property=\"og:url\" content=\"https:\/\/tirinha.com\/es\/880\/madrid-celebra-semana-santa-entre-saetas\/\" \/>\n<meta property=\"og:site_name\" content=\"Tirinha.com\" \/>\n<meta property=\"article:published_time\" content=\"2023-04-03T13:43:43+00:00\" \/>\n<meta name=\"author\" content=\"admin\" \/>\n<meta name=\"twitter:card\" content=\"summary_large_image\" \/>\n<meta name=\"twitter:label1\" content=\"Escrito por\" \/>\n\t<meta name=\"twitter:data1\" content=\"admin\" \/>\n\t<meta name=\"twitter:label2\" content=\"Tiempo de lectura\" \/>\n\t<meta name=\"twitter:data2\" content=\"2 minutos\" \/>\n<script type=\"application\/ld+json\" class=\"yoast-schema-graph\">{\"@context\":\"https:\\\/\\\/schema.org\",\"@graph\":[{\"@type\":\"Article\",\"@id\":\"https:\\\/\\\/tirinha.com\\\/880\\\/madrid-celebra-semana-santa-entre-saetas\\\/#article\",\"isPartOf\":{\"@id\":\"https:\\\/\\\/tirinha.com\\\/880\\\/madrid-celebra-semana-santa-entre-saetas\\\/\"},\"author\":{\"name\":\"admin\",\"@id\":\"https:\\\/\\\/tirinha.com\\\/#\\\/schema\\\/person\\\/e22bdfbe17e0461f7e927e6a1208d4d9\"},\"headline\":\"Madrid celebra Semana Santa entre saetas\",\"datePublished\":\"2023-04-03T13:43:43+00:00\",\"mainEntityOfPage\":{\"@id\":\"https:\\\/\\\/tirinha.com\\\/880\\\/madrid-celebra-semana-santa-entre-saetas\\\/\"},\"wordCount\":390,\"commentCount\":0,\"publisher\":{\"@id\":\"https:\\\/\\\/tirinha.com\\\/#organization\"},\"articleSection\":[\"Cultura e lazer\"],\"inLanguage\":\"es\",\"potentialAction\":[{\"@type\":\"CommentAction\",\"name\":\"Comment\",\"target\":[\"https:\\\/\\\/tirinha.com\\\/880\\\/madrid-celebra-semana-santa-entre-saetas\\\/#respond\"]}]},{\"@type\":\"WebPage\",\"@id\":\"https:\\\/\\\/tirinha.com\\\/880\\\/madrid-celebra-semana-santa-entre-saetas\\\/\",\"url\":\"https:\\\/\\\/tirinha.com\\\/880\\\/madrid-celebra-semana-santa-entre-saetas\\\/\",\"name\":\"Madrid celebra Semana Santa entre saetas - Tirinha.com\",\"isPartOf\":{\"@id\":\"https:\\\/\\\/tirinha.com\\\/#website\"},\"datePublished\":\"2023-04-03T13:43:43+00:00\",\"breadcrumb\":{\"@id\":\"https:\\\/\\\/tirinha.com\\\/880\\\/madrid-celebra-semana-santa-entre-saetas\\\/#breadcrumb\"},\"inLanguage\":\"es\",\"potentialAction\":[{\"@type\":\"ReadAction\",\"target\":[\"https:\\\/\\\/tirinha.com\\\/880\\\/madrid-celebra-semana-santa-entre-saetas\\\/\"]}]},{\"@type\":\"BreadcrumbList\",\"@id\":\"https:\\\/\\\/tirinha.com\\\/880\\\/madrid-celebra-semana-santa-entre-saetas\\\/#breadcrumb\",\"itemListElement\":[{\"@type\":\"ListItem\",\"position\":1,\"name\":\"Home\",\"item\":\"https:\\\/\\\/tirinha.com\\\/\"},{\"@type\":\"ListItem\",\"position\":2,\"name\":\"Madrid celebra Semana Santa entre saetas\"}]},{\"@type\":\"WebSite\",\"@id\":\"https:\\\/\\\/tirinha.com\\\/#website\",\"url\":\"https:\\\/\\\/tirinha.com\\\/\",\"name\":\"Tirinha.com\",\"description\":\"Arte e livros resenhas\",\"publisher\":{\"@id\":\"https:\\\/\\\/tirinha.com\\\/#organization\"},\"potentialAction\":[{\"@type\":\"SearchAction\",\"target\":{\"@type\":\"EntryPoint\",\"urlTemplate\":\"https:\\\/\\\/tirinha.com\\\/?s={search_term_string}\"},\"query-input\":{\"@type\":\"PropertyValueSpecification\",\"valueRequired\":true,\"valueName\":\"search_term_string\"}}],\"inLanguage\":\"es\"},{\"@type\":\"Organization\",\"@id\":\"https:\\\/\\\/tirinha.com\\\/#organization\",\"name\":\"Tirinha.com\",\"url\":\"https:\\\/\\\/tirinha.com\\\/\",\"logo\":{\"@type\":\"ImageObject\",\"inLanguage\":\"es\",\"@id\":\"https:\\\/\\\/tirinha.com\\\/#\\\/schema\\\/logo\\\/image\\\/\",\"url\":\"https:\\\/\\\/tirinha.com\\\/wp-content\\\/uploads\\\/2023\\\/08\\\/cropped-Logo-Tirinha.webp\",\"contentUrl\":\"https:\\\/\\\/tirinha.com\\\/wp-content\\\/uploads\\\/2023\\\/08\\\/cropped-Logo-Tirinha.webp\",\"width\":512,\"height\":512,\"caption\":\"Tirinha.com\"},\"image\":{\"@id\":\"https:\\\/\\\/tirinha.com\\\/#\\\/schema\\\/logo\\\/image\\\/\"}},{\"@type\":\"Person\",\"@id\":\"https:\\\/\\\/tirinha.com\\\/#\\\/schema\\\/person\\\/e22bdfbe17e0461f7e927e6a1208d4d9\",\"name\":\"admin\",\"image\":{\"@type\":\"ImageObject\",\"inLanguage\":\"es\",\"@id\":\"https:\\\/\\\/tirinha.com\\\/wp-content\\\/litespeed\\\/avatar\\\/d0068f7931cc87d7274eb0c3db1deb4b.jpg?ver=1776829466\",\"url\":\"https:\\\/\\\/tirinha.com\\\/wp-content\\\/litespeed\\\/avatar\\\/d0068f7931cc87d7274eb0c3db1deb4b.jpg?ver=1776829466\",\"contentUrl\":\"https:\\\/\\\/tirinha.com\\\/wp-content\\\/litespeed\\\/avatar\\\/d0068f7931cc87d7274eb0c3db1deb4b.jpg?ver=1776829466\",\"caption\":\"admin\"},\"sameAs\":[\"https:\\\/\\\/tirinha.com\"],\"url\":\"https:\\\/\\\/tirinha.com\\\/es\\\/author\\\/admin\\\/\"}]}<\/script>\n<!-- \/ Yoast SEO plugin. -->","yoast_head_json":{"title":"Madrid celebra Semana Santa entre saetas - Tirinha.com","robots":{"index":"index","follow":"follow","max-snippet":"max-snippet:-1","max-image-preview":"max-image-preview:large","max-video-preview":"max-video-preview:-1"},"canonical":"https:\/\/tirinha.com\/es\/880\/madrid-celebra-semana-santa-entre-saetas\/","og_locale":"es_MX","og_type":"article","og_title":"Madrid celebra Semana Santa entre saetas - Tirinha.com","og_description":"&#13; A organiza\u00e7\u00e3o criou um mapa ilustrado com o percurso e informa\u00e7\u00e3o sobre os principais cortejos &#13; O programa cultural &hellip;","og_url":"https:\/\/tirinha.com\/es\/880\/madrid-celebra-semana-santa-entre-saetas\/","og_site_name":"Tirinha.com","article_published_time":"2023-04-03T13:43:43+00:00","author":"admin","twitter_card":"summary_large_image","twitter_misc":{"Escrito por":"admin","Tiempo de lectura":"2 minutos"},"schema":{"@context":"https:\/\/schema.org","@graph":[{"@type":"Article","@id":"https:\/\/tirinha.com\/880\/madrid-celebra-semana-santa-entre-saetas\/#article","isPartOf":{"@id":"https:\/\/tirinha.com\/880\/madrid-celebra-semana-santa-entre-saetas\/"},"author":{"name":"admin","@id":"https:\/\/tirinha.com\/#\/schema\/person\/e22bdfbe17e0461f7e927e6a1208d4d9"},"headline":"Madrid celebra Semana Santa entre saetas","datePublished":"2023-04-03T13:43:43+00:00","mainEntityOfPage":{"@id":"https:\/\/tirinha.com\/880\/madrid-celebra-semana-santa-entre-saetas\/"},"wordCount":390,"commentCount":0,"publisher":{"@id":"https:\/\/tirinha.com\/#organization"},"articleSection":["Cultura e lazer"],"inLanguage":"es","potentialAction":[{"@type":"CommentAction","name":"Comment","target":["https:\/\/tirinha.com\/880\/madrid-celebra-semana-santa-entre-saetas\/#respond"]}]},{"@type":"WebPage","@id":"https:\/\/tirinha.com\/880\/madrid-celebra-semana-santa-entre-saetas\/","url":"https:\/\/tirinha.com\/880\/madrid-celebra-semana-santa-entre-saetas\/","name":"Madrid celebra Semana Santa entre saetas - Tirinha.com","isPartOf":{"@id":"https:\/\/tirinha.com\/#website"},"datePublished":"2023-04-03T13:43:43+00:00","breadcrumb":{"@id":"https:\/\/tirinha.com\/880\/madrid-celebra-semana-santa-entre-saetas\/#breadcrumb"},"inLanguage":"es","potentialAction":[{"@type":"ReadAction","target":["https:\/\/tirinha.com\/880\/madrid-celebra-semana-santa-entre-saetas\/"]}]},{"@type":"BreadcrumbList","@id":"https:\/\/tirinha.com\/880\/madrid-celebra-semana-santa-entre-saetas\/#breadcrumb","itemListElement":[{"@type":"ListItem","position":1,"name":"Home","item":"https:\/\/tirinha.com\/"},{"@type":"ListItem","position":2,"name":"Madrid celebra Semana Santa entre saetas"}]},{"@type":"WebSite","@id":"https:\/\/tirinha.com\/#website","url":"https:\/\/tirinha.com\/","name":"c\u00f3mics.com","description":"Rese\u00f1as de arte y libros.","publisher":{"@id":"https:\/\/tirinha.com\/#organization"},"potentialAction":[{"@type":"SearchAction","target":{"@type":"EntryPoint","urlTemplate":"https:\/\/tirinha.com\/?s={search_term_string}"},"query-input":{"@type":"PropertyValueSpecification","valueRequired":true,"valueName":"search_term_string"}}],"inLanguage":"es"},{"@type":"Organization","@id":"https:\/\/tirinha.com\/#organization","name":"c\u00f3mics.com","url":"https:\/\/tirinha.com\/","logo":{"@type":"ImageObject","inLanguage":"es","@id":"https:\/\/tirinha.com\/#\/schema\/logo\/image\/","url":"https:\/\/tirinha.com\/wp-content\/uploads\/2023\/08\/cropped-Logo-Tirinha.webp","contentUrl":"https:\/\/tirinha.com\/wp-content\/uploads\/2023\/08\/cropped-Logo-Tirinha.webp","width":512,"height":512,"caption":"Tirinha.com"},"image":{"@id":"https:\/\/tirinha.com\/#\/schema\/logo\/image\/"}},{"@type":"Person","@id":"https:\/\/tirinha.com\/#\/schema\/person\/e22bdfbe17e0461f7e927e6a1208d4d9","name":"administraci\u00f3n","image":{"@type":"ImageObject","inLanguage":"es","@id":"https:\/\/tirinha.com\/wp-content\/litespeed\/avatar\/d0068f7931cc87d7274eb0c3db1deb4b.jpg?ver=1776829466","url":"https:\/\/tirinha.com\/wp-content\/litespeed\/avatar\/d0068f7931cc87d7274eb0c3db1deb4b.jpg?ver=1776829466","contentUrl":"https:\/\/tirinha.com\/wp-content\/litespeed\/avatar\/d0068f7931cc87d7274eb0c3db1deb4b.jpg?ver=1776829466","caption":"admin"},"sameAs":["https:\/\/tirinha.com"],"url":"https:\/\/tirinha.com\/es\/author\/admin\/"}]}},"_links":{"self":[{"href":"https:\/\/tirinha.com\/es\/wp-json\/wp\/v2\/posts\/880","targetHints":{"allow":["GET"]}}],"collection":[{"href":"https:\/\/tirinha.com\/es\/wp-json\/wp\/v2\/posts"}],"about":[{"href":"https:\/\/tirinha.com\/es\/wp-json\/wp\/v2\/types\/post"}],"author":[{"embeddable":true,"href":"https:\/\/tirinha.com\/es\/wp-json\/wp\/v2\/users\/1"}],"replies":[{"embeddable":true,"href":"https:\/\/tirinha.com\/es\/wp-json\/wp\/v2\/comments?post=880"}],"version-history":[{"count":0,"href":"https:\/\/tirinha.com\/es\/wp-json\/wp\/v2\/posts\/880\/revisions"}],"wp:attachment":[{"href":"https:\/\/tirinha.com\/es\/wp-json\/wp\/v2\/media?parent=880"}],"wp:term":[{"taxonomy":"category","embeddable":true,"href":"https:\/\/tirinha.com\/es\/wp-json\/wp\/v2\/categories?post=880"},{"taxonomy":"post_tag","embeddable":true,"href":"https:\/\/tirinha.com\/es\/wp-json\/wp\/v2\/tags?post=880"}],"curies":[{"name":"wp","href":"https:\/\/api.w.org\/{rel}","templated":true}]}}