{"id":1151,"date":"2023-04-14T17:07:03","date_gmt":"2023-04-14T17:07:03","guid":{"rendered":"https:\/\/tirinha.com\/entrevista-com-inaki-miramon-nos-pacientes-do-doutor-garcia\/"},"modified":"2023-04-14T17:07:03","modified_gmt":"2023-04-14T17:07:03","slug":"entrevista-com-inaki-miramon-nos-pacientes-do-doutor-garcia","status":"publish","type":"post","link":"https:\/\/tirinha.com\/es\/1151\/entrevista-com-inaki-miramon-nos-pacientes-do-doutor-garcia\/","title":{"rendered":"Entrevista a I\u00f1aki Miram\u00f3n sobre los pacientes del Doctor Garc\u00eda"},"content":{"rendered":"<p><\/p>\n<div>\n<h2>I\u00f1aki Miram\u00f3n no es s\u00f3lo un actor multidisciplinar, a lo largo de su vida tambi\u00e9n se ha interesado por el arte en los \u00e1mbitos de la escultura y la fotograf\u00eda.<\/h2>\n<p><strong>El actor concedi\u00f3 una entrevista a El Generacional durante el <em>llamada de foto<\/em> celebrado por el estreno de la serie <em>Pacientes del Dr. Garc\u00eda<\/em> de RTVE, la adaptaci\u00f3n de la novela de Almudena Grandes.<\/strong><\/p>\n<h3>\u00bfQui\u00e9n es I\u00f1aki Miram\u00f3n?<\/h3>\n<p>I\u00f1aki Miram\u00f3n (Bilbao, 1957) es actor de cine, teatro y televisi\u00f3n desde 1977. Comenz\u00f3 a actuar en el grupo de teatro <strong>Narruzko Zezen<\/strong>por la Universidad del Trabajo de \u00c9ibar, y en 1976 comenz\u00f3 a estudiar en <strong>Real Escuela de Arte Dram\u00e1tico de Madrid<\/strong> (ESTAS TRISTE).<\/p>\n<p>Debut cinematogr\u00e1fico profesional <em>logro<\/em> (1978), y desde entonces ha participado en otros largometrajes como <em>Tres en raya<\/em> (1979); jugar como <em>los ochenta son nuestros<\/em>por Ana Diosdado, y <em>La venganza de Dom Mendo<\/em>de Pedro Mu\u00f1oz Seca; y series de televisi\u00f3n como <em>media naranja<\/em>Por Jes\u00fas Yag\u00fce. En 2000, fue nombrado miembro del <strong>Premio Goya a la mejor interpretaci\u00f3n masculina de reparto<\/strong> para la pel\u00edcula <em>Eres el \u00fanico (una historia de entonces)<\/em>por Jos\u00e9 Luis Garci; y este a\u00f1o gan\u00f3 el premio como <strong>Mejor actor de reparto en televisi\u00f3n<\/strong> para la serie Amar es para siempre, de Antena 3.<\/p>\n<p><strong>Preguntar:<\/strong> <strong>\u00bfCrees que Almudena Grandes estar\u00eda satisfecha con el resultado final de la serie?<\/strong><\/p>\n<p><span style=\"font-weight: 400\"><strong>Responder:<\/strong> Ya vi el primer cap\u00edtulo de la serie, porque lo proyectaron en el cine, y la verdad es que todos quedaron encantados. La producci\u00f3n de la serie es estupenda, est\u00e1 muy cuidada, se nota que <strong>hay una producci\u00f3n muy grande y muy profesional detr\u00e1s<\/strong>. De todos modos quiero decir que todos esper\u00e1bamos lo mejor de la serie, pero yo no lo vi. Lo que vi, que es un cap\u00edtulo, es ciertamente genial. <\/span><\/p>\n<p><strong>P: \u00bfCrees que en el futuro ser\u00e1 posible sacar todas las novelas de <em>Episodios de una guerra sin fin<\/em> \u00bfAl g\u00e9nero audiovisual?<\/strong><\/p>\n<p><span style=\"font-weight: 400\"><strong>A: <\/strong>S\u00ed, creo que este no ser\u00e1 el \u00faltimo libro de Almudena Grandes que se haga, es muy probable que traigan otro porque tambi\u00e9n siempre es un tipo de problema. <strong>muy social<\/strong>, <strong>muchas cosas que afectan al mundo entero<\/strong> Es <strong>muy perdedores<\/strong> tambi\u00e9n. Creo que se har\u00e1n m\u00e1s libros y se har\u00e1n, no s\u00e9, tal vez incluso pel\u00edculas o lo que sea, no tienen que ser series. Aunque ahora la serie ya est\u00e1 muy destilada.<\/span><\/p>\n<p><strong>P: Tus dos hijos est\u00e1n ingresando a la profesi\u00f3n de actor, \u00bfc\u00f3mo ves el futuro de este campo del entretenimiento?<\/strong><\/p>\n<p><span style=\"font-weight: 400\"><strong>A: <\/strong>Ya os dije que es muy complicado, cada vez somos m\u00e1s y hay mucho talento, mucha juventud y gente muy preparada. Lo que hay que hacer es tom\u00e1rselo muy en serio, trabajar duro, luchar mucho y tener un poco de suerte tambi\u00e9n.<\/span><\/p>\n<p><strong>P: Tu hijo Lucas ha participado en varios musicales, \u00bfalguna vez pensaste en trabajar en este rubro?<\/strong><\/p>\n<p><span style=\"font-weight: 400\"><strong>A: <\/strong>S\u00ed, el musical es muy bonito, pero hay que tener la oportunidad, es complicado. Canto, pero tampoco soy cantante. Lo dejamos donde canto. Pero hay gente que tambi\u00e9n canta maravillosamente bien, ves gente por ah\u00ed que dice \u201cmadre del amor hermoso, \u00bfc\u00f3mo cantas as\u00ed?\u201d. Dotada por naturaleza y, por supuesto, me gustar\u00eda hacer un musical, pero cantando poco (risas).<\/span><\/p>\n<p><strong>P: Respecto a tu pasi\u00f3n por la fotograf\u00eda, \u00bftienes alg\u00fan proyecto en camino?<\/strong><\/p>\n<p><span style=\"font-weight: 400\"><strong>A: <\/strong>Con la fotograf\u00eda tengo algunas cosas, proyectos, vamos a hacer uno <strong>album de fotos<\/strong> y otro es un <strong>exhibici\u00f3n<\/strong>, del que todav\u00eda no puedo hablar hasta el d\u00eda 24. El libro trata principalmente de fotograf\u00edas, basado en fotos que tomo de mis colegas, maquillaje, cosas as\u00ed. Ahora estoy haciendo una selecci\u00f3n de fotos.<\/span><\/p>\n<p><strong>P: \u00bfY en escultura?<\/strong><\/p>\n<p><span style=\"font-weight: 400\"><strong>A: <\/strong>tengo la escultura <strong>muy quieto<\/strong>, porque para escultura necesitas un taller y no tengo espacio. Antes ten\u00eda una habitaci\u00f3n en casa, luego tienes un hijo, te quedas sin espacio y tienes que elegir. Tuve mi proceso con la escultura, al cual nunca digo que no volver\u00e9, pero llevo muchos a\u00f1os fuera de acci\u00f3n, muchas de mis esculturas las tengo en casa.<\/span><\/p>\n<p><strong>P: \u00bfTe gustar\u00eda verlos en una exposici\u00f3n?<\/strong><\/p>\n<p><span style=\"font-weight: 400\"><strong>A: <\/strong>S\u00ed, ya he tenido cierta exposici\u00f3n. Hice uno en Fuenlabrada de fotograf\u00eda y escultura hace unos a\u00f1os y se integraron las dos cosas. Fue muy bueno, qued\u00e9 muy satisfecho.<\/span><\/p>\n<p><strong>P: Si tuvieras que elegir entre cine y teatro, \u00bfa qu\u00e9 te dedicar\u00edas el resto de tu carrera?<\/strong><\/p>\n<p><span style=\"font-weight: 400\"><strong>A: <\/strong>Todo tiene sus pros y sus contras, para m\u00ed en el teatro el <strong>contacto directo<\/strong> con el p\u00fablico me parece maravilloso. Ahora que estoy con <\/span><i><span style=\"font-weight: 400\">El amor es para siempre<\/span><\/i><span style=\"font-weight: 400\">, la serie, por ejemplo, llevas mucho tiempo haciendo series y quieres hacer teatro, llevas mucho tiempo haciendo teatro, quieres hacer una pel\u00edcula o quieres hacer algo con im\u00e1genes. En esta profesi\u00f3n est\u00e1 bien cambiar, existe la posibilidad de cambiar de entorno y pasar a <strong>otra forma de oxigenarte<\/strong>, para desencadenar una forma continua de trabajar muy similar, y de repente entras en otra fase, que tambi\u00e9n es genial. No sabr\u00eda elegir, es cierto que sobre todo en mi vida lo que m\u00e1s he hecho es teatro. Mi <\/span><i><span style=\"font-weight: 400\">modus vivendi<\/span><\/i><span style=\"font-weight: 400\">  Ha sido teatro. Ahora tengo una temporada larga tambi\u00e9n con series, pero lo que siempre he trabajado por encima de todo es el teatro.<\/span><\/p>\n<p>Miram\u00f3n interpretar\u00e1 al personaje de Basilio Rodr\u00edguez en la serie de RTVE <em>Pacientes del Dr. Garc\u00eda<\/em>, que saldr\u00e1 al aire esta primavera. Se trata de una adaptaci\u00f3n de la novela hom\u00f3nima de Almudena Grandes.<\/p>\n<figure id=\"attachment_85741\" aria-describedby=\"caption-attachment-85741\" style=\"width: 334px\" class=\"wp-caption aligncenter\"><img fetchpriority=\"high\" data-attachment-id=\"85741\" data-permalink=\"https:\/\/elgeneracionalpost.com\/cultura\/2023\/0414\/85453\/inaki-miramon-entrevista.html\/attachment\/_dsc9363-2\" data-orig-file=\"https:\/\/i0.wp.com\/elgeneracionalpost.com\/wp-content\/uploads\/2023\/04\/DSC9363-1.jpg?fit=1696%2C2560&amp;ssl=1\" data-orig-size=\"1696,2560\" data-comments-opened=\"0\" data-image-meta=\"{&quot;aperture&quot;:&quot;7.1&quot;,&quot;credit&quot;:&quot;ALAN_OTTO&quot;,&quot;camera&quot;:&quot;NIKON D7000&quot;,&quot;caption&quot;:&quot;&quot;,&quot;created_timestamp&quot;:&quot;1681123118&quot;,&quot;copyright&quot;:&quot;ALAN_OTTO&quot;,&quot;focal_length&quot;:&quot;31&quot;,&quot;iso&quot;:&quot;2000&quot;,&quot;shutter_speed&quot;:&quot;0.004&quot;,&quot;title&quot;:&quot;&quot;,&quot;orientation&quot;:&quot;1&quot;}\" data-image-title=\"Cartel promocional\" data-image-description=\"\" data-image-caption=\"\" data-medium-file=\"https:\/\/i0.wp.com\/elgeneracionalpost.com\/wp-content\/uploads\/2023\/04\/DSC9363-1.jpg?fit=199%2C300&amp;ssl=1\" data-large-file=\"https:\/\/i0.wp.com\/elgeneracionalpost.com\/wp-content\/uploads\/2023\/04\/DSC9363-1.jpg?fit=678%2C1024&amp;ssl=1\" decoding=\"async\" class=\"wp-image-85741 jetpack-lazy-image\" src=\"https:\/\/i0.wp.com\/elgeneracionalpost.com\/wp-content\/uploads\/2023\/04\/DSC9363-1.jpg?resize=334%2C504&amp;ssl=1\" alt=\"\" width=\"334\" height=\"504\" data-recalc-dims=\"1\" data-lazy-srcset=\"https:\/\/i0.wp.com\/elgeneracionalpost.com\/wp-content\/uploads\/2023\/04\/DSC9363-1.jpg?resize=199%2C300&amp;ssl=1 199w, https:\/\/i0.wp.com\/elgeneracionalpost.com\/wp-content\/uploads\/2023\/04\/DSC9363-1.jpg?resize=678%2C1024&amp;ssl=1 678w, https:\/\/i0.wp.com\/elgeneracionalpost.com\/wp-content\/uploads\/2023\/04\/DSC9363-1.jpg?resize=768%2C1159&amp;ssl=1 768w, https:\/\/i0.wp.com\/elgeneracionalpost.com\/wp-content\/uploads\/2023\/04\/DSC9363-1.jpg?resize=1018%2C1536&amp;ssl=1 1018w, https:\/\/i0.wp.com\/elgeneracionalpost.com\/wp-content\/uploads\/2023\/04\/DSC9363-1.jpg?resize=1357%2C2048&amp;ssl=1 1357w, https:\/\/i0.wp.com\/elgeneracionalpost.com\/wp-content\/uploads\/2023\/04\/DSC9363-1.jpg?resize=150%2C226&amp;ssl=1 150w, https:\/\/i0.wp.com\/elgeneracionalpost.com\/wp-content\/uploads\/2023\/04\/DSC9363-1.jpg?resize=300%2C453&amp;ssl=1 300w, https:\/\/i0.wp.com\/elgeneracionalpost.com\/wp-content\/uploads\/2023\/04\/DSC9363-1.jpg?resize=696%2C1051&amp;ssl=1 696w, https:\/\/i0.wp.com\/elgeneracionalpost.com\/wp-content\/uploads\/2023\/04\/DSC9363-1.jpg?resize=1068%2C1612&amp;ssl=1 1068w, https:\/\/i0.wp.com\/elgeneracionalpost.com\/wp-content\/uploads\/2023\/04\/DSC9363-1.jpg?w=1696&amp;ssl=1 1696w\" data-lazy-sizes=\"(max-width: 334px) 100vw, 334px\" data-lazy-src=\"https:\/\/i0.wp.com\/elgeneracionalpost.com\/wp-content\/uploads\/2023\/04\/DSC9363-1.jpg?resize=334%2C504&amp;is-pending-load=1#038;ssl=1\" srcset=\"data:image\/gif;base64,R0lGODlhAQABAIAAAAAAAP\/\/\/yH5BAEAAAAALAAAAAABAAEAAAIBRAA7\"\/><noscript><img data-lazy-fallback=\"1\" data-attachment-id=\"85741\" data-permalink=\"https:\/\/elgeneracionalpost.com\/cultura\/2023\/0414\/85453\/inaki-miramon-entrevista.html\/attachment\/_dsc9363-2\" data-orig-file=\"https:\/\/i0.wp.com\/elgeneracionalpost.com\/wp-content\/uploads\/2023\/04\/DSC9363-1.jpg?fit=1696%2C2560&amp;ssl=1\" data-orig-size=\"1696,2560\" data-comments-opened=\"0\" data-image-meta=\"{&quot;aperture&quot;:&quot;7.1&quot;,&quot;credit&quot;:&quot;ALAN_OTTO&quot;,&quot;camera&quot;:&quot;NIKON D7000&quot;,&quot;caption&quot;:&quot;&quot;,&quot;created_timestamp&quot;:&quot;1681123118&quot;,&quot;copyright&quot;:&quot;ALAN_OTTO&quot;,&quot;focal_length&quot;:&quot;31&quot;,&quot;iso&quot;:&quot;2000&quot;,&quot;shutter_speed&quot;:&quot;0.004&quot;,&quot;title&quot;:&quot;&quot;,&quot;orientation&quot;:&quot;1&quot;}\" data-image-title=\"Cartel promocional\" data-image-description=\"\" data-image-caption=\"\" data-medium-file=\"https:\/\/i0.wp.com\/elgeneracionalpost.com\/wp-content\/uploads\/2023\/04\/DSC9363-1.jpg?fit=199%2C300&amp;ssl=1\" data-large-file=\"https:\/\/i0.wp.com\/elgeneracionalpost.com\/wp-content\/uploads\/2023\/04\/DSC9363-1.jpg?fit=678%2C1024&amp;ssl=1\" decoding=\"async\" class=\"wp-image-85741\" src=\"https:\/\/i0.wp.com\/elgeneracionalpost.com\/wp-content\/uploads\/2023\/04\/DSC9363-1.jpg?resize=334%2C504&amp;ssl=1\" alt=\"\" width=\"334\" height=\"504\" srcset=\"https:\/\/i0.wp.com\/elgeneracionalpost.com\/wp-content\/uploads\/2023\/04\/DSC9363-1.jpg?resize=199%2C300&amp;ssl=1 199w, https:\/\/i0.wp.com\/elgeneracionalpost.com\/wp-content\/uploads\/2023\/04\/DSC9363-1.jpg?resize=678%2C1024&amp;ssl=1 678w, https:\/\/i0.wp.com\/elgeneracionalpost.com\/wp-content\/uploads\/2023\/04\/DSC9363-1.jpg?resize=768%2C1159&amp;ssl=1 768w, https:\/\/i0.wp.com\/elgeneracionalpost.com\/wp-content\/uploads\/2023\/04\/DSC9363-1.jpg?resize=1018%2C1536&amp;ssl=1 1018w, https:\/\/i0.wp.com\/elgeneracionalpost.com\/wp-content\/uploads\/2023\/04\/DSC9363-1.jpg?resize=1357%2C2048&amp;ssl=1 1357w, https:\/\/i0.wp.com\/elgeneracionalpost.com\/wp-content\/uploads\/2023\/04\/DSC9363-1.jpg?resize=150%2C226&amp;ssl=1 150w, https:\/\/i0.wp.com\/elgeneracionalpost.com\/wp-content\/uploads\/2023\/04\/DSC9363-1.jpg?resize=300%2C453&amp;ssl=1 300w, https:\/\/i0.wp.com\/elgeneracionalpost.com\/wp-content\/uploads\/2023\/04\/DSC9363-1.jpg?resize=696%2C1051&amp;ssl=1 696w, https:\/\/i0.wp.com\/elgeneracionalpost.com\/wp-content\/uploads\/2023\/04\/DSC9363-1.jpg?resize=1068%2C1612&amp;ssl=1 1068w, https:\/\/i0.wp.com\/elgeneracionalpost.com\/wp-content\/uploads\/2023\/04\/DSC9363-1.jpg?w=1696&amp;ssl=1 1696w\" sizes=\"(max-width: 334px) 100vw, 334px\" data-recalc-dims=\"1\"\/><\/noscript><figcaption id=\"caption-attachment-85741\" class=\"wp-caption-text\">Cartel promocional de &#039;Los Pacientes del Dr. Garc\u00eda&#039; | Fuente: Jaime Luj\u00e1n Alarc\u00f3n (O Geracional)<\/figcaption><\/figure>\n<div class=\"sharedaddy sd-block sd-like jetpack-likes-widget-wrapper jetpack-likes-widget-unloaded\" id=\"like-post-wrapper-153844979-85453-64398783dfd78\" data-src=\"https:\/\/widgets.wp.com\/likes\/#blog_id=153844979&amp;post_id=85453&amp;origin=elgeneracionalpost.com&amp;obj_id=153844979-85453-64398783dfd78\" data-name=\"like-post-frame-153844979-85453-64398783dfd78\" data-title=\"Me gusta o Compartir\">\n<h3 class=\"sd-title\">Me gusta esto:<\/h3>\n<p><span class=\"button\"><span>Me gusta<\/span><\/span> <span class=\"loading\">Cargando\u2026<\/span><\/p>\n<p><span class=\"sd-text-color\"\/><\/div>\n<p><h3 class=\"jp-relatedposts-headline\"><em>Relacionado<\/em><\/h3>\n<\/p>\n<\/div>","protected":false},"excerpt":{"rendered":"<p>I\u00f1aki Miram\u00f3n no es s\u00f3lo un actor multidisciplinar, a lo largo de su vida tambi\u00e9n se ha interesado por el arte en los \u00e1mbitos\u2026 <\/p>","protected":false},"author":1,"featured_media":1152,"comment_status":"open","ping_status":"open","sticky":false,"template":"","format":"standard","meta":{"fifu_image_url":"https:\/\/elgeneracionalpost.com\/wp-content\/uploads\/2023\/04\/DSC94461-1-1024x679.jpg","fifu_image_alt":"","footnotes":""},"categories":[35],"tags":[],"class_list":["post-1151","post","type-post","status-publish","format-standard","has-post-thumbnail","hentry","category-cultura-e-lazer","latest_post"],"yoast_head":"<!-- This site is optimized with the Yoast SEO plugin v27.3 - https:\/\/yoast.com\/product\/yoast-seo-wordpress\/ -->\n<title>Entrevista com I\u00f1aki Miram\u00f3n nos pacientes do Doutor Garc\u00eda - Tirinha.com<\/title>\n<meta name=\"robots\" content=\"index, follow, max-snippet:-1, max-image-preview:large, max-video-preview:-1\" \/>\n<link rel=\"canonical\" href=\"https:\/\/tirinha.com\/es\/1151\/entrevista-com-inaki-miramon-nos-pacientes-do-doutor-garcia\/\" \/>\n<meta property=\"og:locale\" content=\"es_MX\" \/>\n<meta property=\"og:type\" content=\"article\" \/>\n<meta property=\"og:title\" content=\"Entrevista com I\u00f1aki Miram\u00f3n nos pacientes do Doutor Garc\u00eda - Tirinha.com\" \/>\n<meta property=\"og:description\" content=\"I\u00f1aki Miram\u00f3n n\u00e3o \u00e9 apenas um ator multidisciplinar, ao longo de sua vida tamb\u00e9m se interessou por arte nas \u00e1reas &hellip;\" \/>\n<meta property=\"og:url\" content=\"https:\/\/tirinha.com\/es\/1151\/entrevista-com-inaki-miramon-nos-pacientes-do-doutor-garcia\/\" \/>\n<meta property=\"og:site_name\" content=\"Tirinha.com\" \/>\n<meta property=\"article:published_time\" content=\"2023-04-14T17:07:03+00:00\" \/>\n<meta property=\"og:image\" content=\"https:\/\/elgeneracionalpost.com\/wp-content\/uploads\/2023\/04\/DSC94461-1-1024x679.jpg\" \/>\n<meta name=\"author\" content=\"admin\" \/>\n<meta name=\"twitter:card\" content=\"summary_large_image\" \/>\n<meta name=\"twitter:image\" content=\"https:\/\/elgeneracionalpost.com\/wp-content\/uploads\/2023\/04\/DSC94461-1-1024x679.jpg\" \/>\n<meta name=\"twitter:label1\" content=\"Escrito por\" \/>\n\t<meta name=\"twitter:data1\" content=\"admin\" \/>\n\t<meta name=\"twitter:label2\" content=\"Tiempo de lectura\" \/>\n\t<meta name=\"twitter:data2\" content=\"5 minutos\" \/>\n<script type=\"application\/ld+json\" class=\"yoast-schema-graph\">{\"@context\":\"https:\\\/\\\/schema.org\",\"@graph\":[{\"@type\":\"Article\",\"@id\":\"https:\\\/\\\/tirinha.com\\\/1151\\\/entrevista-com-inaki-miramon-nos-pacientes-do-doutor-garcia\\\/#article\",\"isPartOf\":{\"@id\":\"https:\\\/\\\/tirinha.com\\\/1151\\\/entrevista-com-inaki-miramon-nos-pacientes-do-doutor-garcia\\\/\"},\"author\":{\"name\":\"admin\",\"@id\":\"https:\\\/\\\/tirinha.com\\\/#\\\/schema\\\/person\\\/e22bdfbe17e0461f7e927e6a1208d4d9\"},\"headline\":\"Entrevista com I\u00f1aki Miram\u00f3n nos pacientes do Doutor Garc\u00eda\",\"datePublished\":\"2023-04-14T17:07:03+00:00\",\"mainEntityOfPage\":{\"@id\":\"https:\\\/\\\/tirinha.com\\\/1151\\\/entrevista-com-inaki-miramon-nos-pacientes-do-doutor-garcia\\\/\"},\"wordCount\":975,\"commentCount\":0,\"publisher\":{\"@id\":\"https:\\\/\\\/tirinha.com\\\/#organization\"},\"image\":{\"@id\":\"https:\\\/\\\/tirinha.com\\\/1151\\\/entrevista-com-inaki-miramon-nos-pacientes-do-doutor-garcia\\\/#primaryimage\"},\"thumbnailUrl\":\"https:\\\/\\\/elgeneracionalpost.com\\\/wp-content\\\/uploads\\\/2023\\\/04\\\/DSC94461-1-1024x679.jpg\",\"articleSection\":[\"Cultura e lazer\"],\"inLanguage\":\"es\",\"potentialAction\":[{\"@type\":\"CommentAction\",\"name\":\"Comment\",\"target\":[\"https:\\\/\\\/tirinha.com\\\/1151\\\/entrevista-com-inaki-miramon-nos-pacientes-do-doutor-garcia\\\/#respond\"]}]},{\"@type\":\"WebPage\",\"@id\":\"https:\\\/\\\/tirinha.com\\\/1151\\\/entrevista-com-inaki-miramon-nos-pacientes-do-doutor-garcia\\\/\",\"url\":\"https:\\\/\\\/tirinha.com\\\/1151\\\/entrevista-com-inaki-miramon-nos-pacientes-do-doutor-garcia\\\/\",\"name\":\"Entrevista com I\u00f1aki Miram\u00f3n nos pacientes do Doutor Garc\u00eda - Tirinha.com\",\"isPartOf\":{\"@id\":\"https:\\\/\\\/tirinha.com\\\/#website\"},\"primaryImageOfPage\":{\"@id\":\"https:\\\/\\\/tirinha.com\\\/1151\\\/entrevista-com-inaki-miramon-nos-pacientes-do-doutor-garcia\\\/#primaryimage\"},\"image\":{\"@id\":\"https:\\\/\\\/tirinha.com\\\/1151\\\/entrevista-com-inaki-miramon-nos-pacientes-do-doutor-garcia\\\/#primaryimage\"},\"thumbnailUrl\":\"https:\\\/\\\/elgeneracionalpost.com\\\/wp-content\\\/uploads\\\/2023\\\/04\\\/DSC94461-1-1024x679.jpg\",\"datePublished\":\"2023-04-14T17:07:03+00:00\",\"breadcrumb\":{\"@id\":\"https:\\\/\\\/tirinha.com\\\/1151\\\/entrevista-com-inaki-miramon-nos-pacientes-do-doutor-garcia\\\/#breadcrumb\"},\"inLanguage\":\"es\",\"potentialAction\":[{\"@type\":\"ReadAction\",\"target\":[\"https:\\\/\\\/tirinha.com\\\/1151\\\/entrevista-com-inaki-miramon-nos-pacientes-do-doutor-garcia\\\/\"]}]},{\"@type\":\"ImageObject\",\"inLanguage\":\"es\",\"@id\":\"https:\\\/\\\/tirinha.com\\\/1151\\\/entrevista-com-inaki-miramon-nos-pacientes-do-doutor-garcia\\\/#primaryimage\",\"url\":\"https:\\\/\\\/elgeneracionalpost.com\\\/wp-content\\\/uploads\\\/2023\\\/04\\\/DSC94461-1-1024x679.jpg\",\"contentUrl\":\"https:\\\/\\\/elgeneracionalpost.com\\\/wp-content\\\/uploads\\\/2023\\\/04\\\/DSC94461-1-1024x679.jpg\"},{\"@type\":\"BreadcrumbList\",\"@id\":\"https:\\\/\\\/tirinha.com\\\/1151\\\/entrevista-com-inaki-miramon-nos-pacientes-do-doutor-garcia\\\/#breadcrumb\",\"itemListElement\":[{\"@type\":\"ListItem\",\"position\":1,\"name\":\"Home\",\"item\":\"https:\\\/\\\/tirinha.com\\\/\"},{\"@type\":\"ListItem\",\"position\":2,\"name\":\"Entrevista com I\u00f1aki Miram\u00f3n nos pacientes do Doutor Garc\u00eda\"}]},{\"@type\":\"WebSite\",\"@id\":\"https:\\\/\\\/tirinha.com\\\/#website\",\"url\":\"https:\\\/\\\/tirinha.com\\\/\",\"name\":\"Tirinha.com\",\"description\":\"Arte e livros resenhas\",\"publisher\":{\"@id\":\"https:\\\/\\\/tirinha.com\\\/#organization\"},\"potentialAction\":[{\"@type\":\"SearchAction\",\"target\":{\"@type\":\"EntryPoint\",\"urlTemplate\":\"https:\\\/\\\/tirinha.com\\\/?s={search_term_string}\"},\"query-input\":{\"@type\":\"PropertyValueSpecification\",\"valueRequired\":true,\"valueName\":\"search_term_string\"}}],\"inLanguage\":\"es\"},{\"@type\":\"Organization\",\"@id\":\"https:\\\/\\\/tirinha.com\\\/#organization\",\"name\":\"Tirinha.com\",\"url\":\"https:\\\/\\\/tirinha.com\\\/\",\"logo\":{\"@type\":\"ImageObject\",\"inLanguage\":\"es\",\"@id\":\"https:\\\/\\\/tirinha.com\\\/#\\\/schema\\\/logo\\\/image\\\/\",\"url\":\"https:\\\/\\\/tirinha.com\\\/wp-content\\\/uploads\\\/2023\\\/08\\\/cropped-Logo-Tirinha.webp\",\"contentUrl\":\"https:\\\/\\\/tirinha.com\\\/wp-content\\\/uploads\\\/2023\\\/08\\\/cropped-Logo-Tirinha.webp\",\"width\":512,\"height\":512,\"caption\":\"Tirinha.com\"},\"image\":{\"@id\":\"https:\\\/\\\/tirinha.com\\\/#\\\/schema\\\/logo\\\/image\\\/\"}},{\"@type\":\"Person\",\"@id\":\"https:\\\/\\\/tirinha.com\\\/#\\\/schema\\\/person\\\/e22bdfbe17e0461f7e927e6a1208d4d9\",\"name\":\"admin\",\"image\":{\"@type\":\"ImageObject\",\"inLanguage\":\"es\",\"@id\":\"https:\\\/\\\/tirinha.com\\\/wp-content\\\/litespeed\\\/avatar\\\/d0068f7931cc87d7274eb0c3db1deb4b.jpg?ver=1776829466\",\"url\":\"https:\\\/\\\/tirinha.com\\\/wp-content\\\/litespeed\\\/avatar\\\/d0068f7931cc87d7274eb0c3db1deb4b.jpg?ver=1776829466\",\"contentUrl\":\"https:\\\/\\\/tirinha.com\\\/wp-content\\\/litespeed\\\/avatar\\\/d0068f7931cc87d7274eb0c3db1deb4b.jpg?ver=1776829466\",\"caption\":\"admin\"},\"sameAs\":[\"https:\\\/\\\/tirinha.com\"],\"url\":\"https:\\\/\\\/tirinha.com\\\/es\\\/author\\\/admin\\\/\"}]}<\/script>\n<!-- \/ Yoast SEO plugin. -->","yoast_head_json":{"title":"Entrevista a I\u00f1aki Miram\u00f3n sobre los pacientes del Doctor Garc\u00eda - Tirinha.com","robots":{"index":"index","follow":"follow","max-snippet":"max-snippet:-1","max-image-preview":"max-image-preview:large","max-video-preview":"max-video-preview:-1"},"canonical":"https:\/\/tirinha.com\/es\/1151\/entrevista-com-inaki-miramon-nos-pacientes-do-doutor-garcia\/","og_locale":"es_MX","og_type":"article","og_title":"Entrevista com I\u00f1aki Miram\u00f3n nos pacientes do Doutor Garc\u00eda - Tirinha.com","og_description":"I\u00f1aki Miram\u00f3n n\u00e3o \u00e9 apenas um ator multidisciplinar, ao longo de sua vida tamb\u00e9m se interessou por arte nas \u00e1reas &hellip;","og_url":"https:\/\/tirinha.com\/es\/1151\/entrevista-com-inaki-miramon-nos-pacientes-do-doutor-garcia\/","og_site_name":"Tirinha.com","article_published_time":"2023-04-14T17:07:03+00:00","og_image":[{"url":"https:\/\/elgeneracionalpost.com\/wp-content\/uploads\/2023\/04\/DSC94461-1-1024x679.jpg","type":"","width":"","height":""}],"author":"admin","twitter_card":"summary_large_image","twitter_image":"https:\/\/elgeneracionalpost.com\/wp-content\/uploads\/2023\/04\/DSC94461-1-1024x679.jpg","twitter_misc":{"Escrito por":"admin","Tiempo de lectura":"5 minutos"},"schema":{"@context":"https:\/\/schema.org","@graph":[{"@type":"Article","@id":"https:\/\/tirinha.com\/1151\/entrevista-com-inaki-miramon-nos-pacientes-do-doutor-garcia\/#article","isPartOf":{"@id":"https:\/\/tirinha.com\/1151\/entrevista-com-inaki-miramon-nos-pacientes-do-doutor-garcia\/"},"author":{"name":"admin","@id":"https:\/\/tirinha.com\/#\/schema\/person\/e22bdfbe17e0461f7e927e6a1208d4d9"},"headline":"Entrevista com I\u00f1aki Miram\u00f3n nos pacientes do Doutor Garc\u00eda","datePublished":"2023-04-14T17:07:03+00:00","mainEntityOfPage":{"@id":"https:\/\/tirinha.com\/1151\/entrevista-com-inaki-miramon-nos-pacientes-do-doutor-garcia\/"},"wordCount":975,"commentCount":0,"publisher":{"@id":"https:\/\/tirinha.com\/#organization"},"image":{"@id":"https:\/\/tirinha.com\/1151\/entrevista-com-inaki-miramon-nos-pacientes-do-doutor-garcia\/#primaryimage"},"thumbnailUrl":"https:\/\/elgeneracionalpost.com\/wp-content\/uploads\/2023\/04\/DSC94461-1-1024x679.jpg","articleSection":["Cultura e lazer"],"inLanguage":"es","potentialAction":[{"@type":"CommentAction","name":"Comment","target":["https:\/\/tirinha.com\/1151\/entrevista-com-inaki-miramon-nos-pacientes-do-doutor-garcia\/#respond"]}]},{"@type":"WebPage","@id":"https:\/\/tirinha.com\/1151\/entrevista-com-inaki-miramon-nos-pacientes-do-doutor-garcia\/","url":"https:\/\/tirinha.com\/1151\/entrevista-com-inaki-miramon-nos-pacientes-do-doutor-garcia\/","name":"Entrevista a I\u00f1aki Miram\u00f3n sobre los pacientes del Doctor Garc\u00eda - Tirinha.com","isPartOf":{"@id":"https:\/\/tirinha.com\/#website"},"primaryImageOfPage":{"@id":"https:\/\/tirinha.com\/1151\/entrevista-com-inaki-miramon-nos-pacientes-do-doutor-garcia\/#primaryimage"},"image":{"@id":"https:\/\/tirinha.com\/1151\/entrevista-com-inaki-miramon-nos-pacientes-do-doutor-garcia\/#primaryimage"},"thumbnailUrl":"https:\/\/elgeneracionalpost.com\/wp-content\/uploads\/2023\/04\/DSC94461-1-1024x679.jpg","datePublished":"2023-04-14T17:07:03+00:00","breadcrumb":{"@id":"https:\/\/tirinha.com\/1151\/entrevista-com-inaki-miramon-nos-pacientes-do-doutor-garcia\/#breadcrumb"},"inLanguage":"es","potentialAction":[{"@type":"ReadAction","target":["https:\/\/tirinha.com\/1151\/entrevista-com-inaki-miramon-nos-pacientes-do-doutor-garcia\/"]}]},{"@type":"ImageObject","inLanguage":"es","@id":"https:\/\/tirinha.com\/1151\/entrevista-com-inaki-miramon-nos-pacientes-do-doutor-garcia\/#primaryimage","url":"https:\/\/elgeneracionalpost.com\/wp-content\/uploads\/2023\/04\/DSC94461-1-1024x679.jpg","contentUrl":"https:\/\/elgeneracionalpost.com\/wp-content\/uploads\/2023\/04\/DSC94461-1-1024x679.jpg"},{"@type":"BreadcrumbList","@id":"https:\/\/tirinha.com\/1151\/entrevista-com-inaki-miramon-nos-pacientes-do-doutor-garcia\/#breadcrumb","itemListElement":[{"@type":"ListItem","position":1,"name":"Home","item":"https:\/\/tirinha.com\/"},{"@type":"ListItem","position":2,"name":"Entrevista com I\u00f1aki Miram\u00f3n nos pacientes do Doutor Garc\u00eda"}]},{"@type":"WebSite","@id":"https:\/\/tirinha.com\/#website","url":"https:\/\/tirinha.com\/","name":"c\u00f3mics.com","description":"Rese\u00f1as de arte y libros.","publisher":{"@id":"https:\/\/tirinha.com\/#organization"},"potentialAction":[{"@type":"SearchAction","target":{"@type":"EntryPoint","urlTemplate":"https:\/\/tirinha.com\/?s={search_term_string}"},"query-input":{"@type":"PropertyValueSpecification","valueRequired":true,"valueName":"search_term_string"}}],"inLanguage":"es"},{"@type":"Organization","@id":"https:\/\/tirinha.com\/#organization","name":"c\u00f3mics.com","url":"https:\/\/tirinha.com\/","logo":{"@type":"ImageObject","inLanguage":"es","@id":"https:\/\/tirinha.com\/#\/schema\/logo\/image\/","url":"https:\/\/tirinha.com\/wp-content\/uploads\/2023\/08\/cropped-Logo-Tirinha.webp","contentUrl":"https:\/\/tirinha.com\/wp-content\/uploads\/2023\/08\/cropped-Logo-Tirinha.webp","width":512,"height":512,"caption":"Tirinha.com"},"image":{"@id":"https:\/\/tirinha.com\/#\/schema\/logo\/image\/"}},{"@type":"Person","@id":"https:\/\/tirinha.com\/#\/schema\/person\/e22bdfbe17e0461f7e927e6a1208d4d9","name":"administraci\u00f3n","image":{"@type":"ImageObject","inLanguage":"es","@id":"https:\/\/tirinha.com\/wp-content\/litespeed\/avatar\/d0068f7931cc87d7274eb0c3db1deb4b.jpg?ver=1776829466","url":"https:\/\/tirinha.com\/wp-content\/litespeed\/avatar\/d0068f7931cc87d7274eb0c3db1deb4b.jpg?ver=1776829466","contentUrl":"https:\/\/tirinha.com\/wp-content\/litespeed\/avatar\/d0068f7931cc87d7274eb0c3db1deb4b.jpg?ver=1776829466","caption":"admin"},"sameAs":["https:\/\/tirinha.com"],"url":"https:\/\/tirinha.com\/es\/author\/admin\/"}]}},"_links":{"self":[{"href":"https:\/\/tirinha.com\/es\/wp-json\/wp\/v2\/posts\/1151","targetHints":{"allow":["GET"]}}],"collection":[{"href":"https:\/\/tirinha.com\/es\/wp-json\/wp\/v2\/posts"}],"about":[{"href":"https:\/\/tirinha.com\/es\/wp-json\/wp\/v2\/types\/post"}],"author":[{"embeddable":true,"href":"https:\/\/tirinha.com\/es\/wp-json\/wp\/v2\/users\/1"}],"replies":[{"embeddable":true,"href":"https:\/\/tirinha.com\/es\/wp-json\/wp\/v2\/comments?post=1151"}],"version-history":[{"count":0,"href":"https:\/\/tirinha.com\/es\/wp-json\/wp\/v2\/posts\/1151\/revisions"}],"wp:featuredmedia":[{"embeddable":true,"href":"https:\/\/tirinha.com\/es\/wp-json\/wp\/v2\/media\/1152"}],"wp:attachment":[{"href":"https:\/\/tirinha.com\/es\/wp-json\/wp\/v2\/media?parent=1151"}],"wp:term":[{"taxonomy":"category","embeddable":true,"href":"https:\/\/tirinha.com\/es\/wp-json\/wp\/v2\/categories?post=1151"},{"taxonomy":"post_tag","embeddable":true,"href":"https:\/\/tirinha.com\/es\/wp-json\/wp\/v2\/tags?post=1151"}],"curies":[{"name":"wp","href":"https:\/\/api.w.org\/{rel}","templated":true}]}}