{"id":1140,"date":"2023-04-14T12:50:13","date_gmt":"2023-04-14T12:50:13","guid":{"rendered":"https:\/\/tirinha.com\/a-luz-do-ateneo-de-madrid\/"},"modified":"2023-04-14T12:50:13","modified_gmt":"2023-04-14T12:50:13","slug":"la-luz-del-ateneo-de-madrid","status":"publish","type":"post","link":"https:\/\/tirinha.com\/es\/1140\/a-luz-do-ateneo-de-madrid\/","title":{"rendered":"La luz del Ateneo de Madrid"},"content":{"rendered":"<p><\/p>\n<div>\n<h2><em>Dos siglos buscando la luz<\/em> recoge las grandes joyas del archivo de la instituci\u00f3n bicentenaria<\/h2>\n<p><strong>La espectacular biblioteca del Ateneo de Madrid, reconocida como cuna del conocimiento y la cultura, abre sus puertas al p\u00fablico para acoger la exposici\u00f3n <em>Dos siglos buscando la luz<\/em>un recorrido que intenta captar el s\u00edmbolo de la instituci\u00f3n: la luz.<\/strong><\/p>\n<p>Heredera del Ateneo Espa\u00f1ol y referente cultural y pol\u00edtico, la instituci\u00f3n fue fundada en 1835 bajo el amparo de la regente Mar\u00eda Cristina con una premisa muy simple y compleja: <strong>\u201cdifundir las luces\u201d<\/strong>difundir la cultura.<\/p>\n<p>Con el paso de los a\u00f1os, el n\u00famero de socios del Ateneo de Madrid ha ido disminuyendo y este programa especial podr\u00eda ser una gran oportunidad para incrementar el inter\u00e9s por formar parte de esta instituci\u00f3n situada en pleno Barrio de las Letras.<\/p>\n<p>En ocasi\u00f3n de <strong>celebraci\u00f3n del bicentenario<\/strong>El Ateneo de Madrid ha organizado multitud de propuestas culturales de acceso gratuito o a un precio muy asequible, una forma de volver a la idea inicial de esta instituci\u00f3n y <strong>acercando la cultura a todos los estratos sociales en las calles de Madrid<\/strong>ser <em>Dos siglos buscando la luz<\/em> Una de ellas.<\/p>\n<h3>Un camino del que emana luz<\/h3>\n<p>Mariano Jos\u00e9 de Larra fue su <strong>primer n\u00famero de miembro del Ateneo<\/strong>, por lo que una peque\u00f1a parte del recorrido est\u00e1 dedicada a \u00e9l. Los siete fundadores votaron para incorporar a Larra a la instituci\u00f3n utilizando bolas de madera que se pueden ver en la exposici\u00f3n. entonces empieza <em>Dos siglos buscando la luz<\/em>.<\/p>\n<p>Hacia <strong>Fotograf\u00edas<\/strong> Son los protagonistas de la exposici\u00f3n y permiten al visitante adentrarse en el Ateneo de Madrid desde una perspectiva que se remonta a d\u00e9cadas atr\u00e1s. La peculiar colecci\u00f3n de peque\u00f1as fotograf\u00edas sobre placas de vidrio es una de las <strong>Principales atractivos de la exposici\u00f3n.<\/strong> De hecho, es la ventana donde se detienen la mayor\u00eda de los visitantes, impulsados por la curiosidad por lo que mostraban las fotograf\u00edas.<\/p>\n<figure id=\"attachment_85836\" aria-describedby=\"caption-attachment-85836\" style=\"width: 281px\" class=\"wp-caption aligncenter\"><img fetchpriority=\"high\" data-attachment-id=\"85836\" data-permalink=\"https:\/\/elgeneracionalpost.com\/cultura\/2023\/0414\/85822\/ateneo-bicentenario-exposicion-programa-critica.html\/attachment\/expo\" data-orig-file=\"https:\/\/i0.wp.com\/elgeneracionalpost.com\/wp-content\/uploads\/2023\/04\/EXPO.jpg?fit=3024%2C3024&amp;ssl=1\" data-orig-size=\"3024,3024\" data-comments-opened=\"0\" data-image-meta=\"{&quot;aperture&quot;:&quot;1.8&quot;,&quot;credit&quot;:&quot;&quot;,&quot;camera&quot;:&quot;iPhone XR&quot;,&quot;caption&quot;:&quot;&quot;,&quot;created_timestamp&quot;:&quot;1681300255&quot;,&quot;copyright&quot;:&quot;&quot;,&quot;focal_length&quot;:&quot;4.25&quot;,&quot;iso&quot;:&quot;200&quot;,&quot;shutter_speed&quot;:&quot;0.016666666666667&quot;,&quot;title&quot;:&quot;&quot;,&quot;orientation&quot;:&quot;0&quot;}\" data-image-title=\"EXPO\" data-image-description=\"\" data-image-caption=\"\" data-medium-file=\"https:\/\/i0.wp.com\/elgeneracionalpost.com\/wp-content\/uploads\/2023\/04\/EXPO.jpg?fit=300%2C300&amp;ssl=1\" data-large-file=\"https:\/\/i0.wp.com\/elgeneracionalpost.com\/wp-content\/uploads\/2023\/04\/EXPO.jpg?fit=696%2C696&amp;ssl=1\" decoding=\"async\" class=\"wp-image-85836 jetpack-lazy-image\" src=\"https:\/\/i0.wp.com\/elgeneracionalpost.com\/wp-content\/uploads\/2023\/04\/EXPO.jpg?resize=281%2C281&amp;ssl=1\" alt=\"\" width=\"281\" height=\"281\" data-recalc-dims=\"1\" data-lazy-srcset=\"https:\/\/i0.wp.com\/elgeneracionalpost.com\/wp-content\/uploads\/2023\/04\/EXPO.jpg?resize=300%2C300&amp;ssl=1 300w, https:\/\/i0.wp.com\/elgeneracionalpost.com\/wp-content\/uploads\/2023\/04\/EXPO.jpg?resize=1024%2C1024&amp;ssl=1 1024w, https:\/\/i0.wp.com\/elgeneracionalpost.com\/wp-content\/uploads\/2023\/04\/EXPO.jpg?resize=150%2C150&amp;ssl=1 150w, https:\/\/i0.wp.com\/elgeneracionalpost.com\/wp-content\/uploads\/2023\/04\/EXPO.jpg?resize=768%2C768&amp;ssl=1 768w, https:\/\/i0.wp.com\/elgeneracionalpost.com\/wp-content\/uploads\/2023\/04\/EXPO.jpg?resize=1536%2C1536&amp;ssl=1 1536w, https:\/\/i0.wp.com\/elgeneracionalpost.com\/wp-content\/uploads\/2023\/04\/EXPO.jpg?resize=2048%2C2048&amp;ssl=1 2048w, https:\/\/i0.wp.com\/elgeneracionalpost.com\/wp-content\/uploads\/2023\/04\/EXPO.jpg?resize=696%2C696&amp;ssl=1 696w, https:\/\/i0.wp.com\/elgeneracionalpost.com\/wp-content\/uploads\/2023\/04\/EXPO.jpg?resize=1068%2C1068&amp;ssl=1 1068w, https:\/\/i0.wp.com\/elgeneracionalpost.com\/wp-content\/uploads\/2023\/04\/EXPO.jpg?resize=1920%2C1920&amp;ssl=1 1920w, https:\/\/i0.wp.com\/elgeneracionalpost.com\/wp-content\/uploads\/2023\/04\/EXPO.jpg?w=1392&amp;ssl=1 1392w\" data-lazy-sizes=\"(max-width: 281px) 100vw, 281px\" data-lazy-src=\"https:\/\/i0.wp.com\/elgeneracionalpost.com\/wp-content\/uploads\/2023\/04\/EXPO.jpg?resize=281%2C281&amp;is-pending-load=1#038;ssl=1\" srcset=\"data:image\/gif;base64,R0lGODlhAQABAIAAAAAAAP\/\/\/yH5BAEAAAAALAAAAAABAAEAAAIBRAA7\"\/><noscript><img data-lazy-fallback=\"1\" data-attachment-id=\"85836\" data-permalink=\"https:\/\/elgeneracionalpost.com\/cultura\/2023\/0414\/85822\/ateneo-bicentenario-exposicion-programa-critica.html\/attachment\/expo\" data-orig-file=\"https:\/\/i0.wp.com\/elgeneracionalpost.com\/wp-content\/uploads\/2023\/04\/EXPO.jpg?fit=3024%2C3024&amp;ssl=1\" data-orig-size=\"3024,3024\" data-comments-opened=\"0\" data-image-meta=\"{&quot;aperture&quot;:&quot;1.8&quot;,&quot;credit&quot;:&quot;&quot;,&quot;camera&quot;:&quot;iPhone XR&quot;,&quot;caption&quot;:&quot;&quot;,&quot;created_timestamp&quot;:&quot;1681300255&quot;,&quot;copyright&quot;:&quot;&quot;,&quot;focal_length&quot;:&quot;4.25&quot;,&quot;iso&quot;:&quot;200&quot;,&quot;shutter_speed&quot;:&quot;0.016666666666667&quot;,&quot;title&quot;:&quot;&quot;,&quot;orientation&quot;:&quot;0&quot;}\" data-image-title=\"EXPO\" data-image-description=\"\" data-image-caption=\"\" data-medium-file=\"https:\/\/i0.wp.com\/elgeneracionalpost.com\/wp-content\/uploads\/2023\/04\/EXPO.jpg?fit=300%2C300&amp;ssl=1\" data-large-file=\"https:\/\/i0.wp.com\/elgeneracionalpost.com\/wp-content\/uploads\/2023\/04\/EXPO.jpg?fit=696%2C696&amp;ssl=1\" decoding=\"async\" class=\"wp-image-85836\" src=\"https:\/\/i0.wp.com\/elgeneracionalpost.com\/wp-content\/uploads\/2023\/04\/EXPO.jpg?resize=281%2C281&amp;ssl=1\" alt=\"\" width=\"281\" height=\"281\" srcset=\"https:\/\/i0.wp.com\/elgeneracionalpost.com\/wp-content\/uploads\/2023\/04\/EXPO.jpg?resize=300%2C300&amp;ssl=1 300w, https:\/\/i0.wp.com\/elgeneracionalpost.com\/wp-content\/uploads\/2023\/04\/EXPO.jpg?resize=1024%2C1024&amp;ssl=1 1024w, https:\/\/i0.wp.com\/elgeneracionalpost.com\/wp-content\/uploads\/2023\/04\/EXPO.jpg?resize=150%2C150&amp;ssl=1 150w, https:\/\/i0.wp.com\/elgeneracionalpost.com\/wp-content\/uploads\/2023\/04\/EXPO.jpg?resize=768%2C768&amp;ssl=1 768w, https:\/\/i0.wp.com\/elgeneracionalpost.com\/wp-content\/uploads\/2023\/04\/EXPO.jpg?resize=1536%2C1536&amp;ssl=1 1536w, https:\/\/i0.wp.com\/elgeneracionalpost.com\/wp-content\/uploads\/2023\/04\/EXPO.jpg?resize=2048%2C2048&amp;ssl=1 2048w, https:\/\/i0.wp.com\/elgeneracionalpost.com\/wp-content\/uploads\/2023\/04\/EXPO.jpg?resize=696%2C696&amp;ssl=1 696w, https:\/\/i0.wp.com\/elgeneracionalpost.com\/wp-content\/uploads\/2023\/04\/EXPO.jpg?resize=1068%2C1068&amp;ssl=1 1068w, https:\/\/i0.wp.com\/elgeneracionalpost.com\/wp-content\/uploads\/2023\/04\/EXPO.jpg?resize=1920%2C1920&amp;ssl=1 1920w, https:\/\/i0.wp.com\/elgeneracionalpost.com\/wp-content\/uploads\/2023\/04\/EXPO.jpg?w=1392&amp;ssl=1 1392w\" sizes=\"(max-width: 281px) 100vw, 281px\" data-recalc-dims=\"1\"\/><\/noscript><figcaption id=\"caption-attachment-85836\" class=\"wp-caption-text\">Fotograf\u00edas expuestas en &#039;Dos siglos en busca de la luz&#039; | Fuente: Luc\u00eda Rivero<\/figcaption><\/figure>\n<p><strong>Archivar documentos bibliogr\u00e1ficos y manuscritos.<\/strong> ocupan un espacio importante a lo largo del recorrido, animado tambi\u00e9n por <strong>m\u00fasica cl\u00e1sica compuesta e interpretada por miembros del Ateneo Madrid<\/strong>. La m\u00fasica ha jugado un papel muy importante en la instituci\u00f3n desde sus inicios, que se mantiene y celebra durante toda la exposici\u00f3n.<\/p>\n<p><em>Dos siglos buscando la luz <\/em>se exhibe en La Pecera, una sala contigua al espacio principal de la biblioteca, en cuyos escritorios <strong>Grandes referentes culturales iniciaron su legado.<\/strong> En las estanter\u00edas de esta biblioteca se forjaron movimientos literarios, desde el intenso romanticismo hasta la poderosa generaci\u00f3n del 27. El arte contempor\u00e1neo tambi\u00e9n encontr\u00f3 su lugar subiendo las escaleras del Ateneo de Madrid, al igual que las inquietudes de numerosos cient\u00edficos. Los primeros debates feministas<img data-attachment-id=\"85827\" data-permalink=\"https:\/\/elgeneracionalpost.com\/cultura\/2023\/0414\/85822\/ateneo-bicentenario-exposicion-programa-critica.html\/attachment\/imagen-principal-3\" data-orig-file=\"https:\/\/elgeneracionalpost.com\/wp-content\/uploads\/2023\/04\/Imagen-principal.heic\" data-orig-size=\"\" data-comments-opened=\"0\" data-image-meta=\"[]\" data-image-title=\"Imagen principal\" data-image-description=\"\" data-image-caption=\"\" data-medium-file=\"https:\/\/elgeneracionalpost.com\/wp-content\/uploads\/2023\/04\/Imagen-principal.heic\" data-large-file=\"https:\/\/elgeneracionalpost.com\/wp-content\/uploads\/2023\/04\/Imagen-principal.heic\" decoding=\"async\" class=\"alignnone size-full wp-image-85827 jetpack-lazy-image\" src=\"https:\/\/elgeneracionalpost.com\/wp-content\/uploads\/2023\/04\/Imagen-principal.heic\" alt=\"\" data-lazy-src=\"https:\/\/elgeneracionalpost.com\/wp-content\/uploads\/2023\/04\/Imagen-principal.heic?is-pending-load=1\" srcset=\"data:image\/gif;base64,R0lGODlhAQABAIAAAAAAAP\/\/\/yH5BAEAAAAALAAAAAABAAEAAAIBRAA7\"\/><noscript><img data-lazy-fallback=\"1\" data-attachment-id=\"85827\" data-permalink=\"https:\/\/elgeneracionalpost.com\/cultura\/2023\/0414\/85822\/ateneo-bicentenario-exposicion-programa-critica.html\/attachment\/imagen-principal-3\" data-orig-file=\"https:\/\/elgeneracionalpost.com\/wp-content\/uploads\/2023\/04\/Imagen-principal.heic\" data-orig-size=\"\" data-comments-opened=\"0\" data-image-meta=\"[]\" data-image-title=\"Imagen principal\" data-image-description=\"\" data-image-caption=\"\" data-medium-file=\"https:\/\/elgeneracionalpost.com\/wp-content\/uploads\/2023\/04\/Imagen-principal.heic\" data-large-file=\"https:\/\/elgeneracionalpost.com\/wp-content\/uploads\/2023\/04\/Imagen-principal.heic\" decoding=\"async\" class=\"alignnone size-full wp-image-85827\" src=\"https:\/\/elgeneracionalpost.com\/wp-content\/uploads\/2023\/04\/Imagen-principal.heic\" alt=\"\"\/><\/noscript>  Se celebraron en las salas de este edificio y por sus pasillos caminaron siete premios Nobel espa\u00f1oles.<\/p>\n<figure id=\"attachment_85844\" aria-describedby=\"caption-attachment-85844\" style=\"width: 275px\" class=\"wp-caption aligncenter\"><img data-attachment-id=\"85844\" data-permalink=\"https:\/\/elgeneracionalpost.com\/cultura\/2023\/0414\/85822\/ateneo-bicentenario-exposicion-programa-critica.html\/attachment\/img-6554\" data-orig-file=\"https:\/\/i0.wp.com\/elgeneracionalpost.com\/wp-content\/uploads\/2023\/04\/IMG-6554-rotated.jpg?fit=3024%2C4032&amp;ssl=1\" data-orig-size=\"3024,4032\" data-comments-opened=\"0\" data-image-meta=\"{&quot;aperture&quot;:&quot;1.8&quot;,&quot;credit&quot;:&quot;&quot;,&quot;camera&quot;:&quot;iPhone XR&quot;,&quot;caption&quot;:&quot;&quot;,&quot;created_timestamp&quot;:&quot;1681300561&quot;,&quot;copyright&quot;:&quot;&quot;,&quot;focal_length&quot;:&quot;4.25&quot;,&quot;iso&quot;:&quot;100&quot;,&quot;shutter_speed&quot;:&quot;0.014925373134328&quot;,&quot;title&quot;:&quot;&quot;,&quot;orientation&quot;:&quot;1&quot;}\" data-image-title=\"IMG-6554\" data-image-description=\"\" data-image-caption=\"&lt;p&gt;Biblioteca del Ateneo de Madrid | Fuente: Luc\u00eda Rivero&lt;\/p&gt;&#10;\" data-medium-file=\"https:\/\/i0.wp.com\/elgeneracionalpost.com\/wp-content\/uploads\/2023\/04\/IMG-6554-rotated.jpg?fit=225%2C300&amp;ssl=1\" data-large-file=\"https:\/\/i0.wp.com\/elgeneracionalpost.com\/wp-content\/uploads\/2023\/04\/IMG-6554-rotated.jpg?fit=696%2C928&amp;ssl=1\" decoding=\"async\" class=\"wp-image-85844 jetpack-lazy-image\" src=\"https:\/\/i0.wp.com\/elgeneracionalpost.com\/wp-content\/uploads\/2023\/04\/IMG-6554.jpg?resize=275%2C367&amp;ssl=1\" alt=\"\" width=\"275\" height=\"367\" data-recalc-dims=\"1\" data-lazy-srcset=\"https:\/\/i0.wp.com\/elgeneracionalpost.com\/wp-content\/uploads\/2023\/04\/IMG-6554-rotated.jpg?resize=225%2C300&amp;ssl=1 225w, https:\/\/i0.wp.com\/elgeneracionalpost.com\/wp-content\/uploads\/2023\/04\/IMG-6554-rotated.jpg?resize=768%2C1024&amp;ssl=1 768w, https:\/\/i0.wp.com\/elgeneracionalpost.com\/wp-content\/uploads\/2023\/04\/IMG-6554-rotated.jpg?resize=1152%2C1536&amp;ssl=1 1152w, https:\/\/i0.wp.com\/elgeneracionalpost.com\/wp-content\/uploads\/2023\/04\/IMG-6554-rotated.jpg?resize=1536%2C2048&amp;ssl=1 1536w, https:\/\/i0.wp.com\/elgeneracionalpost.com\/wp-content\/uploads\/2023\/04\/IMG-6554-rotated.jpg?resize=150%2C200&amp;ssl=1 150w, https:\/\/i0.wp.com\/elgeneracionalpost.com\/wp-content\/uploads\/2023\/04\/IMG-6554-rotated.jpg?resize=300%2C400&amp;ssl=1 300w, https:\/\/i0.wp.com\/elgeneracionalpost.com\/wp-content\/uploads\/2023\/04\/IMG-6554-rotated.jpg?resize=696%2C928&amp;ssl=1 696w, https:\/\/i0.wp.com\/elgeneracionalpost.com\/wp-content\/uploads\/2023\/04\/IMG-6554-rotated.jpg?resize=1068%2C1424&amp;ssl=1 1068w, https:\/\/i0.wp.com\/elgeneracionalpost.com\/wp-content\/uploads\/2023\/04\/IMG-6554-rotated.jpg?resize=1920%2C2560&amp;ssl=1 1920w, https:\/\/i0.wp.com\/elgeneracionalpost.com\/wp-content\/uploads\/2023\/04\/IMG-6554-rotated.jpg?w=1392&amp;ssl=1 1392w, https:\/\/i0.wp.com\/elgeneracionalpost.com\/wp-content\/uploads\/2023\/04\/IMG-6554-rotated.jpg?w=2088&amp;ssl=1 2088w\" data-lazy-sizes=\"(max-width: 275px) 100vw, 275px\" data-lazy-src=\"https:\/\/i0.wp.com\/elgeneracionalpost.com\/wp-content\/uploads\/2023\/04\/IMG-6554.jpg?resize=275%2C367&amp;is-pending-load=1#038;ssl=1\" srcset=\"data:image\/gif;base64,R0lGODlhAQABAIAAAAAAAP\/\/\/yH5BAEAAAAALAAAAAABAAEAAAIBRAA7\"\/><noscript><img loading=\"lazy\" data-lazy-fallback=\"1\" data-attachment-id=\"85844\" data-permalink=\"https:\/\/elgeneracionalpost.com\/cultura\/2023\/0414\/85822\/ateneo-bicentenario-exposicion-programa-critica.html\/attachment\/img-6554\" data-orig-file=\"https:\/\/i0.wp.com\/elgeneracionalpost.com\/wp-content\/uploads\/2023\/04\/IMG-6554-rotated.jpg?fit=3024%2C4032&amp;ssl=1\" data-orig-size=\"3024,4032\" data-comments-opened=\"0\" data-image-meta=\"{&quot;aperture&quot;:&quot;1.8&quot;,&quot;credit&quot;:&quot;&quot;,&quot;camera&quot;:&quot;iPhone XR&quot;,&quot;caption&quot;:&quot;&quot;,&quot;created_timestamp&quot;:&quot;1681300561&quot;,&quot;copyright&quot;:&quot;&quot;,&quot;focal_length&quot;:&quot;4.25&quot;,&quot;iso&quot;:&quot;100&quot;,&quot;shutter_speed&quot;:&quot;0.014925373134328&quot;,&quot;title&quot;:&quot;&quot;,&quot;orientation&quot;:&quot;1&quot;}\" data-image-title=\"IMG-6554\" data-image-description=\"\" data-image-caption=\"&lt;p&gt;Biblioteca del Ateneo de Madrid | Fuente: Luc\u00eda Rivero&lt;\/p&gt;&#10;\" data-medium-file=\"https:\/\/i0.wp.com\/elgeneracionalpost.com\/wp-content\/uploads\/2023\/04\/IMG-6554-rotated.jpg?fit=225%2C300&amp;ssl=1\" data-large-file=\"https:\/\/i0.wp.com\/elgeneracionalpost.com\/wp-content\/uploads\/2023\/04\/IMG-6554-rotated.jpg?fit=696%2C928&amp;ssl=1\" decoding=\"async\" class=\"wp-image-85844\" src=\"https:\/\/i0.wp.com\/elgeneracionalpost.com\/wp-content\/uploads\/2023\/04\/IMG-6554.jpg?resize=275%2C367&amp;ssl=1\" alt=\"\" width=\"275\" height=\"367\" srcset=\"https:\/\/i0.wp.com\/elgeneracionalpost.com\/wp-content\/uploads\/2023\/04\/IMG-6554-rotated.jpg?resize=225%2C300&amp;ssl=1 225w, https:\/\/i0.wp.com\/elgeneracionalpost.com\/wp-content\/uploads\/2023\/04\/IMG-6554-rotated.jpg?resize=768%2C1024&amp;ssl=1 768w, https:\/\/i0.wp.com\/elgeneracionalpost.com\/wp-content\/uploads\/2023\/04\/IMG-6554-rotated.jpg?resize=1152%2C1536&amp;ssl=1 1152w, https:\/\/i0.wp.com\/elgeneracionalpost.com\/wp-content\/uploads\/2023\/04\/IMG-6554-rotated.jpg?resize=1536%2C2048&amp;ssl=1 1536w, https:\/\/i0.wp.com\/elgeneracionalpost.com\/wp-content\/uploads\/2023\/04\/IMG-6554-rotated.jpg?resize=150%2C200&amp;ssl=1 150w, https:\/\/i0.wp.com\/elgeneracionalpost.com\/wp-content\/uploads\/2023\/04\/IMG-6554-rotated.jpg?resize=300%2C400&amp;ssl=1 300w, https:\/\/i0.wp.com\/elgeneracionalpost.com\/wp-content\/uploads\/2023\/04\/IMG-6554-rotated.jpg?resize=696%2C928&amp;ssl=1 696w, https:\/\/i0.wp.com\/elgeneracionalpost.com\/wp-content\/uploads\/2023\/04\/IMG-6554-rotated.jpg?resize=1068%2C1424&amp;ssl=1 1068w, https:\/\/i0.wp.com\/elgeneracionalpost.com\/wp-content\/uploads\/2023\/04\/IMG-6554-rotated.jpg?resize=1920%2C2560&amp;ssl=1 1920w, https:\/\/i0.wp.com\/elgeneracionalpost.com\/wp-content\/uploads\/2023\/04\/IMG-6554-rotated.jpg?w=1392&amp;ssl=1 1392w, https:\/\/i0.wp.com\/elgeneracionalpost.com\/wp-content\/uploads\/2023\/04\/IMG-6554-rotated.jpg?w=2088&amp;ssl=1 2088w\" sizes=\"auto, (max-width: 275px) 100vw, 275px\" data-recalc-dims=\"1\"\/><\/noscript><figcaption id=\"caption-attachment-85844\" class=\"wp-caption-text\">Biblioteca del Ateneo de Madrid | Fuente: Luc\u00eda Rivero<\/figcaption><\/figure>\n<p>Entrar a esta sala, ver los escritorios y las paredes llenos de libros es una <strong>soplo de conocimiento<\/strong> para aquellos que sienten que la cultura corre por sus venas. Sin duda, una oportunidad \u00fanica de involucrarse con las letras, el arte y la ciencia.<\/p>\n<p>Todo un legado cultural y cient\u00edfico que emana de cada una de las salas del Ateneo Madrid y que continuar\u00e1 con su programaci\u00f3n especial bicentenario durante las \u00faltimas dos semanas. De esta forma, <strong>La exposici\u00f3n podr\u00e1 visitarse hasta el 30 de abril.<\/strong><\/p>\n<div class=\"sharedaddy sd-block sd-like jetpack-likes-widget-wrapper jetpack-likes-widget-unloaded\" id=\"like-post-wrapper-153844979-85822-64394c03bf434\" data-src=\"https:\/\/widgets.wp.com\/likes\/#blog_id=153844979&amp;post_id=85822&amp;origin=elgeneracionalpost.com&amp;obj_id=153844979-85822-64394c03bf434\" data-name=\"like-post-frame-153844979-85822-64394c03bf434\" data-title=\"Me gusta o Compartir\">\n<h3 class=\"sd-title\">Me gusta esto:<\/h3>\n<p><span class=\"button\"><span>Me gusta<\/span><\/span> <span class=\"loading\">Cargando\u2026<\/span><\/p>\n<p><span class=\"sd-text-color\"\/><\/div>\n<p><h3 class=\"jp-relatedposts-headline\"><em>Relacionado<\/em><\/h3>\n<\/p>\n<\/div>","protected":false},"excerpt":{"rendered":"<p>Dos siglos buscando luz para recoger las grandes joyas del archivo de la instituci\u00f3n bicentenaria La espectacular biblioteca del Ateneo de... <\/p>","protected":false},"author":1,"featured_media":1141,"comment_status":"open","ping_status":"open","sticky":false,"template":"","format":"standard","meta":{"fifu_image_url":"https:\/\/elgeneracionalpost.com\/wp-content\/uploads\/2023\/04\/PORTADA-EG2.jpg","fifu_image_alt":"","footnotes":""},"categories":[35],"tags":[],"class_list":["post-1140","post","type-post","status-publish","format-standard","has-post-thumbnail","hentry","category-cultura-e-lazer","latest_post"],"yoast_head":"<!-- This site is optimized with the Yoast SEO plugin v27.3 - https:\/\/yoast.com\/product\/yoast-seo-wordpress\/ -->\n<title>A luz do Ateneo de Madrid - Tirinha.com<\/title>\n<meta name=\"robots\" content=\"index, follow, max-snippet:-1, max-image-preview:large, max-video-preview:-1\" \/>\n<link rel=\"canonical\" href=\"https:\/\/tirinha.com\/es\/1140\/la-luz-del-ateneo-de-madrid\/\" \/>\n<meta property=\"og:locale\" content=\"es_MX\" \/>\n<meta property=\"og:type\" content=\"article\" \/>\n<meta property=\"og:title\" content=\"A luz do Ateneo de Madrid - Tirinha.com\" \/>\n<meta property=\"og:description\" content=\"Dois s\u00e9culos procurando a luz recolher as grandes joias do arquivo da institui\u00e7\u00e3o bicenten\u00e1ria A espetacular biblioteca do Ateneo de &hellip;\" \/>\n<meta property=\"og:url\" content=\"https:\/\/tirinha.com\/es\/1140\/la-luz-del-ateneo-de-madrid\/\" \/>\n<meta property=\"og:site_name\" content=\"Tirinha.com\" \/>\n<meta property=\"article:published_time\" content=\"2023-04-14T12:50:13+00:00\" \/>\n<meta property=\"og:image\" content=\"https:\/\/elgeneracionalpost.com\/wp-content\/uploads\/2023\/04\/PORTADA-EG2.jpg\" \/>\n<meta name=\"author\" content=\"admin\" \/>\n<meta name=\"twitter:card\" content=\"summary_large_image\" \/>\n<meta name=\"twitter:image\" content=\"https:\/\/elgeneracionalpost.com\/wp-content\/uploads\/2023\/04\/PORTADA-EG2.jpg\" \/>\n<meta name=\"twitter:label1\" content=\"Escrito por\" \/>\n\t<meta name=\"twitter:data1\" content=\"admin\" \/>\n\t<meta name=\"twitter:label2\" content=\"Tiempo de lectura\" \/>\n\t<meta name=\"twitter:data2\" content=\"3 minutos\" \/>\n<script type=\"application\/ld+json\" class=\"yoast-schema-graph\">{\"@context\":\"https:\\\/\\\/schema.org\",\"@graph\":[{\"@type\":\"Article\",\"@id\":\"https:\\\/\\\/tirinha.com\\\/1140\\\/a-luz-do-ateneo-de-madrid\\\/#article\",\"isPartOf\":{\"@id\":\"https:\\\/\\\/tirinha.com\\\/1140\\\/a-luz-do-ateneo-de-madrid\\\/\"},\"author\":{\"name\":\"admin\",\"@id\":\"https:\\\/\\\/tirinha.com\\\/#\\\/schema\\\/person\\\/e22bdfbe17e0461f7e927e6a1208d4d9\"},\"headline\":\"A luz do Ateneo de Madrid\",\"datePublished\":\"2023-04-14T12:50:13+00:00\",\"mainEntityOfPage\":{\"@id\":\"https:\\\/\\\/tirinha.com\\\/1140\\\/a-luz-do-ateneo-de-madrid\\\/\"},\"wordCount\":608,\"commentCount\":0,\"publisher\":{\"@id\":\"https:\\\/\\\/tirinha.com\\\/#organization\"},\"image\":{\"@id\":\"https:\\\/\\\/tirinha.com\\\/1140\\\/a-luz-do-ateneo-de-madrid\\\/#primaryimage\"},\"thumbnailUrl\":\"https:\\\/\\\/elgeneracionalpost.com\\\/wp-content\\\/uploads\\\/2023\\\/04\\\/PORTADA-EG2.jpg\",\"articleSection\":[\"Cultura e lazer\"],\"inLanguage\":\"es\",\"potentialAction\":[{\"@type\":\"CommentAction\",\"name\":\"Comment\",\"target\":[\"https:\\\/\\\/tirinha.com\\\/1140\\\/a-luz-do-ateneo-de-madrid\\\/#respond\"]}]},{\"@type\":\"WebPage\",\"@id\":\"https:\\\/\\\/tirinha.com\\\/1140\\\/a-luz-do-ateneo-de-madrid\\\/\",\"url\":\"https:\\\/\\\/tirinha.com\\\/1140\\\/a-luz-do-ateneo-de-madrid\\\/\",\"name\":\"A luz do Ateneo de Madrid - Tirinha.com\",\"isPartOf\":{\"@id\":\"https:\\\/\\\/tirinha.com\\\/#website\"},\"primaryImageOfPage\":{\"@id\":\"https:\\\/\\\/tirinha.com\\\/1140\\\/a-luz-do-ateneo-de-madrid\\\/#primaryimage\"},\"image\":{\"@id\":\"https:\\\/\\\/tirinha.com\\\/1140\\\/a-luz-do-ateneo-de-madrid\\\/#primaryimage\"},\"thumbnailUrl\":\"https:\\\/\\\/elgeneracionalpost.com\\\/wp-content\\\/uploads\\\/2023\\\/04\\\/PORTADA-EG2.jpg\",\"datePublished\":\"2023-04-14T12:50:13+00:00\",\"breadcrumb\":{\"@id\":\"https:\\\/\\\/tirinha.com\\\/1140\\\/a-luz-do-ateneo-de-madrid\\\/#breadcrumb\"},\"inLanguage\":\"es\",\"potentialAction\":[{\"@type\":\"ReadAction\",\"target\":[\"https:\\\/\\\/tirinha.com\\\/1140\\\/a-luz-do-ateneo-de-madrid\\\/\"]}]},{\"@type\":\"ImageObject\",\"inLanguage\":\"es\",\"@id\":\"https:\\\/\\\/tirinha.com\\\/1140\\\/a-luz-do-ateneo-de-madrid\\\/#primaryimage\",\"url\":\"https:\\\/\\\/elgeneracionalpost.com\\\/wp-content\\\/uploads\\\/2023\\\/04\\\/PORTADA-EG2.jpg\",\"contentUrl\":\"https:\\\/\\\/elgeneracionalpost.com\\\/wp-content\\\/uploads\\\/2023\\\/04\\\/PORTADA-EG2.jpg\"},{\"@type\":\"BreadcrumbList\",\"@id\":\"https:\\\/\\\/tirinha.com\\\/1140\\\/a-luz-do-ateneo-de-madrid\\\/#breadcrumb\",\"itemListElement\":[{\"@type\":\"ListItem\",\"position\":1,\"name\":\"Home\",\"item\":\"https:\\\/\\\/tirinha.com\\\/\"},{\"@type\":\"ListItem\",\"position\":2,\"name\":\"A luz do Ateneo de Madrid\"}]},{\"@type\":\"WebSite\",\"@id\":\"https:\\\/\\\/tirinha.com\\\/#website\",\"url\":\"https:\\\/\\\/tirinha.com\\\/\",\"name\":\"Tirinha.com\",\"description\":\"Arte e livros resenhas\",\"publisher\":{\"@id\":\"https:\\\/\\\/tirinha.com\\\/#organization\"},\"potentialAction\":[{\"@type\":\"SearchAction\",\"target\":{\"@type\":\"EntryPoint\",\"urlTemplate\":\"https:\\\/\\\/tirinha.com\\\/?s={search_term_string}\"},\"query-input\":{\"@type\":\"PropertyValueSpecification\",\"valueRequired\":true,\"valueName\":\"search_term_string\"}}],\"inLanguage\":\"es\"},{\"@type\":\"Organization\",\"@id\":\"https:\\\/\\\/tirinha.com\\\/#organization\",\"name\":\"Tirinha.com\",\"url\":\"https:\\\/\\\/tirinha.com\\\/\",\"logo\":{\"@type\":\"ImageObject\",\"inLanguage\":\"es\",\"@id\":\"https:\\\/\\\/tirinha.com\\\/#\\\/schema\\\/logo\\\/image\\\/\",\"url\":\"https:\\\/\\\/tirinha.com\\\/wp-content\\\/uploads\\\/2023\\\/08\\\/cropped-Logo-Tirinha.webp\",\"contentUrl\":\"https:\\\/\\\/tirinha.com\\\/wp-content\\\/uploads\\\/2023\\\/08\\\/cropped-Logo-Tirinha.webp\",\"width\":512,\"height\":512,\"caption\":\"Tirinha.com\"},\"image\":{\"@id\":\"https:\\\/\\\/tirinha.com\\\/#\\\/schema\\\/logo\\\/image\\\/\"}},{\"@type\":\"Person\",\"@id\":\"https:\\\/\\\/tirinha.com\\\/#\\\/schema\\\/person\\\/e22bdfbe17e0461f7e927e6a1208d4d9\",\"name\":\"admin\",\"image\":{\"@type\":\"ImageObject\",\"inLanguage\":\"es\",\"@id\":\"https:\\\/\\\/tirinha.com\\\/wp-content\\\/litespeed\\\/avatar\\\/d0068f7931cc87d7274eb0c3db1deb4b.jpg?ver=1776829466\",\"url\":\"https:\\\/\\\/tirinha.com\\\/wp-content\\\/litespeed\\\/avatar\\\/d0068f7931cc87d7274eb0c3db1deb4b.jpg?ver=1776829466\",\"contentUrl\":\"https:\\\/\\\/tirinha.com\\\/wp-content\\\/litespeed\\\/avatar\\\/d0068f7931cc87d7274eb0c3db1deb4b.jpg?ver=1776829466\",\"caption\":\"admin\"},\"sameAs\":[\"https:\\\/\\\/tirinha.com\"],\"url\":\"https:\\\/\\\/tirinha.com\\\/es\\\/author\\\/admin\\\/\"}]}<\/script>\n<!-- \/ Yoast SEO plugin. -->","yoast_head_json":{"title":"La luz del Ateneo de Madrid - Tirinha.com","robots":{"index":"index","follow":"follow","max-snippet":"max-snippet:-1","max-image-preview":"max-image-preview:large","max-video-preview":"max-video-preview:-1"},"canonical":"https:\/\/tirinha.com\/es\/1140\/la-luz-del-ateneo-de-madrid\/","og_locale":"es_MX","og_type":"article","og_title":"A luz do Ateneo de Madrid - Tirinha.com","og_description":"Dois s\u00e9culos procurando a luz recolher as grandes joias do arquivo da institui\u00e7\u00e3o bicenten\u00e1ria A espetacular biblioteca do Ateneo de &hellip;","og_url":"https:\/\/tirinha.com\/es\/1140\/la-luz-del-ateneo-de-madrid\/","og_site_name":"Tirinha.com","article_published_time":"2023-04-14T12:50:13+00:00","og_image":[{"url":"https:\/\/elgeneracionalpost.com\/wp-content\/uploads\/2023\/04\/PORTADA-EG2.jpg","type":"","width":"","height":""}],"author":"admin","twitter_card":"summary_large_image","twitter_image":"https:\/\/elgeneracionalpost.com\/wp-content\/uploads\/2023\/04\/PORTADA-EG2.jpg","twitter_misc":{"Escrito por":"admin","Tiempo de lectura":"3 minutos"},"schema":{"@context":"https:\/\/schema.org","@graph":[{"@type":"Article","@id":"https:\/\/tirinha.com\/1140\/a-luz-do-ateneo-de-madrid\/#article","isPartOf":{"@id":"https:\/\/tirinha.com\/1140\/a-luz-do-ateneo-de-madrid\/"},"author":{"name":"admin","@id":"https:\/\/tirinha.com\/#\/schema\/person\/e22bdfbe17e0461f7e927e6a1208d4d9"},"headline":"A luz do Ateneo de Madrid","datePublished":"2023-04-14T12:50:13+00:00","mainEntityOfPage":{"@id":"https:\/\/tirinha.com\/1140\/a-luz-do-ateneo-de-madrid\/"},"wordCount":608,"commentCount":0,"publisher":{"@id":"https:\/\/tirinha.com\/#organization"},"image":{"@id":"https:\/\/tirinha.com\/1140\/a-luz-do-ateneo-de-madrid\/#primaryimage"},"thumbnailUrl":"https:\/\/elgeneracionalpost.com\/wp-content\/uploads\/2023\/04\/PORTADA-EG2.jpg","articleSection":["Cultura e lazer"],"inLanguage":"es","potentialAction":[{"@type":"CommentAction","name":"Comment","target":["https:\/\/tirinha.com\/1140\/a-luz-do-ateneo-de-madrid\/#respond"]}]},{"@type":"WebPage","@id":"https:\/\/tirinha.com\/1140\/a-luz-do-ateneo-de-madrid\/","url":"https:\/\/tirinha.com\/1140\/a-luz-do-ateneo-de-madrid\/","name":"La luz del Ateneo de Madrid - Tirinha.com","isPartOf":{"@id":"https:\/\/tirinha.com\/#website"},"primaryImageOfPage":{"@id":"https:\/\/tirinha.com\/1140\/a-luz-do-ateneo-de-madrid\/#primaryimage"},"image":{"@id":"https:\/\/tirinha.com\/1140\/a-luz-do-ateneo-de-madrid\/#primaryimage"},"thumbnailUrl":"https:\/\/elgeneracionalpost.com\/wp-content\/uploads\/2023\/04\/PORTADA-EG2.jpg","datePublished":"2023-04-14T12:50:13+00:00","breadcrumb":{"@id":"https:\/\/tirinha.com\/1140\/a-luz-do-ateneo-de-madrid\/#breadcrumb"},"inLanguage":"es","potentialAction":[{"@type":"ReadAction","target":["https:\/\/tirinha.com\/1140\/a-luz-do-ateneo-de-madrid\/"]}]},{"@type":"ImageObject","inLanguage":"es","@id":"https:\/\/tirinha.com\/1140\/a-luz-do-ateneo-de-madrid\/#primaryimage","url":"https:\/\/elgeneracionalpost.com\/wp-content\/uploads\/2023\/04\/PORTADA-EG2.jpg","contentUrl":"https:\/\/elgeneracionalpost.com\/wp-content\/uploads\/2023\/04\/PORTADA-EG2.jpg"},{"@type":"BreadcrumbList","@id":"https:\/\/tirinha.com\/1140\/a-luz-do-ateneo-de-madrid\/#breadcrumb","itemListElement":[{"@type":"ListItem","position":1,"name":"Home","item":"https:\/\/tirinha.com\/"},{"@type":"ListItem","position":2,"name":"A luz do Ateneo de Madrid"}]},{"@type":"WebSite","@id":"https:\/\/tirinha.com\/#website","url":"https:\/\/tirinha.com\/","name":"c\u00f3mics.com","description":"Rese\u00f1as de arte y libros.","publisher":{"@id":"https:\/\/tirinha.com\/#organization"},"potentialAction":[{"@type":"SearchAction","target":{"@type":"EntryPoint","urlTemplate":"https:\/\/tirinha.com\/?s={search_term_string}"},"query-input":{"@type":"PropertyValueSpecification","valueRequired":true,"valueName":"search_term_string"}}],"inLanguage":"es"},{"@type":"Organization","@id":"https:\/\/tirinha.com\/#organization","name":"c\u00f3mics.com","url":"https:\/\/tirinha.com\/","logo":{"@type":"ImageObject","inLanguage":"es","@id":"https:\/\/tirinha.com\/#\/schema\/logo\/image\/","url":"https:\/\/tirinha.com\/wp-content\/uploads\/2023\/08\/cropped-Logo-Tirinha.webp","contentUrl":"https:\/\/tirinha.com\/wp-content\/uploads\/2023\/08\/cropped-Logo-Tirinha.webp","width":512,"height":512,"caption":"Tirinha.com"},"image":{"@id":"https:\/\/tirinha.com\/#\/schema\/logo\/image\/"}},{"@type":"Person","@id":"https:\/\/tirinha.com\/#\/schema\/person\/e22bdfbe17e0461f7e927e6a1208d4d9","name":"administraci\u00f3n","image":{"@type":"ImageObject","inLanguage":"es","@id":"https:\/\/tirinha.com\/wp-content\/litespeed\/avatar\/d0068f7931cc87d7274eb0c3db1deb4b.jpg?ver=1776829466","url":"https:\/\/tirinha.com\/wp-content\/litespeed\/avatar\/d0068f7931cc87d7274eb0c3db1deb4b.jpg?ver=1776829466","contentUrl":"https:\/\/tirinha.com\/wp-content\/litespeed\/avatar\/d0068f7931cc87d7274eb0c3db1deb4b.jpg?ver=1776829466","caption":"admin"},"sameAs":["https:\/\/tirinha.com"],"url":"https:\/\/tirinha.com\/es\/author\/admin\/"}]}},"_links":{"self":[{"href":"https:\/\/tirinha.com\/es\/wp-json\/wp\/v2\/posts\/1140","targetHints":{"allow":["GET"]}}],"collection":[{"href":"https:\/\/tirinha.com\/es\/wp-json\/wp\/v2\/posts"}],"about":[{"href":"https:\/\/tirinha.com\/es\/wp-json\/wp\/v2\/types\/post"}],"author":[{"embeddable":true,"href":"https:\/\/tirinha.com\/es\/wp-json\/wp\/v2\/users\/1"}],"replies":[{"embeddable":true,"href":"https:\/\/tirinha.com\/es\/wp-json\/wp\/v2\/comments?post=1140"}],"version-history":[{"count":0,"href":"https:\/\/tirinha.com\/es\/wp-json\/wp\/v2\/posts\/1140\/revisions"}],"wp:featuredmedia":[{"embeddable":true,"href":"https:\/\/tirinha.com\/es\/wp-json\/wp\/v2\/media\/1141"}],"wp:attachment":[{"href":"https:\/\/tirinha.com\/es\/wp-json\/wp\/v2\/media?parent=1140"}],"wp:term":[{"taxonomy":"category","embeddable":true,"href":"https:\/\/tirinha.com\/es\/wp-json\/wp\/v2\/categories?post=1140"},{"taxonomy":"post_tag","embeddable":true,"href":"https:\/\/tirinha.com\/es\/wp-json\/wp\/v2\/tags?post=1140"}],"curies":[{"name":"wp","href":"https:\/\/api.w.org\/{rel}","templated":true}]}}