{"id":1059,"date":"2023-04-05T10:35:05","date_gmt":"2023-04-05T10:35:05","guid":{"rendered":"https:\/\/tirinha.com\/mickey-e-minnie-comemoram-seu-90o-aniversario\/"},"modified":"2023-04-05T10:35:05","modified_gmt":"2023-04-05T10:35:05","slug":"mickey-e-minnie-comemoram-seu-90o-aniversario","status":"publish","type":"post","link":"https:\/\/tirinha.com\/es\/1059\/mickey-e-minnie-comemoram-seu-90o-aniversario\/","title":{"rendered":"Mickey y Minnie celebran su 90 cumplea\u00f1os"},"content":{"rendered":"<p><\/p>\n<div>\n<h3>A pesar de tener noventa a\u00f1os, el d\u00fao de roedores se mantiene en plena forma, convirti\u00e9ndose en un icono querido tanto por ni\u00f1os como por adultos.<\/h3>\n<p style=\"text-align:left;\">El pasado fin de semana, el rat\u00f3n m\u00e1s famoso de Disney, Mickey Mouse, junto a su inseparable compa\u00f1era, Minnie Mouse, cumplieron 90 a\u00f1os y el imperio Disney lo celebr\u00f3 por todo lo alto.<\/p>\n<p><img fetchpriority=\"high\" data-attachment-id=\"928\" data-permalink=\"https:\/\/elgeneracionalpost.com\/cultura\/2018\/1120\/927\/mickey-y-minnie-celebran-su-90-aniversario.html\/attachment\/mickey-minnie-railroad-header\" data-orig-file=\"https:\/\/i0.wp.com\/elgeneracionalpost.com\/wp-content\/uploads\/2018\/11\/mickey-minnie-railroad-header.jpg?fit=970%2C545&amp;ssl=1\" data-orig-size=\"970,545\" data-comments-opened=\"1\" data-image-meta=\"{&quot;aperture&quot;:&quot;0&quot;,&quot;credit&quot;:&quot;&quot;,&quot;camera&quot;:&quot;&quot;,&quot;caption&quot;:&quot;&quot;,&quot;created_timestamp&quot;:&quot;0&quot;,&quot;copyright&quot;:&quot;&quot;,&quot;focal_length&quot;:&quot;0&quot;,&quot;iso&quot;:&quot;0&quot;,&quot;shutter_speed&quot;:&quot;0&quot;,&quot;title&quot;:&quot;&quot;,&quot;orientation&quot;:&quot;0&quot;}\" data-image-title=\"mickey-minnie-railroad-header\" data-image-description=\"\" data-image-caption=\"\" data-medium-file=\"https:\/\/i0.wp.com\/elgeneracionalpost.com\/wp-content\/uploads\/2018\/11\/mickey-minnie-railroad-header.jpg?fit=300%2C169&amp;ssl=1\" data-large-file=\"https:\/\/i0.wp.com\/elgeneracionalpost.com\/wp-content\/uploads\/2018\/11\/mickey-minnie-railroad-header.jpg?fit=696%2C391&amp;ssl=1\" decoding=\"async\" class=\"alignnone size-full wp-image-928 jetpack-lazy-image\" src=\"https:\/\/i0.wp.com\/elgeneracionalpost.com\/wp-content\/uploads\/2018\/11\/mickey-minnie-railroad-header.jpg?resize=696%2C391&amp;ssl=1\" alt=\"cabe\u00e7alho da ferrovia mickey-minnie\" width=\"696\" height=\"391\" data-recalc-dims=\"1\" data-lazy-src=\"https:\/\/i0.wp.com\/elgeneracionalpost.com\/wp-content\/uploads\/2018\/11\/mickey-minnie-railroad-header.jpg?resize=696%2C391&amp;is-pending-load=1#038;ssl=1\" srcset=\"data:image\/gif;base64,R0lGODlhAQABAIAAAAAAAP\/\/\/yH5BAEAAAAALAAAAAABAAEAAAIBRAA7\"\/><noscript><img data-lazy-fallback=\"1\" data-attachment-id=\"928\" data-permalink=\"https:\/\/elgeneracionalpost.com\/cultura\/2018\/1120\/927\/mickey-y-minnie-celebran-su-90-aniversario.html\/attachment\/mickey-minnie-railroad-header\" data-orig-file=\"https:\/\/i0.wp.com\/elgeneracionalpost.com\/wp-content\/uploads\/2018\/11\/mickey-minnie-railroad-header.jpg?fit=970%2C545&amp;ssl=1\" data-orig-size=\"970,545\" data-comments-opened=\"1\" data-image-meta=\"{&quot;aperture&quot;:&quot;0&quot;,&quot;credit&quot;:&quot;&quot;,&quot;camera&quot;:&quot;&quot;,&quot;caption&quot;:&quot;&quot;,&quot;created_timestamp&quot;:&quot;0&quot;,&quot;copyright&quot;:&quot;&quot;,&quot;focal_length&quot;:&quot;0&quot;,&quot;iso&quot;:&quot;0&quot;,&quot;shutter_speed&quot;:&quot;0&quot;,&quot;title&quot;:&quot;&quot;,&quot;orientation&quot;:&quot;0&quot;}\" data-image-title=\"mickey-minnie-railroad-header\" data-image-description=\"\" data-image-caption=\"\" data-medium-file=\"https:\/\/i0.wp.com\/elgeneracionalpost.com\/wp-content\/uploads\/2018\/11\/mickey-minnie-railroad-header.jpg?fit=300%2C169&amp;ssl=1\" data-large-file=\"https:\/\/i0.wp.com\/elgeneracionalpost.com\/wp-content\/uploads\/2018\/11\/mickey-minnie-railroad-header.jpg?fit=696%2C391&amp;ssl=1\" decoding=\"async\" class=\"alignnone size-full wp-image-928\" src=\"https:\/\/i0.wp.com\/elgeneracionalpost.com\/wp-content\/uploads\/2018\/11\/mickey-minnie-railroad-header.jpg?resize=696%2C391&amp;ssl=1\" alt=\"cabe\u00e7alho da ferrovia mickey-minnie\" width=\"696\" height=\"391\" data-recalc-dims=\"1\"\/><\/noscript><\/p>\n<h5 style=\"text-align:right;\">fotograf\u00eda de disney<\/h5>\n<p>Ambos roedores aparecieron por primera vez en el corto. <em>avion loco<\/em> el 15 de mayo de 1928, pero logr\u00f3 el \u00e9xito el 18 de noviembre de 1928 con <em>Willie el barco de vapor <\/em>en el Colony Theatre de Nueva York, convirti\u00e9ndose en la primera animaci\u00f3n en blanco y negro con banda sonora sincronizada.<\/p>\n<p>Este peculiar personaje de grandes orejas y aire carism\u00e1tico apareci\u00f3 porque Walt Disney se vio obligado a buscar un sucesor a su estrella Oswald el Conejo de la Suerte, ya que una distribuidora le quit\u00f3 los derechos. \u00bfQui\u00e9n hubiera imaginado que este rev\u00e9s dar\u00eda origen a uno de los personajes m\u00e1s emblem\u00e1ticos del cine infantil?<\/p>\n<p>En un principio, Disney decidi\u00f3 llamar a su nuevo personaje Mortimer, pero su esposa Lilian le sugiri\u00f3 cambiarle el nombre a Mickey Mouse, sin duda una gran elecci\u00f3n. Aunque su nombre es bastante universal, hay pa\u00edses donde no se le conoce como tal, por ejemplo, en Italia se llama Topolino, en Suecia, Musse Pigg, y en China, Mi Lau Shu. Los primeros bocetos vinieron de manos del dibujante Ubbe Iwerks, quien plasm\u00f3 la idea de Disney.<\/p>\n<p>A lo largo de estos 90 a\u00f1os, su apariencia ha sufrido cambios adapt\u00e1ndose a cada temporada, en 1929 Mickey se puso sus famosos guantes, y unos a\u00f1os m\u00e1s tarde se le a\u00f1adieron cejas y pupilas en los ojos, d\u00e1ndole un aspecto m\u00e1s moderno.<\/p>\n<p><img data-attachment-id=\"934\" data-permalink=\"https:\/\/elgeneracionalpost.com\/cultura\/2018\/1120\/927\/mickey-y-minnie-celebran-su-90-aniversario.html\/attachment\/_20181120_2120531\" data-orig-file=\"https:\/\/i0.wp.com\/elgeneracionalpost.com\/wp-content\/uploads\/2018\/11\/20181120_2120531.jpg?fit=720%2C1015&amp;ssl=1\" data-orig-size=\"720,1015\" data-comments-opened=\"1\" data-image-meta=\"{&quot;aperture&quot;:&quot;0&quot;,&quot;credit&quot;:&quot;&quot;,&quot;camera&quot;:&quot;&quot;,&quot;caption&quot;:&quot;&quot;,&quot;created_timestamp&quot;:&quot;0&quot;,&quot;copyright&quot;:&quot;&quot;,&quot;focal_length&quot;:&quot;0&quot;,&quot;iso&quot;:&quot;0&quot;,&quot;shutter_speed&quot;:&quot;0&quot;,&quot;title&quot;:&quot;&quot;,&quot;orientation&quot;:&quot;0&quot;}\" data-image-title=\"_20181120_212053(1)\" data-image-description=\"\" data-image-caption=\"\" data-medium-file=\"https:\/\/i0.wp.com\/elgeneracionalpost.com\/wp-content\/uploads\/2018\/11\/20181120_2120531.jpg?fit=213%2C300&amp;ssl=1\" data-large-file=\"https:\/\/i0.wp.com\/elgeneracionalpost.com\/wp-content\/uploads\/2018\/11\/20181120_2120531.jpg?fit=696%2C981&amp;ssl=1\" decoding=\"async\" class=\"alignnone size-full wp-image-934 jetpack-lazy-image\" src=\"https:\/\/i0.wp.com\/elgeneracionalpost.com\/wp-content\/uploads\/2018\/11\/20181120_2120531.jpg?resize=696%2C981&amp;ssl=1\" alt=\"_20181120_212053(1)\" width=\"696\" height=\"981\" data-recalc-dims=\"1\" data-lazy-src=\"https:\/\/i0.wp.com\/elgeneracionalpost.com\/wp-content\/uploads\/2018\/11\/20181120_2120531.jpg?resize=696%2C981&amp;is-pending-load=1#038;ssl=1\" srcset=\"data:image\/gif;base64,R0lGODlhAQABAIAAAAAAAP\/\/\/yH5BAEAAAAALAAAAAABAAEAAAIBRAA7\"\/><noscript><img loading=\"lazy\" data-lazy-fallback=\"1\" data-attachment-id=\"934\" data-permalink=\"https:\/\/elgeneracionalpost.com\/cultura\/2018\/1120\/927\/mickey-y-minnie-celebran-su-90-aniversario.html\/attachment\/_20181120_2120531\" data-orig-file=\"https:\/\/i0.wp.com\/elgeneracionalpost.com\/wp-content\/uploads\/2018\/11\/20181120_2120531.jpg?fit=720%2C1015&amp;ssl=1\" data-orig-size=\"720,1015\" data-comments-opened=\"1\" data-image-meta=\"{&quot;aperture&quot;:&quot;0&quot;,&quot;credit&quot;:&quot;&quot;,&quot;camera&quot;:&quot;&quot;,&quot;caption&quot;:&quot;&quot;,&quot;created_timestamp&quot;:&quot;0&quot;,&quot;copyright&quot;:&quot;&quot;,&quot;focal_length&quot;:&quot;0&quot;,&quot;iso&quot;:&quot;0&quot;,&quot;shutter_speed&quot;:&quot;0&quot;,&quot;title&quot;:&quot;&quot;,&quot;orientation&quot;:&quot;0&quot;}\" data-image-title=\"_20181120_212053(1)\" data-image-description=\"\" data-image-caption=\"\" data-medium-file=\"https:\/\/i0.wp.com\/elgeneracionalpost.com\/wp-content\/uploads\/2018\/11\/20181120_2120531.jpg?fit=213%2C300&amp;ssl=1\" data-large-file=\"https:\/\/i0.wp.com\/elgeneracionalpost.com\/wp-content\/uploads\/2018\/11\/20181120_2120531.jpg?fit=696%2C981&amp;ssl=1\" decoding=\"async\" class=\"alignnone size-full wp-image-934\" src=\"https:\/\/i0.wp.com\/elgeneracionalpost.com\/wp-content\/uploads\/2018\/11\/20181120_2120531.jpg?resize=696%2C981&amp;ssl=1\" alt=\"_20181120_212053(1)\" width=\"696\" height=\"981\" data-recalc-dims=\"1\"\/><\/noscript><\/p>\n<h5 style=\"text-align:right;\">Evoluci\u00f3n del dise\u00f1o de Mickey a lo largo de estos 90 a\u00f1os. Fotograf\u00eda alrededor del mundo.<\/h5>\n<p>En 1929 con el cortometraje <em>El chico del carnaval,<\/em> Mickey habl\u00f3 por primera vez. Curiosamente, durante estas nueve d\u00e9cadas s\u00f3lo cinco hombres le dieron voz: Walt Disney, que prest\u00f3 su voz hasta 1947, sustituido por Jimmy MacDonald, que fue degradado en 1977 por Wayne Allwine y, a partir de 2009, Bret Iwan y Chris Diamantopoulos son los actores de doblaje m\u00e1s famosos. En Espa\u00f1a, el actual doblador es Jos\u00e9 Padilla.<\/p>\n<p>Llegaron a Espa\u00f1a en 1934 en las caricaturas diarias de Vanguarda, con diferentes nombres: Miguel\u00edn y Mimi, cuyo \u00e9xito fue indiscutible e incluso tuvieron su propia revista.<\/p>\n<p>Unos a\u00f1os m\u00e1s tarde, en 1935, llegar\u00eda a los cines. <em>El concierto de la banda<\/em>, su primer cortometraje en color. Posteriormente, en 1940, dejar\u00eda su huella con la secuencia El aprendiz de brujo, en la pel\u00edcula <em>Elegante<\/em>. La \u00faltima vez que Mickey regres\u00f3 a la pantalla grande fue en 2013 con el corto <em>conseguir un caballo<\/em>.<\/p>\n<p>Adem\u00e1s, fue el primer personaje animado en tener una estrella en el Paseo de la Fama de Hollywood, en su 50 cumplea\u00f1os, el 18 de noviembre de 1978. Sin embargo, aunque su debut siempre lo hizo junto a su novia Minnie, esta \u00faltima recibi\u00f3 su estrella antes. este a\u00f1o.<\/p>\n<p>Con motivo de esta celebraci\u00f3n, la compa\u00f1\u00eda ha querido rendir homenaje a esta peculiar pareja de ratones con un programa especial, que durar\u00e1 90 d\u00edas, repleto de actividades para ni\u00f1os y adultos en sus parques tem\u00e1ticos, Disneyland Park y Disneyland Par\u00eds.<\/p>\n<p>Adem\u00e1s, cientos de marcas quisieron rendirles homenaje, algunas de ellas como Bershka, una joven empresa propiedad de Inditex, o la empresa textil espa\u00f1ola El Ganso, que lanz\u00f3 una colecci\u00f3n de ropa inspirada en ellos. Pandora tambi\u00e9n se sum\u00f3 a la fiesta, pese a colaborar con Disney desde 2014, y para su cumplea\u00f1os puso a la venta un colgante de Mickey en plata y otro en oro de 90. Sin embargo, artistas y dise\u00f1adores como Dolce &amp; Gabbana o Andy Warhol ya han creado creaciones con este compa\u00f1\u00eda.<\/p>\n<p>En definitiva, estos personajes de aire carism\u00e1tico, a pesar de ser la pareja animada m\u00e1s longeva del mundo, siguen siendo un \u00edcono querido tanto por ni\u00f1os como por adultos y como dijo Walt Disney: \u201cEspero que nunca perdamos de vista una cosa: que todo empez\u00f3 con un rat\u00f3n.<\/p>\n<div class=\"sharedaddy sd-block sd-like jetpack-likes-widget-wrapper jetpack-likes-widget-unloaded\" id=\"like-post-wrapper-153844979-927-642d4ed8ded6b\" data-src=\"https:\/\/widgets.wp.com\/likes\/#blog_id=153844979&amp;post_id=927&amp;origin=elgeneracionalpost.com&amp;obj_id=153844979-927-642d4ed8ded6b\" data-name=\"like-post-frame-153844979-927-642d4ed8ded6b\" data-title=\"Me gusta o Compartir\">\n<h3 class=\"sd-title\">Me gusta esto:<\/h3>\n<p><span class=\"button\"><span>Me gusta<\/span><\/span> <span class=\"loading\">Cargando\u2026<\/span><\/p>\n<p><span class=\"sd-text-color\"\/><\/div>\n<p><h3 class=\"jp-relatedposts-headline\"><em>Relacionado<\/em><\/h3>\n<\/p>\n<\/div>","protected":false},"excerpt":{"rendered":"<p>A pesar de tener noventa a\u00f1os, el d\u00fao de roedores se mantiene en plena forma, convirti\u00e9ndose en un icono amado tanto por ni\u00f1os como por adultos... <\/p>","protected":false},"author":1,"featured_media":1060,"comment_status":"open","ping_status":"open","sticky":false,"template":"","format":"standard","meta":{"fifu_image_url":"https:\/\/i2.wp.com\/elgeneracionalpost.com\/wp-content\/uploads\/2018\/11\/mickey-minnie-railroad-header.jpg?fit=970,545&ssl=1","fifu_image_alt":"","footnotes":""},"categories":[35],"tags":[],"class_list":["post-1059","post","type-post","status-publish","format-standard","has-post-thumbnail","hentry","category-cultura-e-lazer","latest_post"],"yoast_head":"<!-- This site is optimized with the Yoast SEO plugin v27.3 - https:\/\/yoast.com\/product\/yoast-seo-wordpress\/ -->\n<title>Mickey e Minnie comemoram seu 90\u00ba anivers\u00e1rio - Tirinha.com<\/title>\n<meta name=\"robots\" content=\"index, follow, max-snippet:-1, max-image-preview:large, max-video-preview:-1\" \/>\n<link rel=\"canonical\" href=\"https:\/\/tirinha.com\/es\/1059\/mickey-e-minnie-comemoram-seu-90o-aniversario\/\" \/>\n<meta property=\"og:locale\" content=\"es_MX\" \/>\n<meta property=\"og:type\" content=\"article\" \/>\n<meta property=\"og:title\" content=\"Mickey e Minnie comemoram seu 90\u00ba anivers\u00e1rio - Tirinha.com\" \/>\n<meta property=\"og:description\" content=\"Apesar dos noventa anos, a dupla de roedores segue em plena forma, tornando-se um \u00edcone amado por crian\u00e7as e adultos &hellip;\" \/>\n<meta property=\"og:url\" content=\"https:\/\/tirinha.com\/es\/1059\/mickey-e-minnie-comemoram-seu-90o-aniversario\/\" \/>\n<meta property=\"og:site_name\" content=\"Tirinha.com\" \/>\n<meta property=\"article:published_time\" content=\"2023-04-05T10:35:05+00:00\" \/>\n<meta property=\"og:image\" content=\"https:\/\/i2.wp.com\/elgeneracionalpost.com\/wp-content\/uploads\/2018\/11\/mickey-minnie-railroad-header.jpg?fit=970,545&ssl=1\" \/>\n<meta name=\"author\" content=\"admin\" \/>\n<meta name=\"twitter:card\" content=\"summary_large_image\" \/>\n<meta name=\"twitter:image\" content=\"https:\/\/i2.wp.com\/elgeneracionalpost.com\/wp-content\/uploads\/2018\/11\/mickey-minnie-railroad-header.jpg?fit=970,545&ssl=1\" \/>\n<meta name=\"twitter:label1\" content=\"Escrito por\" \/>\n\t<meta name=\"twitter:data1\" content=\"admin\" \/>\n\t<meta name=\"twitter:label2\" content=\"Tiempo de lectura\" \/>\n\t<meta name=\"twitter:data2\" content=\"3 minutos\" \/>\n<script type=\"application\/ld+json\" class=\"yoast-schema-graph\">{\"@context\":\"https:\\\/\\\/schema.org\",\"@graph\":[{\"@type\":\"Article\",\"@id\":\"https:\\\/\\\/tirinha.com\\\/1059\\\/mickey-e-minnie-comemoram-seu-90o-aniversario\\\/#article\",\"isPartOf\":{\"@id\":\"https:\\\/\\\/tirinha.com\\\/1059\\\/mickey-e-minnie-comemoram-seu-90o-aniversario\\\/\"},\"author\":{\"name\":\"admin\",\"@id\":\"https:\\\/\\\/tirinha.com\\\/#\\\/schema\\\/person\\\/e22bdfbe17e0461f7e927e6a1208d4d9\"},\"headline\":\"Mickey e Minnie comemoram seu 90\u00ba anivers\u00e1rio\",\"datePublished\":\"2023-04-05T10:35:05+00:00\",\"mainEntityOfPage\":{\"@id\":\"https:\\\/\\\/tirinha.com\\\/1059\\\/mickey-e-minnie-comemoram-seu-90o-aniversario\\\/\"},\"wordCount\":683,\"commentCount\":0,\"publisher\":{\"@id\":\"https:\\\/\\\/tirinha.com\\\/#organization\"},\"image\":{\"@id\":\"https:\\\/\\\/tirinha.com\\\/1059\\\/mickey-e-minnie-comemoram-seu-90o-aniversario\\\/#primaryimage\"},\"thumbnailUrl\":\"https:\\\/\\\/i2.wp.com\\\/elgeneracionalpost.com\\\/wp-content\\\/uploads\\\/2018\\\/11\\\/mickey-minnie-railroad-header.jpg?fit=970,545&ssl=1\",\"articleSection\":[\"Cultura e lazer\"],\"inLanguage\":\"es\",\"potentialAction\":[{\"@type\":\"CommentAction\",\"name\":\"Comment\",\"target\":[\"https:\\\/\\\/tirinha.com\\\/1059\\\/mickey-e-minnie-comemoram-seu-90o-aniversario\\\/#respond\"]}]},{\"@type\":\"WebPage\",\"@id\":\"https:\\\/\\\/tirinha.com\\\/1059\\\/mickey-e-minnie-comemoram-seu-90o-aniversario\\\/\",\"url\":\"https:\\\/\\\/tirinha.com\\\/1059\\\/mickey-e-minnie-comemoram-seu-90o-aniversario\\\/\",\"name\":\"Mickey e Minnie comemoram seu 90\u00ba anivers\u00e1rio - Tirinha.com\",\"isPartOf\":{\"@id\":\"https:\\\/\\\/tirinha.com\\\/#website\"},\"primaryImageOfPage\":{\"@id\":\"https:\\\/\\\/tirinha.com\\\/1059\\\/mickey-e-minnie-comemoram-seu-90o-aniversario\\\/#primaryimage\"},\"image\":{\"@id\":\"https:\\\/\\\/tirinha.com\\\/1059\\\/mickey-e-minnie-comemoram-seu-90o-aniversario\\\/#primaryimage\"},\"thumbnailUrl\":\"https:\\\/\\\/i2.wp.com\\\/elgeneracionalpost.com\\\/wp-content\\\/uploads\\\/2018\\\/11\\\/mickey-minnie-railroad-header.jpg?fit=970,545&ssl=1\",\"datePublished\":\"2023-04-05T10:35:05+00:00\",\"breadcrumb\":{\"@id\":\"https:\\\/\\\/tirinha.com\\\/1059\\\/mickey-e-minnie-comemoram-seu-90o-aniversario\\\/#breadcrumb\"},\"inLanguage\":\"es\",\"potentialAction\":[{\"@type\":\"ReadAction\",\"target\":[\"https:\\\/\\\/tirinha.com\\\/1059\\\/mickey-e-minnie-comemoram-seu-90o-aniversario\\\/\"]}]},{\"@type\":\"ImageObject\",\"inLanguage\":\"es\",\"@id\":\"https:\\\/\\\/tirinha.com\\\/1059\\\/mickey-e-minnie-comemoram-seu-90o-aniversario\\\/#primaryimage\",\"url\":\"https:\\\/\\\/i2.wp.com\\\/elgeneracionalpost.com\\\/wp-content\\\/uploads\\\/2018\\\/11\\\/mickey-minnie-railroad-header.jpg?fit=970,545&ssl=1\",\"contentUrl\":\"https:\\\/\\\/i2.wp.com\\\/elgeneracionalpost.com\\\/wp-content\\\/uploads\\\/2018\\\/11\\\/mickey-minnie-railroad-header.jpg?fit=970,545&ssl=1\"},{\"@type\":\"BreadcrumbList\",\"@id\":\"https:\\\/\\\/tirinha.com\\\/1059\\\/mickey-e-minnie-comemoram-seu-90o-aniversario\\\/#breadcrumb\",\"itemListElement\":[{\"@type\":\"ListItem\",\"position\":1,\"name\":\"Home\",\"item\":\"https:\\\/\\\/tirinha.com\\\/\"},{\"@type\":\"ListItem\",\"position\":2,\"name\":\"Mickey e Minnie comemoram seu 90\u00ba anivers\u00e1rio\"}]},{\"@type\":\"WebSite\",\"@id\":\"https:\\\/\\\/tirinha.com\\\/#website\",\"url\":\"https:\\\/\\\/tirinha.com\\\/\",\"name\":\"Tirinha.com\",\"description\":\"Arte e livros resenhas\",\"publisher\":{\"@id\":\"https:\\\/\\\/tirinha.com\\\/#organization\"},\"potentialAction\":[{\"@type\":\"SearchAction\",\"target\":{\"@type\":\"EntryPoint\",\"urlTemplate\":\"https:\\\/\\\/tirinha.com\\\/?s={search_term_string}\"},\"query-input\":{\"@type\":\"PropertyValueSpecification\",\"valueRequired\":true,\"valueName\":\"search_term_string\"}}],\"inLanguage\":\"es\"},{\"@type\":\"Organization\",\"@id\":\"https:\\\/\\\/tirinha.com\\\/#organization\",\"name\":\"Tirinha.com\",\"url\":\"https:\\\/\\\/tirinha.com\\\/\",\"logo\":{\"@type\":\"ImageObject\",\"inLanguage\":\"es\",\"@id\":\"https:\\\/\\\/tirinha.com\\\/#\\\/schema\\\/logo\\\/image\\\/\",\"url\":\"https:\\\/\\\/tirinha.com\\\/wp-content\\\/uploads\\\/2023\\\/08\\\/cropped-Logo-Tirinha.webp\",\"contentUrl\":\"https:\\\/\\\/tirinha.com\\\/wp-content\\\/uploads\\\/2023\\\/08\\\/cropped-Logo-Tirinha.webp\",\"width\":512,\"height\":512,\"caption\":\"Tirinha.com\"},\"image\":{\"@id\":\"https:\\\/\\\/tirinha.com\\\/#\\\/schema\\\/logo\\\/image\\\/\"}},{\"@type\":\"Person\",\"@id\":\"https:\\\/\\\/tirinha.com\\\/#\\\/schema\\\/person\\\/e22bdfbe17e0461f7e927e6a1208d4d9\",\"name\":\"admin\",\"image\":{\"@type\":\"ImageObject\",\"inLanguage\":\"es\",\"@id\":\"https:\\\/\\\/tirinha.com\\\/wp-content\\\/litespeed\\\/avatar\\\/d0068f7931cc87d7274eb0c3db1deb4b.jpg?ver=1777434315\",\"url\":\"https:\\\/\\\/tirinha.com\\\/wp-content\\\/litespeed\\\/avatar\\\/d0068f7931cc87d7274eb0c3db1deb4b.jpg?ver=1777434315\",\"contentUrl\":\"https:\\\/\\\/tirinha.com\\\/wp-content\\\/litespeed\\\/avatar\\\/d0068f7931cc87d7274eb0c3db1deb4b.jpg?ver=1777434315\",\"caption\":\"admin\"},\"sameAs\":[\"https:\\\/\\\/tirinha.com\"],\"url\":\"https:\\\/\\\/tirinha.com\\\/es\\\/author\\\/admin\\\/\"}]}<\/script>\n<!-- \/ Yoast SEO plugin. -->","yoast_head_json":{"title":"Mickey e Minnie comemoram seu 90\u00ba anivers\u00e1rio - Tirinha.com","robots":{"index":"index","follow":"follow","max-snippet":"max-snippet:-1","max-image-preview":"max-image-preview:large","max-video-preview":"max-video-preview:-1"},"canonical":"https:\/\/tirinha.com\/es\/1059\/mickey-e-minnie-comemoram-seu-90o-aniversario\/","og_locale":"es_MX","og_type":"article","og_title":"Mickey e Minnie comemoram seu 90\u00ba anivers\u00e1rio - Tirinha.com","og_description":"Apesar dos noventa anos, a dupla de roedores segue em plena forma, tornando-se um \u00edcone amado por crian\u00e7as e adultos &hellip;","og_url":"https:\/\/tirinha.com\/es\/1059\/mickey-e-minnie-comemoram-seu-90o-aniversario\/","og_site_name":"Tirinha.com","article_published_time":"2023-04-05T10:35:05+00:00","og_image":[{"url":"https:\/\/i2.wp.com\/elgeneracionalpost.com\/wp-content\/uploads\/2018\/11\/mickey-minnie-railroad-header.jpg?fit=970,545&ssl=1","type":"","width":"","height":""}],"author":"admin","twitter_card":"summary_large_image","twitter_image":"https:\/\/i2.wp.com\/elgeneracionalpost.com\/wp-content\/uploads\/2018\/11\/mickey-minnie-railroad-header.jpg?fit=970,545&ssl=1","twitter_misc":{"Escrito por":"admin","Tiempo de lectura":"3 minutos"},"schema":{"@context":"https:\/\/schema.org","@graph":[{"@type":"Article","@id":"https:\/\/tirinha.com\/1059\/mickey-e-minnie-comemoram-seu-90o-aniversario\/#article","isPartOf":{"@id":"https:\/\/tirinha.com\/1059\/mickey-e-minnie-comemoram-seu-90o-aniversario\/"},"author":{"name":"admin","@id":"https:\/\/tirinha.com\/#\/schema\/person\/e22bdfbe17e0461f7e927e6a1208d4d9"},"headline":"Mickey e Minnie comemoram seu 90\u00ba anivers\u00e1rio","datePublished":"2023-04-05T10:35:05+00:00","mainEntityOfPage":{"@id":"https:\/\/tirinha.com\/1059\/mickey-e-minnie-comemoram-seu-90o-aniversario\/"},"wordCount":683,"commentCount":0,"publisher":{"@id":"https:\/\/tirinha.com\/#organization"},"image":{"@id":"https:\/\/tirinha.com\/1059\/mickey-e-minnie-comemoram-seu-90o-aniversario\/#primaryimage"},"thumbnailUrl":"https:\/\/i2.wp.com\/elgeneracionalpost.com\/wp-content\/uploads\/2018\/11\/mickey-minnie-railroad-header.jpg?fit=970,545&ssl=1","articleSection":["Cultura e lazer"],"inLanguage":"es","potentialAction":[{"@type":"CommentAction","name":"Comment","target":["https:\/\/tirinha.com\/1059\/mickey-e-minnie-comemoram-seu-90o-aniversario\/#respond"]}]},{"@type":"WebPage","@id":"https:\/\/tirinha.com\/1059\/mickey-e-minnie-comemoram-seu-90o-aniversario\/","url":"https:\/\/tirinha.com\/1059\/mickey-e-minnie-comemoram-seu-90o-aniversario\/","name":"Mickey e Minnie comemoram seu 90\u00ba anivers\u00e1rio - Tirinha.com","isPartOf":{"@id":"https:\/\/tirinha.com\/#website"},"primaryImageOfPage":{"@id":"https:\/\/tirinha.com\/1059\/mickey-e-minnie-comemoram-seu-90o-aniversario\/#primaryimage"},"image":{"@id":"https:\/\/tirinha.com\/1059\/mickey-e-minnie-comemoram-seu-90o-aniversario\/#primaryimage"},"thumbnailUrl":"https:\/\/i2.wp.com\/elgeneracionalpost.com\/wp-content\/uploads\/2018\/11\/mickey-minnie-railroad-header.jpg?fit=970,545&ssl=1","datePublished":"2023-04-05T10:35:05+00:00","breadcrumb":{"@id":"https:\/\/tirinha.com\/1059\/mickey-e-minnie-comemoram-seu-90o-aniversario\/#breadcrumb"},"inLanguage":"es","potentialAction":[{"@type":"ReadAction","target":["https:\/\/tirinha.com\/1059\/mickey-e-minnie-comemoram-seu-90o-aniversario\/"]}]},{"@type":"ImageObject","inLanguage":"es","@id":"https:\/\/tirinha.com\/1059\/mickey-e-minnie-comemoram-seu-90o-aniversario\/#primaryimage","url":"https:\/\/i2.wp.com\/elgeneracionalpost.com\/wp-content\/uploads\/2018\/11\/mickey-minnie-railroad-header.jpg?fit=970,545&ssl=1","contentUrl":"https:\/\/i2.wp.com\/elgeneracionalpost.com\/wp-content\/uploads\/2018\/11\/mickey-minnie-railroad-header.jpg?fit=970,545&ssl=1"},{"@type":"BreadcrumbList","@id":"https:\/\/tirinha.com\/1059\/mickey-e-minnie-comemoram-seu-90o-aniversario\/#breadcrumb","itemListElement":[{"@type":"ListItem","position":1,"name":"Home","item":"https:\/\/tirinha.com\/"},{"@type":"ListItem","position":2,"name":"Mickey e Minnie comemoram seu 90\u00ba anivers\u00e1rio"}]},{"@type":"WebSite","@id":"https:\/\/tirinha.com\/#website","url":"https:\/\/tirinha.com\/","name":"c\u00f3mics.com","description":"Rese\u00f1as de arte y libros.","publisher":{"@id":"https:\/\/tirinha.com\/#organization"},"potentialAction":[{"@type":"SearchAction","target":{"@type":"EntryPoint","urlTemplate":"https:\/\/tirinha.com\/?s={search_term_string}"},"query-input":{"@type":"PropertyValueSpecification","valueRequired":true,"valueName":"search_term_string"}}],"inLanguage":"es"},{"@type":"Organization","@id":"https:\/\/tirinha.com\/#organization","name":"c\u00f3mics.com","url":"https:\/\/tirinha.com\/","logo":{"@type":"ImageObject","inLanguage":"es","@id":"https:\/\/tirinha.com\/#\/schema\/logo\/image\/","url":"https:\/\/tirinha.com\/wp-content\/uploads\/2023\/08\/cropped-Logo-Tirinha.webp","contentUrl":"https:\/\/tirinha.com\/wp-content\/uploads\/2023\/08\/cropped-Logo-Tirinha.webp","width":512,"height":512,"caption":"Tirinha.com"},"image":{"@id":"https:\/\/tirinha.com\/#\/schema\/logo\/image\/"}},{"@type":"Person","@id":"https:\/\/tirinha.com\/#\/schema\/person\/e22bdfbe17e0461f7e927e6a1208d4d9","name":"administraci\u00f3n","image":{"@type":"ImageObject","inLanguage":"es","@id":"https:\/\/tirinha.com\/wp-content\/litespeed\/avatar\/d0068f7931cc87d7274eb0c3db1deb4b.jpg?ver=1777434315","url":"https:\/\/tirinha.com\/wp-content\/litespeed\/avatar\/d0068f7931cc87d7274eb0c3db1deb4b.jpg?ver=1777434315","contentUrl":"https:\/\/tirinha.com\/wp-content\/litespeed\/avatar\/d0068f7931cc87d7274eb0c3db1deb4b.jpg?ver=1777434315","caption":"admin"},"sameAs":["https:\/\/tirinha.com"],"url":"https:\/\/tirinha.com\/es\/author\/admin\/"}]}},"_links":{"self":[{"href":"https:\/\/tirinha.com\/es\/wp-json\/wp\/v2\/posts\/1059","targetHints":{"allow":["GET"]}}],"collection":[{"href":"https:\/\/tirinha.com\/es\/wp-json\/wp\/v2\/posts"}],"about":[{"href":"https:\/\/tirinha.com\/es\/wp-json\/wp\/v2\/types\/post"}],"author":[{"embeddable":true,"href":"https:\/\/tirinha.com\/es\/wp-json\/wp\/v2\/users\/1"}],"replies":[{"embeddable":true,"href":"https:\/\/tirinha.com\/es\/wp-json\/wp\/v2\/comments?post=1059"}],"version-history":[{"count":0,"href":"https:\/\/tirinha.com\/es\/wp-json\/wp\/v2\/posts\/1059\/revisions"}],"wp:featuredmedia":[{"embeddable":true,"href":"https:\/\/tirinha.com\/es\/wp-json\/wp\/v2\/media\/1060"}],"wp:attachment":[{"href":"https:\/\/tirinha.com\/es\/wp-json\/wp\/v2\/media?parent=1059"}],"wp:term":[{"taxonomy":"category","embeddable":true,"href":"https:\/\/tirinha.com\/es\/wp-json\/wp\/v2\/categories?post=1059"},{"taxonomy":"post_tag","embeddable":true,"href":"https:\/\/tirinha.com\/es\/wp-json\/wp\/v2\/tags?post=1059"}],"curies":[{"name":"wp","href":"https:\/\/api.w.org\/{rel}","templated":true}]}}