{"id":1023,"date":"2023-04-04T02:19:57","date_gmt":"2023-04-04T02:19:57","guid":{"rendered":"https:\/\/tirinha.com\/entrevista-daniel-sanchez-eg-o-jornal-digital-noticias-presente\/"},"modified":"2023-04-04T02:19:57","modified_gmt":"2023-04-04T02:19:57","slug":"entrevista-con-daniel-sanchez-eg-el-periodico-digital-presenta-noticias","status":"publish","type":"post","link":"https:\/\/tirinha.com\/es\/1023\/entrevista-daniel-sanchez-eg-o-jornal-digital-noticias-presente\/","title":{"rendered":"Entrevista Daniel S\u00e1nchez \u2013 EG. El peri\u00f3dico digital. Noticias. Regalo"},"content":{"rendered":"<p><\/p>\n<div>\n<h2><span style=\"color: #333300;\"><em>Y en enero, primavera.<\/em> es el primer poemario de Daniel, un joven apasionado por la escritura y el amor<\/span><\/h2>\n<p>Daniel S\u00e1nchez, tambi\u00e9n conocido como \u201cEl ba\u00fal de las vidas\u201d en Instagram, public\u00f3 el pasado 18 de octubre su primer libro de poes\u00eda bajo el sello Postdata Ediciones. El libro est\u00e1 compuesto por 80 poemas rodeados de un mensaje optimista y esperanzador sobre la vida. Daniel, en la entrevista con El Generacional, mostr\u00f3 su lado m\u00e1s personal, sincero y emotivo.<\/p>\n<p><strong>Preguntar. \u00bfC\u00f3mo describir\u00edas el libro? \u00bfY tu?<\/strong><\/p>\n<p><strong>Responder. <\/strong>El libro es una serie de vivencias y miedos, pero siempre rodeados de esperanza. D\u00e9 paso al sentimiento de esperanza que normalmente nunca abandonamos. Por mi parte, me considero una persona muy sensible que, como mi libro, nunca pierde la esperanza porque siempre trato de pensar que, al final, casi todo puede salir bien. Ahora agradezco no haber perdido la esperanza de publicar un libro porque, en ese caso, no habr\u00eda publicado nada.<\/p>\n<p><strong>P. <\/strong><strong>\u00bfQu\u00e9 intentas transmitir con tus versos?<\/strong><\/p>\n<p><strong>A.<\/strong> A menudo transmito amor o desamor. Sin embargo, en este libro, al ser una introducci\u00f3n al mundo de la poes\u00eda, quer\u00eda mostrar un poco sobre mi forma de pensar.<\/p>\n<p><img fetchpriority=\"high\" data-attachment-id=\"172\" data-permalink=\"https:\/\/elgeneracionalpost.com\/cultura\/2018\/1113\/167\/daniel-sanchez-las-penas-tambien-terminan-floreciendo.html\/attachment\/43462007_300744174099606_1512972206852987954_n\" data-orig-file=\"https:\/\/i0.wp.com\/elgeneracionalpost.com\/wp-content\/uploads\/2018\/11\/43462007_300744174099606_1512972206852987954_n-e1542048035419.jpg?fit=608%2C520&amp;ssl=1\" data-orig-size=\"608,520\" data-comments-opened=\"1\" data-image-meta=\"{&quot;aperture&quot;:&quot;0&quot;,&quot;credit&quot;:&quot;&quot;,&quot;camera&quot;:&quot;&quot;,&quot;caption&quot;:&quot;&quot;,&quot;created_timestamp&quot;:&quot;0&quot;,&quot;copyright&quot;:&quot;&quot;,&quot;focal_length&quot;:&quot;0&quot;,&quot;iso&quot;:&quot;0&quot;,&quot;shutter_speed&quot;:&quot;0&quot;,&quot;title&quot;:&quot;&quot;,&quot;orientation&quot;:&quot;0&quot;}\" data-image-title=\"43462007_300744174099606_1512972206852987954_n\" data-image-description=\"\" data-image-caption=\"\" data-medium-file=\"https:\/\/i0.wp.com\/elgeneracionalpost.com\/wp-content\/uploads\/2018\/11\/43462007_300744174099606_1512972206852987954_n-e1542048035419.jpg?fit=300%2C257&amp;ssl=1\" data-large-file=\"https:\/\/i0.wp.com\/elgeneracionalpost.com\/wp-content\/uploads\/2018\/11\/43462007_300744174099606_1512972206852987954_n-e1542048035419.jpg?fit=608%2C520&amp;ssl=1\" decoding=\"async\" class=\"wp-image-172 aligncenter jetpack-lazy-image\" src=\"https:\/\/i0.wp.com\/elgeneracionalpost.com\/wp-content\/uploads\/2018\/11\/43462007_300744174099606_1512972206852987954_n-e1542048035419.jpg?resize=393%2C336&amp;ssl=1\" alt=\"43462007_300744174099606_1512972206852987954_n\" width=\"393\" height=\"336\" data-recalc-dims=\"1\" data-lazy-src=\"https:\/\/i0.wp.com\/elgeneracionalpost.com\/wp-content\/uploads\/2018\/11\/43462007_300744174099606_1512972206852987954_n-e1542048035419.jpg?resize=393%2C336&amp;is-pending-load=1#038;ssl=1\" srcset=\"data:image\/gif;base64,R0lGODlhAQABAIAAAAAAAP\/\/\/yH5BAEAAAAALAAAAAABAAEAAAIBRAA7\"\/><noscript><img data-lazy-fallback=\"1\" data-attachment-id=\"172\" data-permalink=\"https:\/\/elgeneracionalpost.com\/cultura\/2018\/1113\/167\/daniel-sanchez-las-penas-tambien-terminan-floreciendo.html\/attachment\/43462007_300744174099606_1512972206852987954_n\" data-orig-file=\"https:\/\/i0.wp.com\/elgeneracionalpost.com\/wp-content\/uploads\/2018\/11\/43462007_300744174099606_1512972206852987954_n-e1542048035419.jpg?fit=608%2C520&amp;ssl=1\" data-orig-size=\"608,520\" data-comments-opened=\"1\" data-image-meta=\"{&quot;aperture&quot;:&quot;0&quot;,&quot;credit&quot;:&quot;&quot;,&quot;camera&quot;:&quot;&quot;,&quot;caption&quot;:&quot;&quot;,&quot;created_timestamp&quot;:&quot;0&quot;,&quot;copyright&quot;:&quot;&quot;,&quot;focal_length&quot;:&quot;0&quot;,&quot;iso&quot;:&quot;0&quot;,&quot;shutter_speed&quot;:&quot;0&quot;,&quot;title&quot;:&quot;&quot;,&quot;orientation&quot;:&quot;0&quot;}\" data-image-title=\"43462007_300744174099606_1512972206852987954_n\" data-image-description=\"\" data-image-caption=\"\" data-medium-file=\"https:\/\/i0.wp.com\/elgeneracionalpost.com\/wp-content\/uploads\/2018\/11\/43462007_300744174099606_1512972206852987954_n-e1542048035419.jpg?fit=300%2C257&amp;ssl=1\" data-large-file=\"https:\/\/i0.wp.com\/elgeneracionalpost.com\/wp-content\/uploads\/2018\/11\/43462007_300744174099606_1512972206852987954_n-e1542048035419.jpg?fit=608%2C520&amp;ssl=1\" decoding=\"async\" class=\"wp-image-172 aligncenter\" src=\"https:\/\/i0.wp.com\/elgeneracionalpost.com\/wp-content\/uploads\/2018\/11\/43462007_300744174099606_1512972206852987954_n-e1542048035419.jpg?resize=393%2C336&amp;ssl=1\" alt=\"43462007_300744174099606_1512972206852987954_n\" width=\"393\" height=\"336\" data-recalc-dims=\"1\"\/><\/noscript><\/p>\n<p><strong>P. <\/strong><strong>\u00bfVes reflejada la idea de tus poemas en la ilustraci\u00f3n?<\/strong><\/p>\n<p><strong>A. <\/strong>Completamente. Es exactamente lo que quer\u00eda y con los s\u00edmbolos que quer\u00eda. Es un hombre desnudo, vulnerable, en quien la primavera florece y cubre.<\/p>\n<p><strong>P. <\/strong><strong>\u00bfQu\u00e9 papel juega la primavera en tu vida?<\/strong><\/p>\n<p><strong>A. <\/strong>Para m\u00ed, la primavera en el sentido literario es una met\u00e1fora del renacimiento. Es decir, quiero creer, y esto es lo que he estado reflexionando, que los dolores tambi\u00e9n acaban floreciendo.<\/p>\n<p><strong>P. <\/strong><strong>Recientemente dijiste que este no es el \u00fanico libro que has escrito. \u00bfPor qu\u00e9 decidiste publicar este y no otro?<\/strong><\/p>\n<p><strong>A. <\/strong>Bueno, decid\u00ed que el primero que escrib\u00ed no estaba muy bien terminado y prefer\u00ed guard\u00e1rmelo para m\u00ed. Este fue el segundo que escrib\u00ed, pero el primero en publicarse. Tambi\u00e9n hay un tercer libro que quiero guardar para m\u00e1s adelante. decid\u00ed publicar <em>Y en enero, primavera.<\/em> porque en este poemario he reflejado qui\u00e9n soy y, como dec\u00eda, tambi\u00e9n es una carta de presentaci\u00f3n al mundo literario.<\/p>\n<p><strong>P. <\/strong><strong>Durante un a\u00f1o viviste en Par\u00eds. \u00bfTu estancia en la capital francesa queda reflejada en el libro?<\/strong><\/p>\n<p><strong>A. <\/strong>En este libro no queda reflejada mi experiencia en Par\u00eds porque en ese momento estaba escribiendo el primero.<\/p>\n<p><strong>P. La editorial con la que public\u00f3 ha estado en el negocio por poco tiempo. \u00bfC\u00f3mo fue el proceso de publicaci\u00f3n del libro?<\/strong><\/p>\n<p><strong>A. <\/strong>Bueno, ha sido muy positivo. Me gust\u00f3 mucho porque todo lo que quer\u00eda y ten\u00eda en mente se logr\u00f3 y se cumpli\u00f3. Adem\u00e1s, me encant\u00f3 el resultado final.<\/p>\n<p><strong>P. <\/strong><strong>Cuando lleg\u00f3 la primera edici\u00f3n a tu casa, \u00bfc\u00f3mo te sentiste?<\/strong><\/p>\n<p><strong>A. <\/strong>Cuando mi editor me envi\u00f3 fotos del libro terminado, llor\u00e9. Era inevitable. El libro lleg\u00f3 a una amiga antes que a m\u00ed, as\u00ed que sal\u00ed a la calle y vi la bolsa y corr\u00ed para alcanzarla y preguntarle si ten\u00eda alg\u00fan paquete. Cuando los compr\u00e9 me emocion\u00e9 mucho y no pude dejar de sonre\u00edr en todo el d\u00eda. Es una experiencia que nunca olvidar\u00e9. Ahora s\u00f3lo espero que sea uno de muchos.<\/p>\n<p><strong>P. \u00bfC\u00f3mo surgi\u00f3 el nombre \u201cEl Ba\u00fal de las Vidas\u201d?<\/strong><\/p>\n<p><strong>A. <\/strong>Bueno, siempre me gustaron los ba\u00fales y en mi casa ten\u00eda varios. Cuando estaba pensando en el nombre de mi blog, vi un peque\u00f1o cofre en mi escritorio y se me ocurri\u00f3. Tambi\u00e9n es una met\u00e1fora: mi blog es una especie de ba\u00fal que contiene mis experiencias, pero esas experiencias tambi\u00e9n se reflejan en la vida de otras personas, de ah\u00ed el nombre.<\/p>\n<p><strong>P. En uno de sus poemas podemos leer: \u201cLa vida es lo que pasa mientras nos quedan ganas\u201d. \u00bfAlguna vez has perdido la oportunidad de hacer realidad un sue\u00f1o por miedo?<\/strong><\/p>\n<p><strong>A. <\/strong>Bueno, tal vez habr\u00eda hecho muchas cosas si el miedo no me hubiera detenido. Habr\u00eda ido al extranjero antes o m\u00e1s veces. Habr\u00eda empezado a escribir como lo hago ahora mucho antes, habr\u00eda confesado cosas que hasta ahora no he confesado. Y tengo que decir que cuando sali\u00f3 el libro ten\u00eda mucho miedo al rechazo y al fracaso. Ahora estoy muy emocionado. No s\u00e9 qu\u00e9 pasar\u00e1, pero la sonrisa que aparece en mi cara al ver el libro no tiene precio.<\/p>\n<div class=\"sharedaddy sd-block sd-like jetpack-likes-widget-wrapper jetpack-likes-widget-unloaded\" id=\"like-post-wrapper-153844979-167-642b894c57228\" data-src=\"https:\/\/widgets.wp.com\/likes\/#blog_id=153844979&amp;post_id=167&amp;origin=elgeneracionalpost.com&amp;obj_id=153844979-167-642b894c57228\" data-name=\"like-post-frame-153844979-167-642b894c57228\" data-title=\"Me gusta o Compartir\">\n<h3 class=\"sd-title\">Me gusta esto:<\/h3>\n<p><span class=\"button\"><span>Me gusta<\/span><\/span> <span class=\"loading\">Cargando\u2026<\/span><\/p>\n<p><span class=\"sd-text-color\"\/><\/div>\n<p><h3 class=\"jp-relatedposts-headline\"><em>Relacionado<\/em><\/h3>\n<\/p>\n<\/div>\n<p><script async defer src=\"https:\/\/platform.instagram.com\/en_US\/embeds.js\"><\/script><\/p>","protected":false},"excerpt":{"rendered":"<p>Y en enero, Primavera es el primer poemario de Daniel, un joven apasionado por la escritura y el amor\u2026 <\/p>","protected":false},"author":1,"featured_media":1024,"comment_status":"open","ping_status":"open","sticky":false,"template":"","format":"standard","meta":{"fifu_image_url":"https:\/\/elgeneracionalpost.com\/wp-content\/uploads\/2018\/11\/45404530_506604343175754_4213497700853069171_n1.jpg","fifu_image_alt":"","footnotes":""},"categories":[35],"tags":[],"class_list":["post-1023","post","type-post","status-publish","format-standard","has-post-thumbnail","hentry","category-cultura-e-lazer","latest_post"],"yoast_head":"<!-- This site is optimized with the Yoast SEO plugin v27.3 - https:\/\/yoast.com\/product\/yoast-seo-wordpress\/ -->\n<title>Entrevista Daniel S\u00e1nchez - EG. O jornal digital. Not\u00edcias. Presente - Tirinha.com<\/title>\n<meta name=\"robots\" content=\"index, follow, max-snippet:-1, max-image-preview:large, max-video-preview:-1\" \/>\n<link rel=\"canonical\" href=\"https:\/\/tirinha.com\/es\/1023\/entrevista-con-daniel-sanchez-eg-el-periodico-digital-presenta-noticias\/\" \/>\n<meta property=\"og:locale\" content=\"es_MX\" \/>\n<meta property=\"og:type\" content=\"article\" \/>\n<meta property=\"og:title\" content=\"Entrevista Daniel S\u00e1nchez - EG. O jornal digital. Not\u00edcias. Presente - Tirinha.com\" \/>\n<meta property=\"og:description\" content=\"E em janeiro, primavera \u00e9 a primeira colet\u00e2nea de poemas de Daniel, um jovem apaixonado pela escrita e pelo amor &hellip;\" \/>\n<meta property=\"og:url\" content=\"https:\/\/tirinha.com\/es\/1023\/entrevista-con-daniel-sanchez-eg-el-periodico-digital-presenta-noticias\/\" \/>\n<meta property=\"og:site_name\" content=\"Tirinha.com\" \/>\n<meta property=\"article:published_time\" content=\"2023-04-04T02:19:57+00:00\" \/>\n<meta property=\"og:image\" content=\"https:\/\/elgeneracionalpost.com\/wp-content\/uploads\/2018\/11\/45404530_506604343175754_4213497700853069171_n1.jpg\" \/>\n<meta name=\"author\" content=\"admin\" \/>\n<meta name=\"twitter:card\" content=\"summary_large_image\" \/>\n<meta name=\"twitter:image\" content=\"https:\/\/elgeneracionalpost.com\/wp-content\/uploads\/2018\/11\/45404530_506604343175754_4213497700853069171_n1.jpg\" \/>\n<meta name=\"twitter:label1\" content=\"Escrito por\" \/>\n\t<meta name=\"twitter:data1\" content=\"admin\" \/>\n\t<meta name=\"twitter:label2\" content=\"Tiempo de lectura\" \/>\n\t<meta name=\"twitter:data2\" content=\"4 minutos\" \/>\n<script type=\"application\/ld+json\" class=\"yoast-schema-graph\">{\"@context\":\"https:\\\/\\\/schema.org\",\"@graph\":[{\"@type\":\"Article\",\"@id\":\"https:\\\/\\\/tirinha.com\\\/1023\\\/entrevista-daniel-sanchez-eg-o-jornal-digital-noticias-presente\\\/#article\",\"isPartOf\":{\"@id\":\"https:\\\/\\\/tirinha.com\\\/1023\\\/entrevista-daniel-sanchez-eg-o-jornal-digital-noticias-presente\\\/\"},\"author\":{\"name\":\"admin\",\"@id\":\"https:\\\/\\\/tirinha.com\\\/#\\\/schema\\\/person\\\/e22bdfbe17e0461f7e927e6a1208d4d9\"},\"headline\":\"Entrevista Daniel S\u00e1nchez &#8211; EG. O jornal digital. Not\u00edcias. Presente\",\"datePublished\":\"2023-04-04T02:19:57+00:00\",\"mainEntityOfPage\":{\"@id\":\"https:\\\/\\\/tirinha.com\\\/1023\\\/entrevista-daniel-sanchez-eg-o-jornal-digital-noticias-presente\\\/\"},\"wordCount\":784,\"commentCount\":0,\"publisher\":{\"@id\":\"https:\\\/\\\/tirinha.com\\\/#organization\"},\"image\":{\"@id\":\"https:\\\/\\\/tirinha.com\\\/1023\\\/entrevista-daniel-sanchez-eg-o-jornal-digital-noticias-presente\\\/#primaryimage\"},\"thumbnailUrl\":\"https:\\\/\\\/elgeneracionalpost.com\\\/wp-content\\\/uploads\\\/2018\\\/11\\\/45404530_506604343175754_4213497700853069171_n1.jpg\",\"articleSection\":[\"Cultura e lazer\"],\"inLanguage\":\"es\",\"potentialAction\":[{\"@type\":\"CommentAction\",\"name\":\"Comment\",\"target\":[\"https:\\\/\\\/tirinha.com\\\/1023\\\/entrevista-daniel-sanchez-eg-o-jornal-digital-noticias-presente\\\/#respond\"]}]},{\"@type\":\"WebPage\",\"@id\":\"https:\\\/\\\/tirinha.com\\\/1023\\\/entrevista-daniel-sanchez-eg-o-jornal-digital-noticias-presente\\\/\",\"url\":\"https:\\\/\\\/tirinha.com\\\/1023\\\/entrevista-daniel-sanchez-eg-o-jornal-digital-noticias-presente\\\/\",\"name\":\"Entrevista Daniel S\u00e1nchez - EG. O jornal digital. Not\u00edcias. Presente - Tirinha.com\",\"isPartOf\":{\"@id\":\"https:\\\/\\\/tirinha.com\\\/#website\"},\"primaryImageOfPage\":{\"@id\":\"https:\\\/\\\/tirinha.com\\\/1023\\\/entrevista-daniel-sanchez-eg-o-jornal-digital-noticias-presente\\\/#primaryimage\"},\"image\":{\"@id\":\"https:\\\/\\\/tirinha.com\\\/1023\\\/entrevista-daniel-sanchez-eg-o-jornal-digital-noticias-presente\\\/#primaryimage\"},\"thumbnailUrl\":\"https:\\\/\\\/elgeneracionalpost.com\\\/wp-content\\\/uploads\\\/2018\\\/11\\\/45404530_506604343175754_4213497700853069171_n1.jpg\",\"datePublished\":\"2023-04-04T02:19:57+00:00\",\"breadcrumb\":{\"@id\":\"https:\\\/\\\/tirinha.com\\\/1023\\\/entrevista-daniel-sanchez-eg-o-jornal-digital-noticias-presente\\\/#breadcrumb\"},\"inLanguage\":\"es\",\"potentialAction\":[{\"@type\":\"ReadAction\",\"target\":[\"https:\\\/\\\/tirinha.com\\\/1023\\\/entrevista-daniel-sanchez-eg-o-jornal-digital-noticias-presente\\\/\"]}]},{\"@type\":\"ImageObject\",\"inLanguage\":\"es\",\"@id\":\"https:\\\/\\\/tirinha.com\\\/1023\\\/entrevista-daniel-sanchez-eg-o-jornal-digital-noticias-presente\\\/#primaryimage\",\"url\":\"https:\\\/\\\/elgeneracionalpost.com\\\/wp-content\\\/uploads\\\/2018\\\/11\\\/45404530_506604343175754_4213497700853069171_n1.jpg\",\"contentUrl\":\"https:\\\/\\\/elgeneracionalpost.com\\\/wp-content\\\/uploads\\\/2018\\\/11\\\/45404530_506604343175754_4213497700853069171_n1.jpg\"},{\"@type\":\"BreadcrumbList\",\"@id\":\"https:\\\/\\\/tirinha.com\\\/1023\\\/entrevista-daniel-sanchez-eg-o-jornal-digital-noticias-presente\\\/#breadcrumb\",\"itemListElement\":[{\"@type\":\"ListItem\",\"position\":1,\"name\":\"Home\",\"item\":\"https:\\\/\\\/tirinha.com\\\/\"},{\"@type\":\"ListItem\",\"position\":2,\"name\":\"Entrevista Daniel S\u00e1nchez &#8211; EG. O jornal digital. Not\u00edcias. Presente\"}]},{\"@type\":\"WebSite\",\"@id\":\"https:\\\/\\\/tirinha.com\\\/#website\",\"url\":\"https:\\\/\\\/tirinha.com\\\/\",\"name\":\"Tirinha.com\",\"description\":\"Arte e livros resenhas\",\"publisher\":{\"@id\":\"https:\\\/\\\/tirinha.com\\\/#organization\"},\"potentialAction\":[{\"@type\":\"SearchAction\",\"target\":{\"@type\":\"EntryPoint\",\"urlTemplate\":\"https:\\\/\\\/tirinha.com\\\/?s={search_term_string}\"},\"query-input\":{\"@type\":\"PropertyValueSpecification\",\"valueRequired\":true,\"valueName\":\"search_term_string\"}}],\"inLanguage\":\"es\"},{\"@type\":\"Organization\",\"@id\":\"https:\\\/\\\/tirinha.com\\\/#organization\",\"name\":\"Tirinha.com\",\"url\":\"https:\\\/\\\/tirinha.com\\\/\",\"logo\":{\"@type\":\"ImageObject\",\"inLanguage\":\"es\",\"@id\":\"https:\\\/\\\/tirinha.com\\\/#\\\/schema\\\/logo\\\/image\\\/\",\"url\":\"https:\\\/\\\/tirinha.com\\\/wp-content\\\/uploads\\\/2023\\\/08\\\/cropped-Logo-Tirinha.webp\",\"contentUrl\":\"https:\\\/\\\/tirinha.com\\\/wp-content\\\/uploads\\\/2023\\\/08\\\/cropped-Logo-Tirinha.webp\",\"width\":512,\"height\":512,\"caption\":\"Tirinha.com\"},\"image\":{\"@id\":\"https:\\\/\\\/tirinha.com\\\/#\\\/schema\\\/logo\\\/image\\\/\"}},{\"@type\":\"Person\",\"@id\":\"https:\\\/\\\/tirinha.com\\\/#\\\/schema\\\/person\\\/e22bdfbe17e0461f7e927e6a1208d4d9\",\"name\":\"admin\",\"image\":{\"@type\":\"ImageObject\",\"inLanguage\":\"es\",\"@id\":\"https:\\\/\\\/tirinha.com\\\/wp-content\\\/litespeed\\\/avatar\\\/d0068f7931cc87d7274eb0c3db1deb4b.jpg?ver=1776829466\",\"url\":\"https:\\\/\\\/tirinha.com\\\/wp-content\\\/litespeed\\\/avatar\\\/d0068f7931cc87d7274eb0c3db1deb4b.jpg?ver=1776829466\",\"contentUrl\":\"https:\\\/\\\/tirinha.com\\\/wp-content\\\/litespeed\\\/avatar\\\/d0068f7931cc87d7274eb0c3db1deb4b.jpg?ver=1776829466\",\"caption\":\"admin\"},\"sameAs\":[\"https:\\\/\\\/tirinha.com\"],\"url\":\"https:\\\/\\\/tirinha.com\\\/es\\\/author\\\/admin\\\/\"}]}<\/script>\n<!-- \/ Yoast SEO plugin. -->","yoast_head_json":{"title":"Entrevista con Daniel S\u00e1nchez - EG. El peri\u00f3dico digital. Noticias. Presente - Tirinha.com","robots":{"index":"index","follow":"follow","max-snippet":"max-snippet:-1","max-image-preview":"max-image-preview:large","max-video-preview":"max-video-preview:-1"},"canonical":"https:\/\/tirinha.com\/es\/1023\/entrevista-con-daniel-sanchez-eg-el-periodico-digital-presenta-noticias\/","og_locale":"es_MX","og_type":"article","og_title":"Entrevista Daniel S\u00e1nchez - EG. O jornal digital. Not\u00edcias. Presente - Tirinha.com","og_description":"E em janeiro, primavera \u00e9 a primeira colet\u00e2nea de poemas de Daniel, um jovem apaixonado pela escrita e pelo amor &hellip;","og_url":"https:\/\/tirinha.com\/es\/1023\/entrevista-con-daniel-sanchez-eg-el-periodico-digital-presenta-noticias\/","og_site_name":"Tirinha.com","article_published_time":"2023-04-04T02:19:57+00:00","og_image":[{"url":"https:\/\/elgeneracionalpost.com\/wp-content\/uploads\/2018\/11\/45404530_506604343175754_4213497700853069171_n1.jpg","type":"","width":"","height":""}],"author":"admin","twitter_card":"summary_large_image","twitter_image":"https:\/\/elgeneracionalpost.com\/wp-content\/uploads\/2018\/11\/45404530_506604343175754_4213497700853069171_n1.jpg","twitter_misc":{"Escrito por":"admin","Tiempo de lectura":"4 minutos"},"schema":{"@context":"https:\/\/schema.org","@graph":[{"@type":"Article","@id":"https:\/\/tirinha.com\/1023\/entrevista-daniel-sanchez-eg-o-jornal-digital-noticias-presente\/#article","isPartOf":{"@id":"https:\/\/tirinha.com\/1023\/entrevista-daniel-sanchez-eg-o-jornal-digital-noticias-presente\/"},"author":{"name":"admin","@id":"https:\/\/tirinha.com\/#\/schema\/person\/e22bdfbe17e0461f7e927e6a1208d4d9"},"headline":"Entrevista Daniel S\u00e1nchez &#8211; EG. O jornal digital. Not\u00edcias. Presente","datePublished":"2023-04-04T02:19:57+00:00","mainEntityOfPage":{"@id":"https:\/\/tirinha.com\/1023\/entrevista-daniel-sanchez-eg-o-jornal-digital-noticias-presente\/"},"wordCount":784,"commentCount":0,"publisher":{"@id":"https:\/\/tirinha.com\/#organization"},"image":{"@id":"https:\/\/tirinha.com\/1023\/entrevista-daniel-sanchez-eg-o-jornal-digital-noticias-presente\/#primaryimage"},"thumbnailUrl":"https:\/\/elgeneracionalpost.com\/wp-content\/uploads\/2018\/11\/45404530_506604343175754_4213497700853069171_n1.jpg","articleSection":["Cultura e lazer"],"inLanguage":"es","potentialAction":[{"@type":"CommentAction","name":"Comment","target":["https:\/\/tirinha.com\/1023\/entrevista-daniel-sanchez-eg-o-jornal-digital-noticias-presente\/#respond"]}]},{"@type":"WebPage","@id":"https:\/\/tirinha.com\/1023\/entrevista-daniel-sanchez-eg-o-jornal-digital-noticias-presente\/","url":"https:\/\/tirinha.com\/1023\/entrevista-daniel-sanchez-eg-o-jornal-digital-noticias-presente\/","name":"Entrevista con Daniel S\u00e1nchez - EG. El peri\u00f3dico digital. Noticias. Presente - Tirinha.com","isPartOf":{"@id":"https:\/\/tirinha.com\/#website"},"primaryImageOfPage":{"@id":"https:\/\/tirinha.com\/1023\/entrevista-daniel-sanchez-eg-o-jornal-digital-noticias-presente\/#primaryimage"},"image":{"@id":"https:\/\/tirinha.com\/1023\/entrevista-daniel-sanchez-eg-o-jornal-digital-noticias-presente\/#primaryimage"},"thumbnailUrl":"https:\/\/elgeneracionalpost.com\/wp-content\/uploads\/2018\/11\/45404530_506604343175754_4213497700853069171_n1.jpg","datePublished":"2023-04-04T02:19:57+00:00","breadcrumb":{"@id":"https:\/\/tirinha.com\/1023\/entrevista-daniel-sanchez-eg-o-jornal-digital-noticias-presente\/#breadcrumb"},"inLanguage":"es","potentialAction":[{"@type":"ReadAction","target":["https:\/\/tirinha.com\/1023\/entrevista-daniel-sanchez-eg-o-jornal-digital-noticias-presente\/"]}]},{"@type":"ImageObject","inLanguage":"es","@id":"https:\/\/tirinha.com\/1023\/entrevista-daniel-sanchez-eg-o-jornal-digital-noticias-presente\/#primaryimage","url":"https:\/\/elgeneracionalpost.com\/wp-content\/uploads\/2018\/11\/45404530_506604343175754_4213497700853069171_n1.jpg","contentUrl":"https:\/\/elgeneracionalpost.com\/wp-content\/uploads\/2018\/11\/45404530_506604343175754_4213497700853069171_n1.jpg"},{"@type":"BreadcrumbList","@id":"https:\/\/tirinha.com\/1023\/entrevista-daniel-sanchez-eg-o-jornal-digital-noticias-presente\/#breadcrumb","itemListElement":[{"@type":"ListItem","position":1,"name":"Home","item":"https:\/\/tirinha.com\/"},{"@type":"ListItem","position":2,"name":"Entrevista Daniel S\u00e1nchez &#8211; EG. O jornal digital. Not\u00edcias. Presente"}]},{"@type":"WebSite","@id":"https:\/\/tirinha.com\/#website","url":"https:\/\/tirinha.com\/","name":"c\u00f3mics.com","description":"Rese\u00f1as de arte y libros.","publisher":{"@id":"https:\/\/tirinha.com\/#organization"},"potentialAction":[{"@type":"SearchAction","target":{"@type":"EntryPoint","urlTemplate":"https:\/\/tirinha.com\/?s={search_term_string}"},"query-input":{"@type":"PropertyValueSpecification","valueRequired":true,"valueName":"search_term_string"}}],"inLanguage":"es"},{"@type":"Organization","@id":"https:\/\/tirinha.com\/#organization","name":"c\u00f3mics.com","url":"https:\/\/tirinha.com\/","logo":{"@type":"ImageObject","inLanguage":"es","@id":"https:\/\/tirinha.com\/#\/schema\/logo\/image\/","url":"https:\/\/tirinha.com\/wp-content\/uploads\/2023\/08\/cropped-Logo-Tirinha.webp","contentUrl":"https:\/\/tirinha.com\/wp-content\/uploads\/2023\/08\/cropped-Logo-Tirinha.webp","width":512,"height":512,"caption":"Tirinha.com"},"image":{"@id":"https:\/\/tirinha.com\/#\/schema\/logo\/image\/"}},{"@type":"Person","@id":"https:\/\/tirinha.com\/#\/schema\/person\/e22bdfbe17e0461f7e927e6a1208d4d9","name":"administraci\u00f3n","image":{"@type":"ImageObject","inLanguage":"es","@id":"https:\/\/tirinha.com\/wp-content\/litespeed\/avatar\/d0068f7931cc87d7274eb0c3db1deb4b.jpg?ver=1776829466","url":"https:\/\/tirinha.com\/wp-content\/litespeed\/avatar\/d0068f7931cc87d7274eb0c3db1deb4b.jpg?ver=1776829466","contentUrl":"https:\/\/tirinha.com\/wp-content\/litespeed\/avatar\/d0068f7931cc87d7274eb0c3db1deb4b.jpg?ver=1776829466","caption":"admin"},"sameAs":["https:\/\/tirinha.com"],"url":"https:\/\/tirinha.com\/es\/author\/admin\/"}]}},"_links":{"self":[{"href":"https:\/\/tirinha.com\/es\/wp-json\/wp\/v2\/posts\/1023","targetHints":{"allow":["GET"]}}],"collection":[{"href":"https:\/\/tirinha.com\/es\/wp-json\/wp\/v2\/posts"}],"about":[{"href":"https:\/\/tirinha.com\/es\/wp-json\/wp\/v2\/types\/post"}],"author":[{"embeddable":true,"href":"https:\/\/tirinha.com\/es\/wp-json\/wp\/v2\/users\/1"}],"replies":[{"embeddable":true,"href":"https:\/\/tirinha.com\/es\/wp-json\/wp\/v2\/comments?post=1023"}],"version-history":[{"count":0,"href":"https:\/\/tirinha.com\/es\/wp-json\/wp\/v2\/posts\/1023\/revisions"}],"wp:featuredmedia":[{"embeddable":true,"href":"https:\/\/tirinha.com\/es\/wp-json\/wp\/v2\/media\/1024"}],"wp:attachment":[{"href":"https:\/\/tirinha.com\/es\/wp-json\/wp\/v2\/media?parent=1023"}],"wp:term":[{"taxonomy":"category","embeddable":true,"href":"https:\/\/tirinha.com\/es\/wp-json\/wp\/v2\/categories?post=1023"},{"taxonomy":"post_tag","embeddable":true,"href":"https:\/\/tirinha.com\/es\/wp-json\/wp\/v2\/tags?post=1023"}],"curies":[{"name":"wp","href":"https:\/\/api.w.org\/{rel}","templated":true}]}}