{"id":1000,"date":"2023-04-03T23:35:35","date_gmt":"2023-04-03T23:35:35","guid":{"rendered":"https:\/\/tirinha.com\/estou-constantemente-criando-e-produzindo-bases\/"},"modified":"2023-04-03T23:35:35","modified_gmt":"2023-04-03T23:35:35","slug":"estoy-constantemente-creando-y-produciendo-bases-de-datos","status":"publish","type":"post","link":"https:\/\/tirinha.com\/es\/1000\/estou-constantemente-criando-e-produzindo-bases\/","title":{"rendered":"\u201cEstoy constantemente creando y produciendo bases\u201d"},"content":{"rendered":"<p><\/p>\n<div>\n<h2>Hablamos con Carlos Jean, productor musical nominado a siete Grammy Latinos que ahora estrena la banda sonora de <em>Hasta el cielo: la serie<\/em>lo \u00faltimo de netflix<\/h2>\n<p><strong>Carlos Juan<\/strong> (Ferrol, 1973) es sin duda <strong>uno de los productores musicales y DJs m\u00e1s aclamados de la industria espa\u00f1ola y latina<\/strong>. Con <strong>siete nominaciones al Grammy Latino y tres a los Premios Goya<\/strong>entre muchos otros, Jean ha pasado gran parte de su carrera reciente componiendo <strong>bandas sonoras originales para producciones audiovisuales<\/strong> desde plataformas como Netflix o HBO. Tras haberlo hecho en 2020 con la pel\u00edcula, ahora llega su aportaci\u00f3n musical en forma de <strong>EP de la serie de Netflix <em>hasta el cielo<\/em><\/strong>. <strong>\u00a1Entrevista interna!<\/strong><\/p>\n<figure id=\"attachment_84143\" aria-describedby=\"caption-attachment-84143\" style=\"width: 624px\" class=\"wp-caption alignnone\"><img fetchpriority=\"high\" data-attachment-id=\"84143\" data-permalink=\"https:\/\/elgeneracionalpost.com\/cultura\/2023\/0330\/84029\/carlos-jean-estoy-constantemente-creando-y-produciendo-bases.html\/attachment\/cj\" data-orig-file=\"https:\/\/i0.wp.com\/elgeneracionalpost.com\/wp-content\/uploads\/2023\/03\/cj.png?fit=624%2C945&amp;ssl=1\" data-orig-size=\"624,945\" data-comments-opened=\"0\" data-image-meta=\"{&quot;aperture&quot;:&quot;0&quot;,&quot;credit&quot;:&quot;&quot;,&quot;camera&quot;:&quot;&quot;,&quot;caption&quot;:&quot;&quot;,&quot;created_timestamp&quot;:&quot;0&quot;,&quot;copyright&quot;:&quot;&quot;,&quot;focal_length&quot;:&quot;0&quot;,&quot;iso&quot;:&quot;0&quot;,&quot;shutter_speed&quot;:&quot;0&quot;,&quot;title&quot;:&quot;&quot;,&quot;orientation&quot;:&quot;0&quot;}\" data-image-title=\"cj\" data-image-description=\"\" data-image-caption=\"&lt;p&gt;Carlos Jean ha sido una vez m\u00e1s el encargado de ponerle m\u00fasica a esta historia de persecuciones y mucha acci\u00f3n | Sony Music&lt;\/p&gt;&#10;\" data-medium-file=\"https:\/\/i0.wp.com\/elgeneracionalpost.com\/wp-content\/uploads\/2023\/03\/cj.png?fit=198%2C300&amp;ssl=1\" data-large-file=\"https:\/\/i0.wp.com\/elgeneracionalpost.com\/wp-content\/uploads\/2023\/03\/cj.png?fit=624%2C945&amp;ssl=1\" decoding=\"async\" class=\"wp-image-84143 size-full jetpack-lazy-image\" src=\"https:\/\/i0.wp.com\/elgeneracionalpost.com\/wp-content\/uploads\/2023\/03\/cj.png?resize=624%2C945&amp;ssl=1\" alt=\"\" width=\"624\" height=\"945\" data-recalc-dims=\"1\" data-lazy-srcset=\"https:\/\/i0.wp.com\/elgeneracionalpost.com\/wp-content\/uploads\/2023\/03\/cj.png?w=624&amp;ssl=1 624w, https:\/\/i0.wp.com\/elgeneracionalpost.com\/wp-content\/uploads\/2023\/03\/cj.png?resize=198%2C300&amp;ssl=1 198w, https:\/\/i0.wp.com\/elgeneracionalpost.com\/wp-content\/uploads\/2023\/03\/cj.png?resize=150%2C227&amp;ssl=1 150w, https:\/\/i0.wp.com\/elgeneracionalpost.com\/wp-content\/uploads\/2023\/03\/cj.png?resize=300%2C454&amp;ssl=1 300w\" data-lazy-sizes=\"(max-width: 624px) 100vw, 624px\" data-lazy-src=\"https:\/\/i0.wp.com\/elgeneracionalpost.com\/wp-content\/uploads\/2023\/03\/cj.png?resize=624%2C945&amp;is-pending-load=1#038;ssl=1\" srcset=\"data:image\/gif;base64,R0lGODlhAQABAIAAAAAAAP\/\/\/yH5BAEAAAAALAAAAAABAAEAAAIBRAA7\"\/><noscript><img data-lazy-fallback=\"1\" data-attachment-id=\"84143\" data-permalink=\"https:\/\/elgeneracionalpost.com\/cultura\/2023\/0330\/84029\/carlos-jean-estoy-constantemente-creando-y-produciendo-bases.html\/attachment\/cj\" data-orig-file=\"https:\/\/i0.wp.com\/elgeneracionalpost.com\/wp-content\/uploads\/2023\/03\/cj.png?fit=624%2C945&amp;ssl=1\" data-orig-size=\"624,945\" data-comments-opened=\"0\" data-image-meta=\"{&quot;aperture&quot;:&quot;0&quot;,&quot;credit&quot;:&quot;&quot;,&quot;camera&quot;:&quot;&quot;,&quot;caption&quot;:&quot;&quot;,&quot;created_timestamp&quot;:&quot;0&quot;,&quot;copyright&quot;:&quot;&quot;,&quot;focal_length&quot;:&quot;0&quot;,&quot;iso&quot;:&quot;0&quot;,&quot;shutter_speed&quot;:&quot;0&quot;,&quot;title&quot;:&quot;&quot;,&quot;orientation&quot;:&quot;0&quot;}\" data-image-title=\"cj\" data-image-description=\"\" data-image-caption=\"&lt;p&gt;Carlos Jean ha sido una vez m\u00e1s el encargado de ponerle m\u00fasica a esta historia de persecuciones y mucha acci\u00f3n | Sony Music&lt;\/p&gt;&#10;\" data-medium-file=\"https:\/\/i0.wp.com\/elgeneracionalpost.com\/wp-content\/uploads\/2023\/03\/cj.png?fit=198%2C300&amp;ssl=1\" data-large-file=\"https:\/\/i0.wp.com\/elgeneracionalpost.com\/wp-content\/uploads\/2023\/03\/cj.png?fit=624%2C945&amp;ssl=1\" decoding=\"async\" class=\"wp-image-84143 size-full\" src=\"https:\/\/i0.wp.com\/elgeneracionalpost.com\/wp-content\/uploads\/2023\/03\/cj.png?resize=624%2C945&amp;ssl=1\" alt=\"\" width=\"624\" height=\"945\" srcset=\"https:\/\/i0.wp.com\/elgeneracionalpost.com\/wp-content\/uploads\/2023\/03\/cj.png?w=624&amp;ssl=1 624w, https:\/\/i0.wp.com\/elgeneracionalpost.com\/wp-content\/uploads\/2023\/03\/cj.png?resize=198%2C300&amp;ssl=1 198w, https:\/\/i0.wp.com\/elgeneracionalpost.com\/wp-content\/uploads\/2023\/03\/cj.png?resize=150%2C227&amp;ssl=1 150w, https:\/\/i0.wp.com\/elgeneracionalpost.com\/wp-content\/uploads\/2023\/03\/cj.png?resize=300%2C454&amp;ssl=1 300w\" sizes=\"(max-width: 624px) 100vw, 624px\" data-recalc-dims=\"1\"\/><\/noscript><figcaption id=\"caption-attachment-84143\" class=\"wp-caption-text\">Carlos Jean vuelve a ser el encargado de poner m\u00fasica a esta historia de persecuciones y mucha acci\u00f3n | Fuente: Sony M\u00fasica<\/figcaption><\/figure>\n<p><strong>Pregunta: El 17 de marzo se estren\u00f3 en Netflix <em>Hasta el cielo: la serie<\/em>continuaci\u00f3n de la pel\u00edcula de acci\u00f3n del mismo nombre de 2020. A su banda sonora se suma ahora un nuevo EP compuesto por 5 nuevas colaboraciones despu\u00e9s de haber participado ya en la banda de la pel\u00edcula con la canci\u00f3n principal (<em>hasta el cielo<\/em>). \u00bfC\u00f3mo fue la experiencia de volver a la historia y traer tu m\u00fasica de regreso al proyecto?<\/strong><\/p>\n<p><strong>A: <\/strong>S\u00ed, comenc\u00e9 con la banda sonora. Al final, <strong>Los EP y las canciones son mucho m\u00e1s memorables que la banda sonora misma.<\/strong> pero en el fondo estoy en el proyecto cinematogr\u00e1fico porque hice toda la banda sonora, todas las canciones originales. De hecho, esto es s\u00faper importante porque es el resultado de toda la m\u00fasica que voy a hacer y que estoy haciendo tal como ha sido. <strong>la canci\u00f3n principal <em>kriptonita<\/em><\/strong>. no sale <em>kriptonita<\/em> porque de repente dije \u201cvenga, vamos a ponerle una canci\u00f3n a la pel\u00edcula\u201d, sino porque <strong>Yo me encargo de hacer toda la m\u00fasica.<\/strong> y ya dentro de este formato tomar <strong>Todas esas canciones las guard\u00e9 all\u00ed para usarlas en algunas escenas.<\/strong>. Dentro de un mismo proyecto, canciones mucho m\u00e1s originales que si meti\u00e9ramos cualquier otro.<\/p>\n<p><iframe title=\"Spotify Embed: Hasta el Cielo, La Serie\" style=\"border-radius: 12px\" width=\"100%\" height=\"352\" frameborder=\"0\" allowfullscreen=\"\" allow=\"autoplay; clipboard-write; encrypted-media; fullscreen; picture-in-picture\" loading=\"lazy\" src=\"https:\/\/open.spotify.com\/embed\/album\/7qfblK0x5GREl8K0TKnnxR?si=5mdKy3GjRkSHp9r3COgwsg&amp;utm_source=oembed\"><\/iframe><\/p>\n<p><strong>P: Esta ya es la novena banda sonora en la que has estado trabajando. Sin ir demasiado lejos, <em>tu tren <\/em><\/strong><strong>para <em>tren completo<\/em> con Bebe en 2021 o incluso \u00e1lbumes completos para <em>Centauro<\/em> Es <em>Operaci\u00f3n Marea Oscura<\/em> el a\u00f1o pasado\u2026 Todo componer bandas sonoras de un mismo productor es algo que cada vez se hace menos pero en lo que sigues contribuyendo. B\u00e1sicamente es una forma de darle nuevos significados a una misma canci\u00f3n, \u00bfno?<\/strong><\/p>\n<p><strong>A:<\/strong> S\u00ed, en el caso de las canciones claro. creo que al final <strong>Es incre\u00edble la ventana audiovisual que hay ahora con series y pel\u00edculas en todas las plataformas que constantemente lanzan nuevas producciones.<\/strong>, porque al final es como la nueva forma de promocionar mucha m\u00fasica. S\u00ed, claro que se hizo en el pasado, se hizo m\u00e1s y fue m\u00e1s notorio, pero la m\u00fasica tambi\u00e9n tuvo otros veh\u00edculos, como la radio, la televisi\u00f3n... Creo que <strong>El contenido nuevo est\u00e1 en todas las plataformas (Netflix, HBO).<\/strong> que constantemente lanzan producciones y que, al final del d\u00eda, la gente consume. Y <strong>una forma de dar continuidad, de darle a la m\u00fasica otro medio de comunicaci\u00f3n<\/strong>. En el fondo puede que est\u00e9 promocionando una canci\u00f3n, pero en el fondo tambi\u00e9n estoy promocionando una serie, que es como montar una m\u00e1quina mucho m\u00e1s amplia, m\u00e1s transversal, <strong>llevar el tema de la canci\u00f3n a un lugar que a veces no ocupa el audiovisual<\/strong>. Puedes ir con los auriculares y estar conectado con tu Spotify, est\u00e1s escuchando algo <em>kriptonita<\/em> y est\u00e1s mirando la portada de la canci\u00f3n, que al final tiene <strong>El <em>compromiso<\/em> muy potente con la serie<\/strong>.<\/p>\n<p><strong>P: Repites con artistas con los que ya has colaborado, como Bebe o Mala Rodr\u00edguez, pero tambi\u00e9n con nuevos talentos como Villano Antillano. De hecho, con Bebe fuiste nuevamente nominado al Grammy Latino por el \u00e1lbum. <em>cambio de piel<\/em>\u00bfQu\u00e9 produjiste? \u00bfC\u00f3mo ha sido volver a colaborar con estos artistas y conocer a otros nuevos como &#039;La Villana&#039;?<\/strong><\/p>\n<p><strong>A: <\/strong>Bueno, en el caso de Bebe, llevamos mucho tiempo trabajando y siempre que tengo una oportunidad o veo que hay una escena o alg\u00fan remanente por ah\u00ed, siempre te lo hago saber. Para mi <strong>Bebe es una de las mejores compositoras, tiene la capacidad de reflejar muchas veces lo que buscamos.<\/strong>. Tengo una base para poner en escena y ella lo hace muy bien.<\/p>\n<figure id=\"attachment_84167\" aria-describedby=\"caption-attachment-84167\" style=\"width: 696px\" class=\"wp-caption alignnone\"><img data-attachment-id=\"84167\" data-permalink=\"https:\/\/elgeneracionalpost.com\/cultura\/2023\/0330\/84029\/carlos-jean-estoy-constantemente-creando-y-produciendo-bases.html\/attachment\/cj-portada-kriptonita-final-acop-2\" data-orig-file=\"https:\/\/i0.wp.com\/elgeneracionalpost.com\/wp-content\/uploads\/2023\/03\/CJ-Portada-Kriptonita-Final-Acop-2.jpg?fit=3000%2C3000&amp;ssl=1\" data-orig-size=\"3000,3000\" data-comments-opened=\"0\" data-image-meta=\"{&quot;aperture&quot;:&quot;0&quot;,&quot;credit&quot;:&quot;&quot;,&quot;camera&quot;:&quot;&quot;,&quot;caption&quot;:&quot;&quot;,&quot;created_timestamp&quot;:&quot;0&quot;,&quot;copyright&quot;:&quot;&quot;,&quot;focal_length&quot;:&quot;0&quot;,&quot;iso&quot;:&quot;0&quot;,&quot;shutter_speed&quot;:&quot;0&quot;,&quot;title&quot;:&quot;&quot;,&quot;orientation&quot;:&quot;1&quot;}\" data-image-title=\"CJ \u2013 Portada Kriptonita \u2013 Final Acop 2\" data-image-description=\"\" data-image-caption=\"&lt;p&gt;\u00abKriptonita\u00bb junto a la rapera Villano Antillano es la canci\u00f3n principal de la serie | Fuente: Sony Music&lt;\/p&gt;&#10;\" data-medium-file=\"https:\/\/i0.wp.com\/elgeneracionalpost.com\/wp-content\/uploads\/2023\/03\/CJ-Portada-Kriptonita-Final-Acop-2.jpg?fit=300%2C300&amp;ssl=1\" data-large-file=\"https:\/\/i0.wp.com\/elgeneracionalpost.com\/wp-content\/uploads\/2023\/03\/CJ-Portada-Kriptonita-Final-Acop-2.jpg?fit=696%2C696&amp;ssl=1\" decoding=\"async\" class=\"size-large wp-image-84167 jetpack-lazy-image\" src=\"https:\/\/i0.wp.com\/elgeneracionalpost.com\/wp-content\/uploads\/2023\/03\/CJ-Portada-Kriptonita-Final-Acop-2.jpg?resize=696%2C696&amp;ssl=1\" alt=\"\" width=\"696\" height=\"696\" data-recalc-dims=\"1\" data-lazy-srcset=\"https:\/\/i0.wp.com\/elgeneracionalpost.com\/wp-content\/uploads\/2023\/03\/CJ-Portada-Kriptonita-Final-Acop-2.jpg?resize=1024%2C1024&amp;ssl=1 1024w, https:\/\/i0.wp.com\/elgeneracionalpost.com\/wp-content\/uploads\/2023\/03\/CJ-Portada-Kriptonita-Final-Acop-2.jpg?resize=300%2C300&amp;ssl=1 300w, https:\/\/i0.wp.com\/elgeneracionalpost.com\/wp-content\/uploads\/2023\/03\/CJ-Portada-Kriptonita-Final-Acop-2.jpg?resize=150%2C150&amp;ssl=1 150w, https:\/\/i0.wp.com\/elgeneracionalpost.com\/wp-content\/uploads\/2023\/03\/CJ-Portada-Kriptonita-Final-Acop-2.jpg?resize=768%2C768&amp;ssl=1 768w, https:\/\/i0.wp.com\/elgeneracionalpost.com\/wp-content\/uploads\/2023\/03\/CJ-Portada-Kriptonita-Final-Acop-2.jpg?resize=1536%2C1536&amp;ssl=1 1536w, https:\/\/i0.wp.com\/elgeneracionalpost.com\/wp-content\/uploads\/2023\/03\/CJ-Portada-Kriptonita-Final-Acop-2.jpg?resize=2048%2C2048&amp;ssl=1 2048w, https:\/\/i0.wp.com\/elgeneracionalpost.com\/wp-content\/uploads\/2023\/03\/CJ-Portada-Kriptonita-Final-Acop-2.jpg?resize=696%2C696&amp;ssl=1 696w, https:\/\/i0.wp.com\/elgeneracionalpost.com\/wp-content\/uploads\/2023\/03\/CJ-Portada-Kriptonita-Final-Acop-2.jpg?resize=1068%2C1068&amp;ssl=1 1068w, https:\/\/i0.wp.com\/elgeneracionalpost.com\/wp-content\/uploads\/2023\/03\/CJ-Portada-Kriptonita-Final-Acop-2.jpg?resize=1920%2C1920&amp;ssl=1 1920w, https:\/\/i0.wp.com\/elgeneracionalpost.com\/wp-content\/uploads\/2023\/03\/CJ-Portada-Kriptonita-Final-Acop-2.jpg?w=1392&amp;ssl=1 1392w\" data-lazy-sizes=\"(max-width: 696px) 100vw, 696px\" data-lazy-src=\"https:\/\/i0.wp.com\/elgeneracionalpost.com\/wp-content\/uploads\/2023\/03\/CJ-Portada-Kriptonita-Final-Acop-2.jpg?resize=696%2C696&amp;is-pending-load=1#038;ssl=1\" srcset=\"data:image\/gif;base64,R0lGODlhAQABAIAAAAAAAP\/\/\/yH5BAEAAAAALAAAAAABAAEAAAIBRAA7\"\/><noscript><img loading=\"lazy\" data-lazy-fallback=\"1\" data-attachment-id=\"84167\" data-permalink=\"https:\/\/elgeneracionalpost.com\/cultura\/2023\/0330\/84029\/carlos-jean-estoy-constantemente-creando-y-produciendo-bases.html\/attachment\/cj-portada-kriptonita-final-acop-2\" data-orig-file=\"https:\/\/i0.wp.com\/elgeneracionalpost.com\/wp-content\/uploads\/2023\/03\/CJ-Portada-Kriptonita-Final-Acop-2.jpg?fit=3000%2C3000&amp;ssl=1\" data-orig-size=\"3000,3000\" data-comments-opened=\"0\" data-image-meta=\"{&quot;aperture&quot;:&quot;0&quot;,&quot;credit&quot;:&quot;&quot;,&quot;camera&quot;:&quot;&quot;,&quot;caption&quot;:&quot;&quot;,&quot;created_timestamp&quot;:&quot;0&quot;,&quot;copyright&quot;:&quot;&quot;,&quot;focal_length&quot;:&quot;0&quot;,&quot;iso&quot;:&quot;0&quot;,&quot;shutter_speed&quot;:&quot;0&quot;,&quot;title&quot;:&quot;&quot;,&quot;orientation&quot;:&quot;1&quot;}\" data-image-title=\"CJ \u2013 Portada Kriptonita \u2013 Final Acop 2\" data-image-description=\"\" data-image-caption=\"&lt;p&gt;\u00abKriptonita\u00bb junto a la rapera Villano Antillano es la canci\u00f3n principal de la serie | Fuente: Sony Music&lt;\/p&gt;&#10;\" data-medium-file=\"https:\/\/i0.wp.com\/elgeneracionalpost.com\/wp-content\/uploads\/2023\/03\/CJ-Portada-Kriptonita-Final-Acop-2.jpg?fit=300%2C300&amp;ssl=1\" data-large-file=\"https:\/\/i0.wp.com\/elgeneracionalpost.com\/wp-content\/uploads\/2023\/03\/CJ-Portada-Kriptonita-Final-Acop-2.jpg?fit=696%2C696&amp;ssl=1\" decoding=\"async\" class=\"size-large wp-image-84167\" src=\"https:\/\/i0.wp.com\/elgeneracionalpost.com\/wp-content\/uploads\/2023\/03\/CJ-Portada-Kriptonita-Final-Acop-2.jpg?resize=696%2C696&amp;ssl=1\" alt=\"\" width=\"696\" height=\"696\" srcset=\"https:\/\/i0.wp.com\/elgeneracionalpost.com\/wp-content\/uploads\/2023\/03\/CJ-Portada-Kriptonita-Final-Acop-2.jpg?resize=1024%2C1024&amp;ssl=1 1024w, https:\/\/i0.wp.com\/elgeneracionalpost.com\/wp-content\/uploads\/2023\/03\/CJ-Portada-Kriptonita-Final-Acop-2.jpg?resize=300%2C300&amp;ssl=1 300w, https:\/\/i0.wp.com\/elgeneracionalpost.com\/wp-content\/uploads\/2023\/03\/CJ-Portada-Kriptonita-Final-Acop-2.jpg?resize=150%2C150&amp;ssl=1 150w, https:\/\/i0.wp.com\/elgeneracionalpost.com\/wp-content\/uploads\/2023\/03\/CJ-Portada-Kriptonita-Final-Acop-2.jpg?resize=768%2C768&amp;ssl=1 768w, https:\/\/i0.wp.com\/elgeneracionalpost.com\/wp-content\/uploads\/2023\/03\/CJ-Portada-Kriptonita-Final-Acop-2.jpg?resize=1536%2C1536&amp;ssl=1 1536w, https:\/\/i0.wp.com\/elgeneracionalpost.com\/wp-content\/uploads\/2023\/03\/CJ-Portada-Kriptonita-Final-Acop-2.jpg?resize=2048%2C2048&amp;ssl=1 2048w, https:\/\/i0.wp.com\/elgeneracionalpost.com\/wp-content\/uploads\/2023\/03\/CJ-Portada-Kriptonita-Final-Acop-2.jpg?resize=696%2C696&amp;ssl=1 696w, https:\/\/i0.wp.com\/elgeneracionalpost.com\/wp-content\/uploads\/2023\/03\/CJ-Portada-Kriptonita-Final-Acop-2.jpg?resize=1068%2C1068&amp;ssl=1 1068w, https:\/\/i0.wp.com\/elgeneracionalpost.com\/wp-content\/uploads\/2023\/03\/CJ-Portada-Kriptonita-Final-Acop-2.jpg?resize=1920%2C1920&amp;ssl=1 1920w, https:\/\/i0.wp.com\/elgeneracionalpost.com\/wp-content\/uploads\/2023\/03\/CJ-Portada-Kriptonita-Final-Acop-2.jpg?w=1392&amp;ssl=1 1392w\" sizes=\"auto, (max-width: 696px) 100vw, 696px\" data-recalc-dims=\"1\"\/><\/noscript><figcaption id=\"caption-attachment-84167\" class=\"wp-caption-text\">\u201cKriptonita\u201d con el rapero Villano Antillano es el tema principal de la serie | Fuente: Sony M\u00fasica<\/figcaption><\/figure>\n<p>Con <strong>Villano de las Indias Occidentales<\/strong> Est\u00e1bamos hablando de una base, un baile que yo hab\u00eda marcado y que creo que encajaba perfectamente con la escena. Adem\u00e1s es la escena m\u00e1s representativa digamos musicalmente, porque al final hay una carga musical que est\u00e1 muy presente y dura mucho tiempo. Es una escena muy larga y tambi\u00e9n <strong>musica de trailer<\/strong>. Entonces nos conocimos y <strong>Llegamos a casa sobre las tres de la madrugada y dijimos \u201cvenga, vamos a grabar\u201d. \u00a1Fue un poco loco!<\/strong> Logramos combinar la idea que ella ten\u00eda con la idea que yo ten\u00eda musicalmente. <strong>Escribi\u00f3 super r\u00e1pido, est\u00e1bamos todos en loop y en dos horas nos tomamos un c\u00f3ctel explosivo<\/strong> como es eso <em><strong>kriptonita<\/strong><\/em>\u00bfNo?<\/p>\n<p><strong>P: Adem\u00e1s de la m\u00fasica de la serie, en la que vemos mucho R&amp;B, funky beat e incluso electr\u00f3nica, \u00bfc\u00f3mo son tus proyectos personales? \u00bfEn qu\u00e9 estilos o variedades est\u00e1s trabajando o quieres profundizar como artista adem\u00e1s de productor? <\/strong><\/p>\n<p><strong>A: <\/strong>Como productor, trabajo continuamente. I <strong>Estoy constantemente sentando bases<\/strong> y cosas. Ahora por ejemplo estaba haciendo una peque\u00f1a base <strong><em>casa de tecnolog\u00eda<\/em><\/strong>  juega en mis sesiones, porque para mi <strong>Me gusta mucho prepararme directamente.<\/strong>. Hay momentos en los que me faltan un poco las bases instrumentales, as\u00ed que me gusta crearme yo mismo con mis bases para poder hacer algunas sesiones un poco m\u00e1s m\u00edas. Ahora mismo <strong>Estoy haciendo la banda sonora de <em>Todos los nombres de Dios<\/em>lo \u00faltimo de Luis Tosar con Daniel Carpazolo que es una gran pel\u00edcula<\/strong>. Pero s\u00ed, digamos que <em>b\u00e1sico<\/em> de mi trabajo ahora ser\u00e1 <strong>muy enfocado en todo lo que tiene que ver con pel\u00edculas y series<\/strong>.<\/p>\n<p><strong>P: Tambi\u00e9n tengo que preguntarte sobre el programa, algo que tambi\u00e9n disfrutas mucho como DJ. Te vimos a finales del a\u00f1o pasado en La Rioja, en Vitoria en la Euroliga de baloncesto\u2026 \u00bfQu\u00e9 directos ten\u00e9is para este a\u00f1o? <\/strong><\/p>\n<p><strong>A: <\/strong>Pues mira, ya que tengo que compaginar todo con la parte del tour, al final <strong>Sigo siempre en los lugares donde tengo mis residencias como DJ, desde Marina Beach hasta Formigal<\/strong>, a todos los clubs a los que suelo ir. Luego en verano, que es cuando se concentran todos los conciertos y sesiones, lo que hago normalmente es <strong>ir a C\u00e1diz donde tengo un estudio de grabaci\u00f3n a la altura de mis composiciones<\/strong>. Mi agenda est\u00e1 un poco confusa en mi cabeza porque no s\u00e9 si estoy pensando en los lugares en los que ya he estado o ad\u00f3nde tengo que ir. Pero vamos,<strong> Este a\u00f1o ser\u00e1 como el a\u00f1o pasado, que fue fant\u00e1stico.<\/strong>. Estuve en los Sanfermines, en Logro\u00f1o, y en lugares siempre emblem\u00e1ticos y maravillosos para las sesiones, por supuesto.<\/p>\n<p><strong>P: En pocas palabras, \u00bfc\u00f3mo describir\u00edas la serie? \u00bfPor qu\u00e9 nuestros lectores deber\u00edan sumergirse en esto y tambi\u00e9n escuchar toda la m\u00fasica con la que te has asociado?<\/strong><\/p>\n<p><strong>A:<\/strong> Bueno, supongo que lo es. <strong>una serie que est\u00e1 hecha con mucho mimo<\/strong>. Es un gui\u00f3n muy divertido porque tiene mucho que ver con estas historias que enganchan, agresiones de unos ni\u00f1os que quieren llegar a \u201cllegar al cielo\u201d, que conocen a una mujer empoderada que los maneja a la perfecci\u00f3n\u2026 Creo que hay <strong>todos los ingredientes para superar los siete cap\u00edtulos s\u00faper divertidos, con un Daniel que sigue y sigue mejorando cada vez m\u00e1s.<\/strong> Ver a un tipo perseguido por la polic\u00eda despu\u00e9s de robar unos jamones y luego tir\u00e1rselos... La verdad es que es bastante curioso c\u00f3mo se mezcla esto con la m\u00fasica electr\u00f3nica. <strong>Pongo toda mi energ\u00eda en la parte musical para divertirme en actividades que creo que son m\u00e1s que originales.<\/strong>. creo que tienes que ver <em>Hasta el cielo: la serie<\/em>porque es <strong>muy divertido, muy intenso y sobre todo muy bien hecho<\/strong>.<\/p>\n<p><span class=\"embed-youtube\" style=\"text-align:center; display: block;\"><iframe title=\"Hasta el cielo: la serie | Tr\u00e1iler oficial | Netflix Espa\u00f1a\" width=\"790\" height=\"444\" src=\"https:\/\/www.youtube.com\/embed\/_VEapA4IHqA?feature=oembed\" frameborder=\"0\" allow=\"accelerometer; autoplay; clipboard-write; encrypted-media; gyroscope; picture-in-picture; web-share\" allowfullscreen><\/iframe><\/span><\/p>\n<p>\u00c9l era <strong>El<\/strong> <strong>Un placer hablar con Carlos Jean.<\/strong>. Desde EL GENERACIONAL solo nos queda agradecer y desear <strong>buena suerte con <em>Hasta el cielo: la serie<\/em> y todos tus proyectos futuros<\/strong>.<\/p>\n<div class=\"sharedaddy sd-block sd-like jetpack-likes-widget-wrapper jetpack-likes-widget-unloaded\" id=\"like-post-wrapper-153844979-84029-642b62c51f78f\" data-src=\"https:\/\/widgets.wp.com\/likes\/#blog_id=153844979&amp;post_id=84029&amp;origin=elgeneracionalpost.com&amp;obj_id=153844979-84029-642b62c51f78f\" data-name=\"like-post-frame-153844979-84029-642b62c51f78f\" data-title=\"Me gusta o Compartir\">\n<h3 class=\"sd-title\">Me gusta esto:<\/h3>\n<p><span class=\"button\"><span>Me gusta<\/span><\/span> <span class=\"loading\">Cargando\u2026<\/span><\/p>\n<p><span class=\"sd-text-color\"\/><\/div>\n<p><h3 class=\"jp-relatedposts-headline\"><em>Relacionado<\/em><\/h3>\n<\/p>\n<\/div>","protected":false},"excerpt":{"rendered":"<p>Hablamos con Carlos Jean, productor musical nominado a siete Grammy Latinos que ahora estrena la banda sonora de Hasta el \u2026 <\/p>","protected":false},"author":1,"featured_media":1002,"comment_status":"open","ping_status":"open","sticky":false,"template":"","format":"standard","meta":{"fifu_image_url":"https:\/\/elgeneracionalpost.com\/wp-content\/uploads\/2023\/03\/CJ-Portada-CD-Hasta-el-Cielo-Final-2-2-1024x1024.jpg","fifu_image_alt":"","footnotes":""},"categories":[35],"tags":[],"class_list":["post-1000","post","type-post","status-publish","format-standard","has-post-thumbnail","hentry","category-cultura-e-lazer","latest_post"],"yoast_head":"<!-- This site is optimized with the Yoast SEO plugin v27.3 - https:\/\/yoast.com\/product\/yoast-seo-wordpress\/ -->\n<title>&quot;Estou constantemente criando e produzindo bases&quot; - Tirinha.com<\/title>\n<meta name=\"robots\" content=\"index, follow, max-snippet:-1, max-image-preview:large, max-video-preview:-1\" \/>\n<link rel=\"canonical\" href=\"https:\/\/tirinha.com\/es\/1000\/estoy-constantemente-creando-y-produciendo-bases-de-datos\/\" \/>\n<meta property=\"og:locale\" content=\"es_MX\" \/>\n<meta property=\"og:type\" content=\"article\" \/>\n<meta property=\"og:title\" content=\"&quot;Estou constantemente criando e produzindo bases&quot; - Tirinha.com\" \/>\n<meta property=\"og:description\" content=\"Conversamos com Carlos Jean, produtor musical indicado a sete Grammys Latinos que agora estreia a trilha sonora de At\u00e9 o &hellip;\" \/>\n<meta property=\"og:url\" content=\"https:\/\/tirinha.com\/es\/1000\/estoy-constantemente-creando-y-produciendo-bases-de-datos\/\" \/>\n<meta property=\"og:site_name\" content=\"Tirinha.com\" \/>\n<meta property=\"article:published_time\" content=\"2023-04-03T23:35:35+00:00\" \/>\n<meta property=\"og:image\" content=\"https:\/\/elgeneracionalpost.com\/wp-content\/uploads\/2023\/03\/CJ-Portada-CD-Hasta-el-Cielo-Final-2-2-1024x1024.jpg\" \/>\n<meta name=\"author\" content=\"admin\" \/>\n<meta name=\"twitter:card\" content=\"summary_large_image\" \/>\n<meta name=\"twitter:image\" content=\"https:\/\/elgeneracionalpost.com\/wp-content\/uploads\/2023\/03\/CJ-Portada-CD-Hasta-el-Cielo-Final-2-2-1024x1024.jpg\" \/>\n<meta name=\"twitter:label1\" content=\"Escrito por\" \/>\n\t<meta name=\"twitter:data1\" content=\"admin\" \/>\n\t<meta name=\"twitter:label2\" content=\"Tiempo de lectura\" \/>\n\t<meta name=\"twitter:data2\" content=\"7 minutos\" \/>\n<script type=\"application\/ld+json\" class=\"yoast-schema-graph\">{\"@context\":\"https:\\\/\\\/schema.org\",\"@graph\":[{\"@type\":\"Article\",\"@id\":\"https:\\\/\\\/tirinha.com\\\/1000\\\/estou-constantemente-criando-e-produzindo-bases\\\/#article\",\"isPartOf\":{\"@id\":\"https:\\\/\\\/tirinha.com\\\/1000\\\/estou-constantemente-criando-e-produzindo-bases\\\/\"},\"author\":{\"name\":\"admin\",\"@id\":\"https:\\\/\\\/tirinha.com\\\/#\\\/schema\\\/person\\\/e22bdfbe17e0461f7e927e6a1208d4d9\"},\"headline\":\"&#8220;Estou constantemente criando e produzindo bases&#8221;\",\"datePublished\":\"2023-04-03T23:35:35+00:00\",\"mainEntityOfPage\":{\"@id\":\"https:\\\/\\\/tirinha.com\\\/1000\\\/estou-constantemente-criando-e-produzindo-bases\\\/\"},\"wordCount\":1504,\"commentCount\":0,\"publisher\":{\"@id\":\"https:\\\/\\\/tirinha.com\\\/#organization\"},\"image\":{\"@id\":\"https:\\\/\\\/tirinha.com\\\/1000\\\/estou-constantemente-criando-e-produzindo-bases\\\/#primaryimage\"},\"thumbnailUrl\":\"https:\\\/\\\/elgeneracionalpost.com\\\/wp-content\\\/uploads\\\/2023\\\/03\\\/CJ-Portada-CD-Hasta-el-Cielo-Final-2-2-1024x1024.jpg\",\"articleSection\":[\"Cultura e lazer\"],\"inLanguage\":\"es\",\"potentialAction\":[{\"@type\":\"CommentAction\",\"name\":\"Comment\",\"target\":[\"https:\\\/\\\/tirinha.com\\\/1000\\\/estou-constantemente-criando-e-produzindo-bases\\\/#respond\"]}]},{\"@type\":\"WebPage\",\"@id\":\"https:\\\/\\\/tirinha.com\\\/1000\\\/estou-constantemente-criando-e-produzindo-bases\\\/\",\"url\":\"https:\\\/\\\/tirinha.com\\\/1000\\\/estou-constantemente-criando-e-produzindo-bases\\\/\",\"name\":\"\\\"Estou constantemente criando e produzindo bases\\\" - Tirinha.com\",\"isPartOf\":{\"@id\":\"https:\\\/\\\/tirinha.com\\\/#website\"},\"primaryImageOfPage\":{\"@id\":\"https:\\\/\\\/tirinha.com\\\/1000\\\/estou-constantemente-criando-e-produzindo-bases\\\/#primaryimage\"},\"image\":{\"@id\":\"https:\\\/\\\/tirinha.com\\\/1000\\\/estou-constantemente-criando-e-produzindo-bases\\\/#primaryimage\"},\"thumbnailUrl\":\"https:\\\/\\\/elgeneracionalpost.com\\\/wp-content\\\/uploads\\\/2023\\\/03\\\/CJ-Portada-CD-Hasta-el-Cielo-Final-2-2-1024x1024.jpg\",\"datePublished\":\"2023-04-03T23:35:35+00:00\",\"breadcrumb\":{\"@id\":\"https:\\\/\\\/tirinha.com\\\/1000\\\/estou-constantemente-criando-e-produzindo-bases\\\/#breadcrumb\"},\"inLanguage\":\"es\",\"potentialAction\":[{\"@type\":\"ReadAction\",\"target\":[\"https:\\\/\\\/tirinha.com\\\/1000\\\/estou-constantemente-criando-e-produzindo-bases\\\/\"]}]},{\"@type\":\"ImageObject\",\"inLanguage\":\"es\",\"@id\":\"https:\\\/\\\/tirinha.com\\\/1000\\\/estou-constantemente-criando-e-produzindo-bases\\\/#primaryimage\",\"url\":\"https:\\\/\\\/elgeneracionalpost.com\\\/wp-content\\\/uploads\\\/2023\\\/03\\\/CJ-Portada-CD-Hasta-el-Cielo-Final-2-2-1024x1024.jpg\",\"contentUrl\":\"https:\\\/\\\/elgeneracionalpost.com\\\/wp-content\\\/uploads\\\/2023\\\/03\\\/CJ-Portada-CD-Hasta-el-Cielo-Final-2-2-1024x1024.jpg\"},{\"@type\":\"BreadcrumbList\",\"@id\":\"https:\\\/\\\/tirinha.com\\\/1000\\\/estou-constantemente-criando-e-produzindo-bases\\\/#breadcrumb\",\"itemListElement\":[{\"@type\":\"ListItem\",\"position\":1,\"name\":\"Home\",\"item\":\"https:\\\/\\\/tirinha.com\\\/\"},{\"@type\":\"ListItem\",\"position\":2,\"name\":\"&#8220;Estou constantemente criando e produzindo bases&#8221;\"}]},{\"@type\":\"WebSite\",\"@id\":\"https:\\\/\\\/tirinha.com\\\/#website\",\"url\":\"https:\\\/\\\/tirinha.com\\\/\",\"name\":\"Tirinha.com\",\"description\":\"Arte e livros resenhas\",\"publisher\":{\"@id\":\"https:\\\/\\\/tirinha.com\\\/#organization\"},\"potentialAction\":[{\"@type\":\"SearchAction\",\"target\":{\"@type\":\"EntryPoint\",\"urlTemplate\":\"https:\\\/\\\/tirinha.com\\\/?s={search_term_string}\"},\"query-input\":{\"@type\":\"PropertyValueSpecification\",\"valueRequired\":true,\"valueName\":\"search_term_string\"}}],\"inLanguage\":\"es\"},{\"@type\":\"Organization\",\"@id\":\"https:\\\/\\\/tirinha.com\\\/#organization\",\"name\":\"Tirinha.com\",\"url\":\"https:\\\/\\\/tirinha.com\\\/\",\"logo\":{\"@type\":\"ImageObject\",\"inLanguage\":\"es\",\"@id\":\"https:\\\/\\\/tirinha.com\\\/#\\\/schema\\\/logo\\\/image\\\/\",\"url\":\"https:\\\/\\\/tirinha.com\\\/wp-content\\\/uploads\\\/2023\\\/08\\\/cropped-Logo-Tirinha.webp\",\"contentUrl\":\"https:\\\/\\\/tirinha.com\\\/wp-content\\\/uploads\\\/2023\\\/08\\\/cropped-Logo-Tirinha.webp\",\"width\":512,\"height\":512,\"caption\":\"Tirinha.com\"},\"image\":{\"@id\":\"https:\\\/\\\/tirinha.com\\\/#\\\/schema\\\/logo\\\/image\\\/\"}},{\"@type\":\"Person\",\"@id\":\"https:\\\/\\\/tirinha.com\\\/#\\\/schema\\\/person\\\/e22bdfbe17e0461f7e927e6a1208d4d9\",\"name\":\"admin\",\"image\":{\"@type\":\"ImageObject\",\"inLanguage\":\"es\",\"@id\":\"https:\\\/\\\/tirinha.com\\\/wp-content\\\/litespeed\\\/avatar\\\/d0068f7931cc87d7274eb0c3db1deb4b.jpg?ver=1776829466\",\"url\":\"https:\\\/\\\/tirinha.com\\\/wp-content\\\/litespeed\\\/avatar\\\/d0068f7931cc87d7274eb0c3db1deb4b.jpg?ver=1776829466\",\"contentUrl\":\"https:\\\/\\\/tirinha.com\\\/wp-content\\\/litespeed\\\/avatar\\\/d0068f7931cc87d7274eb0c3db1deb4b.jpg?ver=1776829466\",\"caption\":\"admin\"},\"sameAs\":[\"https:\\\/\\\/tirinha.com\"],\"url\":\"https:\\\/\\\/tirinha.com\\\/es\\\/author\\\/admin\\\/\"}]}<\/script>\n<!-- \/ Yoast SEO plugin. -->","yoast_head_json":{"title":"\"&quot;Estoy creando y produciendo bases constantemente&quot; - Tirinha.com","robots":{"index":"index","follow":"follow","max-snippet":"max-snippet:-1","max-image-preview":"max-image-preview:large","max-video-preview":"max-video-preview:-1"},"canonical":"https:\/\/tirinha.com\/es\/1000\/estoy-constantemente-creando-y-produciendo-bases-de-datos\/","og_locale":"es_MX","og_type":"article","og_title":"\"Estou constantemente criando e produzindo bases\" - Tirinha.com","og_description":"Conversamos com Carlos Jean, produtor musical indicado a sete Grammys Latinos que agora estreia a trilha sonora de At\u00e9 o &hellip;","og_url":"https:\/\/tirinha.com\/es\/1000\/estoy-constantemente-creando-y-produciendo-bases-de-datos\/","og_site_name":"Tirinha.com","article_published_time":"2023-04-03T23:35:35+00:00","og_image":[{"url":"https:\/\/elgeneracionalpost.com\/wp-content\/uploads\/2023\/03\/CJ-Portada-CD-Hasta-el-Cielo-Final-2-2-1024x1024.jpg","type":"","width":"","height":""}],"author":"admin","twitter_card":"summary_large_image","twitter_image":"https:\/\/elgeneracionalpost.com\/wp-content\/uploads\/2023\/03\/CJ-Portada-CD-Hasta-el-Cielo-Final-2-2-1024x1024.jpg","twitter_misc":{"Escrito por":"admin","Tiempo de lectura":"7 minutos"},"schema":{"@context":"https:\/\/schema.org","@graph":[{"@type":"Article","@id":"https:\/\/tirinha.com\/1000\/estou-constantemente-criando-e-produzindo-bases\/#article","isPartOf":{"@id":"https:\/\/tirinha.com\/1000\/estou-constantemente-criando-e-produzindo-bases\/"},"author":{"name":"admin","@id":"https:\/\/tirinha.com\/#\/schema\/person\/e22bdfbe17e0461f7e927e6a1208d4d9"},"headline":"&#8220;Estou constantemente criando e produzindo bases&#8221;","datePublished":"2023-04-03T23:35:35+00:00","mainEntityOfPage":{"@id":"https:\/\/tirinha.com\/1000\/estou-constantemente-criando-e-produzindo-bases\/"},"wordCount":1504,"commentCount":0,"publisher":{"@id":"https:\/\/tirinha.com\/#organization"},"image":{"@id":"https:\/\/tirinha.com\/1000\/estou-constantemente-criando-e-produzindo-bases\/#primaryimage"},"thumbnailUrl":"https:\/\/elgeneracionalpost.com\/wp-content\/uploads\/2023\/03\/CJ-Portada-CD-Hasta-el-Cielo-Final-2-2-1024x1024.jpg","articleSection":["Cultura e lazer"],"inLanguage":"es","potentialAction":[{"@type":"CommentAction","name":"Comment","target":["https:\/\/tirinha.com\/1000\/estou-constantemente-criando-e-produzindo-bases\/#respond"]}]},{"@type":"WebPage","@id":"https:\/\/tirinha.com\/1000\/estou-constantemente-criando-e-produzindo-bases\/","url":"https:\/\/tirinha.com\/1000\/estou-constantemente-criando-e-produzindo-bases\/","name":"\"&quot;Estoy creando y produciendo bases constantemente&quot; - Tirinha.com","isPartOf":{"@id":"https:\/\/tirinha.com\/#website"},"primaryImageOfPage":{"@id":"https:\/\/tirinha.com\/1000\/estou-constantemente-criando-e-produzindo-bases\/#primaryimage"},"image":{"@id":"https:\/\/tirinha.com\/1000\/estou-constantemente-criando-e-produzindo-bases\/#primaryimage"},"thumbnailUrl":"https:\/\/elgeneracionalpost.com\/wp-content\/uploads\/2023\/03\/CJ-Portada-CD-Hasta-el-Cielo-Final-2-2-1024x1024.jpg","datePublished":"2023-04-03T23:35:35+00:00","breadcrumb":{"@id":"https:\/\/tirinha.com\/1000\/estou-constantemente-criando-e-produzindo-bases\/#breadcrumb"},"inLanguage":"es","potentialAction":[{"@type":"ReadAction","target":["https:\/\/tirinha.com\/1000\/estou-constantemente-criando-e-produzindo-bases\/"]}]},{"@type":"ImageObject","inLanguage":"es","@id":"https:\/\/tirinha.com\/1000\/estou-constantemente-criando-e-produzindo-bases\/#primaryimage","url":"https:\/\/elgeneracionalpost.com\/wp-content\/uploads\/2023\/03\/CJ-Portada-CD-Hasta-el-Cielo-Final-2-2-1024x1024.jpg","contentUrl":"https:\/\/elgeneracionalpost.com\/wp-content\/uploads\/2023\/03\/CJ-Portada-CD-Hasta-el-Cielo-Final-2-2-1024x1024.jpg"},{"@type":"BreadcrumbList","@id":"https:\/\/tirinha.com\/1000\/estou-constantemente-criando-e-produzindo-bases\/#breadcrumb","itemListElement":[{"@type":"ListItem","position":1,"name":"Home","item":"https:\/\/tirinha.com\/"},{"@type":"ListItem","position":2,"name":"&#8220;Estou constantemente criando e produzindo bases&#8221;"}]},{"@type":"WebSite","@id":"https:\/\/tirinha.com\/#website","url":"https:\/\/tirinha.com\/","name":"c\u00f3mics.com","description":"Rese\u00f1as de arte y libros.","publisher":{"@id":"https:\/\/tirinha.com\/#organization"},"potentialAction":[{"@type":"SearchAction","target":{"@type":"EntryPoint","urlTemplate":"https:\/\/tirinha.com\/?s={search_term_string}"},"query-input":{"@type":"PropertyValueSpecification","valueRequired":true,"valueName":"search_term_string"}}],"inLanguage":"es"},{"@type":"Organization","@id":"https:\/\/tirinha.com\/#organization","name":"c\u00f3mics.com","url":"https:\/\/tirinha.com\/","logo":{"@type":"ImageObject","inLanguage":"es","@id":"https:\/\/tirinha.com\/#\/schema\/logo\/image\/","url":"https:\/\/tirinha.com\/wp-content\/uploads\/2023\/08\/cropped-Logo-Tirinha.webp","contentUrl":"https:\/\/tirinha.com\/wp-content\/uploads\/2023\/08\/cropped-Logo-Tirinha.webp","width":512,"height":512,"caption":"Tirinha.com"},"image":{"@id":"https:\/\/tirinha.com\/#\/schema\/logo\/image\/"}},{"@type":"Person","@id":"https:\/\/tirinha.com\/#\/schema\/person\/e22bdfbe17e0461f7e927e6a1208d4d9","name":"administraci\u00f3n","image":{"@type":"ImageObject","inLanguage":"es","@id":"https:\/\/tirinha.com\/wp-content\/litespeed\/avatar\/d0068f7931cc87d7274eb0c3db1deb4b.jpg?ver=1776829466","url":"https:\/\/tirinha.com\/wp-content\/litespeed\/avatar\/d0068f7931cc87d7274eb0c3db1deb4b.jpg?ver=1776829466","contentUrl":"https:\/\/tirinha.com\/wp-content\/litespeed\/avatar\/d0068f7931cc87d7274eb0c3db1deb4b.jpg?ver=1776829466","caption":"admin"},"sameAs":["https:\/\/tirinha.com"],"url":"https:\/\/tirinha.com\/es\/author\/admin\/"}]}},"_links":{"self":[{"href":"https:\/\/tirinha.com\/es\/wp-json\/wp\/v2\/posts\/1000","targetHints":{"allow":["GET"]}}],"collection":[{"href":"https:\/\/tirinha.com\/es\/wp-json\/wp\/v2\/posts"}],"about":[{"href":"https:\/\/tirinha.com\/es\/wp-json\/wp\/v2\/types\/post"}],"author":[{"embeddable":true,"href":"https:\/\/tirinha.com\/es\/wp-json\/wp\/v2\/users\/1"}],"replies":[{"embeddable":true,"href":"https:\/\/tirinha.com\/es\/wp-json\/wp\/v2\/comments?post=1000"}],"version-history":[{"count":0,"href":"https:\/\/tirinha.com\/es\/wp-json\/wp\/v2\/posts\/1000\/revisions"}],"wp:featuredmedia":[{"embeddable":true,"href":"https:\/\/tirinha.com\/es\/wp-json\/wp\/v2\/media\/1002"}],"wp:attachment":[{"href":"https:\/\/tirinha.com\/es\/wp-json\/wp\/v2\/media?parent=1000"}],"wp:term":[{"taxonomy":"category","embeddable":true,"href":"https:\/\/tirinha.com\/es\/wp-json\/wp\/v2\/categories?post=1000"},{"taxonomy":"post_tag","embeddable":true,"href":"https:\/\/tirinha.com\/es\/wp-json\/wp\/v2\/tags?post=1000"}],"curies":[{"name":"wp","href":"https:\/\/api.w.org\/{rel}","templated":true}]}}