{"id":927,"date":"2023-04-03T17:51:27","date_gmt":"2023-04-03T17:51:27","guid":{"rendered":"https:\/\/tirinha.com\/torrejon-de-ardoz-mala-rodriguez-e-el-chojin-estarao-no-epica-jam\/"},"modified":"2023-04-03T17:51:27","modified_gmt":"2023-04-03T17:51:27","slug":"torrejon-de-ardoz-mala-rodriguez-e-el-chojin-estarao-no-epica-jam","status":"publish","type":"post","link":"https:\/\/tirinha.com\/en\/927\/torrejon-de-ardoz-mala-rodriguez-e-el-chojin-estarao-no-epica-jam\/","title":{"rendered":"TORREJ\u00d3N DE ARDOZ\/ Mala Rodr\u00edguez and El Chojin will be at \u00c9pica Jam"},"content":{"rendered":"<p><\/p>\n<div>\n<p>The festival <strong>Epic Jam 2023<\/strong> comes to Torrej\u00f3n with artists like <strong>Mala Rodr\u00edguez, Nach, Rapsusklei, Morodo, El Chojin or Frank T<\/strong>which will be performed in June for all Torrejoneros.<\/p>\n<p>The appointment will be on the day<strong> June 3rd at the Torrej\u00f3n de Ardoz Fair Concert Hall <\/strong>with free entry until full capacity. In addition, there will be activities throughout the afternoon that will later give way to performances on the main stage. These will be transmitted by <strong>streaming<\/strong>. <\/p>\n<aside class=\"scaip scaip-1\">\n\t\t<\/aside>\n<p>For now, only the \u00c9pica Jam poster has been released, in which artists such as <strong>Morodo, Ambrok, Duo Kie, Frank T, Ocer and Rade, Swan Fyahbwoy, Shotta, Zeta, ZPU, R de Rumba, Dj Big Falanges or MC Randy.<\/strong> All of them accompanied by <strong>graffiti artist Suso33, brakedancers Fresh Rockers and presented by Double H and Queen Mary<\/strong>. The announcement was made last Wednesday during the broadcast of a radio program by the Centro Polivalente Abogados de Atocha. However, the rest of the artists will be confirmed on Friday. <\/p>\n<p>As the Consistory explains, this feast is included in the <strong>Torrej\u00f3n Summer Festival 2023<\/strong>a completely free concert festival in Torrej\u00f3n de Ardoz.<\/p>\n<figure class=\"wp-block-image size-large\"><img fetchpriority=\"high\" decoding=\"async\" width=\"780\" height=\"520\" alt=\"Torrej\u00f3n Concert Park\" class=\"wp-image-383851 jetpack-lazy-image\" data-recalc-dims=\"1\" srcset=\"https:\/\/i0.wp.com\/noticiasparamunicipios.com\/wp-content\/uploads\/2023\/03\/Concierto-Recinto-Ferial-Torrejon-scaled.jpg?resize=1024%2C683&amp;ssl=1 1024w, https:\/\/i0.wp.com\/noticiasparamunicipios.com\/wp-content\/uploads\/2023\/03\/Concierto-Recinto-Ferial-Torrejon-scaled.jpg?resize=300%2C200&amp;ssl=1 300w, https:\/\/i0.wp.com\/noticiasparamunicipios.com\/wp-content\/uploads\/2023\/03\/Concierto-Recinto-Ferial-Torrejon-scaled.jpg?resize=768%2C512&amp;ssl=1 768w, https:\/\/i0.wp.com\/noticiasparamunicipios.com\/wp-content\/uploads\/2023\/03\/Concierto-Recinto-Ferial-Torrejon-scaled.jpg?resize=1536%2C1024&amp;ssl=1 1536w, https:\/\/i0.wp.com\/noticiasparamunicipios.com\/wp-content\/uploads\/2023\/03\/Concierto-Recinto-Ferial-Torrejon-scaled.jpg?resize=2048%2C1365&amp;ssl=1 2048w, https:\/\/i0.wp.com\/noticiasparamunicipios.com\/wp-content\/uploads\/2023\/03\/Concierto-Recinto-Ferial-Torrejon-scaled.jpg?resize=1200%2C800&amp;ssl=1 1200w, https:\/\/i0.wp.com\/noticiasparamunicipios.com\/wp-content\/uploads\/2023\/03\/Concierto-Recinto-Ferial-Torrejon-scaled.jpg?resize=1568%2C1045&amp;ssl=1 1568w, https:\/\/i0.wp.com\/noticiasparamunicipios.com\/wp-content\/uploads\/2023\/03\/Concierto-Recinto-Ferial-Torrejon-scaled.jpg?resize=400%2C267&amp;ssl=1 400w, https:\/\/i0.wp.com\/noticiasparamunicipios.com\/wp-content\/uploads\/2023\/03\/Concierto-Recinto-Ferial-Torrejon-scaled.jpg?w=2340&amp;ssl=1 2340w\" data-lazy-sizes=\"(max-width: 780px) 100vw, 780px\" src=\"https:\/\/i0.wp.com\/noticiasparamunicipios.com\/wp-content\/uploads\/2023\/03\/Concierto-Recinto-Ferial-Torrejon.jpg?resize=780%2C520&amp;is-pending-load=1#038;ssl=1\"\/><noscript><img data-lazy-fallback=\"1\" decoding=\"async\" width=\"780\" height=\"520\" src=\"https:\/\/i0.wp.com\/noticiasparamunicipios.com\/wp-content\/uploads\/2023\/03\/Concierto-Recinto-Ferial-Torrejon.jpg?resize=780%2C520&amp;ssl=1\" alt=\"Torrej\u00f3n Concert Park\" class=\"wp-image-383851\" srcset=\"https:\/\/i0.wp.com\/noticiasparamunicipios.com\/wp-content\/uploads\/2023\/03\/Concierto-Recinto-Ferial-Torrejon-scaled.jpg?resize=1024%2C683&amp;ssl=1 1024w, https:\/\/i0.wp.com\/noticiasparamunicipios.com\/wp-content\/uploads\/2023\/03\/Concierto-Recinto-Ferial-Torrejon-scaled.jpg?resize=300%2C200&amp;ssl=1 300w, https:\/\/i0.wp.com\/noticiasparamunicipios.com\/wp-content\/uploads\/2023\/03\/Concierto-Recinto-Ferial-Torrejon-scaled.jpg?resize=768%2C512&amp;ssl=1 768w, https:\/\/i0.wp.com\/noticiasparamunicipios.com\/wp-content\/uploads\/2023\/03\/Concierto-Recinto-Ferial-Torrejon-scaled.jpg?resize=1536%2C1024&amp;ssl=1 1536w, https:\/\/i0.wp.com\/noticiasparamunicipios.com\/wp-content\/uploads\/2023\/03\/Concierto-Recinto-Ferial-Torrejon-scaled.jpg?resize=2048%2C1365&amp;ssl=1 2048w, https:\/\/i0.wp.com\/noticiasparamunicipios.com\/wp-content\/uploads\/2023\/03\/Concierto-Recinto-Ferial-Torrejon-scaled.jpg?resize=1200%2C800&amp;ssl=1 1200w, https:\/\/i0.wp.com\/noticiasparamunicipios.com\/wp-content\/uploads\/2023\/03\/Concierto-Recinto-Ferial-Torrejon-scaled.jpg?resize=1568%2C1045&amp;ssl=1 1568w, https:\/\/i0.wp.com\/noticiasparamunicipios.com\/wp-content\/uploads\/2023\/03\/Concierto-Recinto-Ferial-Torrejon-scaled.jpg?resize=400%2C267&amp;ssl=1 400w, https:\/\/i0.wp.com\/noticiasparamunicipios.com\/wp-content\/uploads\/2023\/03\/Concierto-Recinto-Ferial-Torrejon-scaled.jpg?w=2340&amp;ssl=1 2340w\" sizes=\"(max-width: 780px) 100vw, 780px\" data-recalc-dims=\"1\"\/><\/noscript><figcaption class=\"wp-element-caption\">Torrej\u00f3n Concert Park<\/figcaption><\/figure>\n<h3 class=\"wp-block-heading\">Celebrate 50 years of hip hop<\/h3>\n<p>Rapper El Chojin announced that \u00c9pica Jam will be \u00ab<strong>a unique festival with the first hiphop swords in Spain in recent decades<\/strong>\u00ab. <\/p>\n<aside class=\"scaip scaip-2\">\n\t\t<\/aside>\n<p>In turn, the rapper and presenter of the event, <strong>Frank T.<\/strong>highlighted that celebrating 50 years of hip hop is demonstrating that \u00ab<strong>something that started so small and insignificant can become gigantic and decisive as part of urban culture\u00bb<\/strong>.<\/p>\n<p><h3 class=\"jp-relatedposts-headline\"><em>Related<\/em><\/h3>\n<\/p><\/div>","protected":false},"excerpt":{"rendered":"<p>The epic Jam festival 2023 comes to Torrej\u00f3n with artists such as Mala Rodr\u00edguez, Nach, Rapsusklei, Morodo, El Chojin or Frank \u2026 <\/p>","protected":false},"author":1,"featured_media":928,"comment_status":"open","ping_status":"open","sticky":false,"template":"","format":"standard","meta":{"fifu_image_url":"https:\/\/noticiasparamunicipios.com\/wp-content\/uploads\/2023\/03\/Mala-Rodriguez.jpg","fifu_image_alt":"","footnotes":""},"categories":[35],"tags":[],"class_list":["post-927","post","type-post","status-publish","format-standard","has-post-thumbnail","hentry","category-cultura-e-lazer","latest_post"],"yoast_head":"<!-- This site is optimized with the Yoast SEO plugin v27.3 - https:\/\/yoast.com\/product\/yoast-seo-wordpress\/ -->\n<title>TORREJ\u00d3N DE ARDOZ\/ Mala Rodr\u00edguez e El Chojin estar\u00e3o no \u00c9pica Jam - Tirinha.com<\/title>\n<meta name=\"robots\" content=\"index, follow, max-snippet:-1, max-image-preview:large, max-video-preview:-1\" \/>\n<link rel=\"canonical\" href=\"https:\/\/tirinha.com\/en\/927\/torrejon-de-ardoz-mala-rodriguez-e-el-chojin-estarao-no-epica-jam\/\" \/>\n<meta property=\"og:locale\" content=\"en_US\" \/>\n<meta property=\"og:type\" content=\"article\" \/>\n<meta property=\"og:title\" content=\"TORREJ\u00d3N DE ARDOZ\/ Mala Rodr\u00edguez e El Chojin estar\u00e3o no \u00c9pica Jam - Tirinha.com\" \/>\n<meta property=\"og:description\" content=\"O festival Jam \u00e9pico 2023 vem a Torrej\u00f3n com artistas como Mala Rodr\u00edguez, Nach, Rapsusklei, Morodo, El Chojin ou Frank &hellip;\" \/>\n<meta property=\"og:url\" content=\"https:\/\/tirinha.com\/en\/927\/torrejon-de-ardoz-mala-rodriguez-e-el-chojin-estarao-no-epica-jam\/\" \/>\n<meta property=\"og:site_name\" content=\"Tirinha.com\" \/>\n<meta property=\"article:published_time\" content=\"2023-04-03T17:51:27+00:00\" \/>\n<meta property=\"og:image\" content=\"https:\/\/noticiasparamunicipios.com\/wp-content\/uploads\/2023\/03\/Mala-Rodriguez.jpg\" \/>\n<meta name=\"author\" content=\"admin\" \/>\n<meta name=\"twitter:card\" content=\"summary_large_image\" \/>\n<meta name=\"twitter:image\" content=\"https:\/\/noticiasparamunicipios.com\/wp-content\/uploads\/2023\/03\/Mala-Rodriguez.jpg\" \/>\n<meta name=\"twitter:label1\" content=\"Written by\" \/>\n\t<meta name=\"twitter:data1\" content=\"admin\" \/>\n\t<meta name=\"twitter:label2\" content=\"Est. reading time\" \/>\n\t<meta name=\"twitter:data2\" content=\"1 minute\" \/>\n<script type=\"application\/ld+json\" class=\"yoast-schema-graph\">{\"@context\":\"https:\\\/\\\/schema.org\",\"@graph\":[{\"@type\":\"Article\",\"@id\":\"https:\\\/\\\/tirinha.com\\\/927\\\/torrejon-de-ardoz-mala-rodriguez-e-el-chojin-estarao-no-epica-jam\\\/#article\",\"isPartOf\":{\"@id\":\"https:\\\/\\\/tirinha.com\\\/927\\\/torrejon-de-ardoz-mala-rodriguez-e-el-chojin-estarao-no-epica-jam\\\/\"},\"author\":{\"name\":\"admin\",\"@id\":\"https:\\\/\\\/tirinha.com\\\/#\\\/schema\\\/person\\\/e22bdfbe17e0461f7e927e6a1208d4d9\"},\"headline\":\"TORREJ\u00d3N DE ARDOZ\\\/ Mala Rodr\u00edguez e El Chojin estar\u00e3o no \u00c9pica Jam\",\"datePublished\":\"2023-04-03T17:51:27+00:00\",\"mainEntityOfPage\":{\"@id\":\"https:\\\/\\\/tirinha.com\\\/927\\\/torrejon-de-ardoz-mala-rodriguez-e-el-chojin-estarao-no-epica-jam\\\/\"},\"wordCount\":292,\"commentCount\":0,\"publisher\":{\"@id\":\"https:\\\/\\\/tirinha.com\\\/#organization\"},\"image\":{\"@id\":\"https:\\\/\\\/tirinha.com\\\/927\\\/torrejon-de-ardoz-mala-rodriguez-e-el-chojin-estarao-no-epica-jam\\\/#primaryimage\"},\"thumbnailUrl\":\"https:\\\/\\\/noticiasparamunicipios.com\\\/wp-content\\\/uploads\\\/2023\\\/03\\\/Mala-Rodriguez.jpg\",\"articleSection\":[\"Cultura e lazer\"],\"inLanguage\":\"en-US\",\"potentialAction\":[{\"@type\":\"CommentAction\",\"name\":\"Comment\",\"target\":[\"https:\\\/\\\/tirinha.com\\\/927\\\/torrejon-de-ardoz-mala-rodriguez-e-el-chojin-estarao-no-epica-jam\\\/#respond\"]}]},{\"@type\":\"WebPage\",\"@id\":\"https:\\\/\\\/tirinha.com\\\/927\\\/torrejon-de-ardoz-mala-rodriguez-e-el-chojin-estarao-no-epica-jam\\\/\",\"url\":\"https:\\\/\\\/tirinha.com\\\/927\\\/torrejon-de-ardoz-mala-rodriguez-e-el-chojin-estarao-no-epica-jam\\\/\",\"name\":\"TORREJ\u00d3N DE ARDOZ\\\/ Mala Rodr\u00edguez e El Chojin estar\u00e3o no \u00c9pica Jam - Tirinha.com\",\"isPartOf\":{\"@id\":\"https:\\\/\\\/tirinha.com\\\/#website\"},\"primaryImageOfPage\":{\"@id\":\"https:\\\/\\\/tirinha.com\\\/927\\\/torrejon-de-ardoz-mala-rodriguez-e-el-chojin-estarao-no-epica-jam\\\/#primaryimage\"},\"image\":{\"@id\":\"https:\\\/\\\/tirinha.com\\\/927\\\/torrejon-de-ardoz-mala-rodriguez-e-el-chojin-estarao-no-epica-jam\\\/#primaryimage\"},\"thumbnailUrl\":\"https:\\\/\\\/noticiasparamunicipios.com\\\/wp-content\\\/uploads\\\/2023\\\/03\\\/Mala-Rodriguez.jpg\",\"datePublished\":\"2023-04-03T17:51:27+00:00\",\"breadcrumb\":{\"@id\":\"https:\\\/\\\/tirinha.com\\\/927\\\/torrejon-de-ardoz-mala-rodriguez-e-el-chojin-estarao-no-epica-jam\\\/#breadcrumb\"},\"inLanguage\":\"en-US\",\"potentialAction\":[{\"@type\":\"ReadAction\",\"target\":[\"https:\\\/\\\/tirinha.com\\\/927\\\/torrejon-de-ardoz-mala-rodriguez-e-el-chojin-estarao-no-epica-jam\\\/\"]}]},{\"@type\":\"ImageObject\",\"inLanguage\":\"en-US\",\"@id\":\"https:\\\/\\\/tirinha.com\\\/927\\\/torrejon-de-ardoz-mala-rodriguez-e-el-chojin-estarao-no-epica-jam\\\/#primaryimage\",\"url\":\"https:\\\/\\\/noticiasparamunicipios.com\\\/wp-content\\\/uploads\\\/2023\\\/03\\\/Mala-Rodriguez.jpg\",\"contentUrl\":\"https:\\\/\\\/noticiasparamunicipios.com\\\/wp-content\\\/uploads\\\/2023\\\/03\\\/Mala-Rodriguez.jpg\"},{\"@type\":\"BreadcrumbList\",\"@id\":\"https:\\\/\\\/tirinha.com\\\/927\\\/torrejon-de-ardoz-mala-rodriguez-e-el-chojin-estarao-no-epica-jam\\\/#breadcrumb\",\"itemListElement\":[{\"@type\":\"ListItem\",\"position\":1,\"name\":\"Home\",\"item\":\"https:\\\/\\\/tirinha.com\\\/\"},{\"@type\":\"ListItem\",\"position\":2,\"name\":\"TORREJ\u00d3N DE ARDOZ\\\/ Mala Rodr\u00edguez e El Chojin estar\u00e3o no \u00c9pica Jam\"}]},{\"@type\":\"WebSite\",\"@id\":\"https:\\\/\\\/tirinha.com\\\/#website\",\"url\":\"https:\\\/\\\/tirinha.com\\\/\",\"name\":\"Tirinha.com\",\"description\":\"Arte e livros resenhas\",\"publisher\":{\"@id\":\"https:\\\/\\\/tirinha.com\\\/#organization\"},\"potentialAction\":[{\"@type\":\"SearchAction\",\"target\":{\"@type\":\"EntryPoint\",\"urlTemplate\":\"https:\\\/\\\/tirinha.com\\\/?s={search_term_string}\"},\"query-input\":{\"@type\":\"PropertyValueSpecification\",\"valueRequired\":true,\"valueName\":\"search_term_string\"}}],\"inLanguage\":\"en-US\"},{\"@type\":\"Organization\",\"@id\":\"https:\\\/\\\/tirinha.com\\\/#organization\",\"name\":\"Tirinha.com\",\"url\":\"https:\\\/\\\/tirinha.com\\\/\",\"logo\":{\"@type\":\"ImageObject\",\"inLanguage\":\"en-US\",\"@id\":\"https:\\\/\\\/tirinha.com\\\/#\\\/schema\\\/logo\\\/image\\\/\",\"url\":\"https:\\\/\\\/tirinha.com\\\/wp-content\\\/uploads\\\/2023\\\/08\\\/cropped-Logo-Tirinha.webp\",\"contentUrl\":\"https:\\\/\\\/tirinha.com\\\/wp-content\\\/uploads\\\/2023\\\/08\\\/cropped-Logo-Tirinha.webp\",\"width\":512,\"height\":512,\"caption\":\"Tirinha.com\"},\"image\":{\"@id\":\"https:\\\/\\\/tirinha.com\\\/#\\\/schema\\\/logo\\\/image\\\/\"}},{\"@type\":\"Person\",\"@id\":\"https:\\\/\\\/tirinha.com\\\/#\\\/schema\\\/person\\\/e22bdfbe17e0461f7e927e6a1208d4d9\",\"name\":\"admin\",\"image\":{\"@type\":\"ImageObject\",\"inLanguage\":\"en-US\",\"@id\":\"https:\\\/\\\/tirinha.com\\\/wp-content\\\/litespeed\\\/avatar\\\/d0068f7931cc87d7274eb0c3db1deb4b.jpg?ver=1777434315\",\"url\":\"https:\\\/\\\/tirinha.com\\\/wp-content\\\/litespeed\\\/avatar\\\/d0068f7931cc87d7274eb0c3db1deb4b.jpg?ver=1777434315\",\"contentUrl\":\"https:\\\/\\\/tirinha.com\\\/wp-content\\\/litespeed\\\/avatar\\\/d0068f7931cc87d7274eb0c3db1deb4b.jpg?ver=1777434315\",\"caption\":\"admin\"},\"sameAs\":[\"https:\\\/\\\/tirinha.com\"],\"url\":\"https:\\\/\\\/tirinha.com\\\/en\\\/author\\\/admin\\\/\"}]}<\/script>\n<!-- \/ Yoast SEO plugin. -->","yoast_head_json":{"title":"TORREJ\u00d3N DE ARDOZ\/ Mala Rodr\u00edguez e El Chojin estar\u00e3o no \u00c9pica Jam - Tirinha.com","robots":{"index":"index","follow":"follow","max-snippet":"max-snippet:-1","max-image-preview":"max-image-preview:large","max-video-preview":"max-video-preview:-1"},"canonical":"https:\/\/tirinha.com\/en\/927\/torrejon-de-ardoz-mala-rodriguez-e-el-chojin-estarao-no-epica-jam\/","og_locale":"en_US","og_type":"article","og_title":"TORREJ\u00d3N DE ARDOZ\/ Mala Rodr\u00edguez e El Chojin estar\u00e3o no \u00c9pica Jam - Tirinha.com","og_description":"O festival Jam \u00e9pico 2023 vem a Torrej\u00f3n com artistas como Mala Rodr\u00edguez, Nach, Rapsusklei, Morodo, El Chojin ou Frank &hellip;","og_url":"https:\/\/tirinha.com\/en\/927\/torrejon-de-ardoz-mala-rodriguez-e-el-chojin-estarao-no-epica-jam\/","og_site_name":"Tirinha.com","article_published_time":"2023-04-03T17:51:27+00:00","og_image":[{"url":"https:\/\/noticiasparamunicipios.com\/wp-content\/uploads\/2023\/03\/Mala-Rodriguez.jpg","type":"","width":"","height":""}],"author":"admin","twitter_card":"summary_large_image","twitter_image":"https:\/\/noticiasparamunicipios.com\/wp-content\/uploads\/2023\/03\/Mala-Rodriguez.jpg","twitter_misc":{"Written by":"admin","Est. reading time":"1 minute"},"schema":{"@context":"https:\/\/schema.org","@graph":[{"@type":"Article","@id":"https:\/\/tirinha.com\/927\/torrejon-de-ardoz-mala-rodriguez-e-el-chojin-estarao-no-epica-jam\/#article","isPartOf":{"@id":"https:\/\/tirinha.com\/927\/torrejon-de-ardoz-mala-rodriguez-e-el-chojin-estarao-no-epica-jam\/"},"author":{"name":"admin","@id":"https:\/\/tirinha.com\/#\/schema\/person\/e22bdfbe17e0461f7e927e6a1208d4d9"},"headline":"TORREJ\u00d3N DE ARDOZ\/ Mala Rodr\u00edguez e El Chojin estar\u00e3o no \u00c9pica Jam","datePublished":"2023-04-03T17:51:27+00:00","mainEntityOfPage":{"@id":"https:\/\/tirinha.com\/927\/torrejon-de-ardoz-mala-rodriguez-e-el-chojin-estarao-no-epica-jam\/"},"wordCount":292,"commentCount":0,"publisher":{"@id":"https:\/\/tirinha.com\/#organization"},"image":{"@id":"https:\/\/tirinha.com\/927\/torrejon-de-ardoz-mala-rodriguez-e-el-chojin-estarao-no-epica-jam\/#primaryimage"},"thumbnailUrl":"https:\/\/noticiasparamunicipios.com\/wp-content\/uploads\/2023\/03\/Mala-Rodriguez.jpg","articleSection":["Cultura e lazer"],"inLanguage":"en-US","potentialAction":[{"@type":"CommentAction","name":"Comment","target":["https:\/\/tirinha.com\/927\/torrejon-de-ardoz-mala-rodriguez-e-el-chojin-estarao-no-epica-jam\/#respond"]}]},{"@type":"WebPage","@id":"https:\/\/tirinha.com\/927\/torrejon-de-ardoz-mala-rodriguez-e-el-chojin-estarao-no-epica-jam\/","url":"https:\/\/tirinha.com\/927\/torrejon-de-ardoz-mala-rodriguez-e-el-chojin-estarao-no-epica-jam\/","name":"TORREJ\u00d3N DE ARDOZ\/ Mala Rodr\u00edguez e El Chojin estar\u00e3o no \u00c9pica Jam - Tirinha.com","isPartOf":{"@id":"https:\/\/tirinha.com\/#website"},"primaryImageOfPage":{"@id":"https:\/\/tirinha.com\/927\/torrejon-de-ardoz-mala-rodriguez-e-el-chojin-estarao-no-epica-jam\/#primaryimage"},"image":{"@id":"https:\/\/tirinha.com\/927\/torrejon-de-ardoz-mala-rodriguez-e-el-chojin-estarao-no-epica-jam\/#primaryimage"},"thumbnailUrl":"https:\/\/noticiasparamunicipios.com\/wp-content\/uploads\/2023\/03\/Mala-Rodriguez.jpg","datePublished":"2023-04-03T17:51:27+00:00","breadcrumb":{"@id":"https:\/\/tirinha.com\/927\/torrejon-de-ardoz-mala-rodriguez-e-el-chojin-estarao-no-epica-jam\/#breadcrumb"},"inLanguage":"en-US","potentialAction":[{"@type":"ReadAction","target":["https:\/\/tirinha.com\/927\/torrejon-de-ardoz-mala-rodriguez-e-el-chojin-estarao-no-epica-jam\/"]}]},{"@type":"ImageObject","inLanguage":"en-US","@id":"https:\/\/tirinha.com\/927\/torrejon-de-ardoz-mala-rodriguez-e-el-chojin-estarao-no-epica-jam\/#primaryimage","url":"https:\/\/noticiasparamunicipios.com\/wp-content\/uploads\/2023\/03\/Mala-Rodriguez.jpg","contentUrl":"https:\/\/noticiasparamunicipios.com\/wp-content\/uploads\/2023\/03\/Mala-Rodriguez.jpg"},{"@type":"BreadcrumbList","@id":"https:\/\/tirinha.com\/927\/torrejon-de-ardoz-mala-rodriguez-e-el-chojin-estarao-no-epica-jam\/#breadcrumb","itemListElement":[{"@type":"ListItem","position":1,"name":"Home","item":"https:\/\/tirinha.com\/"},{"@type":"ListItem","position":2,"name":"TORREJ\u00d3N DE ARDOZ\/ Mala Rodr\u00edguez e El Chojin estar\u00e3o no \u00c9pica Jam"}]},{"@type":"WebSite","@id":"https:\/\/tirinha.com\/#website","url":"https:\/\/tirinha.com\/","name":"Comics.com","description":"Art and book reviews","publisher":{"@id":"https:\/\/tirinha.com\/#organization"},"potentialAction":[{"@type":"SearchAction","target":{"@type":"EntryPoint","urlTemplate":"https:\/\/tirinha.com\/?s={search_term_string}"},"query-input":{"@type":"PropertyValueSpecification","valueRequired":true,"valueName":"search_term_string"}}],"inLanguage":"en-US"},{"@type":"Organization","@id":"https:\/\/tirinha.com\/#organization","name":"Comics.com","url":"https:\/\/tirinha.com\/","logo":{"@type":"ImageObject","inLanguage":"en-US","@id":"https:\/\/tirinha.com\/#\/schema\/logo\/image\/","url":"https:\/\/tirinha.com\/wp-content\/uploads\/2023\/08\/cropped-Logo-Tirinha.webp","contentUrl":"https:\/\/tirinha.com\/wp-content\/uploads\/2023\/08\/cropped-Logo-Tirinha.webp","width":512,"height":512,"caption":"Tirinha.com"},"image":{"@id":"https:\/\/tirinha.com\/#\/schema\/logo\/image\/"}},{"@type":"Person","@id":"https:\/\/tirinha.com\/#\/schema\/person\/e22bdfbe17e0461f7e927e6a1208d4d9","name":"admin","image":{"@type":"ImageObject","inLanguage":"en-US","@id":"https:\/\/tirinha.com\/wp-content\/litespeed\/avatar\/d0068f7931cc87d7274eb0c3db1deb4b.jpg?ver=1777434315","url":"https:\/\/tirinha.com\/wp-content\/litespeed\/avatar\/d0068f7931cc87d7274eb0c3db1deb4b.jpg?ver=1777434315","contentUrl":"https:\/\/tirinha.com\/wp-content\/litespeed\/avatar\/d0068f7931cc87d7274eb0c3db1deb4b.jpg?ver=1777434315","caption":"admin"},"sameAs":["https:\/\/tirinha.com"],"url":"https:\/\/tirinha.com\/en\/author\/admin\/"}]}},"_links":{"self":[{"href":"https:\/\/tirinha.com\/en\/wp-json\/wp\/v2\/posts\/927","targetHints":{"allow":["GET"]}}],"collection":[{"href":"https:\/\/tirinha.com\/en\/wp-json\/wp\/v2\/posts"}],"about":[{"href":"https:\/\/tirinha.com\/en\/wp-json\/wp\/v2\/types\/post"}],"author":[{"embeddable":true,"href":"https:\/\/tirinha.com\/en\/wp-json\/wp\/v2\/users\/1"}],"replies":[{"embeddable":true,"href":"https:\/\/tirinha.com\/en\/wp-json\/wp\/v2\/comments?post=927"}],"version-history":[{"count":0,"href":"https:\/\/tirinha.com\/en\/wp-json\/wp\/v2\/posts\/927\/revisions"}],"wp:featuredmedia":[{"embeddable":true,"href":"https:\/\/tirinha.com\/en\/wp-json\/wp\/v2\/media\/928"}],"wp:attachment":[{"href":"https:\/\/tirinha.com\/en\/wp-json\/wp\/v2\/media?parent=927"}],"wp:term":[{"taxonomy":"category","embeddable":true,"href":"https:\/\/tirinha.com\/en\/wp-json\/wp\/v2\/categories?post=927"},{"taxonomy":"post_tag","embeddable":true,"href":"https:\/\/tirinha.com\/en\/wp-json\/wp\/v2\/tags?post=927"}],"curies":[{"name":"wp","href":"https:\/\/api.w.org\/{rel}","templated":true}]}}