{"id":920,"date":"2023-04-03T16:35:52","date_gmt":"2023-04-03T16:35:52","guid":{"rendered":"https:\/\/tirinha.com\/mostoles-danca-classica-e-teatro-sao-as-estrelas-da-agenda-do-fim-de-semana\/"},"modified":"2023-04-03T16:35:52","modified_gmt":"2023-04-03T16:35:52","slug":"classical-dance-and-theater-are-the-stars-of-the-weekend-agenda","status":"publish","type":"post","link":"https:\/\/tirinha.com\/en\/920\/mostoles-danca-classica-e-teatro-sao-as-estrelas-da-agenda-do-fim-de-semana\/","title":{"rendered":"M\u00d3STOLES\/ Classical dance and theater are the stars of the weekend&#039;s agenda"},"content":{"rendered":"<p><\/p>\n<div>\n<p>The Escena M\u00f3stoles program, organized by the Department of Culture, returns this weekend with a classic by Federico Garc\u00eda Lorca. &#039;<strong>Dom Crist\u00f3bal Altarpiece<\/strong>&#039;, which will be presented this Friday, March 24th, at 8pm, at Teatro El Soto, by the company Nao d&#039;amores.<\/p>\n<p>Played by Eduardo Mayo, Ver\u00f3nica Morej\u00f3n and Isabel Zamora, <strong>&#039;Retablilo de Don Crist\u00f3bal&#039; tries to understand whether Federico Garc\u00eda Lorca was the hero rescuing a dying tradition by insisting on integrating blackjack dolls into the great theater of his time<\/strong>or rather, the intellectual who ended up with what little was left of the popular referent.<\/p>\n<aside class=\"scaip scaip-1\">\n\t\t<\/aside>\n<p>What is more, <strong>The Antonio Najarro company arrives at Teatro del Bosque on Saturday, 25th, at 7pm, with its dance show &#039;Querencia&#039;. <\/strong>The multi-award-winning choreographer approaches his sixth production, with the desire to revisit his origins, to rescue and exalt the inspiration of the language of the great choreographic ballets that in his time made figures such as Antonio Ruiz Soler or Mariemma, among others, great.<\/p>\n<figure class=\"wp-block-image size-large\"><img fetchpriority=\"high\" decoding=\"async\" width=\"780\" height=\"520\" alt=\"&#039;&#039;Quer\u00eancia&#039;, by Antonio Najarro\" class=\"wp-image-383998 jetpack-lazy-image\" data-recalc-dims=\"1\" srcset=\"https:\/\/i0.wp.com\/noticiasparamunicipios.com\/wp-content\/uploads\/2023\/03\/querencia.jpg?resize=1024%2C683&amp;ssl=1 1024w, https:\/\/i0.wp.com\/noticiasparamunicipios.com\/wp-content\/uploads\/2023\/03\/querencia.jpg?resize=300%2C200&amp;ssl=1 300w, https:\/\/i0.wp.com\/noticiasparamunicipios.com\/wp-content\/uploads\/2023\/03\/querencia.jpg?resize=768%2C512&amp;ssl=1 768w, https:\/\/i0.wp.com\/noticiasparamunicipios.com\/wp-content\/uploads\/2023\/03\/querencia.jpg?resize=1536%2C1024&amp;ssl=1 1536w, https:\/\/i0.wp.com\/noticiasparamunicipios.com\/wp-content\/uploads\/2023\/03\/querencia.jpg?resize=2048%2C1366&amp;ssl=1 2048w, https:\/\/i0.wp.com\/noticiasparamunicipios.com\/wp-content\/uploads\/2023\/03\/querencia.jpg?resize=1200%2C800&amp;ssl=1 1200w, https:\/\/i0.wp.com\/noticiasparamunicipios.com\/wp-content\/uploads\/2023\/03\/querencia.jpg?resize=1568%2C1046&amp;ssl=1 1568w, https:\/\/i0.wp.com\/noticiasparamunicipios.com\/wp-content\/uploads\/2023\/03\/querencia.jpg?resize=400%2C267&amp;ssl=1 400w, https:\/\/i0.wp.com\/noticiasparamunicipios.com\/wp-content\/uploads\/2023\/03\/querencia.jpg?w=2340&amp;ssl=1 2340w\" data-lazy-sizes=\"(max-width: 780px) 100vw, 780px\" src=\"https:\/\/i0.wp.com\/noticiasparamunicipios.com\/wp-content\/uploads\/2023\/03\/querencia.jpg?resize=780%2C520&amp;is-pending-load=1#038;ssl=1\"\/><noscript><img data-lazy-fallback=\"1\" decoding=\"async\" width=\"780\" height=\"520\" src=\"https:\/\/i0.wp.com\/noticiasparamunicipios.com\/wp-content\/uploads\/2023\/03\/querencia.jpg?resize=780%2C520&amp;ssl=1\" alt=\"&#039;&#039;Quer\u00eancia&#039;, by Antonio Najarro\" class=\"wp-image-383998\" srcset=\"https:\/\/i0.wp.com\/noticiasparamunicipios.com\/wp-content\/uploads\/2023\/03\/querencia.jpg?resize=1024%2C683&amp;ssl=1 1024w, https:\/\/i0.wp.com\/noticiasparamunicipios.com\/wp-content\/uploads\/2023\/03\/querencia.jpg?resize=300%2C200&amp;ssl=1 300w, https:\/\/i0.wp.com\/noticiasparamunicipios.com\/wp-content\/uploads\/2023\/03\/querencia.jpg?resize=768%2C512&amp;ssl=1 768w, https:\/\/i0.wp.com\/noticiasparamunicipios.com\/wp-content\/uploads\/2023\/03\/querencia.jpg?resize=1536%2C1024&amp;ssl=1 1536w, https:\/\/i0.wp.com\/noticiasparamunicipios.com\/wp-content\/uploads\/2023\/03\/querencia.jpg?resize=2048%2C1366&amp;ssl=1 2048w, https:\/\/i0.wp.com\/noticiasparamunicipios.com\/wp-content\/uploads\/2023\/03\/querencia.jpg?resize=1200%2C800&amp;ssl=1 1200w, https:\/\/i0.wp.com\/noticiasparamunicipios.com\/wp-content\/uploads\/2023\/03\/querencia.jpg?resize=1568%2C1046&amp;ssl=1 1568w, https:\/\/i0.wp.com\/noticiasparamunicipios.com\/wp-content\/uploads\/2023\/03\/querencia.jpg?resize=400%2C267&amp;ssl=1 400w, https:\/\/i0.wp.com\/noticiasparamunicipios.com\/wp-content\/uploads\/2023\/03\/querencia.jpg?w=2340&amp;ssl=1 2340w\" sizes=\"(max-width: 780px) 100vw, 780px\" data-recalc-dims=\"1\"\/><\/noscript><figcaption class=\"wp-element-caption\">&#039;Quer\u00eancia&#039;, by Antonio Najarro<\/figcaption><\/figure>\n<h2 class=\"wp-block-heading\">Family cinema and theater<\/h2>\n<p>On the other hand, <strong>This weekend \u201cProject\u201d returns. Family cinema\u00bb with the film &#039;The Bad Ones&#039;, <\/strong>which will be shown on Saturday 25th at 6pm at Centro Sociocultural El Soto and on Sunday 26th at 12pm at Centro Sociocultural Norte-Universidad and at 6pm at Centro Sociocultural Joan Mir\u00f3.<\/p>\n<p><strong>&#039;The Bad Guys&#039; is a hilarious children&#039;s comedy based on the comics by Aaron Blabey.<\/strong>which tells the adventures of five famous criminals trying to achieve their most difficult goal to date: behaving well.<\/p>\n<aside class=\"scaip scaip-2\">\n\t\t<\/aside>\n<p>For the little ones, the puppet show &#039;<strong>jelly&#039;<\/strong> arrives on Sunday, the 26th, at 6pm, at Teatro Villa de M\u00f3stoles, as part of the Escena Vivo program.<\/p>\n<p><strong>\u201cMermelhada\u201d is a story that invites us to a different look at fairy tales<\/strong>. In fairyland lives a little fairy called Mermelhada, who, disenchanted with her condition as a fairy, asks an old witch to teach her some secrets of ancestral wisdom. Little by little, a very special bond is being created between teacher and student.<\/p>\n<p>With the aim of promoting the history and heritage of our city, on Saturday, the 25th, at 5:30 pm, there will be a <strong>Guided tour of the Andr\u00e9s Torrej\u00f3n House-Museum and the City Museum<\/strong>. Furthermore, on Sunday 26th at 11 am, the <strong>Guided tour of the old city.<\/strong><\/p>\n<aside class=\"scaip scaip-3\">\n\t\t<\/aside>\n<p>Registration for both visits is free and can be done by calling 91 649 37 72, via email museociudad@mostoles.es or in person at the museum, on Rua Andr\u00e9s Torrej\u00f3n n\u00ba5.<\/p>\n<p><h3 class=\"jp-relatedposts-headline\"><em>Related<\/em><\/h3>\n<\/p><\/div>","protected":false},"excerpt":{"rendered":"<p>The Escena M\u00f3stoles program, organized by the Department of Culture, returns this weekend with a classic by Federico \u2026 <\/p>","protected":false},"author":1,"featured_media":921,"comment_status":"open","ping_status":"open","sticky":false,"template":"","format":"standard","meta":{"fifu_image_url":"https:\/\/noticiasparamunicipios.com\/wp-content\/uploads\/2023\/03\/retablillo-de-don-cristobal.jpg","fifu_image_alt":"","footnotes":""},"categories":[35],"tags":[],"class_list":["post-920","post","type-post","status-publish","format-standard","has-post-thumbnail","hentry","category-cultura-e-lazer","latest_post"],"yoast_head":"<!-- This site is optimized with the Yoast SEO plugin v27.3 - https:\/\/yoast.com\/product\/yoast-seo-wordpress\/ -->\n<title>M\u00d3STOLES\/ Dan\u00e7a cl\u00e1ssica e teatro s\u00e3o as estrelas da agenda do fim de semana - Tirinha.com<\/title>\n<meta name=\"robots\" content=\"index, follow, max-snippet:-1, max-image-preview:large, max-video-preview:-1\" \/>\n<link rel=\"canonical\" href=\"https:\/\/tirinha.com\/en\/920\/classical-dance-and-theater-are-the-stars-of-the-weekend-agenda\/\" \/>\n<meta property=\"og:locale\" content=\"en_US\" \/>\n<meta property=\"og:type\" content=\"article\" \/>\n<meta property=\"og:title\" content=\"M\u00d3STOLES\/ Dan\u00e7a cl\u00e1ssica e teatro s\u00e3o as estrelas da agenda do fim de semana - Tirinha.com\" \/>\n<meta property=\"og:description\" content=\"A programa\u00e7\u00e3o do Escena M\u00f3stoles, organizada pela Secretaria de Cultura, volta neste final de semana com um cl\u00e1ssico de Federico &hellip;\" \/>\n<meta property=\"og:url\" content=\"https:\/\/tirinha.com\/en\/920\/classical-dance-and-theater-are-the-stars-of-the-weekend-agenda\/\" \/>\n<meta property=\"og:site_name\" content=\"Tirinha.com\" \/>\n<meta property=\"article:published_time\" content=\"2023-04-03T16:35:52+00:00\" \/>\n<meta property=\"og:image\" content=\"https:\/\/noticiasparamunicipios.com\/wp-content\/uploads\/2023\/03\/retablillo-de-don-cristobal.jpg\" \/>\n<meta name=\"author\" content=\"admin\" \/>\n<meta name=\"twitter:card\" content=\"summary_large_image\" \/>\n<meta name=\"twitter:image\" content=\"https:\/\/noticiasparamunicipios.com\/wp-content\/uploads\/2023\/03\/retablillo-de-don-cristobal.jpg\" \/>\n<meta name=\"twitter:label1\" content=\"Written by\" \/>\n\t<meta name=\"twitter:data1\" content=\"admin\" \/>\n\t<meta name=\"twitter:label2\" content=\"Est. reading time\" \/>\n\t<meta name=\"twitter:data2\" content=\"2 minutes\" \/>\n<script type=\"application\/ld+json\" class=\"yoast-schema-graph\">{\"@context\":\"https:\\\/\\\/schema.org\",\"@graph\":[{\"@type\":\"Article\",\"@id\":\"https:\\\/\\\/tirinha.com\\\/920\\\/mostoles-danca-classica-e-teatro-sao-as-estrelas-da-agenda-do-fim-de-semana\\\/#article\",\"isPartOf\":{\"@id\":\"https:\\\/\\\/tirinha.com\\\/920\\\/mostoles-danca-classica-e-teatro-sao-as-estrelas-da-agenda-do-fim-de-semana\\\/\"},\"author\":{\"name\":\"admin\",\"@id\":\"https:\\\/\\\/tirinha.com\\\/#\\\/schema\\\/person\\\/e22bdfbe17e0461f7e927e6a1208d4d9\"},\"headline\":\"M\u00d3STOLES\\\/ Dan\u00e7a cl\u00e1ssica e teatro s\u00e3o as estrelas da agenda do fim de semana\",\"datePublished\":\"2023-04-03T16:35:52+00:00\",\"mainEntityOfPage\":{\"@id\":\"https:\\\/\\\/tirinha.com\\\/920\\\/mostoles-danca-classica-e-teatro-sao-as-estrelas-da-agenda-do-fim-de-semana\\\/\"},\"wordCount\":460,\"commentCount\":0,\"publisher\":{\"@id\":\"https:\\\/\\\/tirinha.com\\\/#organization\"},\"image\":{\"@id\":\"https:\\\/\\\/tirinha.com\\\/920\\\/mostoles-danca-classica-e-teatro-sao-as-estrelas-da-agenda-do-fim-de-semana\\\/#primaryimage\"},\"thumbnailUrl\":\"https:\\\/\\\/noticiasparamunicipios.com\\\/wp-content\\\/uploads\\\/2023\\\/03\\\/retablillo-de-don-cristobal.jpg\",\"articleSection\":[\"Cultura e lazer\"],\"inLanguage\":\"en-US\",\"potentialAction\":[{\"@type\":\"CommentAction\",\"name\":\"Comment\",\"target\":[\"https:\\\/\\\/tirinha.com\\\/920\\\/mostoles-danca-classica-e-teatro-sao-as-estrelas-da-agenda-do-fim-de-semana\\\/#respond\"]}]},{\"@type\":\"WebPage\",\"@id\":\"https:\\\/\\\/tirinha.com\\\/920\\\/mostoles-danca-classica-e-teatro-sao-as-estrelas-da-agenda-do-fim-de-semana\\\/\",\"url\":\"https:\\\/\\\/tirinha.com\\\/920\\\/mostoles-danca-classica-e-teatro-sao-as-estrelas-da-agenda-do-fim-de-semana\\\/\",\"name\":\"M\u00d3STOLES\\\/ Dan\u00e7a cl\u00e1ssica e teatro s\u00e3o as estrelas da agenda do fim de semana - Tirinha.com\",\"isPartOf\":{\"@id\":\"https:\\\/\\\/tirinha.com\\\/#website\"},\"primaryImageOfPage\":{\"@id\":\"https:\\\/\\\/tirinha.com\\\/920\\\/mostoles-danca-classica-e-teatro-sao-as-estrelas-da-agenda-do-fim-de-semana\\\/#primaryimage\"},\"image\":{\"@id\":\"https:\\\/\\\/tirinha.com\\\/920\\\/mostoles-danca-classica-e-teatro-sao-as-estrelas-da-agenda-do-fim-de-semana\\\/#primaryimage\"},\"thumbnailUrl\":\"https:\\\/\\\/noticiasparamunicipios.com\\\/wp-content\\\/uploads\\\/2023\\\/03\\\/retablillo-de-don-cristobal.jpg\",\"datePublished\":\"2023-04-03T16:35:52+00:00\",\"breadcrumb\":{\"@id\":\"https:\\\/\\\/tirinha.com\\\/920\\\/mostoles-danca-classica-e-teatro-sao-as-estrelas-da-agenda-do-fim-de-semana\\\/#breadcrumb\"},\"inLanguage\":\"en-US\",\"potentialAction\":[{\"@type\":\"ReadAction\",\"target\":[\"https:\\\/\\\/tirinha.com\\\/920\\\/mostoles-danca-classica-e-teatro-sao-as-estrelas-da-agenda-do-fim-de-semana\\\/\"]}]},{\"@type\":\"ImageObject\",\"inLanguage\":\"en-US\",\"@id\":\"https:\\\/\\\/tirinha.com\\\/920\\\/mostoles-danca-classica-e-teatro-sao-as-estrelas-da-agenda-do-fim-de-semana\\\/#primaryimage\",\"url\":\"https:\\\/\\\/noticiasparamunicipios.com\\\/wp-content\\\/uploads\\\/2023\\\/03\\\/retablillo-de-don-cristobal.jpg\",\"contentUrl\":\"https:\\\/\\\/noticiasparamunicipios.com\\\/wp-content\\\/uploads\\\/2023\\\/03\\\/retablillo-de-don-cristobal.jpg\"},{\"@type\":\"BreadcrumbList\",\"@id\":\"https:\\\/\\\/tirinha.com\\\/920\\\/mostoles-danca-classica-e-teatro-sao-as-estrelas-da-agenda-do-fim-de-semana\\\/#breadcrumb\",\"itemListElement\":[{\"@type\":\"ListItem\",\"position\":1,\"name\":\"Home\",\"item\":\"https:\\\/\\\/tirinha.com\\\/\"},{\"@type\":\"ListItem\",\"position\":2,\"name\":\"M\u00d3STOLES\\\/ Dan\u00e7a cl\u00e1ssica e teatro s\u00e3o as estrelas da agenda do fim de semana\"}]},{\"@type\":\"WebSite\",\"@id\":\"https:\\\/\\\/tirinha.com\\\/#website\",\"url\":\"https:\\\/\\\/tirinha.com\\\/\",\"name\":\"Tirinha.com\",\"description\":\"Arte e livros resenhas\",\"publisher\":{\"@id\":\"https:\\\/\\\/tirinha.com\\\/#organization\"},\"potentialAction\":[{\"@type\":\"SearchAction\",\"target\":{\"@type\":\"EntryPoint\",\"urlTemplate\":\"https:\\\/\\\/tirinha.com\\\/?s={search_term_string}\"},\"query-input\":{\"@type\":\"PropertyValueSpecification\",\"valueRequired\":true,\"valueName\":\"search_term_string\"}}],\"inLanguage\":\"en-US\"},{\"@type\":\"Organization\",\"@id\":\"https:\\\/\\\/tirinha.com\\\/#organization\",\"name\":\"Tirinha.com\",\"url\":\"https:\\\/\\\/tirinha.com\\\/\",\"logo\":{\"@type\":\"ImageObject\",\"inLanguage\":\"en-US\",\"@id\":\"https:\\\/\\\/tirinha.com\\\/#\\\/schema\\\/logo\\\/image\\\/\",\"url\":\"https:\\\/\\\/tirinha.com\\\/wp-content\\\/uploads\\\/2023\\\/08\\\/cropped-Logo-Tirinha.webp\",\"contentUrl\":\"https:\\\/\\\/tirinha.com\\\/wp-content\\\/uploads\\\/2023\\\/08\\\/cropped-Logo-Tirinha.webp\",\"width\":512,\"height\":512,\"caption\":\"Tirinha.com\"},\"image\":{\"@id\":\"https:\\\/\\\/tirinha.com\\\/#\\\/schema\\\/logo\\\/image\\\/\"}},{\"@type\":\"Person\",\"@id\":\"https:\\\/\\\/tirinha.com\\\/#\\\/schema\\\/person\\\/e22bdfbe17e0461f7e927e6a1208d4d9\",\"name\":\"admin\",\"image\":{\"@type\":\"ImageObject\",\"inLanguage\":\"en-US\",\"@id\":\"https:\\\/\\\/tirinha.com\\\/wp-content\\\/litespeed\\\/avatar\\\/d0068f7931cc87d7274eb0c3db1deb4b.jpg?ver=1776829466\",\"url\":\"https:\\\/\\\/tirinha.com\\\/wp-content\\\/litespeed\\\/avatar\\\/d0068f7931cc87d7274eb0c3db1deb4b.jpg?ver=1776829466\",\"contentUrl\":\"https:\\\/\\\/tirinha.com\\\/wp-content\\\/litespeed\\\/avatar\\\/d0068f7931cc87d7274eb0c3db1deb4b.jpg?ver=1776829466\",\"caption\":\"admin\"},\"sameAs\":[\"https:\\\/\\\/tirinha.com\"],\"url\":\"https:\\\/\\\/tirinha.com\\\/en\\\/author\\\/admin\\\/\"}]}<\/script>\n<!-- \/ Yoast SEO plugin. -->","yoast_head_json":{"title":"M\u00d3STOLES\/ Classical dance and theater are the stars of the weekend&#039;s agenda - Tirinha.com","robots":{"index":"index","follow":"follow","max-snippet":"max-snippet:-1","max-image-preview":"max-image-preview:large","max-video-preview":"max-video-preview:-1"},"canonical":"https:\/\/tirinha.com\/en\/920\/classical-dance-and-theater-are-the-stars-of-the-weekend-agenda\/","og_locale":"en_US","og_type":"article","og_title":"M\u00d3STOLES\/ Dan\u00e7a cl\u00e1ssica e teatro s\u00e3o as estrelas da agenda do fim de semana - Tirinha.com","og_description":"A programa\u00e7\u00e3o do Escena M\u00f3stoles, organizada pela Secretaria de Cultura, volta neste final de semana com um cl\u00e1ssico de Federico &hellip;","og_url":"https:\/\/tirinha.com\/en\/920\/classical-dance-and-theater-are-the-stars-of-the-weekend-agenda\/","og_site_name":"Tirinha.com","article_published_time":"2023-04-03T16:35:52+00:00","og_image":[{"url":"https:\/\/noticiasparamunicipios.com\/wp-content\/uploads\/2023\/03\/retablillo-de-don-cristobal.jpg","type":"","width":"","height":""}],"author":"admin","twitter_card":"summary_large_image","twitter_image":"https:\/\/noticiasparamunicipios.com\/wp-content\/uploads\/2023\/03\/retablillo-de-don-cristobal.jpg","twitter_misc":{"Written by":"admin","Est. reading time":"2 minutes"},"schema":{"@context":"https:\/\/schema.org","@graph":[{"@type":"Article","@id":"https:\/\/tirinha.com\/920\/mostoles-danca-classica-e-teatro-sao-as-estrelas-da-agenda-do-fim-de-semana\/#article","isPartOf":{"@id":"https:\/\/tirinha.com\/920\/mostoles-danca-classica-e-teatro-sao-as-estrelas-da-agenda-do-fim-de-semana\/"},"author":{"name":"admin","@id":"https:\/\/tirinha.com\/#\/schema\/person\/e22bdfbe17e0461f7e927e6a1208d4d9"},"headline":"M\u00d3STOLES\/ Dan\u00e7a cl\u00e1ssica e teatro s\u00e3o as estrelas da agenda do fim de semana","datePublished":"2023-04-03T16:35:52+00:00","mainEntityOfPage":{"@id":"https:\/\/tirinha.com\/920\/mostoles-danca-classica-e-teatro-sao-as-estrelas-da-agenda-do-fim-de-semana\/"},"wordCount":460,"commentCount":0,"publisher":{"@id":"https:\/\/tirinha.com\/#organization"},"image":{"@id":"https:\/\/tirinha.com\/920\/mostoles-danca-classica-e-teatro-sao-as-estrelas-da-agenda-do-fim-de-semana\/#primaryimage"},"thumbnailUrl":"https:\/\/noticiasparamunicipios.com\/wp-content\/uploads\/2023\/03\/retablillo-de-don-cristobal.jpg","articleSection":["Cultura e lazer"],"inLanguage":"en-US","potentialAction":[{"@type":"CommentAction","name":"Comment","target":["https:\/\/tirinha.com\/920\/mostoles-danca-classica-e-teatro-sao-as-estrelas-da-agenda-do-fim-de-semana\/#respond"]}]},{"@type":"WebPage","@id":"https:\/\/tirinha.com\/920\/mostoles-danca-classica-e-teatro-sao-as-estrelas-da-agenda-do-fim-de-semana\/","url":"https:\/\/tirinha.com\/920\/mostoles-danca-classica-e-teatro-sao-as-estrelas-da-agenda-do-fim-de-semana\/","name":"M\u00d3STOLES\/ Classical dance and theater are the stars of the weekend&#039;s agenda - Tirinha.com","isPartOf":{"@id":"https:\/\/tirinha.com\/#website"},"primaryImageOfPage":{"@id":"https:\/\/tirinha.com\/920\/mostoles-danca-classica-e-teatro-sao-as-estrelas-da-agenda-do-fim-de-semana\/#primaryimage"},"image":{"@id":"https:\/\/tirinha.com\/920\/mostoles-danca-classica-e-teatro-sao-as-estrelas-da-agenda-do-fim-de-semana\/#primaryimage"},"thumbnailUrl":"https:\/\/noticiasparamunicipios.com\/wp-content\/uploads\/2023\/03\/retablillo-de-don-cristobal.jpg","datePublished":"2023-04-03T16:35:52+00:00","breadcrumb":{"@id":"https:\/\/tirinha.com\/920\/mostoles-danca-classica-e-teatro-sao-as-estrelas-da-agenda-do-fim-de-semana\/#breadcrumb"},"inLanguage":"en-US","potentialAction":[{"@type":"ReadAction","target":["https:\/\/tirinha.com\/920\/mostoles-danca-classica-e-teatro-sao-as-estrelas-da-agenda-do-fim-de-semana\/"]}]},{"@type":"ImageObject","inLanguage":"en-US","@id":"https:\/\/tirinha.com\/920\/mostoles-danca-classica-e-teatro-sao-as-estrelas-da-agenda-do-fim-de-semana\/#primaryimage","url":"https:\/\/noticiasparamunicipios.com\/wp-content\/uploads\/2023\/03\/retablillo-de-don-cristobal.jpg","contentUrl":"https:\/\/noticiasparamunicipios.com\/wp-content\/uploads\/2023\/03\/retablillo-de-don-cristobal.jpg"},{"@type":"BreadcrumbList","@id":"https:\/\/tirinha.com\/920\/mostoles-danca-classica-e-teatro-sao-as-estrelas-da-agenda-do-fim-de-semana\/#breadcrumb","itemListElement":[{"@type":"ListItem","position":1,"name":"Home","item":"https:\/\/tirinha.com\/"},{"@type":"ListItem","position":2,"name":"M\u00d3STOLES\/ Dan\u00e7a cl\u00e1ssica e teatro s\u00e3o as estrelas da agenda do fim de semana"}]},{"@type":"WebSite","@id":"https:\/\/tirinha.com\/#website","url":"https:\/\/tirinha.com\/","name":"Comics.com","description":"Art and book reviews","publisher":{"@id":"https:\/\/tirinha.com\/#organization"},"potentialAction":[{"@type":"SearchAction","target":{"@type":"EntryPoint","urlTemplate":"https:\/\/tirinha.com\/?s={search_term_string}"},"query-input":{"@type":"PropertyValueSpecification","valueRequired":true,"valueName":"search_term_string"}}],"inLanguage":"en-US"},{"@type":"Organization","@id":"https:\/\/tirinha.com\/#organization","name":"Comics.com","url":"https:\/\/tirinha.com\/","logo":{"@type":"ImageObject","inLanguage":"en-US","@id":"https:\/\/tirinha.com\/#\/schema\/logo\/image\/","url":"https:\/\/tirinha.com\/wp-content\/uploads\/2023\/08\/cropped-Logo-Tirinha.webp","contentUrl":"https:\/\/tirinha.com\/wp-content\/uploads\/2023\/08\/cropped-Logo-Tirinha.webp","width":512,"height":512,"caption":"Tirinha.com"},"image":{"@id":"https:\/\/tirinha.com\/#\/schema\/logo\/image\/"}},{"@type":"Person","@id":"https:\/\/tirinha.com\/#\/schema\/person\/e22bdfbe17e0461f7e927e6a1208d4d9","name":"admin","image":{"@type":"ImageObject","inLanguage":"en-US","@id":"https:\/\/tirinha.com\/wp-content\/litespeed\/avatar\/d0068f7931cc87d7274eb0c3db1deb4b.jpg?ver=1776829466","url":"https:\/\/tirinha.com\/wp-content\/litespeed\/avatar\/d0068f7931cc87d7274eb0c3db1deb4b.jpg?ver=1776829466","contentUrl":"https:\/\/tirinha.com\/wp-content\/litespeed\/avatar\/d0068f7931cc87d7274eb0c3db1deb4b.jpg?ver=1776829466","caption":"admin"},"sameAs":["https:\/\/tirinha.com"],"url":"https:\/\/tirinha.com\/en\/author\/admin\/"}]}},"_links":{"self":[{"href":"https:\/\/tirinha.com\/en\/wp-json\/wp\/v2\/posts\/920","targetHints":{"allow":["GET"]}}],"collection":[{"href":"https:\/\/tirinha.com\/en\/wp-json\/wp\/v2\/posts"}],"about":[{"href":"https:\/\/tirinha.com\/en\/wp-json\/wp\/v2\/types\/post"}],"author":[{"embeddable":true,"href":"https:\/\/tirinha.com\/en\/wp-json\/wp\/v2\/users\/1"}],"replies":[{"embeddable":true,"href":"https:\/\/tirinha.com\/en\/wp-json\/wp\/v2\/comments?post=920"}],"version-history":[{"count":0,"href":"https:\/\/tirinha.com\/en\/wp-json\/wp\/v2\/posts\/920\/revisions"}],"wp:featuredmedia":[{"embeddable":true,"href":"https:\/\/tirinha.com\/en\/wp-json\/wp\/v2\/media\/921"}],"wp:attachment":[{"href":"https:\/\/tirinha.com\/en\/wp-json\/wp\/v2\/media?parent=920"}],"wp:term":[{"taxonomy":"category","embeddable":true,"href":"https:\/\/tirinha.com\/en\/wp-json\/wp\/v2\/categories?post=920"},{"taxonomy":"post_tag","embeddable":true,"href":"https:\/\/tirinha.com\/en\/wp-json\/wp\/v2\/tags?post=920"}],"curies":[{"name":"wp","href":"https:\/\/api.w.org\/{rel}","templated":true}]}}