{"id":896,"date":"2023-04-03T13:56:21","date_gmt":"2023-04-03T13:56:21","guid":{"rendered":"https:\/\/tirinha.com\/coslada-do-teatro-municipal-aos-premios-talia\/"},"modified":"2023-04-03T13:56:21","modified_gmt":"2023-04-03T13:56:21","slug":"located-from-the-municipal-theater-to-the-talia-awards","status":"publish","type":"post","link":"https:\/\/tirinha.com\/en\/896\/coslada-do-teatro-municipal-aos-premios-talia\/","title":{"rendered":"COSLADA\/ From the Municipal Theater to the Tal\u00eda Awards"},"content":{"rendered":"<p><\/p>\n<div>\n<p><strong>Some of the winners of the first edition of the Tal\u00eda Awards of the Academy of Performing Arts are related to Coslada and its Municipal Theater<\/strong>where in some cases they held artistic and technical residencies, or premiered productions.<\/p>\n<p>Mayor \u00c1ngel Viveros is proud that \u201cour city appears several times in these Awards, and does so for having contributed its grain of sand to these productions\u201d. \u201cWithout a doubt \u2013 he added \u2013 <strong>It is an example of the commitment we started in the last legislature towards the culture of quality<\/strong> and within reach of all neighbors.\u201d <\/p>\n<aside class=\"scaip scaip-1\">\n\t\t<\/aside>\n<p>Emi Escudero, representative of Culture of Coslada, also complements the mayor&#039;s words: \u201cit reflects the important commitment that Coslada has made in recent years to<br \/>performing arts and quality shows, supporting companies with<br \/>space assignments and through artistic and technical residency agreements allowing important previews\u201d.<\/p>\n<h2 class=\"wp-block-heading\">The winners<\/h2>\n<p>One of the winners was <strong>&#039;Malvivir&#039;, which won the award for best song and best concert company<\/strong>. This show was presented at the Municipal Theater and also <strong>&#039;Pharsalia&#039;, by Antonio Ruiz, awarded best choreography<\/strong>. <\/p>\n<p>Upon receiving the award, the choreographer thanked the theaters for their support<br \/>showed and helped premiere this production, including the Teatro Municipal de Coslada.<\/p>\n<aside class=\"scaip scaip-2\">\n\t\t<\/aside>\n<figure class=\"wp-block-image size-large\"><img fetchpriority=\"high\" decoding=\"async\" width=\"780\" height=\"520\" alt=\"Aitana S\u00e1nchez Gij\u00f3n at the Municipal Theatre during a performance of the play &#039;Malvivir&#039; in 2021. David Ruiz.\" class=\"wp-image-385021 jetpack-lazy-image\" data-recalc-dims=\"1\" srcset=\"https:\/\/i0.wp.com\/noticiasparamunicipios.com\/wp-content\/uploads\/2023\/03\/MALVIVIR-de-AY-TEATRO-FOTO-David-Ruiz.jpg?resize=1024%2C683&amp;ssl=1 1024w, https:\/\/i0.wp.com\/noticiasparamunicipios.com\/wp-content\/uploads\/2023\/03\/MALVIVIR-de-AY-TEATRO-FOTO-David-Ruiz.jpg?resize=300%2C200&amp;ssl=1 300w, https:\/\/i0.wp.com\/noticiasparamunicipios.com\/wp-content\/uploads\/2023\/03\/MALVIVIR-de-AY-TEATRO-FOTO-David-Ruiz.jpg?resize=768%2C512&amp;ssl=1 768w, https:\/\/i0.wp.com\/noticiasparamunicipios.com\/wp-content\/uploads\/2023\/03\/MALVIVIR-de-AY-TEATRO-FOTO-David-Ruiz.jpg?resize=1536%2C1024&amp;ssl=1 1536w, https:\/\/i0.wp.com\/noticiasparamunicipios.com\/wp-content\/uploads\/2023\/03\/MALVIVIR-de-AY-TEATRO-FOTO-David-Ruiz.jpg?resize=2048%2C1366&amp;ssl=1 2048w, https:\/\/i0.wp.com\/noticiasparamunicipios.com\/wp-content\/uploads\/2023\/03\/MALVIVIR-de-AY-TEATRO-FOTO-David-Ruiz.jpg?resize=1200%2C800&amp;ssl=1 1200w, https:\/\/i0.wp.com\/noticiasparamunicipios.com\/wp-content\/uploads\/2023\/03\/MALVIVIR-de-AY-TEATRO-FOTO-David-Ruiz.jpg?resize=1568%2C1046&amp;ssl=1 1568w, https:\/\/i0.wp.com\/noticiasparamunicipios.com\/wp-content\/uploads\/2023\/03\/MALVIVIR-de-AY-TEATRO-FOTO-David-Ruiz.jpg?resize=400%2C267&amp;ssl=1 400w, https:\/\/i0.wp.com\/noticiasparamunicipios.com\/wp-content\/uploads\/2023\/03\/MALVIVIR-de-AY-TEATRO-FOTO-David-Ruiz.jpg?w=2340&amp;ssl=1 2340w\" data-lazy-sizes=\"(max-width: 780px) 100vw, 780px\" src=\"https:\/\/i0.wp.com\/noticiasparamunicipios.com\/wp-content\/uploads\/2023\/03\/MALVIVIR-de-AY-TEATRO-FOTO-David-Ruiz.jpg?resize=780%2C520&amp;is-pending-load=1#038;ssl=1\"\/><noscript><img data-lazy-fallback=\"1\" decoding=\"async\" width=\"780\" height=\"520\" src=\"https:\/\/i0.wp.com\/noticiasparamunicipios.com\/wp-content\/uploads\/2023\/03\/MALVIVIR-de-AY-TEATRO-FOTO-David-Ruiz.jpg?resize=780%2C520&amp;ssl=1\" alt=\"Aitana S\u00e1nchez Gij\u00f3n at the Municipal Theatre during a performance of the play &#039;Malvivir&#039; in 2021. David Ruiz.\" class=\"wp-image-385021\" srcset=\"https:\/\/i0.wp.com\/noticiasparamunicipios.com\/wp-content\/uploads\/2023\/03\/MALVIVIR-de-AY-TEATRO-FOTO-David-Ruiz.jpg?resize=1024%2C683&amp;ssl=1 1024w, https:\/\/i0.wp.com\/noticiasparamunicipios.com\/wp-content\/uploads\/2023\/03\/MALVIVIR-de-AY-TEATRO-FOTO-David-Ruiz.jpg?resize=300%2C200&amp;ssl=1 300w, https:\/\/i0.wp.com\/noticiasparamunicipios.com\/wp-content\/uploads\/2023\/03\/MALVIVIR-de-AY-TEATRO-FOTO-David-Ruiz.jpg?resize=768%2C512&amp;ssl=1 768w, https:\/\/i0.wp.com\/noticiasparamunicipios.com\/wp-content\/uploads\/2023\/03\/MALVIVIR-de-AY-TEATRO-FOTO-David-Ruiz.jpg?resize=1536%2C1024&amp;ssl=1 1536w, https:\/\/i0.wp.com\/noticiasparamunicipios.com\/wp-content\/uploads\/2023\/03\/MALVIVIR-de-AY-TEATRO-FOTO-David-Ruiz.jpg?resize=2048%2C1366&amp;ssl=1 2048w, https:\/\/i0.wp.com\/noticiasparamunicipios.com\/wp-content\/uploads\/2023\/03\/MALVIVIR-de-AY-TEATRO-FOTO-David-Ruiz.jpg?resize=1200%2C800&amp;ssl=1 1200w, https:\/\/i0.wp.com\/noticiasparamunicipios.com\/wp-content\/uploads\/2023\/03\/MALVIVIR-de-AY-TEATRO-FOTO-David-Ruiz.jpg?resize=1568%2C1046&amp;ssl=1 1568w, https:\/\/i0.wp.com\/noticiasparamunicipios.com\/wp-content\/uploads\/2023\/03\/MALVIVIR-de-AY-TEATRO-FOTO-David-Ruiz.jpg?resize=400%2C267&amp;ssl=1 400w, https:\/\/i0.wp.com\/noticiasparamunicipios.com\/wp-content\/uploads\/2023\/03\/MALVIVIR-de-AY-TEATRO-FOTO-David-Ruiz.jpg?w=2340&amp;ssl=1 2340w\" sizes=\"(max-width: 780px) 100vw, 780px\" data-recalc-dims=\"1\"\/><\/noscript><figcaption class=\"wp-element-caption\">Aitana S\u00e1nchez Gij\u00f3n at the Municipal Theater during the performance of the play &#039;Malvivir&#039; in 2021. David Ruiz.<\/figcaption><\/figure>\n<p>was also awarded <strong>the company RonLal\u00e1 as the best private producer<br \/>performing arts and has performed several times in Coslada<\/strong>in addition to carrying out an artistic residency in Coslada before going on tour with the show Villa y Marte.<\/p>\n<p>Finally, it should be noted that<strong> the award for best direction went to Laila<br \/>Ripoll for &#039;TeaRooms&#039;,<\/strong> work based on the text of the novel written by Luisa Carn\u00e9s,<br \/>which a few days ago gave its name to the Central Library of Coslada. <\/p>\n<p>Precisely, in this regard, the councilor expressed her joy at the \u201crecognition of our dear Luisa Carn\u00e9s with the theater adaptation of her work. We are very proud that our main library will bear his name.\u201d<\/p>\n<aside class=\"scaip scaip-3\">\n\t\t<\/aside>\n<p><h3 class=\"jp-relatedposts-headline\"><em>Related<\/em><\/h3>\n<\/p><\/div>","protected":false},"excerpt":{"rendered":"<p>Some of the winners of the first edition of the Tal\u00eda Awards of the Academy of Performing Arts are related to Coslada and his \u2026 <\/p>","protected":false},"author":1,"featured_media":897,"comment_status":"open","ping_status":"open","sticky":false,"template":"","format":"standard","meta":{"fifu_image_url":"https:\/\/noticiasparamunicipios.com\/wp-content\/uploads\/2023\/03\/MALVIVIR-AY-TEATRO-FOTO-David-Ruiz-2.jpg","fifu_image_alt":"","footnotes":""},"categories":[35],"tags":[],"class_list":["post-896","post","type-post","status-publish","format-standard","has-post-thumbnail","hentry","category-cultura-e-lazer","latest_post"],"yoast_head":"<!-- This site is optimized with the Yoast SEO plugin v27.3 - https:\/\/yoast.com\/product\/yoast-seo-wordpress\/ -->\n<title>COSLADA\/ Do Teatro Municipal aos Pr\u00eamios Tal\u00eda - Tirinha.com<\/title>\n<meta name=\"robots\" content=\"index, follow, max-snippet:-1, max-image-preview:large, max-video-preview:-1\" \/>\n<link rel=\"canonical\" href=\"https:\/\/tirinha.com\/en\/896\/located-from-the-municipal-theater-to-the-talia-awards\/\" \/>\n<meta property=\"og:locale\" content=\"en_US\" \/>\n<meta property=\"og:type\" content=\"article\" \/>\n<meta property=\"og:title\" content=\"COSLADA\/ Do Teatro Municipal aos Pr\u00eamios Tal\u00eda - Tirinha.com\" \/>\n<meta property=\"og:description\" content=\"Alguns dos vencedores da primeira edi\u00e7\u00e3o dos Pr\u00eamios Tal\u00eda da Academia de Artes C\u00eanicas est\u00e3o relacionados com Coslada e seu &hellip;\" \/>\n<meta property=\"og:url\" content=\"https:\/\/tirinha.com\/en\/896\/located-from-the-municipal-theater-to-the-talia-awards\/\" \/>\n<meta property=\"og:site_name\" content=\"Tirinha.com\" \/>\n<meta property=\"article:published_time\" content=\"2023-04-03T13:56:21+00:00\" \/>\n<meta property=\"og:image\" content=\"https:\/\/noticiasparamunicipios.com\/wp-content\/uploads\/2023\/03\/MALVIVIR-AY-TEATRO-FOTO-David-Ruiz-2.jpg\" \/>\n<meta name=\"author\" content=\"admin\" \/>\n<meta name=\"twitter:card\" content=\"summary_large_image\" \/>\n<meta name=\"twitter:image\" content=\"https:\/\/noticiasparamunicipios.com\/wp-content\/uploads\/2023\/03\/MALVIVIR-AY-TEATRO-FOTO-David-Ruiz-2.jpg\" \/>\n<meta name=\"twitter:label1\" content=\"Written by\" \/>\n\t<meta name=\"twitter:data1\" content=\"admin\" \/>\n\t<meta name=\"twitter:label2\" content=\"Est. reading time\" \/>\n\t<meta name=\"twitter:data2\" content=\"2 minutes\" \/>\n<script type=\"application\/ld+json\" class=\"yoast-schema-graph\">{\"@context\":\"https:\\\/\\\/schema.org\",\"@graph\":[{\"@type\":\"Article\",\"@id\":\"https:\\\/\\\/tirinha.com\\\/896\\\/coslada-do-teatro-municipal-aos-premios-talia\\\/#article\",\"isPartOf\":{\"@id\":\"https:\\\/\\\/tirinha.com\\\/896\\\/coslada-do-teatro-municipal-aos-premios-talia\\\/\"},\"author\":{\"name\":\"admin\",\"@id\":\"https:\\\/\\\/tirinha.com\\\/#\\\/schema\\\/person\\\/e22bdfbe17e0461f7e927e6a1208d4d9\"},\"headline\":\"COSLADA\\\/ Do Teatro Municipal aos Pr\u00eamios Tal\u00eda\",\"datePublished\":\"2023-04-03T13:56:21+00:00\",\"mainEntityOfPage\":{\"@id\":\"https:\\\/\\\/tirinha.com\\\/896\\\/coslada-do-teatro-municipal-aos-premios-talia\\\/\"},\"wordCount\":375,\"commentCount\":0,\"publisher\":{\"@id\":\"https:\\\/\\\/tirinha.com\\\/#organization\"},\"image\":{\"@id\":\"https:\\\/\\\/tirinha.com\\\/896\\\/coslada-do-teatro-municipal-aos-premios-talia\\\/#primaryimage\"},\"thumbnailUrl\":\"https:\\\/\\\/noticiasparamunicipios.com\\\/wp-content\\\/uploads\\\/2023\\\/03\\\/MALVIVIR-AY-TEATRO-FOTO-David-Ruiz-2.jpg\",\"articleSection\":[\"Cultura e lazer\"],\"inLanguage\":\"en-US\",\"potentialAction\":[{\"@type\":\"CommentAction\",\"name\":\"Comment\",\"target\":[\"https:\\\/\\\/tirinha.com\\\/896\\\/coslada-do-teatro-municipal-aos-premios-talia\\\/#respond\"]}]},{\"@type\":\"WebPage\",\"@id\":\"https:\\\/\\\/tirinha.com\\\/896\\\/coslada-do-teatro-municipal-aos-premios-talia\\\/\",\"url\":\"https:\\\/\\\/tirinha.com\\\/896\\\/coslada-do-teatro-municipal-aos-premios-talia\\\/\",\"name\":\"COSLADA\\\/ Do Teatro Municipal aos Pr\u00eamios Tal\u00eda - Tirinha.com\",\"isPartOf\":{\"@id\":\"https:\\\/\\\/tirinha.com\\\/#website\"},\"primaryImageOfPage\":{\"@id\":\"https:\\\/\\\/tirinha.com\\\/896\\\/coslada-do-teatro-municipal-aos-premios-talia\\\/#primaryimage\"},\"image\":{\"@id\":\"https:\\\/\\\/tirinha.com\\\/896\\\/coslada-do-teatro-municipal-aos-premios-talia\\\/#primaryimage\"},\"thumbnailUrl\":\"https:\\\/\\\/noticiasparamunicipios.com\\\/wp-content\\\/uploads\\\/2023\\\/03\\\/MALVIVIR-AY-TEATRO-FOTO-David-Ruiz-2.jpg\",\"datePublished\":\"2023-04-03T13:56:21+00:00\",\"breadcrumb\":{\"@id\":\"https:\\\/\\\/tirinha.com\\\/896\\\/coslada-do-teatro-municipal-aos-premios-talia\\\/#breadcrumb\"},\"inLanguage\":\"en-US\",\"potentialAction\":[{\"@type\":\"ReadAction\",\"target\":[\"https:\\\/\\\/tirinha.com\\\/896\\\/coslada-do-teatro-municipal-aos-premios-talia\\\/\"]}]},{\"@type\":\"ImageObject\",\"inLanguage\":\"en-US\",\"@id\":\"https:\\\/\\\/tirinha.com\\\/896\\\/coslada-do-teatro-municipal-aos-premios-talia\\\/#primaryimage\",\"url\":\"https:\\\/\\\/noticiasparamunicipios.com\\\/wp-content\\\/uploads\\\/2023\\\/03\\\/MALVIVIR-AY-TEATRO-FOTO-David-Ruiz-2.jpg\",\"contentUrl\":\"https:\\\/\\\/noticiasparamunicipios.com\\\/wp-content\\\/uploads\\\/2023\\\/03\\\/MALVIVIR-AY-TEATRO-FOTO-David-Ruiz-2.jpg\"},{\"@type\":\"BreadcrumbList\",\"@id\":\"https:\\\/\\\/tirinha.com\\\/896\\\/coslada-do-teatro-municipal-aos-premios-talia\\\/#breadcrumb\",\"itemListElement\":[{\"@type\":\"ListItem\",\"position\":1,\"name\":\"Home\",\"item\":\"https:\\\/\\\/tirinha.com\\\/\"},{\"@type\":\"ListItem\",\"position\":2,\"name\":\"COSLADA\\\/ Do Teatro Municipal aos Pr\u00eamios Tal\u00eda\"}]},{\"@type\":\"WebSite\",\"@id\":\"https:\\\/\\\/tirinha.com\\\/#website\",\"url\":\"https:\\\/\\\/tirinha.com\\\/\",\"name\":\"Tirinha.com\",\"description\":\"Arte e livros resenhas\",\"publisher\":{\"@id\":\"https:\\\/\\\/tirinha.com\\\/#organization\"},\"potentialAction\":[{\"@type\":\"SearchAction\",\"target\":{\"@type\":\"EntryPoint\",\"urlTemplate\":\"https:\\\/\\\/tirinha.com\\\/?s={search_term_string}\"},\"query-input\":{\"@type\":\"PropertyValueSpecification\",\"valueRequired\":true,\"valueName\":\"search_term_string\"}}],\"inLanguage\":\"en-US\"},{\"@type\":\"Organization\",\"@id\":\"https:\\\/\\\/tirinha.com\\\/#organization\",\"name\":\"Tirinha.com\",\"url\":\"https:\\\/\\\/tirinha.com\\\/\",\"logo\":{\"@type\":\"ImageObject\",\"inLanguage\":\"en-US\",\"@id\":\"https:\\\/\\\/tirinha.com\\\/#\\\/schema\\\/logo\\\/image\\\/\",\"url\":\"https:\\\/\\\/tirinha.com\\\/wp-content\\\/uploads\\\/2023\\\/08\\\/cropped-Logo-Tirinha.webp\",\"contentUrl\":\"https:\\\/\\\/tirinha.com\\\/wp-content\\\/uploads\\\/2023\\\/08\\\/cropped-Logo-Tirinha.webp\",\"width\":512,\"height\":512,\"caption\":\"Tirinha.com\"},\"image\":{\"@id\":\"https:\\\/\\\/tirinha.com\\\/#\\\/schema\\\/logo\\\/image\\\/\"}},{\"@type\":\"Person\",\"@id\":\"https:\\\/\\\/tirinha.com\\\/#\\\/schema\\\/person\\\/e22bdfbe17e0461f7e927e6a1208d4d9\",\"name\":\"admin\",\"image\":{\"@type\":\"ImageObject\",\"inLanguage\":\"en-US\",\"@id\":\"https:\\\/\\\/tirinha.com\\\/wp-content\\\/litespeed\\\/avatar\\\/d0068f7931cc87d7274eb0c3db1deb4b.jpg?ver=1777434315\",\"url\":\"https:\\\/\\\/tirinha.com\\\/wp-content\\\/litespeed\\\/avatar\\\/d0068f7931cc87d7274eb0c3db1deb4b.jpg?ver=1777434315\",\"contentUrl\":\"https:\\\/\\\/tirinha.com\\\/wp-content\\\/litespeed\\\/avatar\\\/d0068f7931cc87d7274eb0c3db1deb4b.jpg?ver=1777434315\",\"caption\":\"admin\"},\"sameAs\":[\"https:\\\/\\\/tirinha.com\"],\"url\":\"https:\\\/\\\/tirinha.com\\\/en\\\/author\\\/admin\\\/\"}]}<\/script>\n<!-- \/ Yoast SEO plugin. -->","yoast_head_json":{"title":"COSLADA\/ From the Municipal Theater to the Tal\u00eda Awards - Tirinha.com","robots":{"index":"index","follow":"follow","max-snippet":"max-snippet:-1","max-image-preview":"max-image-preview:large","max-video-preview":"max-video-preview:-1"},"canonical":"https:\/\/tirinha.com\/en\/896\/located-from-the-municipal-theater-to-the-talia-awards\/","og_locale":"en_US","og_type":"article","og_title":"COSLADA\/ Do Teatro Municipal aos Pr\u00eamios Tal\u00eda - Tirinha.com","og_description":"Alguns dos vencedores da primeira edi\u00e7\u00e3o dos Pr\u00eamios Tal\u00eda da Academia de Artes C\u00eanicas est\u00e3o relacionados com Coslada e seu &hellip;","og_url":"https:\/\/tirinha.com\/en\/896\/located-from-the-municipal-theater-to-the-talia-awards\/","og_site_name":"Tirinha.com","article_published_time":"2023-04-03T13:56:21+00:00","og_image":[{"url":"https:\/\/noticiasparamunicipios.com\/wp-content\/uploads\/2023\/03\/MALVIVIR-AY-TEATRO-FOTO-David-Ruiz-2.jpg","type":"","width":"","height":""}],"author":"admin","twitter_card":"summary_large_image","twitter_image":"https:\/\/noticiasparamunicipios.com\/wp-content\/uploads\/2023\/03\/MALVIVIR-AY-TEATRO-FOTO-David-Ruiz-2.jpg","twitter_misc":{"Written by":"admin","Est. reading time":"2 minutes"},"schema":{"@context":"https:\/\/schema.org","@graph":[{"@type":"Article","@id":"https:\/\/tirinha.com\/896\/coslada-do-teatro-municipal-aos-premios-talia\/#article","isPartOf":{"@id":"https:\/\/tirinha.com\/896\/coslada-do-teatro-municipal-aos-premios-talia\/"},"author":{"name":"admin","@id":"https:\/\/tirinha.com\/#\/schema\/person\/e22bdfbe17e0461f7e927e6a1208d4d9"},"headline":"COSLADA\/ Do Teatro Municipal aos Pr\u00eamios Tal\u00eda","datePublished":"2023-04-03T13:56:21+00:00","mainEntityOfPage":{"@id":"https:\/\/tirinha.com\/896\/coslada-do-teatro-municipal-aos-premios-talia\/"},"wordCount":375,"commentCount":0,"publisher":{"@id":"https:\/\/tirinha.com\/#organization"},"image":{"@id":"https:\/\/tirinha.com\/896\/coslada-do-teatro-municipal-aos-premios-talia\/#primaryimage"},"thumbnailUrl":"https:\/\/noticiasparamunicipios.com\/wp-content\/uploads\/2023\/03\/MALVIVIR-AY-TEATRO-FOTO-David-Ruiz-2.jpg","articleSection":["Cultura e lazer"],"inLanguage":"en-US","potentialAction":[{"@type":"CommentAction","name":"Comment","target":["https:\/\/tirinha.com\/896\/coslada-do-teatro-municipal-aos-premios-talia\/#respond"]}]},{"@type":"WebPage","@id":"https:\/\/tirinha.com\/896\/coslada-do-teatro-municipal-aos-premios-talia\/","url":"https:\/\/tirinha.com\/896\/coslada-do-teatro-municipal-aos-premios-talia\/","name":"COSLADA\/ From the Municipal Theater to the Tal\u00eda Awards - Tirinha.com","isPartOf":{"@id":"https:\/\/tirinha.com\/#website"},"primaryImageOfPage":{"@id":"https:\/\/tirinha.com\/896\/coslada-do-teatro-municipal-aos-premios-talia\/#primaryimage"},"image":{"@id":"https:\/\/tirinha.com\/896\/coslada-do-teatro-municipal-aos-premios-talia\/#primaryimage"},"thumbnailUrl":"https:\/\/noticiasparamunicipios.com\/wp-content\/uploads\/2023\/03\/MALVIVIR-AY-TEATRO-FOTO-David-Ruiz-2.jpg","datePublished":"2023-04-03T13:56:21+00:00","breadcrumb":{"@id":"https:\/\/tirinha.com\/896\/coslada-do-teatro-municipal-aos-premios-talia\/#breadcrumb"},"inLanguage":"en-US","potentialAction":[{"@type":"ReadAction","target":["https:\/\/tirinha.com\/896\/coslada-do-teatro-municipal-aos-premios-talia\/"]}]},{"@type":"ImageObject","inLanguage":"en-US","@id":"https:\/\/tirinha.com\/896\/coslada-do-teatro-municipal-aos-premios-talia\/#primaryimage","url":"https:\/\/noticiasparamunicipios.com\/wp-content\/uploads\/2023\/03\/MALVIVIR-AY-TEATRO-FOTO-David-Ruiz-2.jpg","contentUrl":"https:\/\/noticiasparamunicipios.com\/wp-content\/uploads\/2023\/03\/MALVIVIR-AY-TEATRO-FOTO-David-Ruiz-2.jpg"},{"@type":"BreadcrumbList","@id":"https:\/\/tirinha.com\/896\/coslada-do-teatro-municipal-aos-premios-talia\/#breadcrumb","itemListElement":[{"@type":"ListItem","position":1,"name":"Home","item":"https:\/\/tirinha.com\/"},{"@type":"ListItem","position":2,"name":"COSLADA\/ Do Teatro Municipal aos Pr\u00eamios Tal\u00eda"}]},{"@type":"WebSite","@id":"https:\/\/tirinha.com\/#website","url":"https:\/\/tirinha.com\/","name":"Comics.com","description":"Art and book reviews","publisher":{"@id":"https:\/\/tirinha.com\/#organization"},"potentialAction":[{"@type":"SearchAction","target":{"@type":"EntryPoint","urlTemplate":"https:\/\/tirinha.com\/?s={search_term_string}"},"query-input":{"@type":"PropertyValueSpecification","valueRequired":true,"valueName":"search_term_string"}}],"inLanguage":"en-US"},{"@type":"Organization","@id":"https:\/\/tirinha.com\/#organization","name":"Comics.com","url":"https:\/\/tirinha.com\/","logo":{"@type":"ImageObject","inLanguage":"en-US","@id":"https:\/\/tirinha.com\/#\/schema\/logo\/image\/","url":"https:\/\/tirinha.com\/wp-content\/uploads\/2023\/08\/cropped-Logo-Tirinha.webp","contentUrl":"https:\/\/tirinha.com\/wp-content\/uploads\/2023\/08\/cropped-Logo-Tirinha.webp","width":512,"height":512,"caption":"Tirinha.com"},"image":{"@id":"https:\/\/tirinha.com\/#\/schema\/logo\/image\/"}},{"@type":"Person","@id":"https:\/\/tirinha.com\/#\/schema\/person\/e22bdfbe17e0461f7e927e6a1208d4d9","name":"admin","image":{"@type":"ImageObject","inLanguage":"en-US","@id":"https:\/\/tirinha.com\/wp-content\/litespeed\/avatar\/d0068f7931cc87d7274eb0c3db1deb4b.jpg?ver=1777434315","url":"https:\/\/tirinha.com\/wp-content\/litespeed\/avatar\/d0068f7931cc87d7274eb0c3db1deb4b.jpg?ver=1777434315","contentUrl":"https:\/\/tirinha.com\/wp-content\/litespeed\/avatar\/d0068f7931cc87d7274eb0c3db1deb4b.jpg?ver=1777434315","caption":"admin"},"sameAs":["https:\/\/tirinha.com"],"url":"https:\/\/tirinha.com\/en\/author\/admin\/"}]}},"_links":{"self":[{"href":"https:\/\/tirinha.com\/en\/wp-json\/wp\/v2\/posts\/896","targetHints":{"allow":["GET"]}}],"collection":[{"href":"https:\/\/tirinha.com\/en\/wp-json\/wp\/v2\/posts"}],"about":[{"href":"https:\/\/tirinha.com\/en\/wp-json\/wp\/v2\/types\/post"}],"author":[{"embeddable":true,"href":"https:\/\/tirinha.com\/en\/wp-json\/wp\/v2\/users\/1"}],"replies":[{"embeddable":true,"href":"https:\/\/tirinha.com\/en\/wp-json\/wp\/v2\/comments?post=896"}],"version-history":[{"count":0,"href":"https:\/\/tirinha.com\/en\/wp-json\/wp\/v2\/posts\/896\/revisions"}],"wp:featuredmedia":[{"embeddable":true,"href":"https:\/\/tirinha.com\/en\/wp-json\/wp\/v2\/media\/897"}],"wp:attachment":[{"href":"https:\/\/tirinha.com\/en\/wp-json\/wp\/v2\/media?parent=896"}],"wp:term":[{"taxonomy":"category","embeddable":true,"href":"https:\/\/tirinha.com\/en\/wp-json\/wp\/v2\/categories?post=896"},{"taxonomy":"post_tag","embeddable":true,"href":"https:\/\/tirinha.com\/en\/wp-json\/wp\/v2\/tags?post=896"}],"curies":[{"name":"wp","href":"https:\/\/api.w.org\/{rel}","templated":true}]}}