{"id":1023,"date":"2023-04-04T02:19:57","date_gmt":"2023-04-04T02:19:57","guid":{"rendered":"https:\/\/tirinha.com\/entrevista-daniel-sanchez-eg-o-jornal-digital-noticias-presente\/"},"modified":"2023-04-04T02:19:57","modified_gmt":"2023-04-04T02:19:57","slug":"entrevista-daniel-sanchez-eg-o-jornal-digital-noticias-presente","status":"publish","type":"post","link":"https:\/\/tirinha.com\/en\/1023\/entrevista-daniel-sanchez-eg-o-jornal-digital-noticias-presente\/","title":{"rendered":"Interview Daniel S\u00e1nchez \u2013 EG. The digital newspaper. News. Gift"},"content":{"rendered":"<p><\/p>\n<div>\n<h2><span style=\"color: #333300;\"><em>And in January, spring<\/em> is the first collection of poems by Daniel, a young man passionate about writing and love<\/span><\/h2>\n<p>Daniel S\u00e1nchez, also known as \u201cEl ba\u00fal de las vidas\u201d on Instagram, published his first book of poetry on October 18th under the label Postdata Ediciones. The book is made up of 80 poems surrounded by an optimistic and hopeful message about life. Daniel, in the interview with El Generacional, showed his most personal, sincere and emotional side.<\/p>\n<p><strong>To ask. How would you describe the book? And you?<\/strong><\/p>\n<p><strong>To respond. <\/strong>The book is a series of experiences and fears, but always surrounded by hope. Give way to the feeling of hope that we usually never abandon. As for me, I consider myself a very sensitive person who, like my book, never loses hope because I always try to think that, in the end, almost everything can go well. Now I&#039;m grateful that I didn&#039;t give up hope of publishing a book because, in that case, I wouldn&#039;t have published anything.<\/p>\n<p><strong>Q. <\/strong><strong>What are you trying to convey with your verses?<\/strong><\/p>\n<p><strong>A.<\/strong> I often convey love or heartbreak. However, in this book, being an introduction to the world of poetry, I wanted to show a little about my way of thinking.<\/p>\n<p><img fetchpriority=\"high\" data-attachment-id=\"172\" data-permalink=\"https:\/\/elgeneracionalpost.com\/cultura\/2018\/1113\/167\/daniel-sanchez-las-penas-tambien-terminan-floreciendo.html\/attachment\/43462007_300744174099606_1512972206852987954_n\" data-orig-file=\"https:\/\/i0.wp.com\/elgeneracionalpost.com\/wp-content\/uploads\/2018\/11\/43462007_300744174099606_1512972206852987954_n-e1542048035419.jpg?fit=608%2C520&amp;ssl=1\" data-orig-size=\"608,520\" data-comments-opened=\"1\" data-image-meta=\"{&quot;aperture&quot;:&quot;0&quot;,&quot;credit&quot;:&quot;&quot;,&quot;camera&quot;:&quot;&quot;,&quot;caption&quot;:&quot;&quot;,&quot;created_timestamp&quot;:&quot;0&quot;,&quot;copyright&quot;:&quot;&quot;,&quot;focal_length&quot;:&quot;0&quot;,&quot;iso&quot;:&quot;0&quot;,&quot;shutter_speed&quot;:&quot;0&quot;,&quot;title&quot;:&quot;&quot;,&quot;orientation&quot;:&quot;0&quot;}\" data-image-title=\"43462007_300744174099606_1512972206852987954_n\" data-image-description=\"\" data-image-caption=\"\" data-medium-file=\"https:\/\/i0.wp.com\/elgeneracionalpost.com\/wp-content\/uploads\/2018\/11\/43462007_300744174099606_1512972206852987954_n-e1542048035419.jpg?fit=300%2C257&amp;ssl=1\" data-large-file=\"https:\/\/i0.wp.com\/elgeneracionalpost.com\/wp-content\/uploads\/2018\/11\/43462007_300744174099606_1512972206852987954_n-e1542048035419.jpg?fit=608%2C520&amp;ssl=1\" decoding=\"async\" class=\"wp-image-172 aligncenter jetpack-lazy-image\" src=\"https:\/\/i0.wp.com\/elgeneracionalpost.com\/wp-content\/uploads\/2018\/11\/43462007_300744174099606_1512972206852987954_n-e1542048035419.jpg?resize=393%2C336&amp;ssl=1\" alt=\"43462007_300744174099606_1512972206852987954_n\" width=\"393\" height=\"336\" data-recalc-dims=\"1\" data-lazy-src=\"https:\/\/i0.wp.com\/elgeneracionalpost.com\/wp-content\/uploads\/2018\/11\/43462007_300744174099606_1512972206852987954_n-e1542048035419.jpg?resize=393%2C336&amp;is-pending-load=1#038;ssl=1\" srcset=\"data:image\/gif;base64,R0lGODlhAQABAIAAAAAAAP\/\/\/yH5BAEAAAAALAAAAAABAAEAAAIBRAA7\"\/><noscript><img data-lazy-fallback=\"1\" data-attachment-id=\"172\" data-permalink=\"https:\/\/elgeneracionalpost.com\/cultura\/2018\/1113\/167\/daniel-sanchez-las-penas-tambien-terminan-floreciendo.html\/attachment\/43462007_300744174099606_1512972206852987954_n\" data-orig-file=\"https:\/\/i0.wp.com\/elgeneracionalpost.com\/wp-content\/uploads\/2018\/11\/43462007_300744174099606_1512972206852987954_n-e1542048035419.jpg?fit=608%2C520&amp;ssl=1\" data-orig-size=\"608,520\" data-comments-opened=\"1\" data-image-meta=\"{&quot;aperture&quot;:&quot;0&quot;,&quot;credit&quot;:&quot;&quot;,&quot;camera&quot;:&quot;&quot;,&quot;caption&quot;:&quot;&quot;,&quot;created_timestamp&quot;:&quot;0&quot;,&quot;copyright&quot;:&quot;&quot;,&quot;focal_length&quot;:&quot;0&quot;,&quot;iso&quot;:&quot;0&quot;,&quot;shutter_speed&quot;:&quot;0&quot;,&quot;title&quot;:&quot;&quot;,&quot;orientation&quot;:&quot;0&quot;}\" data-image-title=\"43462007_300744174099606_1512972206852987954_n\" data-image-description=\"\" data-image-caption=\"\" data-medium-file=\"https:\/\/i0.wp.com\/elgeneracionalpost.com\/wp-content\/uploads\/2018\/11\/43462007_300744174099606_1512972206852987954_n-e1542048035419.jpg?fit=300%2C257&amp;ssl=1\" data-large-file=\"https:\/\/i0.wp.com\/elgeneracionalpost.com\/wp-content\/uploads\/2018\/11\/43462007_300744174099606_1512972206852987954_n-e1542048035419.jpg?fit=608%2C520&amp;ssl=1\" decoding=\"async\" class=\"wp-image-172 aligncenter\" src=\"https:\/\/i0.wp.com\/elgeneracionalpost.com\/wp-content\/uploads\/2018\/11\/43462007_300744174099606_1512972206852987954_n-e1542048035419.jpg?resize=393%2C336&amp;ssl=1\" alt=\"43462007_300744174099606_1512972206852987954_n\" width=\"393\" height=\"336\" data-recalc-dims=\"1\"\/><\/noscript><\/p>\n<p><strong>Q. <\/strong><strong>Do you see the idea of your poems reflected in the illustration?<\/strong><\/p>\n<p><strong>A. <\/strong>Completely. It&#039;s exactly what I wanted and with the symbols I wanted. He is a naked, vulnerable man in whom spring blooms and covers.<\/p>\n<p><strong>Q. <\/strong><strong>What role does spring play in your life?<\/strong><\/p>\n<p><strong>A. <\/strong>For me, spring in the literary sense is a metaphor for rebirth. In other words, I want to believe, and this is what I have been reflecting on, that sorrows also end up blossoming.<\/p>\n<p><strong>Q. <\/strong><strong>You recently said that this isn&#039;t the only book you&#039;ve written. Why did you decide to publish this one and not another?<\/strong><\/p>\n<p><strong>A. <\/strong>Well, I decided that the first one I wrote wasn&#039;t very well finished and I preferred to keep it to myself. This was the second one I wrote, but the first to be published. There is also a third book that I want to save for later. I decided to post <em>And in January, spring<\/em> because in this collection of poems I have reflected who I am and, as I said, it is also a letter of introduction to the literary world.<\/p>\n<p><strong>Q. <\/strong><strong>For a year you lived in Paris. Is your stay in the French capital reflected in the book?<\/strong><\/p>\n<p><strong>A. <\/strong>In this book my experience in Paris is not reflected because at that time I was writing the first one.<\/p>\n<p><strong>Q. The publisher you published with has only been in business for a short time. What was the process of publishing the book like?<\/strong><\/p>\n<p><strong>A. <\/strong>Well, it&#039;s been very positive. I really liked it because everything I wanted and had in mind was achieved and accomplished. Plus, I loved the end result.<\/p>\n<p><strong>Q. <\/strong><strong>When the first edition arrived at your home, how did you feel?<\/strong><\/p>\n<p><strong>A. <\/strong>When my editor sent me photos of the finished book, I cried. It was inevitable. The book reached a friend before me, so I went out on the street and saw the bag and ran to catch up with her and ask if she had any packages. When I got them I was so excited and couldn&#039;t stop smiling all day. It&#039;s an experience I&#039;ll never forget. Now I just hope it&#039;s one of many.<\/p>\n<p><strong>Q. How did the name \u201cThe Trunk of Lives\u201d come about?<\/strong><\/p>\n<p><strong>A. <\/strong>Well, I always liked trunks and in my house I had several. When I was thinking about the name for my blog, I saw a small chest on my desk and it occurred to me. It&#039;s also a metaphor: my blog is a kind of trunk that contains my experiences, but these experiences are also reflected in the lives of other people, hence the name.<\/p>\n<p><strong>Q. In one of your poems we can read: \u201cLife is what happens while we have desire left.\u201d Have you ever missed the opportunity to make a dream come true out of fear?<\/strong><\/p>\n<p><strong>A. <\/strong>Well, maybe I would have done a lot of things if fear hadn&#039;t stopped me. I would have gone abroad sooner, or more times. I would have started writing as I write now much earlier, I would have confessed things that I have not confessed until now. And I have to say, when the book came out, I was very afraid of rejection and failure. Now I&#039;m very excited. I don&#039;t know what will happen, but the smile that appears on my face when I see the book is priceless.<\/p>\n<div class=\"sharedaddy sd-block sd-like jetpack-likes-widget-wrapper jetpack-likes-widget-unloaded\" id=\"like-post-wrapper-153844979-167-642b894c57228\" data-src=\"https:\/\/widgets.wp.com\/likes\/#blog_id=153844979&amp;post_id=167&amp;origin=elgeneracionalpost.com&amp;obj_id=153844979-167-642b894c57228\" data-name=\"like-post-frame-153844979-167-642b894c57228\" data-title=\"Me gusta o Compartir\">\n<h3 class=\"sd-title\">I like this:<\/h3>\n<p><span class=\"button\"><span>I like<\/span><\/span> <span class=\"loading\">Loading\u2026<\/span><\/p>\n<p><span class=\"sd-text-color\"\/><\/div>\n<p><h3 class=\"jp-relatedposts-headline\"><em>Related<\/em><\/h3>\n<\/p>\n<\/div>\n<p><script async defer src=\"https:\/\/platform.instagram.com\/en_US\/embeds.js\"><\/script><\/p>","protected":false},"excerpt":{"rendered":"<p>And in January, Primavera is the first collection of poems by Daniel, a young man passionate about writing and love\u2026 <\/p>","protected":false},"author":1,"featured_media":1024,"comment_status":"open","ping_status":"open","sticky":false,"template":"","format":"standard","meta":{"fifu_image_url":"https:\/\/elgeneracionalpost.com\/wp-content\/uploads\/2018\/11\/45404530_506604343175754_4213497700853069171_n1.jpg","fifu_image_alt":"","footnotes":""},"categories":[35],"tags":[],"class_list":["post-1023","post","type-post","status-publish","format-standard","has-post-thumbnail","hentry","category-cultura-e-lazer","latest_post"],"yoast_head":"<!-- This site is optimized with the Yoast SEO plugin v27.3 - https:\/\/yoast.com\/product\/yoast-seo-wordpress\/ -->\n<title>Entrevista Daniel S\u00e1nchez - EG. O jornal digital. Not\u00edcias. Presente - Tirinha.com<\/title>\n<meta name=\"robots\" content=\"index, follow, max-snippet:-1, max-image-preview:large, max-video-preview:-1\" \/>\n<link rel=\"canonical\" href=\"https:\/\/tirinha.com\/en\/1023\/entrevista-daniel-sanchez-eg-o-jornal-digital-noticias-presente\/\" \/>\n<meta property=\"og:locale\" content=\"en_US\" \/>\n<meta property=\"og:type\" content=\"article\" \/>\n<meta property=\"og:title\" content=\"Entrevista Daniel S\u00e1nchez - EG. O jornal digital. Not\u00edcias. Presente - Tirinha.com\" \/>\n<meta property=\"og:description\" content=\"E em janeiro, primavera \u00e9 a primeira colet\u00e2nea de poemas de Daniel, um jovem apaixonado pela escrita e pelo amor &hellip;\" \/>\n<meta property=\"og:url\" content=\"https:\/\/tirinha.com\/en\/1023\/entrevista-daniel-sanchez-eg-o-jornal-digital-noticias-presente\/\" \/>\n<meta property=\"og:site_name\" content=\"Tirinha.com\" \/>\n<meta property=\"article:published_time\" content=\"2023-04-04T02:19:57+00:00\" \/>\n<meta property=\"og:image\" content=\"https:\/\/elgeneracionalpost.com\/wp-content\/uploads\/2018\/11\/45404530_506604343175754_4213497700853069171_n1.jpg\" \/>\n<meta name=\"author\" content=\"admin\" \/>\n<meta name=\"twitter:card\" content=\"summary_large_image\" \/>\n<meta name=\"twitter:image\" content=\"https:\/\/elgeneracionalpost.com\/wp-content\/uploads\/2018\/11\/45404530_506604343175754_4213497700853069171_n1.jpg\" \/>\n<meta name=\"twitter:label1\" content=\"Written by\" \/>\n\t<meta name=\"twitter:data1\" content=\"admin\" \/>\n\t<meta name=\"twitter:label2\" content=\"Est. reading time\" \/>\n\t<meta name=\"twitter:data2\" content=\"4 minutes\" \/>\n<script type=\"application\/ld+json\" class=\"yoast-schema-graph\">{\"@context\":\"https:\\\/\\\/schema.org\",\"@graph\":[{\"@type\":\"Article\",\"@id\":\"https:\\\/\\\/tirinha.com\\\/1023\\\/entrevista-daniel-sanchez-eg-o-jornal-digital-noticias-presente\\\/#article\",\"isPartOf\":{\"@id\":\"https:\\\/\\\/tirinha.com\\\/1023\\\/entrevista-daniel-sanchez-eg-o-jornal-digital-noticias-presente\\\/\"},\"author\":{\"name\":\"admin\",\"@id\":\"https:\\\/\\\/tirinha.com\\\/#\\\/schema\\\/person\\\/e22bdfbe17e0461f7e927e6a1208d4d9\"},\"headline\":\"Entrevista Daniel S\u00e1nchez &#8211; EG. O jornal digital. Not\u00edcias. Presente\",\"datePublished\":\"2023-04-04T02:19:57+00:00\",\"mainEntityOfPage\":{\"@id\":\"https:\\\/\\\/tirinha.com\\\/1023\\\/entrevista-daniel-sanchez-eg-o-jornal-digital-noticias-presente\\\/\"},\"wordCount\":784,\"commentCount\":0,\"publisher\":{\"@id\":\"https:\\\/\\\/tirinha.com\\\/#organization\"},\"image\":{\"@id\":\"https:\\\/\\\/tirinha.com\\\/1023\\\/entrevista-daniel-sanchez-eg-o-jornal-digital-noticias-presente\\\/#primaryimage\"},\"thumbnailUrl\":\"https:\\\/\\\/elgeneracionalpost.com\\\/wp-content\\\/uploads\\\/2018\\\/11\\\/45404530_506604343175754_4213497700853069171_n1.jpg\",\"articleSection\":[\"Cultura e lazer\"],\"inLanguage\":\"en-US\",\"potentialAction\":[{\"@type\":\"CommentAction\",\"name\":\"Comment\",\"target\":[\"https:\\\/\\\/tirinha.com\\\/1023\\\/entrevista-daniel-sanchez-eg-o-jornal-digital-noticias-presente\\\/#respond\"]}]},{\"@type\":\"WebPage\",\"@id\":\"https:\\\/\\\/tirinha.com\\\/1023\\\/entrevista-daniel-sanchez-eg-o-jornal-digital-noticias-presente\\\/\",\"url\":\"https:\\\/\\\/tirinha.com\\\/1023\\\/entrevista-daniel-sanchez-eg-o-jornal-digital-noticias-presente\\\/\",\"name\":\"Entrevista Daniel S\u00e1nchez - EG. O jornal digital. Not\u00edcias. Presente - Tirinha.com\",\"isPartOf\":{\"@id\":\"https:\\\/\\\/tirinha.com\\\/#website\"},\"primaryImageOfPage\":{\"@id\":\"https:\\\/\\\/tirinha.com\\\/1023\\\/entrevista-daniel-sanchez-eg-o-jornal-digital-noticias-presente\\\/#primaryimage\"},\"image\":{\"@id\":\"https:\\\/\\\/tirinha.com\\\/1023\\\/entrevista-daniel-sanchez-eg-o-jornal-digital-noticias-presente\\\/#primaryimage\"},\"thumbnailUrl\":\"https:\\\/\\\/elgeneracionalpost.com\\\/wp-content\\\/uploads\\\/2018\\\/11\\\/45404530_506604343175754_4213497700853069171_n1.jpg\",\"datePublished\":\"2023-04-04T02:19:57+00:00\",\"breadcrumb\":{\"@id\":\"https:\\\/\\\/tirinha.com\\\/1023\\\/entrevista-daniel-sanchez-eg-o-jornal-digital-noticias-presente\\\/#breadcrumb\"},\"inLanguage\":\"en-US\",\"potentialAction\":[{\"@type\":\"ReadAction\",\"target\":[\"https:\\\/\\\/tirinha.com\\\/1023\\\/entrevista-daniel-sanchez-eg-o-jornal-digital-noticias-presente\\\/\"]}]},{\"@type\":\"ImageObject\",\"inLanguage\":\"en-US\",\"@id\":\"https:\\\/\\\/tirinha.com\\\/1023\\\/entrevista-daniel-sanchez-eg-o-jornal-digital-noticias-presente\\\/#primaryimage\",\"url\":\"https:\\\/\\\/elgeneracionalpost.com\\\/wp-content\\\/uploads\\\/2018\\\/11\\\/45404530_506604343175754_4213497700853069171_n1.jpg\",\"contentUrl\":\"https:\\\/\\\/elgeneracionalpost.com\\\/wp-content\\\/uploads\\\/2018\\\/11\\\/45404530_506604343175754_4213497700853069171_n1.jpg\"},{\"@type\":\"BreadcrumbList\",\"@id\":\"https:\\\/\\\/tirinha.com\\\/1023\\\/entrevista-daniel-sanchez-eg-o-jornal-digital-noticias-presente\\\/#breadcrumb\",\"itemListElement\":[{\"@type\":\"ListItem\",\"position\":1,\"name\":\"Home\",\"item\":\"https:\\\/\\\/tirinha.com\\\/\"},{\"@type\":\"ListItem\",\"position\":2,\"name\":\"Entrevista Daniel S\u00e1nchez &#8211; EG. O jornal digital. Not\u00edcias. Presente\"}]},{\"@type\":\"WebSite\",\"@id\":\"https:\\\/\\\/tirinha.com\\\/#website\",\"url\":\"https:\\\/\\\/tirinha.com\\\/\",\"name\":\"Tirinha.com\",\"description\":\"Arte e livros resenhas\",\"publisher\":{\"@id\":\"https:\\\/\\\/tirinha.com\\\/#organization\"},\"potentialAction\":[{\"@type\":\"SearchAction\",\"target\":{\"@type\":\"EntryPoint\",\"urlTemplate\":\"https:\\\/\\\/tirinha.com\\\/?s={search_term_string}\"},\"query-input\":{\"@type\":\"PropertyValueSpecification\",\"valueRequired\":true,\"valueName\":\"search_term_string\"}}],\"inLanguage\":\"en-US\"},{\"@type\":\"Organization\",\"@id\":\"https:\\\/\\\/tirinha.com\\\/#organization\",\"name\":\"Tirinha.com\",\"url\":\"https:\\\/\\\/tirinha.com\\\/\",\"logo\":{\"@type\":\"ImageObject\",\"inLanguage\":\"en-US\",\"@id\":\"https:\\\/\\\/tirinha.com\\\/#\\\/schema\\\/logo\\\/image\\\/\",\"url\":\"https:\\\/\\\/tirinha.com\\\/wp-content\\\/uploads\\\/2023\\\/08\\\/cropped-Logo-Tirinha.webp\",\"contentUrl\":\"https:\\\/\\\/tirinha.com\\\/wp-content\\\/uploads\\\/2023\\\/08\\\/cropped-Logo-Tirinha.webp\",\"width\":512,\"height\":512,\"caption\":\"Tirinha.com\"},\"image\":{\"@id\":\"https:\\\/\\\/tirinha.com\\\/#\\\/schema\\\/logo\\\/image\\\/\"}},{\"@type\":\"Person\",\"@id\":\"https:\\\/\\\/tirinha.com\\\/#\\\/schema\\\/person\\\/e22bdfbe17e0461f7e927e6a1208d4d9\",\"name\":\"admin\",\"image\":{\"@type\":\"ImageObject\",\"inLanguage\":\"en-US\",\"@id\":\"https:\\\/\\\/tirinha.com\\\/wp-content\\\/litespeed\\\/avatar\\\/d0068f7931cc87d7274eb0c3db1deb4b.jpg?ver=1776829466\",\"url\":\"https:\\\/\\\/tirinha.com\\\/wp-content\\\/litespeed\\\/avatar\\\/d0068f7931cc87d7274eb0c3db1deb4b.jpg?ver=1776829466\",\"contentUrl\":\"https:\\\/\\\/tirinha.com\\\/wp-content\\\/litespeed\\\/avatar\\\/d0068f7931cc87d7274eb0c3db1deb4b.jpg?ver=1776829466\",\"caption\":\"admin\"},\"sameAs\":[\"https:\\\/\\\/tirinha.com\"],\"url\":\"https:\\\/\\\/tirinha.com\\\/en\\\/author\\\/admin\\\/\"}]}<\/script>\n<!-- \/ Yoast SEO plugin. -->","yoast_head_json":{"title":"Interview with Daniel S\u00e1nchez - EG. The digital newspaper. News. Present - Tirinha.com","robots":{"index":"index","follow":"follow","max-snippet":"max-snippet:-1","max-image-preview":"max-image-preview:large","max-video-preview":"max-video-preview:-1"},"canonical":"https:\/\/tirinha.com\/en\/1023\/entrevista-daniel-sanchez-eg-o-jornal-digital-noticias-presente\/","og_locale":"en_US","og_type":"article","og_title":"Entrevista Daniel S\u00e1nchez - EG. O jornal digital. Not\u00edcias. Presente - Tirinha.com","og_description":"E em janeiro, primavera \u00e9 a primeira colet\u00e2nea de poemas de Daniel, um jovem apaixonado pela escrita e pelo amor &hellip;","og_url":"https:\/\/tirinha.com\/en\/1023\/entrevista-daniel-sanchez-eg-o-jornal-digital-noticias-presente\/","og_site_name":"Tirinha.com","article_published_time":"2023-04-04T02:19:57+00:00","og_image":[{"url":"https:\/\/elgeneracionalpost.com\/wp-content\/uploads\/2018\/11\/45404530_506604343175754_4213497700853069171_n1.jpg","type":"","width":"","height":""}],"author":"admin","twitter_card":"summary_large_image","twitter_image":"https:\/\/elgeneracionalpost.com\/wp-content\/uploads\/2018\/11\/45404530_506604343175754_4213497700853069171_n1.jpg","twitter_misc":{"Written by":"admin","Est. reading time":"4 minutes"},"schema":{"@context":"https:\/\/schema.org","@graph":[{"@type":"Article","@id":"https:\/\/tirinha.com\/1023\/entrevista-daniel-sanchez-eg-o-jornal-digital-noticias-presente\/#article","isPartOf":{"@id":"https:\/\/tirinha.com\/1023\/entrevista-daniel-sanchez-eg-o-jornal-digital-noticias-presente\/"},"author":{"name":"admin","@id":"https:\/\/tirinha.com\/#\/schema\/person\/e22bdfbe17e0461f7e927e6a1208d4d9"},"headline":"Entrevista Daniel S\u00e1nchez &#8211; EG. O jornal digital. Not\u00edcias. Presente","datePublished":"2023-04-04T02:19:57+00:00","mainEntityOfPage":{"@id":"https:\/\/tirinha.com\/1023\/entrevista-daniel-sanchez-eg-o-jornal-digital-noticias-presente\/"},"wordCount":784,"commentCount":0,"publisher":{"@id":"https:\/\/tirinha.com\/#organization"},"image":{"@id":"https:\/\/tirinha.com\/1023\/entrevista-daniel-sanchez-eg-o-jornal-digital-noticias-presente\/#primaryimage"},"thumbnailUrl":"https:\/\/elgeneracionalpost.com\/wp-content\/uploads\/2018\/11\/45404530_506604343175754_4213497700853069171_n1.jpg","articleSection":["Cultura e lazer"],"inLanguage":"en-US","potentialAction":[{"@type":"CommentAction","name":"Comment","target":["https:\/\/tirinha.com\/1023\/entrevista-daniel-sanchez-eg-o-jornal-digital-noticias-presente\/#respond"]}]},{"@type":"WebPage","@id":"https:\/\/tirinha.com\/1023\/entrevista-daniel-sanchez-eg-o-jornal-digital-noticias-presente\/","url":"https:\/\/tirinha.com\/1023\/entrevista-daniel-sanchez-eg-o-jornal-digital-noticias-presente\/","name":"Interview with Daniel S\u00e1nchez - EG. The digital newspaper. News. Present - Tirinha.com","isPartOf":{"@id":"https:\/\/tirinha.com\/#website"},"primaryImageOfPage":{"@id":"https:\/\/tirinha.com\/1023\/entrevista-daniel-sanchez-eg-o-jornal-digital-noticias-presente\/#primaryimage"},"image":{"@id":"https:\/\/tirinha.com\/1023\/entrevista-daniel-sanchez-eg-o-jornal-digital-noticias-presente\/#primaryimage"},"thumbnailUrl":"https:\/\/elgeneracionalpost.com\/wp-content\/uploads\/2018\/11\/45404530_506604343175754_4213497700853069171_n1.jpg","datePublished":"2023-04-04T02:19:57+00:00","breadcrumb":{"@id":"https:\/\/tirinha.com\/1023\/entrevista-daniel-sanchez-eg-o-jornal-digital-noticias-presente\/#breadcrumb"},"inLanguage":"en-US","potentialAction":[{"@type":"ReadAction","target":["https:\/\/tirinha.com\/1023\/entrevista-daniel-sanchez-eg-o-jornal-digital-noticias-presente\/"]}]},{"@type":"ImageObject","inLanguage":"en-US","@id":"https:\/\/tirinha.com\/1023\/entrevista-daniel-sanchez-eg-o-jornal-digital-noticias-presente\/#primaryimage","url":"https:\/\/elgeneracionalpost.com\/wp-content\/uploads\/2018\/11\/45404530_506604343175754_4213497700853069171_n1.jpg","contentUrl":"https:\/\/elgeneracionalpost.com\/wp-content\/uploads\/2018\/11\/45404530_506604343175754_4213497700853069171_n1.jpg"},{"@type":"BreadcrumbList","@id":"https:\/\/tirinha.com\/1023\/entrevista-daniel-sanchez-eg-o-jornal-digital-noticias-presente\/#breadcrumb","itemListElement":[{"@type":"ListItem","position":1,"name":"Home","item":"https:\/\/tirinha.com\/"},{"@type":"ListItem","position":2,"name":"Entrevista Daniel S\u00e1nchez &#8211; EG. O jornal digital. Not\u00edcias. Presente"}]},{"@type":"WebSite","@id":"https:\/\/tirinha.com\/#website","url":"https:\/\/tirinha.com\/","name":"Comics.com","description":"Art and book reviews","publisher":{"@id":"https:\/\/tirinha.com\/#organization"},"potentialAction":[{"@type":"SearchAction","target":{"@type":"EntryPoint","urlTemplate":"https:\/\/tirinha.com\/?s={search_term_string}"},"query-input":{"@type":"PropertyValueSpecification","valueRequired":true,"valueName":"search_term_string"}}],"inLanguage":"en-US"},{"@type":"Organization","@id":"https:\/\/tirinha.com\/#organization","name":"Comics.com","url":"https:\/\/tirinha.com\/","logo":{"@type":"ImageObject","inLanguage":"en-US","@id":"https:\/\/tirinha.com\/#\/schema\/logo\/image\/","url":"https:\/\/tirinha.com\/wp-content\/uploads\/2023\/08\/cropped-Logo-Tirinha.webp","contentUrl":"https:\/\/tirinha.com\/wp-content\/uploads\/2023\/08\/cropped-Logo-Tirinha.webp","width":512,"height":512,"caption":"Tirinha.com"},"image":{"@id":"https:\/\/tirinha.com\/#\/schema\/logo\/image\/"}},{"@type":"Person","@id":"https:\/\/tirinha.com\/#\/schema\/person\/e22bdfbe17e0461f7e927e6a1208d4d9","name":"admin","image":{"@type":"ImageObject","inLanguage":"en-US","@id":"https:\/\/tirinha.com\/wp-content\/litespeed\/avatar\/d0068f7931cc87d7274eb0c3db1deb4b.jpg?ver=1776829466","url":"https:\/\/tirinha.com\/wp-content\/litespeed\/avatar\/d0068f7931cc87d7274eb0c3db1deb4b.jpg?ver=1776829466","contentUrl":"https:\/\/tirinha.com\/wp-content\/litespeed\/avatar\/d0068f7931cc87d7274eb0c3db1deb4b.jpg?ver=1776829466","caption":"admin"},"sameAs":["https:\/\/tirinha.com"],"url":"https:\/\/tirinha.com\/en\/author\/admin\/"}]}},"_links":{"self":[{"href":"https:\/\/tirinha.com\/en\/wp-json\/wp\/v2\/posts\/1023","targetHints":{"allow":["GET"]}}],"collection":[{"href":"https:\/\/tirinha.com\/en\/wp-json\/wp\/v2\/posts"}],"about":[{"href":"https:\/\/tirinha.com\/en\/wp-json\/wp\/v2\/types\/post"}],"author":[{"embeddable":true,"href":"https:\/\/tirinha.com\/en\/wp-json\/wp\/v2\/users\/1"}],"replies":[{"embeddable":true,"href":"https:\/\/tirinha.com\/en\/wp-json\/wp\/v2\/comments?post=1023"}],"version-history":[{"count":0,"href":"https:\/\/tirinha.com\/en\/wp-json\/wp\/v2\/posts\/1023\/revisions"}],"wp:featuredmedia":[{"embeddable":true,"href":"https:\/\/tirinha.com\/en\/wp-json\/wp\/v2\/media\/1024"}],"wp:attachment":[{"href":"https:\/\/tirinha.com\/en\/wp-json\/wp\/v2\/media?parent=1023"}],"wp:term":[{"taxonomy":"category","embeddable":true,"href":"https:\/\/tirinha.com\/en\/wp-json\/wp\/v2\/categories?post=1023"},{"taxonomy":"post_tag","embeddable":true,"href":"https:\/\/tirinha.com\/en\/wp-json\/wp\/v2\/tags?post=1023"}],"curies":[{"name":"wp","href":"https:\/\/api.w.org\/{rel}","templated":true}]}}