{"id":962,"date":"2023-04-03T22:50:03","date_gmt":"2023-04-03T22:50:03","guid":{"rendered":"https:\/\/tirinha.com\/compositor-japones-ryuichi-sakamoto-morre-aos-71-anos\/"},"modified":"2023-04-03T22:50:03","modified_gmt":"2023-04-03T22:50:03","slug":"der-japanische-komponist-ryuichi-sakamoto-stirbt-im-alter-von-71-jahren","status":"publish","type":"post","link":"https:\/\/tirinha.com\/de\/962\/compositor-japones-ryuichi-sakamoto-morre-aos-71-anos\/","title":{"rendered":"Der japanische Komponist Ryuichi Sakamoto ist im Alter von 71 Jahren gestorben"},"content":{"rendered":"<p><\/p>\n<p>        Japanischer Komponist <strong>Ryuchi Sakamoto<\/strong>, <strong>einer der gro\u00dfen Musikvision\u00e4re der letzten Jahrzehnte<\/strong>, Experimentator verschiedener Stilrichtungen und Autor unvergesslicher Soundtracks, sei am 28. M\u00e4rz im Alter von 71 Jahren verstorben, gaben seine Vertreter diesen Sonntag bekannt. Der Tod des K\u00fcnstlers war leider eine erwartete Nachricht. Er selbst hatte k\u00fcrzlich gesagt, dass er in einem sehr fortgeschrittenen Stadium an Darmkrebs leide, der nur zum Tod f\u00fchren k\u00f6nne, und widmete sein Leben diesem Prozess. <strong>letzte Plattenarbeit, <\/strong><em><strong>12<\/strong><\/em><strong>,<\/strong> Das vor einigen Monaten ver\u00f6ffentlichte Werk ist eine Art musikalisches Tagebuch dieser letzten Phase seines Lebens, in dem er seine unterschiedlichen Geisteszust\u00e4nde festh\u00e4lt.\n<\/p>\n<div>\n<p class=\"article-body__text\">\n<p>        \u201eW\u00e4hrend der Behandlung einer im Juni 2020 entdeckten Krebserkrankung<strong> <\/strong>Sakamoto schuf weiterhin Arbeitspl\u00e4tze, wann immer es seine Gesundheit erlaubte. <strong>Er lebte bis zuletzt mit der Musik<\/strong>\u201c, betonte seine Agentur, <strong>gemeinsam<\/strong>in der Erkl\u00e4rung, mit der er seinen Tod auf Twitter \u00f6ffentlich machte.\n<\/p>\n<div class=\"article-body__embed\">\n<blockquote class=\"twitter-tweet\" data-lang=\"es\">\n<p lang=\"zxx\" dir=\"ltr\"><a href=\"https:\/\/t.co\/Fq0hRyp5F4\">pic.twitter.com\/Fq0hRyp5F4<\/a><\/p>\n<p>\u2013 Commons (@commons) <a href=\"https:\/\/twitter.com\/commmons\/status\/1642507718832586754?ref_src=twsrc%5Etfw\">2. April 2023<\/a><\/p><\/blockquote>\n<\/div>\n<p class=\"article-body__text\">\n<p>        gebildet als <strong>Pianist, der mit einem Fu\u00df in der japanischen Tradition und mit dem anderen in der klassischen Musik steht<\/strong>mit <strong>Debussy <\/strong>Und <strong>Ravel <\/strong>Als Hauptreferenzen war Sakamoto einer der Gr\u00fcnder der <strong>Yellow Magic Orchestra<\/strong>, eine Formation, die dem Pop neue Wege er\u00f6ffnete und der Ursprung mehrerer Stilrichtungen elektronischer Musik ist. 1978 ver\u00f6ffentlichte er sein erstes Soloalbum, <em>Tausend Messer von Ryuchi Sakamoto<\/em>wo er sich in die traditionelle Musik seines Landes vertiefte und weiterhin mit Elektronik experimentierte, w\u00e4hrend er gleichzeitig die T\u00fcren zu dem \u00f6ffnete, was werden w\u00fcrde <strong>Der Stil, f\u00fcr den er am meisten bekannt wurde, war der Minimalismus<\/strong> die sich sp\u00e4ter zu endlosen Kompositionen mit neoklassischem Flair und auch zu den Soundtracks entfaltete, die ihn schlie\u00dflich zu einem weltber\u00fchmten Komponisten machen w\u00fcrden. Das erste war <em>Frohe Weihnachten, Herr Lawrence<\/em> (1983), ein Film seines Landsmanns Nagisha Oshima, und weitere folgten wie z <em>Der letzte Kaiser<\/em> (1987), das er in Zusammenarbeit mit machte <strong>David Byrne<\/strong> und was w\u00e4re es wert <strong>ein Oscar<\/strong>, <em>der sch\u00fctzende Himmel <\/em>(1990) bzw <em>der Geist<\/em> (2015). Zu <strong>Pedro Almod\u00f3var<\/strong> schrieb die Partitur f\u00fcr <em>Schuhe mit hohen Abs\u00e4tzen<\/em> (1991), obwohl keiner von beiden mit ihrer Arbeit zufrieden war.\n<\/p>\n<p>\n    <iframe title=\"Ryuichi Sakamoto \u2013 Der sch\u00fctzende Himmel\" width=\"790\" height=\"444\" src=\"https:\/\/www.youtube.com\/embed\/xLRpPISVgoA?feature=oembed\" frameborder=\"0\" allow=\"accelerometer; autoplay; clipboard-write; encrypted-media; gyroscope; picture-in-picture; web-share\" allowfullscreen><\/iframe>\n<\/p>\n<p class=\"article-body__text\">\n<p>        1992 komponierte Sakamoto ein St\u00fcck: <em>das Mittelmeer<\/em>f\u00fcr die<strong> Er\u00f6ffnung der Olympischen Spiele in Barcelona<\/strong>. Seit seinem Universit\u00e4tsstudium verf\u00fcgte der Japaner \u00fcber tiefe Kenntnisse nicht nur der japanischen Musiktradition, sondern auch verschiedener Weltmusik, wobei er einige Jahre lang der Brasilianerin sehr nahe stand. Er arbeitete mit Musikern unterschiedlicher Stilrichtungen und Herkunft zusammen, wie z <strong>Caetano Veloso<\/strong>, <strong>Iggy Pop<\/strong>, <strong>Youssou N&#039;Dour<\/strong> beliebig <strong>Bill Laswell.<\/strong> Mit einem weiteren gro\u00dfen musikalischen Innovator, <strong>David Bowie<\/strong>fiel mit den Dreharbeiten zu zusammen<em> Frohe Weihnachten, Sir Lauren\u00e7o<\/em>, einer der Filme, in denen Sakamoto auch als Schauspieler auftrat. Jahre sp\u00e4ter w\u00fcrde er es bereuen, nicht mehr Freundschaft mit ihm aufgebaut zu haben. Er machte auch Musik aus verschiedenen Bereichen <strong>Videospiel<\/strong>und war als K\u00fcnstler t\u00e4tig <strong>Anti-Atom-Aktivismus <\/strong>und gegen Gesetze, die das Urheberrecht verteidigen.\n<\/p>\n<p class=\"article-body__text\">\n<p>        Sakamoto hatte bereits vor einigen Jahren gelitten <strong>anderer Krebs, in diesem Fall des Kehlkopfes<\/strong>von dem er sich erholte und von dem er in einer Dokumentation \u00fcber seine Karriere berichtete, <em>Koda<\/em>, das auf Filmin zu sehen ist. Als K\u00fcnstler mit einem zur\u00fcckhaltenden und \u00e4u\u00dferst perfektionistischen Charakter wurde vor einigen Jahren die Anekdote ber\u00fchmt, die er, angewidert von der Hintergrundmusik in seinem japanischen Lieblingsrestaurant in New York, in dem er lebte, anbot <strong>Erstellen Sie eine Playlist, die mit Ihrem kulinarischen Angebot harmoniert. <\/strong>Der exquisite Autor von Soundtracks, der K\u00fcnstler, der die Musik in eine bestimmte Konzeption der Moderne einordnete, immer auf halbem Weg zwischen Tradition und Avantgarde, konnte dies auch in den profansten R\u00e4umen, die er besuchte, nicht verfehlen.\n<\/p>\n<\/p><\/div>\n<p><script async src=\"\/\/platform.twitter.com\/widgets.js\" charset=\"utf-8\"><\/script><\/p>","protected":false},"excerpt":{"rendered":"<p>Der japanische Komponist Ryuchi Sakamoto, einer der gro\u00dfen Musikvision\u00e4re der letzten Jahrzehnte, Experimentator verschiedener Stilrichtungen und Autor von\u2026 <\/p>","protected":false},"author":1,"featured_media":964,"comment_status":"open","ping_status":"open","sticky":false,"template":"","format":"standard","meta":{"fifu_image_url":"https:\/\/estaticos-cdn.prensaiberica.es\/clip\/3c50a511-c131-4647-8309-55eaecce0925_16-9-aspect-ratio_default_0.jpg","fifu_image_alt":"","footnotes":""},"categories":[35],"tags":[],"class_list":["post-962","post","type-post","status-publish","format-standard","has-post-thumbnail","hentry","category-cultura-e-lazer","latest_post"],"yoast_head":"<!-- This site is optimized with the Yoast SEO plugin v27.3 - https:\/\/yoast.com\/product\/yoast-seo-wordpress\/ -->\n<title>Compositor japon\u00eas Ryuichi Sakamoto morre aos 71 anos - Tirinha.com<\/title>\n<meta name=\"robots\" content=\"index, follow, max-snippet:-1, max-image-preview:large, max-video-preview:-1\" \/>\n<link rel=\"canonical\" href=\"https:\/\/tirinha.com\/de\/962\/der-japanische-komponist-ryuichi-sakamoto-stirbt-im-alter-von-71-jahren\/\" \/>\n<meta property=\"og:locale\" content=\"de_DE\" \/>\n<meta property=\"og:type\" content=\"article\" \/>\n<meta property=\"og:title\" content=\"Compositor japon\u00eas Ryuichi Sakamoto morre aos 71 anos - Tirinha.com\" \/>\n<meta property=\"og:description\" content=\"compositor japon\u00eas ryuchi sakamoto, um dos grandes vision\u00e1rios da m\u00fasica das \u00faltimas d\u00e9cadas, experimentador de v\u00e1rios estilos e autor de &hellip;\" \/>\n<meta property=\"og:url\" content=\"https:\/\/tirinha.com\/de\/962\/der-japanische-komponist-ryuichi-sakamoto-stirbt-im-alter-von-71-jahren\/\" \/>\n<meta property=\"og:site_name\" content=\"Tirinha.com\" \/>\n<meta property=\"article:published_time\" content=\"2023-04-03T22:50:03+00:00\" \/>\n<meta property=\"og:image\" content=\"https:\/\/estaticos-cdn.prensaiberica.es\/clip\/3c50a511-c131-4647-8309-55eaecce0925_16-9-aspect-ratio_default_0.jpg\" \/>\n<meta name=\"author\" content=\"admin\" \/>\n<meta name=\"twitter:card\" content=\"summary_large_image\" \/>\n<meta name=\"twitter:image\" content=\"https:\/\/estaticos-cdn.prensaiberica.es\/clip\/3c50a511-c131-4647-8309-55eaecce0925_16-9-aspect-ratio_default_0.jpg\" \/>\n<meta name=\"twitter:label1\" content=\"Verfasst von\" \/>\n\t<meta name=\"twitter:data1\" content=\"admin\" \/>\n\t<meta name=\"twitter:label2\" content=\"Gesch\u00e4tzte Lesezeit\" \/>\n\t<meta name=\"twitter:data2\" content=\"3\u00a0Minuten\" \/>\n<script type=\"application\/ld+json\" class=\"yoast-schema-graph\">{\"@context\":\"https:\\\/\\\/schema.org\",\"@graph\":[{\"@type\":\"Article\",\"@id\":\"https:\\\/\\\/tirinha.com\\\/962\\\/compositor-japones-ryuichi-sakamoto-morre-aos-71-anos\\\/#article\",\"isPartOf\":{\"@id\":\"https:\\\/\\\/tirinha.com\\\/962\\\/compositor-japones-ryuichi-sakamoto-morre-aos-71-anos\\\/\"},\"author\":{\"name\":\"admin\",\"@id\":\"https:\\\/\\\/tirinha.com\\\/#\\\/schema\\\/person\\\/e22bdfbe17e0461f7e927e6a1208d4d9\"},\"headline\":\"Compositor japon\u00eas Ryuichi Sakamoto morre aos 71 anos\",\"datePublished\":\"2023-04-03T22:50:03+00:00\",\"mainEntityOfPage\":{\"@id\":\"https:\\\/\\\/tirinha.com\\\/962\\\/compositor-japones-ryuichi-sakamoto-morre-aos-71-anos\\\/\"},\"wordCount\":666,\"commentCount\":0,\"publisher\":{\"@id\":\"https:\\\/\\\/tirinha.com\\\/#organization\"},\"image\":{\"@id\":\"https:\\\/\\\/tirinha.com\\\/962\\\/compositor-japones-ryuichi-sakamoto-morre-aos-71-anos\\\/#primaryimage\"},\"thumbnailUrl\":\"https:\\\/\\\/estaticos-cdn.prensaiberica.es\\\/clip\\\/3c50a511-c131-4647-8309-55eaecce0925_16-9-aspect-ratio_default_0.jpg\",\"articleSection\":[\"Cultura e lazer\"],\"inLanguage\":\"de\",\"potentialAction\":[{\"@type\":\"CommentAction\",\"name\":\"Comment\",\"target\":[\"https:\\\/\\\/tirinha.com\\\/962\\\/compositor-japones-ryuichi-sakamoto-morre-aos-71-anos\\\/#respond\"]}]},{\"@type\":\"WebPage\",\"@id\":\"https:\\\/\\\/tirinha.com\\\/962\\\/compositor-japones-ryuichi-sakamoto-morre-aos-71-anos\\\/\",\"url\":\"https:\\\/\\\/tirinha.com\\\/962\\\/compositor-japones-ryuichi-sakamoto-morre-aos-71-anos\\\/\",\"name\":\"Compositor japon\u00eas Ryuichi Sakamoto morre aos 71 anos - Tirinha.com\",\"isPartOf\":{\"@id\":\"https:\\\/\\\/tirinha.com\\\/#website\"},\"primaryImageOfPage\":{\"@id\":\"https:\\\/\\\/tirinha.com\\\/962\\\/compositor-japones-ryuichi-sakamoto-morre-aos-71-anos\\\/#primaryimage\"},\"image\":{\"@id\":\"https:\\\/\\\/tirinha.com\\\/962\\\/compositor-japones-ryuichi-sakamoto-morre-aos-71-anos\\\/#primaryimage\"},\"thumbnailUrl\":\"https:\\\/\\\/estaticos-cdn.prensaiberica.es\\\/clip\\\/3c50a511-c131-4647-8309-55eaecce0925_16-9-aspect-ratio_default_0.jpg\",\"datePublished\":\"2023-04-03T22:50:03+00:00\",\"breadcrumb\":{\"@id\":\"https:\\\/\\\/tirinha.com\\\/962\\\/compositor-japones-ryuichi-sakamoto-morre-aos-71-anos\\\/#breadcrumb\"},\"inLanguage\":\"de\",\"potentialAction\":[{\"@type\":\"ReadAction\",\"target\":[\"https:\\\/\\\/tirinha.com\\\/962\\\/compositor-japones-ryuichi-sakamoto-morre-aos-71-anos\\\/\"]}]},{\"@type\":\"ImageObject\",\"inLanguage\":\"de\",\"@id\":\"https:\\\/\\\/tirinha.com\\\/962\\\/compositor-japones-ryuichi-sakamoto-morre-aos-71-anos\\\/#primaryimage\",\"url\":\"https:\\\/\\\/estaticos-cdn.prensaiberica.es\\\/clip\\\/3c50a511-c131-4647-8309-55eaecce0925_16-9-aspect-ratio_default_0.jpg\",\"contentUrl\":\"https:\\\/\\\/estaticos-cdn.prensaiberica.es\\\/clip\\\/3c50a511-c131-4647-8309-55eaecce0925_16-9-aspect-ratio_default_0.jpg\"},{\"@type\":\"BreadcrumbList\",\"@id\":\"https:\\\/\\\/tirinha.com\\\/962\\\/compositor-japones-ryuichi-sakamoto-morre-aos-71-anos\\\/#breadcrumb\",\"itemListElement\":[{\"@type\":\"ListItem\",\"position\":1,\"name\":\"Home\",\"item\":\"https:\\\/\\\/tirinha.com\\\/\"},{\"@type\":\"ListItem\",\"position\":2,\"name\":\"Compositor japon\u00eas Ryuichi Sakamoto morre aos 71 anos\"}]},{\"@type\":\"WebSite\",\"@id\":\"https:\\\/\\\/tirinha.com\\\/#website\",\"url\":\"https:\\\/\\\/tirinha.com\\\/\",\"name\":\"Tirinha.com\",\"description\":\"Arte e livros resenhas\",\"publisher\":{\"@id\":\"https:\\\/\\\/tirinha.com\\\/#organization\"},\"potentialAction\":[{\"@type\":\"SearchAction\",\"target\":{\"@type\":\"EntryPoint\",\"urlTemplate\":\"https:\\\/\\\/tirinha.com\\\/?s={search_term_string}\"},\"query-input\":{\"@type\":\"PropertyValueSpecification\",\"valueRequired\":true,\"valueName\":\"search_term_string\"}}],\"inLanguage\":\"de\"},{\"@type\":\"Organization\",\"@id\":\"https:\\\/\\\/tirinha.com\\\/#organization\",\"name\":\"Tirinha.com\",\"url\":\"https:\\\/\\\/tirinha.com\\\/\",\"logo\":{\"@type\":\"ImageObject\",\"inLanguage\":\"de\",\"@id\":\"https:\\\/\\\/tirinha.com\\\/#\\\/schema\\\/logo\\\/image\\\/\",\"url\":\"https:\\\/\\\/tirinha.com\\\/wp-content\\\/uploads\\\/2023\\\/08\\\/cropped-Logo-Tirinha.webp\",\"contentUrl\":\"https:\\\/\\\/tirinha.com\\\/wp-content\\\/uploads\\\/2023\\\/08\\\/cropped-Logo-Tirinha.webp\",\"width\":512,\"height\":512,\"caption\":\"Tirinha.com\"},\"image\":{\"@id\":\"https:\\\/\\\/tirinha.com\\\/#\\\/schema\\\/logo\\\/image\\\/\"}},{\"@type\":\"Person\",\"@id\":\"https:\\\/\\\/tirinha.com\\\/#\\\/schema\\\/person\\\/e22bdfbe17e0461f7e927e6a1208d4d9\",\"name\":\"admin\",\"image\":{\"@type\":\"ImageObject\",\"inLanguage\":\"de\",\"@id\":\"https:\\\/\\\/tirinha.com\\\/wp-content\\\/litespeed\\\/avatar\\\/d0068f7931cc87d7274eb0c3db1deb4b.jpg?ver=1777434315\",\"url\":\"https:\\\/\\\/tirinha.com\\\/wp-content\\\/litespeed\\\/avatar\\\/d0068f7931cc87d7274eb0c3db1deb4b.jpg?ver=1777434315\",\"contentUrl\":\"https:\\\/\\\/tirinha.com\\\/wp-content\\\/litespeed\\\/avatar\\\/d0068f7931cc87d7274eb0c3db1deb4b.jpg?ver=1777434315\",\"caption\":\"admin\"},\"sameAs\":[\"https:\\\/\\\/tirinha.com\"],\"url\":\"https:\\\/\\\/tirinha.com\\\/de\\\/author\\\/admin\\\/\"}]}<\/script>\n<!-- \/ Yoast SEO plugin. -->","yoast_head_json":{"title":"Der japanische Komponist Ryuichi Sakamoto ist im Alter von 71 Jahren gestorben - Tirinha.com","robots":{"index":"index","follow":"follow","max-snippet":"max-snippet:-1","max-image-preview":"max-image-preview:large","max-video-preview":"max-video-preview:-1"},"canonical":"https:\/\/tirinha.com\/de\/962\/der-japanische-komponist-ryuichi-sakamoto-stirbt-im-alter-von-71-jahren\/","og_locale":"de_DE","og_type":"article","og_title":"Compositor japon\u00eas Ryuichi Sakamoto morre aos 71 anos - Tirinha.com","og_description":"compositor japon\u00eas ryuchi sakamoto, um dos grandes vision\u00e1rios da m\u00fasica das \u00faltimas d\u00e9cadas, experimentador de v\u00e1rios estilos e autor de &hellip;","og_url":"https:\/\/tirinha.com\/de\/962\/der-japanische-komponist-ryuichi-sakamoto-stirbt-im-alter-von-71-jahren\/","og_site_name":"Tirinha.com","article_published_time":"2023-04-03T22:50:03+00:00","og_image":[{"url":"https:\/\/estaticos-cdn.prensaiberica.es\/clip\/3c50a511-c131-4647-8309-55eaecce0925_16-9-aspect-ratio_default_0.jpg","type":"","width":"","height":""}],"author":"admin","twitter_card":"summary_large_image","twitter_image":"https:\/\/estaticos-cdn.prensaiberica.es\/clip\/3c50a511-c131-4647-8309-55eaecce0925_16-9-aspect-ratio_default_0.jpg","twitter_misc":{"Verfasst von":"admin","Gesch\u00e4tzte Lesezeit":"3\u00a0Minuten"},"schema":{"@context":"https:\/\/schema.org","@graph":[{"@type":"Article","@id":"https:\/\/tirinha.com\/962\/compositor-japones-ryuichi-sakamoto-morre-aos-71-anos\/#article","isPartOf":{"@id":"https:\/\/tirinha.com\/962\/compositor-japones-ryuichi-sakamoto-morre-aos-71-anos\/"},"author":{"name":"admin","@id":"https:\/\/tirinha.com\/#\/schema\/person\/e22bdfbe17e0461f7e927e6a1208d4d9"},"headline":"Compositor japon\u00eas Ryuichi Sakamoto morre aos 71 anos","datePublished":"2023-04-03T22:50:03+00:00","mainEntityOfPage":{"@id":"https:\/\/tirinha.com\/962\/compositor-japones-ryuichi-sakamoto-morre-aos-71-anos\/"},"wordCount":666,"commentCount":0,"publisher":{"@id":"https:\/\/tirinha.com\/#organization"},"image":{"@id":"https:\/\/tirinha.com\/962\/compositor-japones-ryuichi-sakamoto-morre-aos-71-anos\/#primaryimage"},"thumbnailUrl":"https:\/\/estaticos-cdn.prensaiberica.es\/clip\/3c50a511-c131-4647-8309-55eaecce0925_16-9-aspect-ratio_default_0.jpg","articleSection":["Cultura e lazer"],"inLanguage":"de","potentialAction":[{"@type":"CommentAction","name":"Comment","target":["https:\/\/tirinha.com\/962\/compositor-japones-ryuichi-sakamoto-morre-aos-71-anos\/#respond"]}]},{"@type":"WebPage","@id":"https:\/\/tirinha.com\/962\/compositor-japones-ryuichi-sakamoto-morre-aos-71-anos\/","url":"https:\/\/tirinha.com\/962\/compositor-japones-ryuichi-sakamoto-morre-aos-71-anos\/","name":"Der japanische Komponist Ryuichi Sakamoto ist im Alter von 71 Jahren gestorben - Tirinha.com","isPartOf":{"@id":"https:\/\/tirinha.com\/#website"},"primaryImageOfPage":{"@id":"https:\/\/tirinha.com\/962\/compositor-japones-ryuichi-sakamoto-morre-aos-71-anos\/#primaryimage"},"image":{"@id":"https:\/\/tirinha.com\/962\/compositor-japones-ryuichi-sakamoto-morre-aos-71-anos\/#primaryimage"},"thumbnailUrl":"https:\/\/estaticos-cdn.prensaiberica.es\/clip\/3c50a511-c131-4647-8309-55eaecce0925_16-9-aspect-ratio_default_0.jpg","datePublished":"2023-04-03T22:50:03+00:00","breadcrumb":{"@id":"https:\/\/tirinha.com\/962\/compositor-japones-ryuichi-sakamoto-morre-aos-71-anos\/#breadcrumb"},"inLanguage":"de","potentialAction":[{"@type":"ReadAction","target":["https:\/\/tirinha.com\/962\/compositor-japones-ryuichi-sakamoto-morre-aos-71-anos\/"]}]},{"@type":"ImageObject","inLanguage":"de","@id":"https:\/\/tirinha.com\/962\/compositor-japones-ryuichi-sakamoto-morre-aos-71-anos\/#primaryimage","url":"https:\/\/estaticos-cdn.prensaiberica.es\/clip\/3c50a511-c131-4647-8309-55eaecce0925_16-9-aspect-ratio_default_0.jpg","contentUrl":"https:\/\/estaticos-cdn.prensaiberica.es\/clip\/3c50a511-c131-4647-8309-55eaecce0925_16-9-aspect-ratio_default_0.jpg"},{"@type":"BreadcrumbList","@id":"https:\/\/tirinha.com\/962\/compositor-japones-ryuichi-sakamoto-morre-aos-71-anos\/#breadcrumb","itemListElement":[{"@type":"ListItem","position":1,"name":"Home","item":"https:\/\/tirinha.com\/"},{"@type":"ListItem","position":2,"name":"Compositor japon\u00eas Ryuichi Sakamoto morre aos 71 anos"}]},{"@type":"WebSite","@id":"https:\/\/tirinha.com\/#website","url":"https:\/\/tirinha.com\/","name":"Tirinha.com","description":"Kunst- und Buchrezensionen","publisher":{"@id":"https:\/\/tirinha.com\/#organization"},"potentialAction":[{"@type":"SearchAction","target":{"@type":"EntryPoint","urlTemplate":"https:\/\/tirinha.com\/?s={search_term_string}"},"query-input":{"@type":"PropertyValueSpecification","valueRequired":true,"valueName":"search_term_string"}}],"inLanguage":"de"},{"@type":"Organization","@id":"https:\/\/tirinha.com\/#organization","name":"Tirinha.com","url":"https:\/\/tirinha.com\/","logo":{"@type":"ImageObject","inLanguage":"de","@id":"https:\/\/tirinha.com\/#\/schema\/logo\/image\/","url":"https:\/\/tirinha.com\/wp-content\/uploads\/2023\/08\/cropped-Logo-Tirinha.webp","contentUrl":"https:\/\/tirinha.com\/wp-content\/uploads\/2023\/08\/cropped-Logo-Tirinha.webp","width":512,"height":512,"caption":"Tirinha.com"},"image":{"@id":"https:\/\/tirinha.com\/#\/schema\/logo\/image\/"}},{"@type":"Person","@id":"https:\/\/tirinha.com\/#\/schema\/person\/e22bdfbe17e0461f7e927e6a1208d4d9","name":"Administrator","image":{"@type":"ImageObject","inLanguage":"de","@id":"https:\/\/tirinha.com\/wp-content\/litespeed\/avatar\/d0068f7931cc87d7274eb0c3db1deb4b.jpg?ver=1777434315","url":"https:\/\/tirinha.com\/wp-content\/litespeed\/avatar\/d0068f7931cc87d7274eb0c3db1deb4b.jpg?ver=1777434315","contentUrl":"https:\/\/tirinha.com\/wp-content\/litespeed\/avatar\/d0068f7931cc87d7274eb0c3db1deb4b.jpg?ver=1777434315","caption":"admin"},"sameAs":["https:\/\/tirinha.com"],"url":"https:\/\/tirinha.com\/de\/author\/admin\/"}]}},"_links":{"self":[{"href":"https:\/\/tirinha.com\/de\/wp-json\/wp\/v2\/posts\/962","targetHints":{"allow":["GET"]}}],"collection":[{"href":"https:\/\/tirinha.com\/de\/wp-json\/wp\/v2\/posts"}],"about":[{"href":"https:\/\/tirinha.com\/de\/wp-json\/wp\/v2\/types\/post"}],"author":[{"embeddable":true,"href":"https:\/\/tirinha.com\/de\/wp-json\/wp\/v2\/users\/1"}],"replies":[{"embeddable":true,"href":"https:\/\/tirinha.com\/de\/wp-json\/wp\/v2\/comments?post=962"}],"version-history":[{"count":0,"href":"https:\/\/tirinha.com\/de\/wp-json\/wp\/v2\/posts\/962\/revisions"}],"wp:featuredmedia":[{"embeddable":true,"href":"https:\/\/tirinha.com\/de\/wp-json\/wp\/v2\/media\/964"}],"wp:attachment":[{"href":"https:\/\/tirinha.com\/de\/wp-json\/wp\/v2\/media?parent=962"}],"wp:term":[{"taxonomy":"category","embeddable":true,"href":"https:\/\/tirinha.com\/de\/wp-json\/wp\/v2\/categories?post=962"},{"taxonomy":"post_tag","embeddable":true,"href":"https:\/\/tirinha.com\/de\/wp-json\/wp\/v2\/tags?post=962"}],"curies":[{"name":"wp","href":"https:\/\/api.w.org\/{rel}","templated":true}]}}