{"id":947,"date":"2023-04-03T21:16:22","date_gmt":"2023-04-03T21:16:22","guid":{"rendered":"https:\/\/tirinha.com\/getafe_-amarelinha-fecha-o-preludio-do-getafe-negro\/"},"modified":"2023-04-03T21:16:22","modified_gmt":"2023-04-03T21:16:22","slug":"getafe_-amarelinha-schliest-das-vorspiel-zu-getafe-negro-ab","status":"publish","type":"post","link":"https:\/\/tirinha.com\/de\/947\/getafe_-amarelinha-fecha-o-preludio-do-getafe-negro\/","title":{"rendered":"GETAFE_ Hopscotch schlie\u00dft das Vorspiel zu Getafe Negro ab"},"content":{"rendered":"<p><\/p>\n<div id=\"post-272\">\n<div class=\"entry-content\">\n<p><strong>GETAFE\/8. OKTOBER 13\/CULTURA_<\/strong>  Black Jazz ist der Auftakt zu Getafe und dieses Jahr schl\u00e4gt er hart zu. Die Konzerte am 4. und 5. Oktober mit Rachelle Bentley und Ver\u00f3nica Ferreiro (Samstag, 5. Oktober) sowie das wundervolle Konzert von Javier Elorrieta am 6. Oktober verzauberten das Publikum, das nur die musikalische Inszenierung von Amarelinha genie\u00dfen musste , der Roman von Julio Cort\u00e1zar, der am Freitag, 11. Oktober, im Teatro Garc\u00eda Lorca stattfinden wird.<\/p>\n<p>Die musikalische Montage in <em>Hopse<\/em>von Julio Cort\u00e1zar, Teil eines musikalischen Vorschlags, der sowohl die Melodien von El Club de la Serpiente als auch die haupts\u00e4chlich franz\u00f6sische Musik umfasst, die der Autor beim Schreiben seines Werkes h\u00f6rte <em>Hopse<\/em> zwischen 1953 und 1963, Datum seiner Ver\u00f6ffentlichung<\/p>\n<aside class=\"scaip scaip-1\">\n\t\t<\/aside>\n<p><h3 class=\"jp-relatedposts-headline\"><em>Verwandt<\/em><\/h3>\n<\/p><\/div>\n<p><!-- .entry-content --><\/p>\n<p>\t<!-- .entry-footer --><\/p>\n<\/div>","protected":false},"excerpt":{"rendered":"<p>GETAFE\/8 OKT 13\/CULTURA_ Black Jazz ist der Auftakt zu Getafe und dieses Jahr schl\u00e4gt er hart zu. Die Konzerte von\u2026 <\/p>","protected":false},"author":1,"featured_media":948,"comment_status":"open","ping_status":"open","sticky":false,"template":"","format":"standard","meta":{"fifu_image_url":"https:\/\/i0.wp.com\/noticiasparamunicipios.com\/wp-content\/uploads\/2021\/06\/Logo-para-Yoast-1.png?fit=800,298&ssl=1","fifu_image_alt":"","footnotes":""},"categories":[35],"tags":[],"class_list":["post-947","post","type-post","status-publish","format-standard","has-post-thumbnail","hentry","category-cultura-e-lazer","latest_post"],"yoast_head":"<!-- This site is optimized with the Yoast SEO plugin v27.3 - https:\/\/yoast.com\/product\/yoast-seo-wordpress\/ -->\n<title>GETAFE_ Amarelinha fecha o prel\u00fadio do Getafe Negro - Tirinha.com<\/title>\n<meta name=\"robots\" content=\"index, follow, max-snippet:-1, max-image-preview:large, max-video-preview:-1\" \/>\n<link rel=\"canonical\" href=\"https:\/\/tirinha.com\/de\/947\/getafe_-amarelinha-schliest-das-vorspiel-zu-getafe-negro-ab\/\" \/>\n<meta property=\"og:locale\" content=\"de_DE\" \/>\n<meta property=\"og:type\" content=\"article\" \/>\n<meta property=\"og:title\" content=\"GETAFE_ Amarelinha fecha o prel\u00fadio do Getafe Negro - Tirinha.com\" \/>\n<meta property=\"og:description\" content=\"GETAFE\/8 OUT 13\/CULTURA_ O Black Jazz \u00e9 o prel\u00fadio do Getafe e este ano est\u00e1 batendo forte. Os concertos dos &hellip;\" \/>\n<meta property=\"og:url\" content=\"https:\/\/tirinha.com\/de\/947\/getafe_-amarelinha-schliest-das-vorspiel-zu-getafe-negro-ab\/\" \/>\n<meta property=\"og:site_name\" content=\"Tirinha.com\" \/>\n<meta property=\"article:published_time\" content=\"2023-04-03T21:16:22+00:00\" \/>\n<meta property=\"og:image\" content=\"https:\/\/i0.wp.com\/noticiasparamunicipios.com\/wp-content\/uploads\/2021\/06\/Logo-para-Yoast-1.png?fit=800,298&ssl=1\" \/>\n<meta name=\"author\" content=\"admin\" \/>\n<meta name=\"twitter:card\" content=\"summary_large_image\" \/>\n<meta name=\"twitter:image\" content=\"https:\/\/i0.wp.com\/noticiasparamunicipios.com\/wp-content\/uploads\/2021\/06\/Logo-para-Yoast-1.png?fit=800,298&ssl=1\" \/>\n<meta name=\"twitter:label1\" content=\"Verfasst von\" \/>\n\t<meta name=\"twitter:data1\" content=\"admin\" \/>\n\t<meta name=\"twitter:label2\" content=\"Gesch\u00e4tzte Lesezeit\" \/>\n\t<meta name=\"twitter:data2\" content=\"1\u00a0Minute\" \/>\n<script type=\"application\/ld+json\" class=\"yoast-schema-graph\">{\"@context\":\"https:\\\/\\\/schema.org\",\"@graph\":[{\"@type\":\"Article\",\"@id\":\"https:\\\/\\\/tirinha.com\\\/947\\\/getafe_-amarelinha-fecha-o-preludio-do-getafe-negro\\\/#article\",\"isPartOf\":{\"@id\":\"https:\\\/\\\/tirinha.com\\\/947\\\/getafe_-amarelinha-fecha-o-preludio-do-getafe-negro\\\/\"},\"author\":{\"name\":\"admin\",\"@id\":\"https:\\\/\\\/tirinha.com\\\/#\\\/schema\\\/person\\\/e22bdfbe17e0461f7e927e6a1208d4d9\"},\"headline\":\"GETAFE_ Amarelinha fecha o prel\u00fadio do Getafe Negro\",\"datePublished\":\"2023-04-03T21:16:22+00:00\",\"mainEntityOfPage\":{\"@id\":\"https:\\\/\\\/tirinha.com\\\/947\\\/getafe_-amarelinha-fecha-o-preludio-do-getafe-negro\\\/\"},\"wordCount\":131,\"commentCount\":0,\"publisher\":{\"@id\":\"https:\\\/\\\/tirinha.com\\\/#organization\"},\"image\":{\"@id\":\"https:\\\/\\\/tirinha.com\\\/947\\\/getafe_-amarelinha-fecha-o-preludio-do-getafe-negro\\\/#primaryimage\"},\"thumbnailUrl\":\"https:\\\/\\\/i0.wp.com\\\/noticiasparamunicipios.com\\\/wp-content\\\/uploads\\\/2021\\\/06\\\/Logo-para-Yoast-1.png?fit=800,298&ssl=1\",\"articleSection\":[\"Cultura e lazer\"],\"inLanguage\":\"de\",\"potentialAction\":[{\"@type\":\"CommentAction\",\"name\":\"Comment\",\"target\":[\"https:\\\/\\\/tirinha.com\\\/947\\\/getafe_-amarelinha-fecha-o-preludio-do-getafe-negro\\\/#respond\"]}]},{\"@type\":\"WebPage\",\"@id\":\"https:\\\/\\\/tirinha.com\\\/947\\\/getafe_-amarelinha-fecha-o-preludio-do-getafe-negro\\\/\",\"url\":\"https:\\\/\\\/tirinha.com\\\/947\\\/getafe_-amarelinha-fecha-o-preludio-do-getafe-negro\\\/\",\"name\":\"GETAFE_ Amarelinha fecha o prel\u00fadio do Getafe Negro - Tirinha.com\",\"isPartOf\":{\"@id\":\"https:\\\/\\\/tirinha.com\\\/#website\"},\"primaryImageOfPage\":{\"@id\":\"https:\\\/\\\/tirinha.com\\\/947\\\/getafe_-amarelinha-fecha-o-preludio-do-getafe-negro\\\/#primaryimage\"},\"image\":{\"@id\":\"https:\\\/\\\/tirinha.com\\\/947\\\/getafe_-amarelinha-fecha-o-preludio-do-getafe-negro\\\/#primaryimage\"},\"thumbnailUrl\":\"https:\\\/\\\/i0.wp.com\\\/noticiasparamunicipios.com\\\/wp-content\\\/uploads\\\/2021\\\/06\\\/Logo-para-Yoast-1.png?fit=800,298&ssl=1\",\"datePublished\":\"2023-04-03T21:16:22+00:00\",\"breadcrumb\":{\"@id\":\"https:\\\/\\\/tirinha.com\\\/947\\\/getafe_-amarelinha-fecha-o-preludio-do-getafe-negro\\\/#breadcrumb\"},\"inLanguage\":\"de\",\"potentialAction\":[{\"@type\":\"ReadAction\",\"target\":[\"https:\\\/\\\/tirinha.com\\\/947\\\/getafe_-amarelinha-fecha-o-preludio-do-getafe-negro\\\/\"]}]},{\"@type\":\"ImageObject\",\"inLanguage\":\"de\",\"@id\":\"https:\\\/\\\/tirinha.com\\\/947\\\/getafe_-amarelinha-fecha-o-preludio-do-getafe-negro\\\/#primaryimage\",\"url\":\"https:\\\/\\\/i0.wp.com\\\/noticiasparamunicipios.com\\\/wp-content\\\/uploads\\\/2021\\\/06\\\/Logo-para-Yoast-1.png?fit=800,298&ssl=1\",\"contentUrl\":\"https:\\\/\\\/i0.wp.com\\\/noticiasparamunicipios.com\\\/wp-content\\\/uploads\\\/2021\\\/06\\\/Logo-para-Yoast-1.png?fit=800,298&ssl=1\"},{\"@type\":\"BreadcrumbList\",\"@id\":\"https:\\\/\\\/tirinha.com\\\/947\\\/getafe_-amarelinha-fecha-o-preludio-do-getafe-negro\\\/#breadcrumb\",\"itemListElement\":[{\"@type\":\"ListItem\",\"position\":1,\"name\":\"Home\",\"item\":\"https:\\\/\\\/tirinha.com\\\/\"},{\"@type\":\"ListItem\",\"position\":2,\"name\":\"GETAFE_ Amarelinha fecha o prel\u00fadio do Getafe Negro\"}]},{\"@type\":\"WebSite\",\"@id\":\"https:\\\/\\\/tirinha.com\\\/#website\",\"url\":\"https:\\\/\\\/tirinha.com\\\/\",\"name\":\"Tirinha.com\",\"description\":\"Arte e livros resenhas\",\"publisher\":{\"@id\":\"https:\\\/\\\/tirinha.com\\\/#organization\"},\"potentialAction\":[{\"@type\":\"SearchAction\",\"target\":{\"@type\":\"EntryPoint\",\"urlTemplate\":\"https:\\\/\\\/tirinha.com\\\/?s={search_term_string}\"},\"query-input\":{\"@type\":\"PropertyValueSpecification\",\"valueRequired\":true,\"valueName\":\"search_term_string\"}}],\"inLanguage\":\"de\"},{\"@type\":\"Organization\",\"@id\":\"https:\\\/\\\/tirinha.com\\\/#organization\",\"name\":\"Tirinha.com\",\"url\":\"https:\\\/\\\/tirinha.com\\\/\",\"logo\":{\"@type\":\"ImageObject\",\"inLanguage\":\"de\",\"@id\":\"https:\\\/\\\/tirinha.com\\\/#\\\/schema\\\/logo\\\/image\\\/\",\"url\":\"https:\\\/\\\/tirinha.com\\\/wp-content\\\/uploads\\\/2023\\\/08\\\/cropped-Logo-Tirinha.webp\",\"contentUrl\":\"https:\\\/\\\/tirinha.com\\\/wp-content\\\/uploads\\\/2023\\\/08\\\/cropped-Logo-Tirinha.webp\",\"width\":512,\"height\":512,\"caption\":\"Tirinha.com\"},\"image\":{\"@id\":\"https:\\\/\\\/tirinha.com\\\/#\\\/schema\\\/logo\\\/image\\\/\"}},{\"@type\":\"Person\",\"@id\":\"https:\\\/\\\/tirinha.com\\\/#\\\/schema\\\/person\\\/e22bdfbe17e0461f7e927e6a1208d4d9\",\"name\":\"admin\",\"image\":{\"@type\":\"ImageObject\",\"inLanguage\":\"de\",\"@id\":\"https:\\\/\\\/tirinha.com\\\/wp-content\\\/litespeed\\\/avatar\\\/d0068f7931cc87d7274eb0c3db1deb4b.jpg?ver=1776829466\",\"url\":\"https:\\\/\\\/tirinha.com\\\/wp-content\\\/litespeed\\\/avatar\\\/d0068f7931cc87d7274eb0c3db1deb4b.jpg?ver=1776829466\",\"contentUrl\":\"https:\\\/\\\/tirinha.com\\\/wp-content\\\/litespeed\\\/avatar\\\/d0068f7931cc87d7274eb0c3db1deb4b.jpg?ver=1776829466\",\"caption\":\"admin\"},\"sameAs\":[\"https:\\\/\\\/tirinha.com\"],\"url\":\"https:\\\/\\\/tirinha.com\\\/de\\\/author\\\/admin\\\/\"}]}<\/script>\n<!-- \/ Yoast SEO plugin. -->","yoast_head_json":{"title":"GETAFE_ Amarelinha schlie\u00dft das Vorspiel zu Getafe Negro - Tirinha.com","robots":{"index":"index","follow":"follow","max-snippet":"max-snippet:-1","max-image-preview":"max-image-preview:large","max-video-preview":"max-video-preview:-1"},"canonical":"https:\/\/tirinha.com\/de\/947\/getafe_-amarelinha-schliest-das-vorspiel-zu-getafe-negro-ab\/","og_locale":"de_DE","og_type":"article","og_title":"GETAFE_ Amarelinha fecha o prel\u00fadio do Getafe Negro - Tirinha.com","og_description":"GETAFE\/8 OUT 13\/CULTURA_ O Black Jazz \u00e9 o prel\u00fadio do Getafe e este ano est\u00e1 batendo forte. Os concertos dos &hellip;","og_url":"https:\/\/tirinha.com\/de\/947\/getafe_-amarelinha-schliest-das-vorspiel-zu-getafe-negro-ab\/","og_site_name":"Tirinha.com","article_published_time":"2023-04-03T21:16:22+00:00","og_image":[{"url":"https:\/\/i0.wp.com\/noticiasparamunicipios.com\/wp-content\/uploads\/2021\/06\/Logo-para-Yoast-1.png?fit=800,298&ssl=1","type":"","width":"","height":""}],"author":"admin","twitter_card":"summary_large_image","twitter_image":"https:\/\/i0.wp.com\/noticiasparamunicipios.com\/wp-content\/uploads\/2021\/06\/Logo-para-Yoast-1.png?fit=800,298&ssl=1","twitter_misc":{"Verfasst von":"admin","Gesch\u00e4tzte Lesezeit":"1\u00a0Minute"},"schema":{"@context":"https:\/\/schema.org","@graph":[{"@type":"Article","@id":"https:\/\/tirinha.com\/947\/getafe_-amarelinha-fecha-o-preludio-do-getafe-negro\/#article","isPartOf":{"@id":"https:\/\/tirinha.com\/947\/getafe_-amarelinha-fecha-o-preludio-do-getafe-negro\/"},"author":{"name":"admin","@id":"https:\/\/tirinha.com\/#\/schema\/person\/e22bdfbe17e0461f7e927e6a1208d4d9"},"headline":"GETAFE_ Amarelinha fecha o prel\u00fadio do Getafe Negro","datePublished":"2023-04-03T21:16:22+00:00","mainEntityOfPage":{"@id":"https:\/\/tirinha.com\/947\/getafe_-amarelinha-fecha-o-preludio-do-getafe-negro\/"},"wordCount":131,"commentCount":0,"publisher":{"@id":"https:\/\/tirinha.com\/#organization"},"image":{"@id":"https:\/\/tirinha.com\/947\/getafe_-amarelinha-fecha-o-preludio-do-getafe-negro\/#primaryimage"},"thumbnailUrl":"https:\/\/i0.wp.com\/noticiasparamunicipios.com\/wp-content\/uploads\/2021\/06\/Logo-para-Yoast-1.png?fit=800,298&ssl=1","articleSection":["Cultura e lazer"],"inLanguage":"de","potentialAction":[{"@type":"CommentAction","name":"Comment","target":["https:\/\/tirinha.com\/947\/getafe_-amarelinha-fecha-o-preludio-do-getafe-negro\/#respond"]}]},{"@type":"WebPage","@id":"https:\/\/tirinha.com\/947\/getafe_-amarelinha-fecha-o-preludio-do-getafe-negro\/","url":"https:\/\/tirinha.com\/947\/getafe_-amarelinha-fecha-o-preludio-do-getafe-negro\/","name":"GETAFE_ Amarelinha schlie\u00dft das Vorspiel zu Getafe Negro - Tirinha.com","isPartOf":{"@id":"https:\/\/tirinha.com\/#website"},"primaryImageOfPage":{"@id":"https:\/\/tirinha.com\/947\/getafe_-amarelinha-fecha-o-preludio-do-getafe-negro\/#primaryimage"},"image":{"@id":"https:\/\/tirinha.com\/947\/getafe_-amarelinha-fecha-o-preludio-do-getafe-negro\/#primaryimage"},"thumbnailUrl":"https:\/\/i0.wp.com\/noticiasparamunicipios.com\/wp-content\/uploads\/2021\/06\/Logo-para-Yoast-1.png?fit=800,298&ssl=1","datePublished":"2023-04-03T21:16:22+00:00","breadcrumb":{"@id":"https:\/\/tirinha.com\/947\/getafe_-amarelinha-fecha-o-preludio-do-getafe-negro\/#breadcrumb"},"inLanguage":"de","potentialAction":[{"@type":"ReadAction","target":["https:\/\/tirinha.com\/947\/getafe_-amarelinha-fecha-o-preludio-do-getafe-negro\/"]}]},{"@type":"ImageObject","inLanguage":"de","@id":"https:\/\/tirinha.com\/947\/getafe_-amarelinha-fecha-o-preludio-do-getafe-negro\/#primaryimage","url":"https:\/\/i0.wp.com\/noticiasparamunicipios.com\/wp-content\/uploads\/2021\/06\/Logo-para-Yoast-1.png?fit=800,298&ssl=1","contentUrl":"https:\/\/i0.wp.com\/noticiasparamunicipios.com\/wp-content\/uploads\/2021\/06\/Logo-para-Yoast-1.png?fit=800,298&ssl=1"},{"@type":"BreadcrumbList","@id":"https:\/\/tirinha.com\/947\/getafe_-amarelinha-fecha-o-preludio-do-getafe-negro\/#breadcrumb","itemListElement":[{"@type":"ListItem","position":1,"name":"Home","item":"https:\/\/tirinha.com\/"},{"@type":"ListItem","position":2,"name":"GETAFE_ Amarelinha fecha o prel\u00fadio do Getafe Negro"}]},{"@type":"WebSite","@id":"https:\/\/tirinha.com\/#website","url":"https:\/\/tirinha.com\/","name":"Tirinha.com","description":"Kunst- und Buchrezensionen","publisher":{"@id":"https:\/\/tirinha.com\/#organization"},"potentialAction":[{"@type":"SearchAction","target":{"@type":"EntryPoint","urlTemplate":"https:\/\/tirinha.com\/?s={search_term_string}"},"query-input":{"@type":"PropertyValueSpecification","valueRequired":true,"valueName":"search_term_string"}}],"inLanguage":"de"},{"@type":"Organization","@id":"https:\/\/tirinha.com\/#organization","name":"Tirinha.com","url":"https:\/\/tirinha.com\/","logo":{"@type":"ImageObject","inLanguage":"de","@id":"https:\/\/tirinha.com\/#\/schema\/logo\/image\/","url":"https:\/\/tirinha.com\/wp-content\/uploads\/2023\/08\/cropped-Logo-Tirinha.webp","contentUrl":"https:\/\/tirinha.com\/wp-content\/uploads\/2023\/08\/cropped-Logo-Tirinha.webp","width":512,"height":512,"caption":"Tirinha.com"},"image":{"@id":"https:\/\/tirinha.com\/#\/schema\/logo\/image\/"}},{"@type":"Person","@id":"https:\/\/tirinha.com\/#\/schema\/person\/e22bdfbe17e0461f7e927e6a1208d4d9","name":"Administrator","image":{"@type":"ImageObject","inLanguage":"de","@id":"https:\/\/tirinha.com\/wp-content\/litespeed\/avatar\/d0068f7931cc87d7274eb0c3db1deb4b.jpg?ver=1776829466","url":"https:\/\/tirinha.com\/wp-content\/litespeed\/avatar\/d0068f7931cc87d7274eb0c3db1deb4b.jpg?ver=1776829466","contentUrl":"https:\/\/tirinha.com\/wp-content\/litespeed\/avatar\/d0068f7931cc87d7274eb0c3db1deb4b.jpg?ver=1776829466","caption":"admin"},"sameAs":["https:\/\/tirinha.com"],"url":"https:\/\/tirinha.com\/de\/author\/admin\/"}]}},"_links":{"self":[{"href":"https:\/\/tirinha.com\/de\/wp-json\/wp\/v2\/posts\/947","targetHints":{"allow":["GET"]}}],"collection":[{"href":"https:\/\/tirinha.com\/de\/wp-json\/wp\/v2\/posts"}],"about":[{"href":"https:\/\/tirinha.com\/de\/wp-json\/wp\/v2\/types\/post"}],"author":[{"embeddable":true,"href":"https:\/\/tirinha.com\/de\/wp-json\/wp\/v2\/users\/1"}],"replies":[{"embeddable":true,"href":"https:\/\/tirinha.com\/de\/wp-json\/wp\/v2\/comments?post=947"}],"version-history":[{"count":0,"href":"https:\/\/tirinha.com\/de\/wp-json\/wp\/v2\/posts\/947\/revisions"}],"wp:featuredmedia":[{"embeddable":true,"href":"https:\/\/tirinha.com\/de\/wp-json\/wp\/v2\/media\/948"}],"wp:attachment":[{"href":"https:\/\/tirinha.com\/de\/wp-json\/wp\/v2\/media?parent=947"}],"wp:term":[{"taxonomy":"category","embeddable":true,"href":"https:\/\/tirinha.com\/de\/wp-json\/wp\/v2\/categories?post=947"},{"taxonomy":"post_tag","embeddable":true,"href":"https:\/\/tirinha.com\/de\/wp-json\/wp\/v2\/tags?post=947"}],"curies":[{"name":"wp","href":"https:\/\/api.w.org\/{rel}","templated":true}]}}