{"id":929,"date":"2023-04-03T18:25:28","date_gmt":"2023-04-03T18:25:28","guid":{"rendered":"https:\/\/tirinha.com\/alcorcon-dia-da-avo-e-comemorado-no-domingo-com-uma-flor-e-um-poema\/"},"modified":"2023-04-03T18:25:28","modified_gmt":"2023-04-03T18:25:28","slug":"in-alcorcon-wird-der-groselterntag-am-sonntag-mit-einer-blume-und-einem-gedicht-gefeiert","status":"publish","type":"post","link":"https:\/\/tirinha.com\/de\/929\/alcorcon-dia-da-avo-e-comemorado-no-domingo-com-uma-flor-e-um-poema\/","title":{"rendered":"ALCORC\u00d3N \/ Gro\u00dfmuttertag wird am Sonntag mit einer Blume und einem Gedicht gefeiert"},"content":{"rendered":"<p><\/p>\n<div id=\"post-729\">\n<div class=\"entry-content\">\n<p><strong>ALCORC\u00d3N\/ 18. OKT\/ GESELLSCHAFT_<\/strong> Der Stadtrat von Alcorc\u00f3n, durch<strong> Abteilung f\u00fcr Familie und \u00e4ltere Menschen<\/strong>Feiern Sie diesen n\u00e4chsten<strong> Sonntag, 20. Oktober, Gro\u00dfmuttertag<\/strong>. \u201eDies ist ein Moment, in dem wir den Gro\u00dfm\u00fcttern der Gemeinde, einer tragenden S\u00e4ule aller Familien, eine ganz besondere Anerkennung aussprechen m\u00f6chten. Sie sind diejenigen, die uns weitgehend die Traditionen und das Wesen jeder Familie vermittelt haben, die T\u00f6chter, M\u00fctter und schlie\u00dflich Gro\u00dfm\u00fctter waren. Dieses Regierungsteam konzentriert seine Politik auf Familien; Ihr Wohlergehen ist das Wohlergehen aller\u201c, erkl\u00e4rte der <strong>zweite Vizeb\u00fcrgermeisterin, Silvia Cruz.<\/strong><\/p>\n<p>Um diesen Tag zu feiern, erhalten alle anwesenden Gro\u00dfm\u00fctter w\u00e4hrend des \u00fcblichen Tanzes, der jeden Sonntag im Centro Municipal do Idoso Salvador Allende stattfindet, eine Blume und ein Gedicht und werden daraus vorlesen.<\/p>\n<aside class=\"scaip scaip-1\">\n\t\t<\/aside>\n<p>Die Frauen von Alcorc\u00f3n, die Gro\u00dfm\u00fctter sind und an dieser speziell ihnen allen gewidmeten Ehrung teilnehmen m\u00f6chten, k\u00f6nnen am Sonntag, den 20. Oktober, von 16:45 bis 19:45 Uhr nach Salvador Allende gehen.<\/p>\n<p><strong>Neuigkeiten f\u00fcr Kommunen<\/strong><\/p>\n<p><h3 class=\"jp-relatedposts-headline\"><em>Verwandt<\/em><\/h3>\n<\/p><\/div>\n<p><!-- .entry-content --><\/p>\n<p>\t<!-- .entry-footer --><\/p>\n<\/div>","protected":false},"excerpt":{"rendered":"<p>ALCORC\u00d3N\/ 18. OKT\/ GESELLSCHAFT_ Der Stadtrat von Alcorc\u00f3n feiert \u00fcber die Abteilung f\u00fcr Familie und \u00e4ltere Menschen am kommenden Sonntag, den 20. \u2026 <\/p>","protected":false},"author":1,"featured_media":930,"comment_status":"open","ping_status":"open","sticky":false,"template":"","format":"standard","meta":{"fifu_image_url":"https:\/\/i0.wp.com\/noticiasparamunicipios.com\/wp-content\/uploads\/2021\/06\/Logo-para-Yoast-1.png?fit=800,298&ssl=1","fifu_image_alt":"","footnotes":""},"categories":[35],"tags":[],"class_list":["post-929","post","type-post","status-publish","format-standard","has-post-thumbnail","hentry","category-cultura-e-lazer","latest_post"],"yoast_head":"<!-- This site is optimized with the Yoast SEO plugin v27.3 - https:\/\/yoast.com\/product\/yoast-seo-wordpress\/ -->\n<title>ALCORC\u00d3N \/ Dia da Av\u00f3 \u00e9 comemorado no domingo com uma flor e um poema - Tirinha.com<\/title>\n<meta name=\"robots\" content=\"index, follow, max-snippet:-1, max-image-preview:large, max-video-preview:-1\" \/>\n<link rel=\"canonical\" href=\"https:\/\/tirinha.com\/de\/929\/in-alcorcon-wird-der-groselterntag-am-sonntag-mit-einer-blume-und-einem-gedicht-gefeiert\/\" \/>\n<meta property=\"og:locale\" content=\"de_DE\" \/>\n<meta property=\"og:type\" content=\"article\" \/>\n<meta property=\"og:title\" content=\"ALCORC\u00d3N \/ Dia da Av\u00f3 \u00e9 comemorado no domingo com uma flor e um poema - Tirinha.com\" \/>\n<meta property=\"og:description\" content=\"ALCORC\u00d3N\/ 18OUT\/ SOCIEDADE_ A C\u00e2mara Municipal de Alcorc\u00f3n, atrav\u00e9s da Departamento de Fam\u00edlia e Idososcomemore este pr\u00f3ximo Domingo, 20 de &hellip;\" \/>\n<meta property=\"og:url\" content=\"https:\/\/tirinha.com\/de\/929\/in-alcorcon-wird-der-groselterntag-am-sonntag-mit-einer-blume-und-einem-gedicht-gefeiert\/\" \/>\n<meta property=\"og:site_name\" content=\"Tirinha.com\" \/>\n<meta property=\"article:published_time\" content=\"2023-04-03T18:25:28+00:00\" \/>\n<meta property=\"og:image\" content=\"https:\/\/i0.wp.com\/noticiasparamunicipios.com\/wp-content\/uploads\/2021\/06\/Logo-para-Yoast-1.png?fit=800,298&ssl=1\" \/>\n<meta name=\"author\" content=\"admin\" \/>\n<meta name=\"twitter:card\" content=\"summary_large_image\" \/>\n<meta name=\"twitter:image\" content=\"https:\/\/i0.wp.com\/noticiasparamunicipios.com\/wp-content\/uploads\/2021\/06\/Logo-para-Yoast-1.png?fit=800,298&ssl=1\" \/>\n<meta name=\"twitter:label1\" content=\"Verfasst von\" \/>\n\t<meta name=\"twitter:data1\" content=\"admin\" \/>\n\t<meta name=\"twitter:label2\" content=\"Gesch\u00e4tzte Lesezeit\" \/>\n\t<meta name=\"twitter:data2\" content=\"1\u00a0Minute\" \/>\n<script type=\"application\/ld+json\" class=\"yoast-schema-graph\">{\"@context\":\"https:\\\/\\\/schema.org\",\"@graph\":[{\"@type\":\"Article\",\"@id\":\"https:\\\/\\\/tirinha.com\\\/929\\\/alcorcon-dia-da-avo-e-comemorado-no-domingo-com-uma-flor-e-um-poema\\\/#article\",\"isPartOf\":{\"@id\":\"https:\\\/\\\/tirinha.com\\\/929\\\/alcorcon-dia-da-avo-e-comemorado-no-domingo-com-uma-flor-e-um-poema\\\/\"},\"author\":{\"name\":\"admin\",\"@id\":\"https:\\\/\\\/tirinha.com\\\/#\\\/schema\\\/person\\\/e22bdfbe17e0461f7e927e6a1208d4d9\"},\"headline\":\"ALCORC\u00d3N \\\/ Dia da Av\u00f3 \u00e9 comemorado no domingo com uma flor e um poema\",\"datePublished\":\"2023-04-03T18:25:28+00:00\",\"mainEntityOfPage\":{\"@id\":\"https:\\\/\\\/tirinha.com\\\/929\\\/alcorcon-dia-da-avo-e-comemorado-no-domingo-com-uma-flor-e-um-poema\\\/\"},\"wordCount\":193,\"commentCount\":0,\"publisher\":{\"@id\":\"https:\\\/\\\/tirinha.com\\\/#organization\"},\"image\":{\"@id\":\"https:\\\/\\\/tirinha.com\\\/929\\\/alcorcon-dia-da-avo-e-comemorado-no-domingo-com-uma-flor-e-um-poema\\\/#primaryimage\"},\"thumbnailUrl\":\"https:\\\/\\\/i0.wp.com\\\/noticiasparamunicipios.com\\\/wp-content\\\/uploads\\\/2021\\\/06\\\/Logo-para-Yoast-1.png?fit=800,298&ssl=1\",\"articleSection\":[\"Cultura e lazer\"],\"inLanguage\":\"de\",\"potentialAction\":[{\"@type\":\"CommentAction\",\"name\":\"Comment\",\"target\":[\"https:\\\/\\\/tirinha.com\\\/929\\\/alcorcon-dia-da-avo-e-comemorado-no-domingo-com-uma-flor-e-um-poema\\\/#respond\"]}]},{\"@type\":\"WebPage\",\"@id\":\"https:\\\/\\\/tirinha.com\\\/929\\\/alcorcon-dia-da-avo-e-comemorado-no-domingo-com-uma-flor-e-um-poema\\\/\",\"url\":\"https:\\\/\\\/tirinha.com\\\/929\\\/alcorcon-dia-da-avo-e-comemorado-no-domingo-com-uma-flor-e-um-poema\\\/\",\"name\":\"ALCORC\u00d3N \\\/ Dia da Av\u00f3 \u00e9 comemorado no domingo com uma flor e um poema - Tirinha.com\",\"isPartOf\":{\"@id\":\"https:\\\/\\\/tirinha.com\\\/#website\"},\"primaryImageOfPage\":{\"@id\":\"https:\\\/\\\/tirinha.com\\\/929\\\/alcorcon-dia-da-avo-e-comemorado-no-domingo-com-uma-flor-e-um-poema\\\/#primaryimage\"},\"image\":{\"@id\":\"https:\\\/\\\/tirinha.com\\\/929\\\/alcorcon-dia-da-avo-e-comemorado-no-domingo-com-uma-flor-e-um-poema\\\/#primaryimage\"},\"thumbnailUrl\":\"https:\\\/\\\/i0.wp.com\\\/noticiasparamunicipios.com\\\/wp-content\\\/uploads\\\/2021\\\/06\\\/Logo-para-Yoast-1.png?fit=800,298&ssl=1\",\"datePublished\":\"2023-04-03T18:25:28+00:00\",\"breadcrumb\":{\"@id\":\"https:\\\/\\\/tirinha.com\\\/929\\\/alcorcon-dia-da-avo-e-comemorado-no-domingo-com-uma-flor-e-um-poema\\\/#breadcrumb\"},\"inLanguage\":\"de\",\"potentialAction\":[{\"@type\":\"ReadAction\",\"target\":[\"https:\\\/\\\/tirinha.com\\\/929\\\/alcorcon-dia-da-avo-e-comemorado-no-domingo-com-uma-flor-e-um-poema\\\/\"]}]},{\"@type\":\"ImageObject\",\"inLanguage\":\"de\",\"@id\":\"https:\\\/\\\/tirinha.com\\\/929\\\/alcorcon-dia-da-avo-e-comemorado-no-domingo-com-uma-flor-e-um-poema\\\/#primaryimage\",\"url\":\"https:\\\/\\\/i0.wp.com\\\/noticiasparamunicipios.com\\\/wp-content\\\/uploads\\\/2021\\\/06\\\/Logo-para-Yoast-1.png?fit=800,298&ssl=1\",\"contentUrl\":\"https:\\\/\\\/i0.wp.com\\\/noticiasparamunicipios.com\\\/wp-content\\\/uploads\\\/2021\\\/06\\\/Logo-para-Yoast-1.png?fit=800,298&ssl=1\"},{\"@type\":\"BreadcrumbList\",\"@id\":\"https:\\\/\\\/tirinha.com\\\/929\\\/alcorcon-dia-da-avo-e-comemorado-no-domingo-com-uma-flor-e-um-poema\\\/#breadcrumb\",\"itemListElement\":[{\"@type\":\"ListItem\",\"position\":1,\"name\":\"Home\",\"item\":\"https:\\\/\\\/tirinha.com\\\/\"},{\"@type\":\"ListItem\",\"position\":2,\"name\":\"ALCORC\u00d3N \\\/ Dia da Av\u00f3 \u00e9 comemorado no domingo com uma flor e um poema\"}]},{\"@type\":\"WebSite\",\"@id\":\"https:\\\/\\\/tirinha.com\\\/#website\",\"url\":\"https:\\\/\\\/tirinha.com\\\/\",\"name\":\"Tirinha.com\",\"description\":\"Arte e livros resenhas\",\"publisher\":{\"@id\":\"https:\\\/\\\/tirinha.com\\\/#organization\"},\"potentialAction\":[{\"@type\":\"SearchAction\",\"target\":{\"@type\":\"EntryPoint\",\"urlTemplate\":\"https:\\\/\\\/tirinha.com\\\/?s={search_term_string}\"},\"query-input\":{\"@type\":\"PropertyValueSpecification\",\"valueRequired\":true,\"valueName\":\"search_term_string\"}}],\"inLanguage\":\"de\"},{\"@type\":\"Organization\",\"@id\":\"https:\\\/\\\/tirinha.com\\\/#organization\",\"name\":\"Tirinha.com\",\"url\":\"https:\\\/\\\/tirinha.com\\\/\",\"logo\":{\"@type\":\"ImageObject\",\"inLanguage\":\"de\",\"@id\":\"https:\\\/\\\/tirinha.com\\\/#\\\/schema\\\/logo\\\/image\\\/\",\"url\":\"https:\\\/\\\/tirinha.com\\\/wp-content\\\/uploads\\\/2023\\\/08\\\/cropped-Logo-Tirinha.webp\",\"contentUrl\":\"https:\\\/\\\/tirinha.com\\\/wp-content\\\/uploads\\\/2023\\\/08\\\/cropped-Logo-Tirinha.webp\",\"width\":512,\"height\":512,\"caption\":\"Tirinha.com\"},\"image\":{\"@id\":\"https:\\\/\\\/tirinha.com\\\/#\\\/schema\\\/logo\\\/image\\\/\"}},{\"@type\":\"Person\",\"@id\":\"https:\\\/\\\/tirinha.com\\\/#\\\/schema\\\/person\\\/e22bdfbe17e0461f7e927e6a1208d4d9\",\"name\":\"admin\",\"image\":{\"@type\":\"ImageObject\",\"inLanguage\":\"de\",\"@id\":\"https:\\\/\\\/tirinha.com\\\/wp-content\\\/litespeed\\\/avatar\\\/d0068f7931cc87d7274eb0c3db1deb4b.jpg?ver=1776829466\",\"url\":\"https:\\\/\\\/tirinha.com\\\/wp-content\\\/litespeed\\\/avatar\\\/d0068f7931cc87d7274eb0c3db1deb4b.jpg?ver=1776829466\",\"contentUrl\":\"https:\\\/\\\/tirinha.com\\\/wp-content\\\/litespeed\\\/avatar\\\/d0068f7931cc87d7274eb0c3db1deb4b.jpg?ver=1776829466\",\"caption\":\"admin\"},\"sameAs\":[\"https:\\\/\\\/tirinha.com\"],\"url\":\"https:\\\/\\\/tirinha.com\\\/de\\\/author\\\/admin\\\/\"}]}<\/script>\n<!-- \/ Yoast SEO plugin. -->","yoast_head_json":{"title":"ALCORC\u00d3N \/ Der Muttertag wird am Sonntag mit einer Blume und einem Gedicht gefeiert - Tirinha.com","robots":{"index":"index","follow":"follow","max-snippet":"max-snippet:-1","max-image-preview":"max-image-preview:large","max-video-preview":"max-video-preview:-1"},"canonical":"https:\/\/tirinha.com\/de\/929\/in-alcorcon-wird-der-groselterntag-am-sonntag-mit-einer-blume-und-einem-gedicht-gefeiert\/","og_locale":"de_DE","og_type":"article","og_title":"ALCORC\u00d3N \/ Dia da Av\u00f3 \u00e9 comemorado no domingo com uma flor e um poema - Tirinha.com","og_description":"ALCORC\u00d3N\/ 18OUT\/ SOCIEDADE_ A C\u00e2mara Municipal de Alcorc\u00f3n, atrav\u00e9s da Departamento de Fam\u00edlia e Idososcomemore este pr\u00f3ximo Domingo, 20 de &hellip;","og_url":"https:\/\/tirinha.com\/de\/929\/in-alcorcon-wird-der-groselterntag-am-sonntag-mit-einer-blume-und-einem-gedicht-gefeiert\/","og_site_name":"Tirinha.com","article_published_time":"2023-04-03T18:25:28+00:00","og_image":[{"url":"https:\/\/i0.wp.com\/noticiasparamunicipios.com\/wp-content\/uploads\/2021\/06\/Logo-para-Yoast-1.png?fit=800,298&ssl=1","type":"","width":"","height":""}],"author":"admin","twitter_card":"summary_large_image","twitter_image":"https:\/\/i0.wp.com\/noticiasparamunicipios.com\/wp-content\/uploads\/2021\/06\/Logo-para-Yoast-1.png?fit=800,298&ssl=1","twitter_misc":{"Verfasst von":"admin","Gesch\u00e4tzte Lesezeit":"1\u00a0Minute"},"schema":{"@context":"https:\/\/schema.org","@graph":[{"@type":"Article","@id":"https:\/\/tirinha.com\/929\/alcorcon-dia-da-avo-e-comemorado-no-domingo-com-uma-flor-e-um-poema\/#article","isPartOf":{"@id":"https:\/\/tirinha.com\/929\/alcorcon-dia-da-avo-e-comemorado-no-domingo-com-uma-flor-e-um-poema\/"},"author":{"name":"admin","@id":"https:\/\/tirinha.com\/#\/schema\/person\/e22bdfbe17e0461f7e927e6a1208d4d9"},"headline":"ALCORC\u00d3N \/ Dia da Av\u00f3 \u00e9 comemorado no domingo com uma flor e um poema","datePublished":"2023-04-03T18:25:28+00:00","mainEntityOfPage":{"@id":"https:\/\/tirinha.com\/929\/alcorcon-dia-da-avo-e-comemorado-no-domingo-com-uma-flor-e-um-poema\/"},"wordCount":193,"commentCount":0,"publisher":{"@id":"https:\/\/tirinha.com\/#organization"},"image":{"@id":"https:\/\/tirinha.com\/929\/alcorcon-dia-da-avo-e-comemorado-no-domingo-com-uma-flor-e-um-poema\/#primaryimage"},"thumbnailUrl":"https:\/\/i0.wp.com\/noticiasparamunicipios.com\/wp-content\/uploads\/2021\/06\/Logo-para-Yoast-1.png?fit=800,298&ssl=1","articleSection":["Cultura e lazer"],"inLanguage":"de","potentialAction":[{"@type":"CommentAction","name":"Comment","target":["https:\/\/tirinha.com\/929\/alcorcon-dia-da-avo-e-comemorado-no-domingo-com-uma-flor-e-um-poema\/#respond"]}]},{"@type":"WebPage","@id":"https:\/\/tirinha.com\/929\/alcorcon-dia-da-avo-e-comemorado-no-domingo-com-uma-flor-e-um-poema\/","url":"https:\/\/tirinha.com\/929\/alcorcon-dia-da-avo-e-comemorado-no-domingo-com-uma-flor-e-um-poema\/","name":"ALCORC\u00d3N \/ Der Muttertag wird am Sonntag mit einer Blume und einem Gedicht gefeiert - Tirinha.com","isPartOf":{"@id":"https:\/\/tirinha.com\/#website"},"primaryImageOfPage":{"@id":"https:\/\/tirinha.com\/929\/alcorcon-dia-da-avo-e-comemorado-no-domingo-com-uma-flor-e-um-poema\/#primaryimage"},"image":{"@id":"https:\/\/tirinha.com\/929\/alcorcon-dia-da-avo-e-comemorado-no-domingo-com-uma-flor-e-um-poema\/#primaryimage"},"thumbnailUrl":"https:\/\/i0.wp.com\/noticiasparamunicipios.com\/wp-content\/uploads\/2021\/06\/Logo-para-Yoast-1.png?fit=800,298&ssl=1","datePublished":"2023-04-03T18:25:28+00:00","breadcrumb":{"@id":"https:\/\/tirinha.com\/929\/alcorcon-dia-da-avo-e-comemorado-no-domingo-com-uma-flor-e-um-poema\/#breadcrumb"},"inLanguage":"de","potentialAction":[{"@type":"ReadAction","target":["https:\/\/tirinha.com\/929\/alcorcon-dia-da-avo-e-comemorado-no-domingo-com-uma-flor-e-um-poema\/"]}]},{"@type":"ImageObject","inLanguage":"de","@id":"https:\/\/tirinha.com\/929\/alcorcon-dia-da-avo-e-comemorado-no-domingo-com-uma-flor-e-um-poema\/#primaryimage","url":"https:\/\/i0.wp.com\/noticiasparamunicipios.com\/wp-content\/uploads\/2021\/06\/Logo-para-Yoast-1.png?fit=800,298&ssl=1","contentUrl":"https:\/\/i0.wp.com\/noticiasparamunicipios.com\/wp-content\/uploads\/2021\/06\/Logo-para-Yoast-1.png?fit=800,298&ssl=1"},{"@type":"BreadcrumbList","@id":"https:\/\/tirinha.com\/929\/alcorcon-dia-da-avo-e-comemorado-no-domingo-com-uma-flor-e-um-poema\/#breadcrumb","itemListElement":[{"@type":"ListItem","position":1,"name":"Home","item":"https:\/\/tirinha.com\/"},{"@type":"ListItem","position":2,"name":"ALCORC\u00d3N \/ Dia da Av\u00f3 \u00e9 comemorado no domingo com uma flor e um poema"}]},{"@type":"WebSite","@id":"https:\/\/tirinha.com\/#website","url":"https:\/\/tirinha.com\/","name":"Tirinha.com","description":"Kunst- und Buchrezensionen","publisher":{"@id":"https:\/\/tirinha.com\/#organization"},"potentialAction":[{"@type":"SearchAction","target":{"@type":"EntryPoint","urlTemplate":"https:\/\/tirinha.com\/?s={search_term_string}"},"query-input":{"@type":"PropertyValueSpecification","valueRequired":true,"valueName":"search_term_string"}}],"inLanguage":"de"},{"@type":"Organization","@id":"https:\/\/tirinha.com\/#organization","name":"Tirinha.com","url":"https:\/\/tirinha.com\/","logo":{"@type":"ImageObject","inLanguage":"de","@id":"https:\/\/tirinha.com\/#\/schema\/logo\/image\/","url":"https:\/\/tirinha.com\/wp-content\/uploads\/2023\/08\/cropped-Logo-Tirinha.webp","contentUrl":"https:\/\/tirinha.com\/wp-content\/uploads\/2023\/08\/cropped-Logo-Tirinha.webp","width":512,"height":512,"caption":"Tirinha.com"},"image":{"@id":"https:\/\/tirinha.com\/#\/schema\/logo\/image\/"}},{"@type":"Person","@id":"https:\/\/tirinha.com\/#\/schema\/person\/e22bdfbe17e0461f7e927e6a1208d4d9","name":"Administrator","image":{"@type":"ImageObject","inLanguage":"de","@id":"https:\/\/tirinha.com\/wp-content\/litespeed\/avatar\/d0068f7931cc87d7274eb0c3db1deb4b.jpg?ver=1776829466","url":"https:\/\/tirinha.com\/wp-content\/litespeed\/avatar\/d0068f7931cc87d7274eb0c3db1deb4b.jpg?ver=1776829466","contentUrl":"https:\/\/tirinha.com\/wp-content\/litespeed\/avatar\/d0068f7931cc87d7274eb0c3db1deb4b.jpg?ver=1776829466","caption":"admin"},"sameAs":["https:\/\/tirinha.com"],"url":"https:\/\/tirinha.com\/de\/author\/admin\/"}]}},"_links":{"self":[{"href":"https:\/\/tirinha.com\/de\/wp-json\/wp\/v2\/posts\/929","targetHints":{"allow":["GET"]}}],"collection":[{"href":"https:\/\/tirinha.com\/de\/wp-json\/wp\/v2\/posts"}],"about":[{"href":"https:\/\/tirinha.com\/de\/wp-json\/wp\/v2\/types\/post"}],"author":[{"embeddable":true,"href":"https:\/\/tirinha.com\/de\/wp-json\/wp\/v2\/users\/1"}],"replies":[{"embeddable":true,"href":"https:\/\/tirinha.com\/de\/wp-json\/wp\/v2\/comments?post=929"}],"version-history":[{"count":0,"href":"https:\/\/tirinha.com\/de\/wp-json\/wp\/v2\/posts\/929\/revisions"}],"wp:featuredmedia":[{"embeddable":true,"href":"https:\/\/tirinha.com\/de\/wp-json\/wp\/v2\/media\/930"}],"wp:attachment":[{"href":"https:\/\/tirinha.com\/de\/wp-json\/wp\/v2\/media?parent=929"}],"wp:term":[{"taxonomy":"category","embeddable":true,"href":"https:\/\/tirinha.com\/de\/wp-json\/wp\/v2\/categories?post=929"},{"taxonomy":"post_tag","embeddable":true,"href":"https:\/\/tirinha.com\/de\/wp-json\/wp\/v2\/tags?post=929"}],"curies":[{"name":"wp","href":"https:\/\/api.w.org\/{rel}","templated":true}]}}