{"id":910,"date":"2023-04-03T14:31:05","date_gmt":"2023-04-03T14:31:05","guid":{"rendered":"https:\/\/tirinha.com\/arganda-del-rey-850-000-euros-vao-ser-investidos-para-reforcar-a-imagem-do-primavera-sound\/"},"modified":"2023-04-03T14:31:05","modified_gmt":"2023-04-03T14:31:05","slug":"arganda-del-rey-850-000-euro-werden-investiert-um-das-image-von-primavera-sound-zu-starken","status":"publish","type":"post","link":"https:\/\/tirinha.com\/de\/910\/arganda-del-rey-850-000-euros-vao-ser-investidos-para-reforcar-a-imagem-do-primavera-sound\/","title":{"rendered":"ARGANDA DEL REY\/ 850.000 Euro werden investiert, um das Image von Primavera Sound zu st\u00e4rken"},"content":{"rendered":"<p><\/p>\n<div>\n<p>Die n\u00e4chste Ausgabe des Primavera Sound Festivals, das im Juni im Cidade do Rock in Arganda del Rey stattfindet, wird im Mittelpunkt stehen <strong>eine regionale Investition von 850.000 Euro, um das Image und die touristische Attraktivit\u00e4t der relevanten internationalen M\u00e4rkte der Branche f\u00fcr die Region zu st\u00e4rken.<\/strong><\/p>\n<p>Dies wurde von der Autonomen Gemeinschaft Madrid in einer Erkl\u00e4rung dargelegt, in der sie daran erinnerte <strong>Die n\u00e4chste Ausgabe von Primavera Sound wird die erste mit zwei spanischen Veranstaltungsorten sein: Barcelona, \u200b\u200b\u200b\u200bwo sie seit 2001 stattfindet, und die Autonome Gemeinschaft Madrid, der neue Gastgeber.<\/strong><\/p>\n<aside class=\"scaip scaip-1\">\n\t\t<\/aside>\n<p><strong>Konkret wird die Cidade do Rock in der Stadt Arganda del Rey vom 5. bis 11. Juni die Hauptb\u00fchne der Veranstaltung in Madrid sein<\/strong>Die Aktivit\u00e4ten werden auch \u00fcber verschiedene Teile der Hauptstadt verteilt sein.<\/p>\n<p><strong>Erwartet werden mehr als 300.000 Teilnehmer (85.000 t\u00e4glich im Argande\u00f1o-Komplex und 60.000 in anderen R\u00e4umen) und 200.000 \u00dcbernachtungen in der Region<\/strong>, wobei die durchschnittlichen Kosten f\u00fcr ausl\u00e4ndische Teilnehmer an den drei Festivaltagen 1.200 Euro betragen. 50% des Publikums dieses Festivals sind international und kommen haupts\u00e4chlich aus dem Vereinigten K\u00f6nigreich (32%) und den Vereinigten Staaten (14%), mit einem Durchschnittsalter von 29 Jahren.<\/p>\n<p>Was mehr ist, <strong>Sie garantieren, dass die wirtschaftlichen Auswirkungen der anwesenden \u00d6ffentlichkeit gro\u00dfe Auswirkungen auf die Medien der Autonomen Gemeinschaft Madrid haben werden<\/strong>Denn die Organisatoren werden rund 1,5 Millionen Euro in Medien und Sonderaktionen investieren, um die Madrider Veranstaltung und gleichzeitig das Image der Region zu f\u00f6rdern, mit mehr als 4.000 Anfragen aus der Presse.<\/p>\n<aside class=\"scaip scaip-2\">\n\t\t<\/aside>\n<p>Die Teilnahme des Ministeriums an dieser Veranstaltung impliziert <strong>konkrete \u00dcberlegungen zugunsten der Autonomen Gemeinschaft Madrid in Bezug auf die Markenpr\u00e4senz sowohl auf der Website des Festivals,<\/strong> mit mehr als 5 Millionen einzelnen Besuchern pro Jahr; <strong>auch in Ihren sozialen Netzwerken, <\/strong>mit einer Reichweite von 355 Millionen w\u00e4hrend des Festivals und 852 Millionen Impressionen; und in seinem Newsletter mit mehr als 415.000 Abonnenten weltweit.<\/p>\n<p>Auf der anderen Seite, <strong>F\u00fcr die Autonome Gemeinschaft Madrid werden Inhalte zur Tourismusf\u00f6rderung in verschiedenen Formaten produziert und verbreitet<\/strong> und \u00fcber verschiedene Kan\u00e4le, mit Kooperationen mit spezialisierten K\u00fcnstlern und Meinungsmachern. F\u00fcr die Festivalwoche wird au\u00dferdem ein touristisches Programm erstellt.<\/p>\n<p>Dar\u00fcber hinaus sieht die Vereinbarung vor,<strong> Die Autonome Gemeinschaft Madrid wird eine eigene B\u00fchne f\u00fcr lokale Bands in der Fanzone haben, die im Fu\u00dfballstadion C\u00edvitas Metropolitano installiert wird.<\/strong> Das wird der Verbindungsknotenpunkt zwischen Madrid und Arganda del Rey sein, und ihm wird in der Stadt des Felsens ein weiterer Raum gewidmet.<\/p>\n<aside class=\"scaip scaip-3\">\n\t\t<\/aside>\n<figure class=\"wp-block-image size-large\"><img fetchpriority=\"high\" decoding=\"async\" width=\"780\" height=\"625\" alt=\"Felsenstadt Arganda del Rey\" class=\"wp-image-342179 jetpack-lazy-image\" data-recalc-dims=\"1\" srcset=\"https:\/\/i0.wp.com\/noticiasparamunicipios.com\/wp-content\/uploads\/2022\/06\/ciudad-del-rock-arganda-festival-e1677001829111.jpg?resize=1024%2C820&amp;ssl=1 1024w, https:\/\/i0.wp.com\/noticiasparamunicipios.com\/wp-content\/uploads\/2022\/06\/ciudad-del-rock-arganda-festival-e1677001829111.jpg?resize=300%2C240&amp;ssl=1 300w, https:\/\/i0.wp.com\/noticiasparamunicipios.com\/wp-content\/uploads\/2022\/06\/ciudad-del-rock-arganda-festival-e1677001829111.jpg?resize=768%2C615&amp;ssl=1 768w, https:\/\/i0.wp.com\/noticiasparamunicipios.com\/wp-content\/uploads\/2022\/06\/ciudad-del-rock-arganda-festival-e1677001829111.jpg?resize=1536%2C1230&amp;ssl=1 1536w, https:\/\/i0.wp.com\/noticiasparamunicipios.com\/wp-content\/uploads\/2022\/06\/ciudad-del-rock-arganda-festival-e1677001829111.jpg?resize=1200%2C961&amp;ssl=1 1200w, https:\/\/i0.wp.com\/noticiasparamunicipios.com\/wp-content\/uploads\/2022\/06\/ciudad-del-rock-arganda-festival-e1677001829111.jpg?resize=1568%2C1255&amp;ssl=1 1568w, https:\/\/i0.wp.com\/noticiasparamunicipios.com\/wp-content\/uploads\/2022\/06\/ciudad-del-rock-arganda-festival-e1677001829111.jpg?resize=400%2C320&amp;ssl=1 400w, https:\/\/i0.wp.com\/noticiasparamunicipios.com\/wp-content\/uploads\/2022\/06\/ciudad-del-rock-arganda-festival-e1677001829111.jpg?w=1694&amp;ssl=1 1694w\" data-lazy-sizes=\"(max-width: 780px) 100vw, 780px\" src=\"https:\/\/i0.wp.com\/noticiasparamunicipios.com\/wp-content\/uploads\/2022\/06\/ciudad-del-rock-arganda-festival-e1677001829111-1024x820.jpg?resize=780%2C625&amp;is-pending-load=1#038;ssl=1\"\/><noscript><img data-lazy-fallback=\"1\" decoding=\"async\" width=\"780\" height=\"625\" src=\"https:\/\/i0.wp.com\/noticiasparamunicipios.com\/wp-content\/uploads\/2022\/06\/ciudad-del-rock-arganda-festival-e1677001829111-1024x820.jpg?resize=780%2C625&amp;ssl=1\" alt=\"Felsenstadt Arganda del Rey\" class=\"wp-image-342179\" srcset=\"https:\/\/i0.wp.com\/noticiasparamunicipios.com\/wp-content\/uploads\/2022\/06\/ciudad-del-rock-arganda-festival-e1677001829111.jpg?resize=1024%2C820&amp;ssl=1 1024w, https:\/\/i0.wp.com\/noticiasparamunicipios.com\/wp-content\/uploads\/2022\/06\/ciudad-del-rock-arganda-festival-e1677001829111.jpg?resize=300%2C240&amp;ssl=1 300w, https:\/\/i0.wp.com\/noticiasparamunicipios.com\/wp-content\/uploads\/2022\/06\/ciudad-del-rock-arganda-festival-e1677001829111.jpg?resize=768%2C615&amp;ssl=1 768w, https:\/\/i0.wp.com\/noticiasparamunicipios.com\/wp-content\/uploads\/2022\/06\/ciudad-del-rock-arganda-festival-e1677001829111.jpg?resize=1536%2C1230&amp;ssl=1 1536w, https:\/\/i0.wp.com\/noticiasparamunicipios.com\/wp-content\/uploads\/2022\/06\/ciudad-del-rock-arganda-festival-e1677001829111.jpg?resize=1200%2C961&amp;ssl=1 1200w, https:\/\/i0.wp.com\/noticiasparamunicipios.com\/wp-content\/uploads\/2022\/06\/ciudad-del-rock-arganda-festival-e1677001829111.jpg?resize=1568%2C1255&amp;ssl=1 1568w, https:\/\/i0.wp.com\/noticiasparamunicipios.com\/wp-content\/uploads\/2022\/06\/ciudad-del-rock-arganda-festival-e1677001829111.jpg?resize=400%2C320&amp;ssl=1 400w, https:\/\/i0.wp.com\/noticiasparamunicipios.com\/wp-content\/uploads\/2022\/06\/ciudad-del-rock-arganda-festival-e1677001829111.jpg?w=1694&amp;ssl=1 1694w\" sizes=\"(max-width: 780px) 100vw, 780px\" data-recalc-dims=\"1\"\/><\/noscript><figcaption class=\"wp-element-caption\">Felsenstadt Arganda del Rey<\/figcaption><\/figure>\n<h2 class=\"wp-block-heading\">Mehr als 200 Vortr\u00e4ge<\/h2>\n<p><strong>In der Cidade do Rock, etwa 40 Kilometer vom Zentrum der Hauptstadt entfernt, finden auf zehn B\u00fchnen mehr als 200 Vorstellungen statt<\/strong>Aber dar\u00fcber hinaus werden mehr als 10 symboltr\u00e4chtige Veranstaltungsorte in Madrid \u00fcber den Verein Madrid en Vivo programmiert, und C\u00edvitas Metropolitano wird zur Fanzone und B\u00fchne f\u00fcr den Er\u00f6ffnungstag, wo eine hochkar\u00e4tige Show und kostenloses Programm angeboten werden.<\/p>\n<p>Das k\u00fcnstlerische Programm umfasst mehrere Genres, mit <strong>K\u00fcnstler wie Blur, Halsey, New Order, Kendrick Lamar, Depeche Mode, Rosal\u00eda und Calvin Harris,<\/strong> Wer wird in beiden Hauptquartieren arbeiten? Ebenso werden T\u00e4tigkeiten f\u00fcr Vertreter der Musikindustrie durchgef\u00fchrt.<\/p>\n<p>Dar\u00fcber hinaus hat der B\u00fcrgermeister von Arganda del Rey, Guillermo Hita (PSOE), dies bereits vor einigen Wochen angek\u00fcndigt <strong>Argande\u00f1os erhalten einen \u201e20%-Rabatt\u201c auf Konzertkarten f\u00fcr das n\u00e4chste Primavera Sound Festival.<\/strong><\/p>\n<aside class=\"scaip scaip-4\">\n\t\t<\/aside>\n<p><h3 class=\"jp-relatedposts-headline\"><em>Verwandt<\/em><\/h3>\n<\/p><\/div>","protected":false},"excerpt":{"rendered":"<p>Die n\u00e4chste Ausgabe des Primavera Sound Festivals, die im Juni im Cidade do Rock in Arganda del Rey stattfindet, wird\u2026 <\/p>","protected":false},"author":1,"featured_media":911,"comment_status":"open","ping_status":"open","sticky":false,"template":"","format":"standard","meta":{"fifu_image_url":"https:\/\/noticiasparamunicipios.com\/wp-content\/uploads\/2022\/06\/EuropaPress_4495395_pancarta_presidenta_comunidad_madrid_isabel_diaz_ayuso_dandose_beso-scaled.jpg","fifu_image_alt":"","footnotes":""},"categories":[35],"tags":[],"class_list":["post-910","post","type-post","status-publish","format-standard","has-post-thumbnail","hentry","category-cultura-e-lazer","latest_post"],"yoast_head":"<!-- This site is optimized with the Yoast SEO plugin v27.3 - https:\/\/yoast.com\/product\/yoast-seo-wordpress\/ -->\n<title>ARGANDA DEL REY\/ 850.000 euros v\u00e3o ser investidos para refor\u00e7ar a imagem do Primavera Sound - Tirinha.com<\/title>\n<meta name=\"robots\" content=\"index, follow, max-snippet:-1, max-image-preview:large, max-video-preview:-1\" \/>\n<link rel=\"canonical\" href=\"https:\/\/tirinha.com\/de\/910\/arganda-del-rey-850-000-euro-werden-investiert-um-das-image-von-primavera-sound-zu-starken\/\" \/>\n<meta property=\"og:locale\" content=\"de_DE\" \/>\n<meta property=\"og:type\" content=\"article\" \/>\n<meta property=\"og:title\" content=\"ARGANDA DEL REY\/ 850.000 euros v\u00e3o ser investidos para refor\u00e7ar a imagem do Primavera Sound - Tirinha.com\" \/>\n<meta property=\"og:description\" content=\"A pr\u00f3xima edi\u00e7\u00e3o do festival Primavera Sound, a decorrer em junho na Cidade do Rock em Arganda del Rey, contar\u00e1 &hellip;\" \/>\n<meta property=\"og:url\" content=\"https:\/\/tirinha.com\/de\/910\/arganda-del-rey-850-000-euro-werden-investiert-um-das-image-von-primavera-sound-zu-starken\/\" \/>\n<meta property=\"og:site_name\" content=\"Tirinha.com\" \/>\n<meta property=\"article:published_time\" content=\"2023-04-03T14:31:05+00:00\" \/>\n<meta property=\"og:image\" content=\"https:\/\/noticiasparamunicipios.com\/wp-content\/uploads\/2022\/06\/EuropaPress_4495395_pancarta_presidenta_comunidad_madrid_isabel_diaz_ayuso_dandose_beso-scaled.jpg\" \/>\n<meta name=\"author\" content=\"admin\" \/>\n<meta name=\"twitter:card\" content=\"summary_large_image\" \/>\n<meta name=\"twitter:image\" content=\"https:\/\/noticiasparamunicipios.com\/wp-content\/uploads\/2022\/06\/EuropaPress_4495395_pancarta_presidenta_comunidad_madrid_isabel_diaz_ayuso_dandose_beso-scaled.jpg\" \/>\n<meta name=\"twitter:label1\" content=\"Verfasst von\" \/>\n\t<meta name=\"twitter:data1\" content=\"admin\" \/>\n\t<meta name=\"twitter:label2\" content=\"Gesch\u00e4tzte Lesezeit\" \/>\n\t<meta name=\"twitter:data2\" content=\"3\u00a0Minuten\" \/>\n<script type=\"application\/ld+json\" class=\"yoast-schema-graph\">{\"@context\":\"https:\\\/\\\/schema.org\",\"@graph\":[{\"@type\":\"Article\",\"@id\":\"https:\\\/\\\/tirinha.com\\\/910\\\/arganda-del-rey-850-000-euros-vao-ser-investidos-para-reforcar-a-imagem-do-primavera-sound\\\/#article\",\"isPartOf\":{\"@id\":\"https:\\\/\\\/tirinha.com\\\/910\\\/arganda-del-rey-850-000-euros-vao-ser-investidos-para-reforcar-a-imagem-do-primavera-sound\\\/\"},\"author\":{\"name\":\"admin\",\"@id\":\"https:\\\/\\\/tirinha.com\\\/#\\\/schema\\\/person\\\/e22bdfbe17e0461f7e927e6a1208d4d9\"},\"headline\":\"ARGANDA DEL REY\\\/ 850.000 euros v\u00e3o ser investidos para refor\u00e7ar a imagem do Primavera Sound\",\"datePublished\":\"2023-04-03T14:31:05+00:00\",\"mainEntityOfPage\":{\"@id\":\"https:\\\/\\\/tirinha.com\\\/910\\\/arganda-del-rey-850-000-euros-vao-ser-investidos-para-reforcar-a-imagem-do-primavera-sound\\\/\"},\"wordCount\":627,\"commentCount\":0,\"publisher\":{\"@id\":\"https:\\\/\\\/tirinha.com\\\/#organization\"},\"image\":{\"@id\":\"https:\\\/\\\/tirinha.com\\\/910\\\/arganda-del-rey-850-000-euros-vao-ser-investidos-para-reforcar-a-imagem-do-primavera-sound\\\/#primaryimage\"},\"thumbnailUrl\":\"https:\\\/\\\/noticiasparamunicipios.com\\\/wp-content\\\/uploads\\\/2022\\\/06\\\/EuropaPress_4495395_pancarta_presidenta_comunidad_madrid_isabel_diaz_ayuso_dandose_beso-scaled.jpg\",\"articleSection\":[\"Cultura e lazer\"],\"inLanguage\":\"de\",\"potentialAction\":[{\"@type\":\"CommentAction\",\"name\":\"Comment\",\"target\":[\"https:\\\/\\\/tirinha.com\\\/910\\\/arganda-del-rey-850-000-euros-vao-ser-investidos-para-reforcar-a-imagem-do-primavera-sound\\\/#respond\"]}]},{\"@type\":\"WebPage\",\"@id\":\"https:\\\/\\\/tirinha.com\\\/910\\\/arganda-del-rey-850-000-euros-vao-ser-investidos-para-reforcar-a-imagem-do-primavera-sound\\\/\",\"url\":\"https:\\\/\\\/tirinha.com\\\/910\\\/arganda-del-rey-850-000-euros-vao-ser-investidos-para-reforcar-a-imagem-do-primavera-sound\\\/\",\"name\":\"ARGANDA DEL REY\\\/ 850.000 euros v\u00e3o ser investidos para refor\u00e7ar a imagem do Primavera Sound - Tirinha.com\",\"isPartOf\":{\"@id\":\"https:\\\/\\\/tirinha.com\\\/#website\"},\"primaryImageOfPage\":{\"@id\":\"https:\\\/\\\/tirinha.com\\\/910\\\/arganda-del-rey-850-000-euros-vao-ser-investidos-para-reforcar-a-imagem-do-primavera-sound\\\/#primaryimage\"},\"image\":{\"@id\":\"https:\\\/\\\/tirinha.com\\\/910\\\/arganda-del-rey-850-000-euros-vao-ser-investidos-para-reforcar-a-imagem-do-primavera-sound\\\/#primaryimage\"},\"thumbnailUrl\":\"https:\\\/\\\/noticiasparamunicipios.com\\\/wp-content\\\/uploads\\\/2022\\\/06\\\/EuropaPress_4495395_pancarta_presidenta_comunidad_madrid_isabel_diaz_ayuso_dandose_beso-scaled.jpg\",\"datePublished\":\"2023-04-03T14:31:05+00:00\",\"breadcrumb\":{\"@id\":\"https:\\\/\\\/tirinha.com\\\/910\\\/arganda-del-rey-850-000-euros-vao-ser-investidos-para-reforcar-a-imagem-do-primavera-sound\\\/#breadcrumb\"},\"inLanguage\":\"de\",\"potentialAction\":[{\"@type\":\"ReadAction\",\"target\":[\"https:\\\/\\\/tirinha.com\\\/910\\\/arganda-del-rey-850-000-euros-vao-ser-investidos-para-reforcar-a-imagem-do-primavera-sound\\\/\"]}]},{\"@type\":\"ImageObject\",\"inLanguage\":\"de\",\"@id\":\"https:\\\/\\\/tirinha.com\\\/910\\\/arganda-del-rey-850-000-euros-vao-ser-investidos-para-reforcar-a-imagem-do-primavera-sound\\\/#primaryimage\",\"url\":\"https:\\\/\\\/noticiasparamunicipios.com\\\/wp-content\\\/uploads\\\/2022\\\/06\\\/EuropaPress_4495395_pancarta_presidenta_comunidad_madrid_isabel_diaz_ayuso_dandose_beso-scaled.jpg\",\"contentUrl\":\"https:\\\/\\\/noticiasparamunicipios.com\\\/wp-content\\\/uploads\\\/2022\\\/06\\\/EuropaPress_4495395_pancarta_presidenta_comunidad_madrid_isabel_diaz_ayuso_dandose_beso-scaled.jpg\"},{\"@type\":\"BreadcrumbList\",\"@id\":\"https:\\\/\\\/tirinha.com\\\/910\\\/arganda-del-rey-850-000-euros-vao-ser-investidos-para-reforcar-a-imagem-do-primavera-sound\\\/#breadcrumb\",\"itemListElement\":[{\"@type\":\"ListItem\",\"position\":1,\"name\":\"Home\",\"item\":\"https:\\\/\\\/tirinha.com\\\/\"},{\"@type\":\"ListItem\",\"position\":2,\"name\":\"ARGANDA DEL REY\\\/ 850.000 euros v\u00e3o ser investidos para refor\u00e7ar a imagem do Primavera Sound\"}]},{\"@type\":\"WebSite\",\"@id\":\"https:\\\/\\\/tirinha.com\\\/#website\",\"url\":\"https:\\\/\\\/tirinha.com\\\/\",\"name\":\"Tirinha.com\",\"description\":\"Arte e livros resenhas\",\"publisher\":{\"@id\":\"https:\\\/\\\/tirinha.com\\\/#organization\"},\"potentialAction\":[{\"@type\":\"SearchAction\",\"target\":{\"@type\":\"EntryPoint\",\"urlTemplate\":\"https:\\\/\\\/tirinha.com\\\/?s={search_term_string}\"},\"query-input\":{\"@type\":\"PropertyValueSpecification\",\"valueRequired\":true,\"valueName\":\"search_term_string\"}}],\"inLanguage\":\"de\"},{\"@type\":\"Organization\",\"@id\":\"https:\\\/\\\/tirinha.com\\\/#organization\",\"name\":\"Tirinha.com\",\"url\":\"https:\\\/\\\/tirinha.com\\\/\",\"logo\":{\"@type\":\"ImageObject\",\"inLanguage\":\"de\",\"@id\":\"https:\\\/\\\/tirinha.com\\\/#\\\/schema\\\/logo\\\/image\\\/\",\"url\":\"https:\\\/\\\/tirinha.com\\\/wp-content\\\/uploads\\\/2023\\\/08\\\/cropped-Logo-Tirinha.webp\",\"contentUrl\":\"https:\\\/\\\/tirinha.com\\\/wp-content\\\/uploads\\\/2023\\\/08\\\/cropped-Logo-Tirinha.webp\",\"width\":512,\"height\":512,\"caption\":\"Tirinha.com\"},\"image\":{\"@id\":\"https:\\\/\\\/tirinha.com\\\/#\\\/schema\\\/logo\\\/image\\\/\"}},{\"@type\":\"Person\",\"@id\":\"https:\\\/\\\/tirinha.com\\\/#\\\/schema\\\/person\\\/e22bdfbe17e0461f7e927e6a1208d4d9\",\"name\":\"admin\",\"image\":{\"@type\":\"ImageObject\",\"inLanguage\":\"de\",\"@id\":\"https:\\\/\\\/tirinha.com\\\/wp-content\\\/litespeed\\\/avatar\\\/d0068f7931cc87d7274eb0c3db1deb4b.jpg?ver=1777434315\",\"url\":\"https:\\\/\\\/tirinha.com\\\/wp-content\\\/litespeed\\\/avatar\\\/d0068f7931cc87d7274eb0c3db1deb4b.jpg?ver=1777434315\",\"contentUrl\":\"https:\\\/\\\/tirinha.com\\\/wp-content\\\/litespeed\\\/avatar\\\/d0068f7931cc87d7274eb0c3db1deb4b.jpg?ver=1777434315\",\"caption\":\"admin\"},\"sameAs\":[\"https:\\\/\\\/tirinha.com\"],\"url\":\"https:\\\/\\\/tirinha.com\\\/de\\\/author\\\/admin\\\/\"}]}<\/script>\n<!-- \/ Yoast SEO plugin. -->","yoast_head_json":{"title":"ARGANDA DEL REY\/ 850.000 Euro werden investiert, um das Image von Primavera Sound zu st\u00e4rken - Tirinha.com","robots":{"index":"index","follow":"follow","max-snippet":"max-snippet:-1","max-image-preview":"max-image-preview:large","max-video-preview":"max-video-preview:-1"},"canonical":"https:\/\/tirinha.com\/de\/910\/arganda-del-rey-850-000-euro-werden-investiert-um-das-image-von-primavera-sound-zu-starken\/","og_locale":"de_DE","og_type":"article","og_title":"ARGANDA DEL REY\/ 850.000 euros v\u00e3o ser investidos para refor\u00e7ar a imagem do Primavera Sound - Tirinha.com","og_description":"A pr\u00f3xima edi\u00e7\u00e3o do festival Primavera Sound, a decorrer em junho na Cidade do Rock em Arganda del Rey, contar\u00e1 &hellip;","og_url":"https:\/\/tirinha.com\/de\/910\/arganda-del-rey-850-000-euro-werden-investiert-um-das-image-von-primavera-sound-zu-starken\/","og_site_name":"Tirinha.com","article_published_time":"2023-04-03T14:31:05+00:00","og_image":[{"url":"https:\/\/noticiasparamunicipios.com\/wp-content\/uploads\/2022\/06\/EuropaPress_4495395_pancarta_presidenta_comunidad_madrid_isabel_diaz_ayuso_dandose_beso-scaled.jpg","type":"","width":"","height":""}],"author":"admin","twitter_card":"summary_large_image","twitter_image":"https:\/\/noticiasparamunicipios.com\/wp-content\/uploads\/2022\/06\/EuropaPress_4495395_pancarta_presidenta_comunidad_madrid_isabel_diaz_ayuso_dandose_beso-scaled.jpg","twitter_misc":{"Verfasst von":"admin","Gesch\u00e4tzte Lesezeit":"3\u00a0Minuten"},"schema":{"@context":"https:\/\/schema.org","@graph":[{"@type":"Article","@id":"https:\/\/tirinha.com\/910\/arganda-del-rey-850-000-euros-vao-ser-investidos-para-reforcar-a-imagem-do-primavera-sound\/#article","isPartOf":{"@id":"https:\/\/tirinha.com\/910\/arganda-del-rey-850-000-euros-vao-ser-investidos-para-reforcar-a-imagem-do-primavera-sound\/"},"author":{"name":"admin","@id":"https:\/\/tirinha.com\/#\/schema\/person\/e22bdfbe17e0461f7e927e6a1208d4d9"},"headline":"ARGANDA DEL REY\/ 850.000 euros v\u00e3o ser investidos para refor\u00e7ar a imagem do Primavera Sound","datePublished":"2023-04-03T14:31:05+00:00","mainEntityOfPage":{"@id":"https:\/\/tirinha.com\/910\/arganda-del-rey-850-000-euros-vao-ser-investidos-para-reforcar-a-imagem-do-primavera-sound\/"},"wordCount":627,"commentCount":0,"publisher":{"@id":"https:\/\/tirinha.com\/#organization"},"image":{"@id":"https:\/\/tirinha.com\/910\/arganda-del-rey-850-000-euros-vao-ser-investidos-para-reforcar-a-imagem-do-primavera-sound\/#primaryimage"},"thumbnailUrl":"https:\/\/noticiasparamunicipios.com\/wp-content\/uploads\/2022\/06\/EuropaPress_4495395_pancarta_presidenta_comunidad_madrid_isabel_diaz_ayuso_dandose_beso-scaled.jpg","articleSection":["Cultura e lazer"],"inLanguage":"de","potentialAction":[{"@type":"CommentAction","name":"Comment","target":["https:\/\/tirinha.com\/910\/arganda-del-rey-850-000-euros-vao-ser-investidos-para-reforcar-a-imagem-do-primavera-sound\/#respond"]}]},{"@type":"WebPage","@id":"https:\/\/tirinha.com\/910\/arganda-del-rey-850-000-euros-vao-ser-investidos-para-reforcar-a-imagem-do-primavera-sound\/","url":"https:\/\/tirinha.com\/910\/arganda-del-rey-850-000-euros-vao-ser-investidos-para-reforcar-a-imagem-do-primavera-sound\/","name":"ARGANDA DEL REY\/ 850.000 Euro werden investiert, um das Image von Primavera Sound zu st\u00e4rken - Tirinha.com","isPartOf":{"@id":"https:\/\/tirinha.com\/#website"},"primaryImageOfPage":{"@id":"https:\/\/tirinha.com\/910\/arganda-del-rey-850-000-euros-vao-ser-investidos-para-reforcar-a-imagem-do-primavera-sound\/#primaryimage"},"image":{"@id":"https:\/\/tirinha.com\/910\/arganda-del-rey-850-000-euros-vao-ser-investidos-para-reforcar-a-imagem-do-primavera-sound\/#primaryimage"},"thumbnailUrl":"https:\/\/noticiasparamunicipios.com\/wp-content\/uploads\/2022\/06\/EuropaPress_4495395_pancarta_presidenta_comunidad_madrid_isabel_diaz_ayuso_dandose_beso-scaled.jpg","datePublished":"2023-04-03T14:31:05+00:00","breadcrumb":{"@id":"https:\/\/tirinha.com\/910\/arganda-del-rey-850-000-euros-vao-ser-investidos-para-reforcar-a-imagem-do-primavera-sound\/#breadcrumb"},"inLanguage":"de","potentialAction":[{"@type":"ReadAction","target":["https:\/\/tirinha.com\/910\/arganda-del-rey-850-000-euros-vao-ser-investidos-para-reforcar-a-imagem-do-primavera-sound\/"]}]},{"@type":"ImageObject","inLanguage":"de","@id":"https:\/\/tirinha.com\/910\/arganda-del-rey-850-000-euros-vao-ser-investidos-para-reforcar-a-imagem-do-primavera-sound\/#primaryimage","url":"https:\/\/noticiasparamunicipios.com\/wp-content\/uploads\/2022\/06\/EuropaPress_4495395_pancarta_presidenta_comunidad_madrid_isabel_diaz_ayuso_dandose_beso-scaled.jpg","contentUrl":"https:\/\/noticiasparamunicipios.com\/wp-content\/uploads\/2022\/06\/EuropaPress_4495395_pancarta_presidenta_comunidad_madrid_isabel_diaz_ayuso_dandose_beso-scaled.jpg"},{"@type":"BreadcrumbList","@id":"https:\/\/tirinha.com\/910\/arganda-del-rey-850-000-euros-vao-ser-investidos-para-reforcar-a-imagem-do-primavera-sound\/#breadcrumb","itemListElement":[{"@type":"ListItem","position":1,"name":"Home","item":"https:\/\/tirinha.com\/"},{"@type":"ListItem","position":2,"name":"ARGANDA DEL REY\/ 850.000 euros v\u00e3o ser investidos para refor\u00e7ar a imagem do Primavera Sound"}]},{"@type":"WebSite","@id":"https:\/\/tirinha.com\/#website","url":"https:\/\/tirinha.com\/","name":"Tirinha.com","description":"Kunst- und Buchrezensionen","publisher":{"@id":"https:\/\/tirinha.com\/#organization"},"potentialAction":[{"@type":"SearchAction","target":{"@type":"EntryPoint","urlTemplate":"https:\/\/tirinha.com\/?s={search_term_string}"},"query-input":{"@type":"PropertyValueSpecification","valueRequired":true,"valueName":"search_term_string"}}],"inLanguage":"de"},{"@type":"Organization","@id":"https:\/\/tirinha.com\/#organization","name":"Tirinha.com","url":"https:\/\/tirinha.com\/","logo":{"@type":"ImageObject","inLanguage":"de","@id":"https:\/\/tirinha.com\/#\/schema\/logo\/image\/","url":"https:\/\/tirinha.com\/wp-content\/uploads\/2023\/08\/cropped-Logo-Tirinha.webp","contentUrl":"https:\/\/tirinha.com\/wp-content\/uploads\/2023\/08\/cropped-Logo-Tirinha.webp","width":512,"height":512,"caption":"Tirinha.com"},"image":{"@id":"https:\/\/tirinha.com\/#\/schema\/logo\/image\/"}},{"@type":"Person","@id":"https:\/\/tirinha.com\/#\/schema\/person\/e22bdfbe17e0461f7e927e6a1208d4d9","name":"Administrator","image":{"@type":"ImageObject","inLanguage":"de","@id":"https:\/\/tirinha.com\/wp-content\/litespeed\/avatar\/d0068f7931cc87d7274eb0c3db1deb4b.jpg?ver=1777434315","url":"https:\/\/tirinha.com\/wp-content\/litespeed\/avatar\/d0068f7931cc87d7274eb0c3db1deb4b.jpg?ver=1777434315","contentUrl":"https:\/\/tirinha.com\/wp-content\/litespeed\/avatar\/d0068f7931cc87d7274eb0c3db1deb4b.jpg?ver=1777434315","caption":"admin"},"sameAs":["https:\/\/tirinha.com"],"url":"https:\/\/tirinha.com\/de\/author\/admin\/"}]}},"_links":{"self":[{"href":"https:\/\/tirinha.com\/de\/wp-json\/wp\/v2\/posts\/910","targetHints":{"allow":["GET"]}}],"collection":[{"href":"https:\/\/tirinha.com\/de\/wp-json\/wp\/v2\/posts"}],"about":[{"href":"https:\/\/tirinha.com\/de\/wp-json\/wp\/v2\/types\/post"}],"author":[{"embeddable":true,"href":"https:\/\/tirinha.com\/de\/wp-json\/wp\/v2\/users\/1"}],"replies":[{"embeddable":true,"href":"https:\/\/tirinha.com\/de\/wp-json\/wp\/v2\/comments?post=910"}],"version-history":[{"count":0,"href":"https:\/\/tirinha.com\/de\/wp-json\/wp\/v2\/posts\/910\/revisions"}],"wp:featuredmedia":[{"embeddable":true,"href":"https:\/\/tirinha.com\/de\/wp-json\/wp\/v2\/media\/911"}],"wp:attachment":[{"href":"https:\/\/tirinha.com\/de\/wp-json\/wp\/v2\/media?parent=910"}],"wp:term":[{"taxonomy":"category","embeddable":true,"href":"https:\/\/tirinha.com\/de\/wp-json\/wp\/v2\/categories?post=910"},{"taxonomy":"post_tag","embeddable":true,"href":"https:\/\/tirinha.com\/de\/wp-json\/wp\/v2\/tags?post=910"}],"curies":[{"name":"wp","href":"https:\/\/api.w.org\/{rel}","templated":true}]}}