{"id":904,"date":"2023-04-03T13:57:24","date_gmt":"2023-04-03T13:57:24","guid":{"rendered":"https:\/\/tirinha.com\/rivas-comecam-as-jornadas-culturais-da-escola-municipal-de-musica\/"},"modified":"2023-04-03T13:57:24","modified_gmt":"2023-04-03T13:57:24","slug":"rivas-eroffnet-die-kulturtage-der-stadtischen-musikschule","status":"publish","type":"post","link":"https:\/\/tirinha.com\/de\/904\/rivas-comecam-as-jornadas-culturais-da-escola-municipal-de-musica\/","title":{"rendered":"RIVAS \/ Kulturtage an der St\u00e4dtischen Musikschule beginnen"},"content":{"rendered":"<p><\/p>\n<div>\n<p>Die St\u00e4dtische Musikschule Rivas schl\u00e4gt vor<strong> F\u00fcnf unterhaltsame und lehrreiche Aktivit\u00e4ten rund um die Musik, von heute, Dienstag, 28. M\u00e4rz, bis Donnerstag, 30. M\u00e4rz<\/strong>. <\/p>\n<p>Die Kulturtage beginnen diesen Dienstag um 18 Uhr im Pilar Bardem Auditorium mit einem <strong>Festival der musikalischen Sprache sowie der Stimm- und H\u00f6rbildung<\/strong> richtet sich an ein Familienpublikum. Es wird ein musikalischer Abend, an dem die Gruppen LM und EVA der St\u00e4dtischen Musikschule 90 Minuten lang mehrere Lieder auff\u00fchren.<\/p>\n<aside class=\"scaip scaip-1\">\n\t\t<\/aside>\n<p>Die Aktivit\u00e4ten werden am Mittwoch, dem 29. M\u00e4rz, fortgesetzt, diesmal im Kulturzentrum Federico Garc\u00eda Lorca, zun\u00e4chst mit einem <strong>Musikproduktionswerkstatt<\/strong>von Em\u00edlio Martins. <\/p>\n<p>Der Kurs beginnt um 17:00 Uhr im Marcos Ana-Raum und besteht darin, zu lernen, wie man Musik von Grund auf mit einem Computer erstellt und wie man aufnimmt, bearbeitet, mischt und mastert, um den pers\u00f6nlichen Stil jedes Teilnehmers zu erreichen. <\/p>\n<p>Dann, im Ballsaal von Garc\u00eda Lorca, a <strong>Treffen der Big-Band-Formationen, von Morata de Taju\u00f1a als Gast, und der Blechbl\u00e4sergruppe der St\u00e4dtischen Musikschule von Rivas<\/strong>. <\/p>\n<aside class=\"scaip scaip-2\">\n\t\t<\/aside>\n<p>Die erste wird von Maestro V\u00edctor Mu\u00f1oz, einem Blasinstrumentalisten (Fl\u00f6te, Klarinette und Saxophon), geleitet und wird ein Repertoire klassischer Lieder pr\u00e4sentieren, w\u00e4hrend die Blechbl\u00e4sergruppe unter der Leitung von Professor Juan Mart\u00ednez Sanz Blues und Jazz spielen wird. <\/p>\n<p>Das Kulturzentrum ist nicht das erste Mal, dass dort eine Show der St\u00e4dtischen Musikschule stattfindet. <\/p>\n<h2 class=\"wp-block-heading\">Finale im Marcos Ana-Raum<\/h2>\n<p>Der Abschluss dieser Tage findet am Donnerstag, 30. M\u00e4rz, im Marcos Ana-Saal des Kulturzentrums Federico Garc\u00eda Lorca mit einer Trainingseinheit ab 17 Uhr durch den Klarinettisten statt<strong> Cecilia Serra wird \u00fcber die Bedeutung des Atmens in der Musik sprechen.<\/strong> <\/p>\n<aside class=\"scaip scaip-3\">\n\t\t<\/aside>\n<p>Den Schlusspunkt setzt die Gesangsgruppe All4gospel mit einem Konzert am selben Ort um 19:30 Uhr. Es wird durch Sie geschehen <strong>Popspell-Show, <\/strong>in dem \u201eihre erstaunlichen Stimmen und gro\u00dfartigen musikalischen Arrangements den Ballsaal\u201c des Kulturzentrums Federico Garc\u00eda Lorca mit Resonanz erf\u00fcllen werden. Mit Themen unter anderem von Michael Jackson und den Beatles \u201ewerden sie uns den Abschluss der musikalischen Reisen der Musikschule in diesem Kurs genie\u00dfen lassen\u201c, ermutigen die Verantwortlichen.<\/p>\n<figure class=\"wp-block-image size-full\"><img fetchpriority=\"high\" decoding=\"async\" width=\"780\" height=\"509\" alt=\"\" class=\"wp-image-384704 jetpack-lazy-image\" data-recalc-dims=\"1\" srcset=\"https:\/\/i0.wp.com\/noticiasparamunicipios.com\/wp-content\/uploads\/2023\/03\/Coro-All4Gospel.-Ayto-Rivas.jpg?w=1000&amp;ssl=1 1000w, https:\/\/i0.wp.com\/noticiasparamunicipios.com\/wp-content\/uploads\/2023\/03\/Coro-All4Gospel.-Ayto-Rivas.jpg?resize=300%2C196&amp;ssl=1 300w, https:\/\/i0.wp.com\/noticiasparamunicipios.com\/wp-content\/uploads\/2023\/03\/Coro-All4Gospel.-Ayto-Rivas.jpg?resize=768%2C501&amp;ssl=1 768w, https:\/\/i0.wp.com\/noticiasparamunicipios.com\/wp-content\/uploads\/2023\/03\/Coro-All4Gospel.-Ayto-Rivas.jpg?resize=400%2C261&amp;ssl=1 400w\" data-lazy-sizes=\"(max-width: 780px) 100vw, 780px\" src=\"https:\/\/i0.wp.com\/noticiasparamunicipios.com\/wp-content\/uploads\/2023\/03\/Coro-All4Gospel.-Ayto-Rivas.jpg?resize=780%2C509&amp;is-pending-load=1#038;ssl=1\"\/><noscript><img data-lazy-fallback=\"1\" decoding=\"async\" width=\"780\" height=\"509\" src=\"https:\/\/i0.wp.com\/noticiasparamunicipios.com\/wp-content\/uploads\/2023\/03\/Coro-All4Gospel.-Ayto-Rivas.jpg?resize=780%2C509&amp;ssl=1\" alt=\"\" class=\"wp-image-384704\" srcset=\"https:\/\/i0.wp.com\/noticiasparamunicipios.com\/wp-content\/uploads\/2023\/03\/Coro-All4Gospel.-Ayto-Rivas.jpg?w=1000&amp;ssl=1 1000w, https:\/\/i0.wp.com\/noticiasparamunicipios.com\/wp-content\/uploads\/2023\/03\/Coro-All4Gospel.-Ayto-Rivas.jpg?resize=300%2C196&amp;ssl=1 300w, https:\/\/i0.wp.com\/noticiasparamunicipios.com\/wp-content\/uploads\/2023\/03\/Coro-All4Gospel.-Ayto-Rivas.jpg?resize=768%2C501&amp;ssl=1 768w, https:\/\/i0.wp.com\/noticiasparamunicipios.com\/wp-content\/uploads\/2023\/03\/Coro-All4Gospel.-Ayto-Rivas.jpg?resize=400%2C261&amp;ssl=1 400w\" sizes=\"(max-width: 780px) 100vw, 780px\" data-recalc-dims=\"1\"\/><\/noscript><figcaption class=\"wp-element-caption\">All4Gospel-Chor. Ayto Rivas<\/figcaption><\/figure>\n<p><h3 class=\"jp-relatedposts-headline\"><em>Verwandt<\/em><\/h3>\n<\/p><\/div>","protected":false},"excerpt":{"rendered":"<p>Die St\u00e4dtische Musikschule Rivas bietet heute, Dienstag, f\u00fcnf unterhaltsame und lehrreiche Aktivit\u00e4ten rund um die Musik an \u2026 <\/p>","protected":false},"author":1,"featured_media":905,"comment_status":"open","ping_status":"open","sticky":false,"template":"","format":"standard","meta":{"fifu_image_url":"https:\/\/noticiasparamunicipios.com\/wp-content\/uploads\/2020\/01\/WhatsApp-Image-2020-01-09-at-13.07.25.jpeg","fifu_image_alt":"","footnotes":""},"categories":[35],"tags":[],"class_list":["post-904","post","type-post","status-publish","format-standard","has-post-thumbnail","hentry","category-cultura-e-lazer","latest_post"],"yoast_head":"<!-- This site is optimized with the Yoast SEO plugin v27.3 - https:\/\/yoast.com\/product\/yoast-seo-wordpress\/ -->\n<title>RIVAS \/ Come\u00e7am as jornadas culturais da Escola Municipal de M\u00fasica - Tirinha.com<\/title>\n<meta name=\"robots\" content=\"index, follow, max-snippet:-1, max-image-preview:large, max-video-preview:-1\" \/>\n<link rel=\"canonical\" href=\"https:\/\/tirinha.com\/de\/904\/rivas-eroffnet-die-kulturtage-der-stadtischen-musikschule\/\" \/>\n<meta property=\"og:locale\" content=\"de_DE\" \/>\n<meta property=\"og:type\" content=\"article\" \/>\n<meta property=\"og:title\" content=\"RIVAS \/ Come\u00e7am as jornadas culturais da Escola Municipal de M\u00fasica - Tirinha.com\" \/>\n<meta property=\"og:description\" content=\"A Escola Municipal de M\u00fasica de Rivas prop\u00f5e cinco atividades l\u00fadicas e educativas com foco na m\u00fasica, de hoje, ter\u00e7a-feira, &hellip;\" \/>\n<meta property=\"og:url\" content=\"https:\/\/tirinha.com\/de\/904\/rivas-eroffnet-die-kulturtage-der-stadtischen-musikschule\/\" \/>\n<meta property=\"og:site_name\" content=\"Tirinha.com\" \/>\n<meta property=\"article:published_time\" content=\"2023-04-03T13:57:24+00:00\" \/>\n<meta property=\"og:image\" content=\"https:\/\/noticiasparamunicipios.com\/wp-content\/uploads\/2020\/01\/WhatsApp-Image-2020-01-09-at-13.07.25.jpeg\" \/>\n<meta name=\"author\" content=\"admin\" \/>\n<meta name=\"twitter:card\" content=\"summary_large_image\" \/>\n<meta name=\"twitter:image\" content=\"https:\/\/noticiasparamunicipios.com\/wp-content\/uploads\/2020\/01\/WhatsApp-Image-2020-01-09-at-13.07.25.jpeg\" \/>\n<meta name=\"twitter:label1\" content=\"Verfasst von\" \/>\n\t<meta name=\"twitter:data1\" content=\"admin\" \/>\n\t<meta name=\"twitter:label2\" content=\"Gesch\u00e4tzte Lesezeit\" \/>\n\t<meta name=\"twitter:data2\" content=\"2\u00a0Minuten\" \/>\n<script type=\"application\/ld+json\" class=\"yoast-schema-graph\">{\"@context\":\"https:\\\/\\\/schema.org\",\"@graph\":[{\"@type\":\"Article\",\"@id\":\"https:\\\/\\\/tirinha.com\\\/904\\\/rivas-comecam-as-jornadas-culturais-da-escola-municipal-de-musica\\\/#article\",\"isPartOf\":{\"@id\":\"https:\\\/\\\/tirinha.com\\\/904\\\/rivas-comecam-as-jornadas-culturais-da-escola-municipal-de-musica\\\/\"},\"author\":{\"name\":\"admin\",\"@id\":\"https:\\\/\\\/tirinha.com\\\/#\\\/schema\\\/person\\\/e22bdfbe17e0461f7e927e6a1208d4d9\"},\"headline\":\"RIVAS \\\/ Come\u00e7am as jornadas culturais da Escola Municipal de M\u00fasica\",\"datePublished\":\"2023-04-03T13:57:24+00:00\",\"mainEntityOfPage\":{\"@id\":\"https:\\\/\\\/tirinha.com\\\/904\\\/rivas-comecam-as-jornadas-culturais-da-escola-municipal-de-musica\\\/\"},\"wordCount\":411,\"commentCount\":0,\"publisher\":{\"@id\":\"https:\\\/\\\/tirinha.com\\\/#organization\"},\"image\":{\"@id\":\"https:\\\/\\\/tirinha.com\\\/904\\\/rivas-comecam-as-jornadas-culturais-da-escola-municipal-de-musica\\\/#primaryimage\"},\"thumbnailUrl\":\"https:\\\/\\\/noticiasparamunicipios.com\\\/wp-content\\\/uploads\\\/2020\\\/01\\\/WhatsApp-Image-2020-01-09-at-13.07.25.jpeg\",\"articleSection\":[\"Cultura e lazer\"],\"inLanguage\":\"de\",\"potentialAction\":[{\"@type\":\"CommentAction\",\"name\":\"Comment\",\"target\":[\"https:\\\/\\\/tirinha.com\\\/904\\\/rivas-comecam-as-jornadas-culturais-da-escola-municipal-de-musica\\\/#respond\"]}]},{\"@type\":\"WebPage\",\"@id\":\"https:\\\/\\\/tirinha.com\\\/904\\\/rivas-comecam-as-jornadas-culturais-da-escola-municipal-de-musica\\\/\",\"url\":\"https:\\\/\\\/tirinha.com\\\/904\\\/rivas-comecam-as-jornadas-culturais-da-escola-municipal-de-musica\\\/\",\"name\":\"RIVAS \\\/ Come\u00e7am as jornadas culturais da Escola Municipal de M\u00fasica - Tirinha.com\",\"isPartOf\":{\"@id\":\"https:\\\/\\\/tirinha.com\\\/#website\"},\"primaryImageOfPage\":{\"@id\":\"https:\\\/\\\/tirinha.com\\\/904\\\/rivas-comecam-as-jornadas-culturais-da-escola-municipal-de-musica\\\/#primaryimage\"},\"image\":{\"@id\":\"https:\\\/\\\/tirinha.com\\\/904\\\/rivas-comecam-as-jornadas-culturais-da-escola-municipal-de-musica\\\/#primaryimage\"},\"thumbnailUrl\":\"https:\\\/\\\/noticiasparamunicipios.com\\\/wp-content\\\/uploads\\\/2020\\\/01\\\/WhatsApp-Image-2020-01-09-at-13.07.25.jpeg\",\"datePublished\":\"2023-04-03T13:57:24+00:00\",\"breadcrumb\":{\"@id\":\"https:\\\/\\\/tirinha.com\\\/904\\\/rivas-comecam-as-jornadas-culturais-da-escola-municipal-de-musica\\\/#breadcrumb\"},\"inLanguage\":\"de\",\"potentialAction\":[{\"@type\":\"ReadAction\",\"target\":[\"https:\\\/\\\/tirinha.com\\\/904\\\/rivas-comecam-as-jornadas-culturais-da-escola-municipal-de-musica\\\/\"]}]},{\"@type\":\"ImageObject\",\"inLanguage\":\"de\",\"@id\":\"https:\\\/\\\/tirinha.com\\\/904\\\/rivas-comecam-as-jornadas-culturais-da-escola-municipal-de-musica\\\/#primaryimage\",\"url\":\"https:\\\/\\\/noticiasparamunicipios.com\\\/wp-content\\\/uploads\\\/2020\\\/01\\\/WhatsApp-Image-2020-01-09-at-13.07.25.jpeg\",\"contentUrl\":\"https:\\\/\\\/noticiasparamunicipios.com\\\/wp-content\\\/uploads\\\/2020\\\/01\\\/WhatsApp-Image-2020-01-09-at-13.07.25.jpeg\"},{\"@type\":\"BreadcrumbList\",\"@id\":\"https:\\\/\\\/tirinha.com\\\/904\\\/rivas-comecam-as-jornadas-culturais-da-escola-municipal-de-musica\\\/#breadcrumb\",\"itemListElement\":[{\"@type\":\"ListItem\",\"position\":1,\"name\":\"Home\",\"item\":\"https:\\\/\\\/tirinha.com\\\/\"},{\"@type\":\"ListItem\",\"position\":2,\"name\":\"RIVAS \\\/ Come\u00e7am as jornadas culturais da Escola Municipal de M\u00fasica\"}]},{\"@type\":\"WebSite\",\"@id\":\"https:\\\/\\\/tirinha.com\\\/#website\",\"url\":\"https:\\\/\\\/tirinha.com\\\/\",\"name\":\"Tirinha.com\",\"description\":\"Arte e livros resenhas\",\"publisher\":{\"@id\":\"https:\\\/\\\/tirinha.com\\\/#organization\"},\"potentialAction\":[{\"@type\":\"SearchAction\",\"target\":{\"@type\":\"EntryPoint\",\"urlTemplate\":\"https:\\\/\\\/tirinha.com\\\/?s={search_term_string}\"},\"query-input\":{\"@type\":\"PropertyValueSpecification\",\"valueRequired\":true,\"valueName\":\"search_term_string\"}}],\"inLanguage\":\"de\"},{\"@type\":\"Organization\",\"@id\":\"https:\\\/\\\/tirinha.com\\\/#organization\",\"name\":\"Tirinha.com\",\"url\":\"https:\\\/\\\/tirinha.com\\\/\",\"logo\":{\"@type\":\"ImageObject\",\"inLanguage\":\"de\",\"@id\":\"https:\\\/\\\/tirinha.com\\\/#\\\/schema\\\/logo\\\/image\\\/\",\"url\":\"https:\\\/\\\/tirinha.com\\\/wp-content\\\/uploads\\\/2023\\\/08\\\/cropped-Logo-Tirinha.webp\",\"contentUrl\":\"https:\\\/\\\/tirinha.com\\\/wp-content\\\/uploads\\\/2023\\\/08\\\/cropped-Logo-Tirinha.webp\",\"width\":512,\"height\":512,\"caption\":\"Tirinha.com\"},\"image\":{\"@id\":\"https:\\\/\\\/tirinha.com\\\/#\\\/schema\\\/logo\\\/image\\\/\"}},{\"@type\":\"Person\",\"@id\":\"https:\\\/\\\/tirinha.com\\\/#\\\/schema\\\/person\\\/e22bdfbe17e0461f7e927e6a1208d4d9\",\"name\":\"admin\",\"image\":{\"@type\":\"ImageObject\",\"inLanguage\":\"de\",\"@id\":\"https:\\\/\\\/tirinha.com\\\/wp-content\\\/litespeed\\\/avatar\\\/d0068f7931cc87d7274eb0c3db1deb4b.jpg?ver=1777434315\",\"url\":\"https:\\\/\\\/tirinha.com\\\/wp-content\\\/litespeed\\\/avatar\\\/d0068f7931cc87d7274eb0c3db1deb4b.jpg?ver=1777434315\",\"contentUrl\":\"https:\\\/\\\/tirinha.com\\\/wp-content\\\/litespeed\\\/avatar\\\/d0068f7931cc87d7274eb0c3db1deb4b.jpg?ver=1777434315\",\"caption\":\"admin\"},\"sameAs\":[\"https:\\\/\\\/tirinha.com\"],\"url\":\"https:\\\/\\\/tirinha.com\\\/de\\\/author\\\/admin\\\/\"}]}<\/script>\n<!-- \/ Yoast SEO plugin. -->","yoast_head_json":{"title":"RIVAS \/ Kulturveranstaltungen beginnen an der St\u00e4dtischen Musikschule - Tirinha.com","robots":{"index":"index","follow":"follow","max-snippet":"max-snippet:-1","max-image-preview":"max-image-preview:large","max-video-preview":"max-video-preview:-1"},"canonical":"https:\/\/tirinha.com\/de\/904\/rivas-eroffnet-die-kulturtage-der-stadtischen-musikschule\/","og_locale":"de_DE","og_type":"article","og_title":"RIVAS \/ Come\u00e7am as jornadas culturais da Escola Municipal de M\u00fasica - Tirinha.com","og_description":"A Escola Municipal de M\u00fasica de Rivas prop\u00f5e cinco atividades l\u00fadicas e educativas com foco na m\u00fasica, de hoje, ter\u00e7a-feira, &hellip;","og_url":"https:\/\/tirinha.com\/de\/904\/rivas-eroffnet-die-kulturtage-der-stadtischen-musikschule\/","og_site_name":"Tirinha.com","article_published_time":"2023-04-03T13:57:24+00:00","og_image":[{"url":"https:\/\/noticiasparamunicipios.com\/wp-content\/uploads\/2020\/01\/WhatsApp-Image-2020-01-09-at-13.07.25.jpeg","type":"","width":"","height":""}],"author":"admin","twitter_card":"summary_large_image","twitter_image":"https:\/\/noticiasparamunicipios.com\/wp-content\/uploads\/2020\/01\/WhatsApp-Image-2020-01-09-at-13.07.25.jpeg","twitter_misc":{"Verfasst von":"admin","Gesch\u00e4tzte Lesezeit":"2\u00a0Minuten"},"schema":{"@context":"https:\/\/schema.org","@graph":[{"@type":"Article","@id":"https:\/\/tirinha.com\/904\/rivas-comecam-as-jornadas-culturais-da-escola-municipal-de-musica\/#article","isPartOf":{"@id":"https:\/\/tirinha.com\/904\/rivas-comecam-as-jornadas-culturais-da-escola-municipal-de-musica\/"},"author":{"name":"admin","@id":"https:\/\/tirinha.com\/#\/schema\/person\/e22bdfbe17e0461f7e927e6a1208d4d9"},"headline":"RIVAS \/ Come\u00e7am as jornadas culturais da Escola Municipal de M\u00fasica","datePublished":"2023-04-03T13:57:24+00:00","mainEntityOfPage":{"@id":"https:\/\/tirinha.com\/904\/rivas-comecam-as-jornadas-culturais-da-escola-municipal-de-musica\/"},"wordCount":411,"commentCount":0,"publisher":{"@id":"https:\/\/tirinha.com\/#organization"},"image":{"@id":"https:\/\/tirinha.com\/904\/rivas-comecam-as-jornadas-culturais-da-escola-municipal-de-musica\/#primaryimage"},"thumbnailUrl":"https:\/\/noticiasparamunicipios.com\/wp-content\/uploads\/2020\/01\/WhatsApp-Image-2020-01-09-at-13.07.25.jpeg","articleSection":["Cultura e lazer"],"inLanguage":"de","potentialAction":[{"@type":"CommentAction","name":"Comment","target":["https:\/\/tirinha.com\/904\/rivas-comecam-as-jornadas-culturais-da-escola-municipal-de-musica\/#respond"]}]},{"@type":"WebPage","@id":"https:\/\/tirinha.com\/904\/rivas-comecam-as-jornadas-culturais-da-escola-municipal-de-musica\/","url":"https:\/\/tirinha.com\/904\/rivas-comecam-as-jornadas-culturais-da-escola-municipal-de-musica\/","name":"RIVAS \/ Kulturveranstaltungen beginnen an der St\u00e4dtischen Musikschule - Tirinha.com","isPartOf":{"@id":"https:\/\/tirinha.com\/#website"},"primaryImageOfPage":{"@id":"https:\/\/tirinha.com\/904\/rivas-comecam-as-jornadas-culturais-da-escola-municipal-de-musica\/#primaryimage"},"image":{"@id":"https:\/\/tirinha.com\/904\/rivas-comecam-as-jornadas-culturais-da-escola-municipal-de-musica\/#primaryimage"},"thumbnailUrl":"https:\/\/noticiasparamunicipios.com\/wp-content\/uploads\/2020\/01\/WhatsApp-Image-2020-01-09-at-13.07.25.jpeg","datePublished":"2023-04-03T13:57:24+00:00","breadcrumb":{"@id":"https:\/\/tirinha.com\/904\/rivas-comecam-as-jornadas-culturais-da-escola-municipal-de-musica\/#breadcrumb"},"inLanguage":"de","potentialAction":[{"@type":"ReadAction","target":["https:\/\/tirinha.com\/904\/rivas-comecam-as-jornadas-culturais-da-escola-municipal-de-musica\/"]}]},{"@type":"ImageObject","inLanguage":"de","@id":"https:\/\/tirinha.com\/904\/rivas-comecam-as-jornadas-culturais-da-escola-municipal-de-musica\/#primaryimage","url":"https:\/\/noticiasparamunicipios.com\/wp-content\/uploads\/2020\/01\/WhatsApp-Image-2020-01-09-at-13.07.25.jpeg","contentUrl":"https:\/\/noticiasparamunicipios.com\/wp-content\/uploads\/2020\/01\/WhatsApp-Image-2020-01-09-at-13.07.25.jpeg"},{"@type":"BreadcrumbList","@id":"https:\/\/tirinha.com\/904\/rivas-comecam-as-jornadas-culturais-da-escola-municipal-de-musica\/#breadcrumb","itemListElement":[{"@type":"ListItem","position":1,"name":"Home","item":"https:\/\/tirinha.com\/"},{"@type":"ListItem","position":2,"name":"RIVAS \/ Come\u00e7am as jornadas culturais da Escola Municipal de M\u00fasica"}]},{"@type":"WebSite","@id":"https:\/\/tirinha.com\/#website","url":"https:\/\/tirinha.com\/","name":"Tirinha.com","description":"Kunst- und Buchrezensionen","publisher":{"@id":"https:\/\/tirinha.com\/#organization"},"potentialAction":[{"@type":"SearchAction","target":{"@type":"EntryPoint","urlTemplate":"https:\/\/tirinha.com\/?s={search_term_string}"},"query-input":{"@type":"PropertyValueSpecification","valueRequired":true,"valueName":"search_term_string"}}],"inLanguage":"de"},{"@type":"Organization","@id":"https:\/\/tirinha.com\/#organization","name":"Tirinha.com","url":"https:\/\/tirinha.com\/","logo":{"@type":"ImageObject","inLanguage":"de","@id":"https:\/\/tirinha.com\/#\/schema\/logo\/image\/","url":"https:\/\/tirinha.com\/wp-content\/uploads\/2023\/08\/cropped-Logo-Tirinha.webp","contentUrl":"https:\/\/tirinha.com\/wp-content\/uploads\/2023\/08\/cropped-Logo-Tirinha.webp","width":512,"height":512,"caption":"Tirinha.com"},"image":{"@id":"https:\/\/tirinha.com\/#\/schema\/logo\/image\/"}},{"@type":"Person","@id":"https:\/\/tirinha.com\/#\/schema\/person\/e22bdfbe17e0461f7e927e6a1208d4d9","name":"Administrator","image":{"@type":"ImageObject","inLanguage":"de","@id":"https:\/\/tirinha.com\/wp-content\/litespeed\/avatar\/d0068f7931cc87d7274eb0c3db1deb4b.jpg?ver=1777434315","url":"https:\/\/tirinha.com\/wp-content\/litespeed\/avatar\/d0068f7931cc87d7274eb0c3db1deb4b.jpg?ver=1777434315","contentUrl":"https:\/\/tirinha.com\/wp-content\/litespeed\/avatar\/d0068f7931cc87d7274eb0c3db1deb4b.jpg?ver=1777434315","caption":"admin"},"sameAs":["https:\/\/tirinha.com"],"url":"https:\/\/tirinha.com\/de\/author\/admin\/"}]}},"_links":{"self":[{"href":"https:\/\/tirinha.com\/de\/wp-json\/wp\/v2\/posts\/904","targetHints":{"allow":["GET"]}}],"collection":[{"href":"https:\/\/tirinha.com\/de\/wp-json\/wp\/v2\/posts"}],"about":[{"href":"https:\/\/tirinha.com\/de\/wp-json\/wp\/v2\/types\/post"}],"author":[{"embeddable":true,"href":"https:\/\/tirinha.com\/de\/wp-json\/wp\/v2\/users\/1"}],"replies":[{"embeddable":true,"href":"https:\/\/tirinha.com\/de\/wp-json\/wp\/v2\/comments?post=904"}],"version-history":[{"count":0,"href":"https:\/\/tirinha.com\/de\/wp-json\/wp\/v2\/posts\/904\/revisions"}],"wp:featuredmedia":[{"embeddable":true,"href":"https:\/\/tirinha.com\/de\/wp-json\/wp\/v2\/media\/905"}],"wp:attachment":[{"href":"https:\/\/tirinha.com\/de\/wp-json\/wp\/v2\/media?parent=904"}],"wp:term":[{"taxonomy":"category","embeddable":true,"href":"https:\/\/tirinha.com\/de\/wp-json\/wp\/v2\/categories?post=904"},{"taxonomy":"post_tag","embeddable":true,"href":"https:\/\/tirinha.com\/de\/wp-json\/wp\/v2\/tags?post=904"}],"curies":[{"name":"wp","href":"https:\/\/api.w.org\/{rel}","templated":true}]}}