{"id":898,"date":"2023-04-03T13:56:50","date_gmt":"2023-04-03T13:56:50","guid":{"rendered":"https:\/\/tirinha.com\/san-fernando-de-henares-a-rota-das-tapas-regressa-a-30-bares-da-cidade\/"},"modified":"2023-04-03T13:56:50","modified_gmt":"2023-04-03T13:56:50","slug":"san-fernando-de-henares-die-tapas-route-kehrt-in-30-bars-der-stadt-zuruck","status":"publish","type":"post","link":"https:\/\/tirinha.com\/de\/898\/san-fernando-de-henares-a-rota-das-tapas-regressa-a-30-bares-da-cidade\/","title":{"rendered":"SAN FERNANDO DE HENARES\/ \u201eDie Tapas-Route\u201c kehrt in 30 Bars der Stadt zur\u00fcck"},"content":{"rendered":"<p><\/p>\n<div>\n<p>Der B\u00fcrgermeister von San Fernando de Henares, Javier Corpa, und die Handelsr\u00e4tin Lorena Galindo pr\u00e4sentierten eine neue Ausgabe des <strong>\u201eRuta de las Tapas\u201c, die diesen Freitag beginnt und das ganze Wochenende \u00fcber andauert<\/strong>. <\/p>\n<p>Nach den Worten des B\u00fcrgermeisters versuchen wir mit dieser Ausgabe \u201eunseren Teil dazu beizutragen, die Hotellerie und den lokalen Handel anzukurbeln\u201c und dar\u00fcber hinaus die reiche lokale Gastronomie bekannt zu machen <strong>die Beteiligung von insgesamt 30 Bars und Restaurants<\/strong>. <\/p>\n<aside class=\"scaip scaip-1\">\n\t\t<\/aside>\n<p>Die Handelsr\u00e4tin betonte ihrerseits die Vielfalt des Hotels: \u201eWir k\u00f6nnen alle Arten von Tapas finden, von den traditionellsten bis zu den modernsten\u201c, und appellierte an San Fernandinos: \u201eIch lade die Bewohner von San Fernando de Henares ein, sie zu genie\u00dfen.\u201c .<\/p>\n<p>Die traditionelle Brosch\u00fcre mit einem Stadtplan und angeschlossenen Restaurants ist eine R\u00fcckkehr zum <strong>Mobile Anwendung \u201eRutappa\u201c.<\/strong>v\u00f6llig kostenlos und in den wichtigsten Stores (Google Play, App Store) erh\u00e4ltlich, einschlie\u00dflich der <strong>Liste der Mitgliedsbetriebe, ihre vielf\u00e4ltigen und originellen gastronomischen Angebote und sogar eine interaktive Karte<\/strong>.<\/p>\n<p>W\u00e4hrend der drei Tage wird es musikalische Unterhaltung auf den Stra\u00dfen geben und am Ende der Konferenz wird es nicht an Preisen mangeln.<\/p>\n<aside class=\"scaip scaip-2\">\n\t\t<\/aside>\n<h2 class=\"wp-block-heading\">Drei Tage, um f\u00fcr das beste Cover zu stimmen<\/h2>\n<p>Die Tapa-Route beginnt an diesem Tag <strong>Freitag, von 19:00 bis 22:00 Uhr.<\/strong>w\u00e4hrend <strong>Samstag und Sonntag k\u00f6nnen Sie es von 12 bis 22 Uhr bzw. von 12 bis 17 Uhr genie\u00dfen<\/strong>.<\/p>\n<p>Der Preis f\u00fcr eine Tapa mit Bier oder Wasser betr\u00e4gt 2,50 Euro, mit Wein oder Erfrischungsgetr\u00e4nk 2,80 Euro. <\/p>\n<p>Die Kunden <strong>Sie k\u00f6nnen \u00fcber die APP f\u00fcr Ihre Lieblingstapas stimmen<\/strong> und sie k\u00f6nnen an einer Verlosung mit mehreren Preisen teilnehmen: ein Abendessen f\u00fcr zwei Personen im Wert von 100 Euro, ein Wochenende ebenfalls f\u00fcr zwei Personen und f\u00fcnf Doppelkarten f\u00fcr eine Show im Teatro Federico Garc\u00eda Lorca. <\/p>\n<aside class=\"scaip scaip-3\">\n\t\t<\/aside>\n<p>Dazu wird es notwendig sein <strong>in mindestens sechs Riegeln verzehren<\/strong> oder Restaurants.<\/p>\n<p>Im Gegenzug wird der Siegerbetrieb pr\u00e4miert <strong>Er<\/strong> <strong>Auszeichnung \u201eBester Schlag\u201c im Wert von 300 Euro und Erinnerungsdiplom<\/strong>. <\/p>\n<p><h3 class=\"jp-relatedposts-headline\"><em>Verwandt<\/em><\/h3>\n<\/p><\/div>","protected":false},"excerpt":{"rendered":"<p>Der B\u00fcrgermeister von San Fernando de Henares, Javier Corpa, und die Handelsr\u00e4tin Lorena Galindo pr\u00e4sentierten eine neue Ausgabe\u2026 <\/p>","protected":false},"author":1,"featured_media":899,"comment_status":"open","ping_status":"open","sticky":false,"template":"","format":"standard","meta":{"fifu_image_url":"https:\/\/noticiasparamunicipios.com\/wp-content\/uploads\/2023\/03\/RdP_RutaTapas_2023.jpeg","fifu_image_alt":"","footnotes":""},"categories":[35],"tags":[],"class_list":["post-898","post","type-post","status-publish","format-standard","has-post-thumbnail","hentry","category-cultura-e-lazer","latest_post"],"yoast_head":"<!-- This site is optimized with the Yoast SEO plugin v27.3 - https:\/\/yoast.com\/product\/yoast-seo-wordpress\/ -->\n<title>SAN FERNANDO DE HENARES\/ &#039;A Rota das Tapas&#039; regressa a 30 bares da cidade - Tirinha.com<\/title>\n<meta name=\"robots\" content=\"index, follow, max-snippet:-1, max-image-preview:large, max-video-preview:-1\" \/>\n<link rel=\"canonical\" href=\"https:\/\/tirinha.com\/de\/898\/san-fernando-de-henares-die-tapas-route-kehrt-in-30-bars-der-stadt-zuruck\/\" \/>\n<meta property=\"og:locale\" content=\"de_DE\" \/>\n<meta property=\"og:type\" content=\"article\" \/>\n<meta property=\"og:title\" content=\"SAN FERNANDO DE HENARES\/ &#039;A Rota das Tapas&#039; regressa a 30 bares da cidade - Tirinha.com\" \/>\n<meta property=\"og:description\" content=\"O Prefeito de San Fernando de Henares, Javier Corpa, e a Vereadora do Com\u00e9rcio, Lorena Galindo, apresentaram uma nova edi\u00e7\u00e3o &hellip;\" \/>\n<meta property=\"og:url\" content=\"https:\/\/tirinha.com\/de\/898\/san-fernando-de-henares-die-tapas-route-kehrt-in-30-bars-der-stadt-zuruck\/\" \/>\n<meta property=\"og:site_name\" content=\"Tirinha.com\" \/>\n<meta property=\"article:published_time\" content=\"2023-04-03T13:56:50+00:00\" \/>\n<meta property=\"og:image\" content=\"https:\/\/noticiasparamunicipios.com\/wp-content\/uploads\/2023\/03\/RdP_RutaTapas_2023.jpeg\" \/>\n<meta name=\"author\" content=\"admin\" \/>\n<meta name=\"twitter:card\" content=\"summary_large_image\" \/>\n<meta name=\"twitter:image\" content=\"https:\/\/noticiasparamunicipios.com\/wp-content\/uploads\/2023\/03\/RdP_RutaTapas_2023.jpeg\" \/>\n<meta name=\"twitter:label1\" content=\"Verfasst von\" \/>\n\t<meta name=\"twitter:data1\" content=\"admin\" \/>\n\t<meta name=\"twitter:label2\" content=\"Gesch\u00e4tzte Lesezeit\" \/>\n\t<meta name=\"twitter:data2\" content=\"2\u00a0Minuten\" \/>\n<script type=\"application\/ld+json\" class=\"yoast-schema-graph\">{\"@context\":\"https:\\\/\\\/schema.org\",\"@graph\":[{\"@type\":\"Article\",\"@id\":\"https:\\\/\\\/tirinha.com\\\/898\\\/san-fernando-de-henares-a-rota-das-tapas-regressa-a-30-bares-da-cidade\\\/#article\",\"isPartOf\":{\"@id\":\"https:\\\/\\\/tirinha.com\\\/898\\\/san-fernando-de-henares-a-rota-das-tapas-regressa-a-30-bares-da-cidade\\\/\"},\"author\":{\"name\":\"admin\",\"@id\":\"https:\\\/\\\/tirinha.com\\\/#\\\/schema\\\/person\\\/e22bdfbe17e0461f7e927e6a1208d4d9\"},\"headline\":\"SAN FERNANDO DE HENARES\\\/ &#8216;A Rota das Tapas&#8217; regressa a 30 bares da cidade\",\"datePublished\":\"2023-04-03T13:56:50+00:00\",\"mainEntityOfPage\":{\"@id\":\"https:\\\/\\\/tirinha.com\\\/898\\\/san-fernando-de-henares-a-rota-das-tapas-regressa-a-30-bares-da-cidade\\\/\"},\"wordCount\":367,\"commentCount\":0,\"publisher\":{\"@id\":\"https:\\\/\\\/tirinha.com\\\/#organization\"},\"image\":{\"@id\":\"https:\\\/\\\/tirinha.com\\\/898\\\/san-fernando-de-henares-a-rota-das-tapas-regressa-a-30-bares-da-cidade\\\/#primaryimage\"},\"thumbnailUrl\":\"https:\\\/\\\/noticiasparamunicipios.com\\\/wp-content\\\/uploads\\\/2023\\\/03\\\/RdP_RutaTapas_2023.jpeg\",\"articleSection\":[\"Cultura e lazer\"],\"inLanguage\":\"de\",\"potentialAction\":[{\"@type\":\"CommentAction\",\"name\":\"Comment\",\"target\":[\"https:\\\/\\\/tirinha.com\\\/898\\\/san-fernando-de-henares-a-rota-das-tapas-regressa-a-30-bares-da-cidade\\\/#respond\"]}]},{\"@type\":\"WebPage\",\"@id\":\"https:\\\/\\\/tirinha.com\\\/898\\\/san-fernando-de-henares-a-rota-das-tapas-regressa-a-30-bares-da-cidade\\\/\",\"url\":\"https:\\\/\\\/tirinha.com\\\/898\\\/san-fernando-de-henares-a-rota-das-tapas-regressa-a-30-bares-da-cidade\\\/\",\"name\":\"SAN FERNANDO DE HENARES\\\/ 'A Rota das Tapas' regressa a 30 bares da cidade - Tirinha.com\",\"isPartOf\":{\"@id\":\"https:\\\/\\\/tirinha.com\\\/#website\"},\"primaryImageOfPage\":{\"@id\":\"https:\\\/\\\/tirinha.com\\\/898\\\/san-fernando-de-henares-a-rota-das-tapas-regressa-a-30-bares-da-cidade\\\/#primaryimage\"},\"image\":{\"@id\":\"https:\\\/\\\/tirinha.com\\\/898\\\/san-fernando-de-henares-a-rota-das-tapas-regressa-a-30-bares-da-cidade\\\/#primaryimage\"},\"thumbnailUrl\":\"https:\\\/\\\/noticiasparamunicipios.com\\\/wp-content\\\/uploads\\\/2023\\\/03\\\/RdP_RutaTapas_2023.jpeg\",\"datePublished\":\"2023-04-03T13:56:50+00:00\",\"breadcrumb\":{\"@id\":\"https:\\\/\\\/tirinha.com\\\/898\\\/san-fernando-de-henares-a-rota-das-tapas-regressa-a-30-bares-da-cidade\\\/#breadcrumb\"},\"inLanguage\":\"de\",\"potentialAction\":[{\"@type\":\"ReadAction\",\"target\":[\"https:\\\/\\\/tirinha.com\\\/898\\\/san-fernando-de-henares-a-rota-das-tapas-regressa-a-30-bares-da-cidade\\\/\"]}]},{\"@type\":\"ImageObject\",\"inLanguage\":\"de\",\"@id\":\"https:\\\/\\\/tirinha.com\\\/898\\\/san-fernando-de-henares-a-rota-das-tapas-regressa-a-30-bares-da-cidade\\\/#primaryimage\",\"url\":\"https:\\\/\\\/noticiasparamunicipios.com\\\/wp-content\\\/uploads\\\/2023\\\/03\\\/RdP_RutaTapas_2023.jpeg\",\"contentUrl\":\"https:\\\/\\\/noticiasparamunicipios.com\\\/wp-content\\\/uploads\\\/2023\\\/03\\\/RdP_RutaTapas_2023.jpeg\"},{\"@type\":\"BreadcrumbList\",\"@id\":\"https:\\\/\\\/tirinha.com\\\/898\\\/san-fernando-de-henares-a-rota-das-tapas-regressa-a-30-bares-da-cidade\\\/#breadcrumb\",\"itemListElement\":[{\"@type\":\"ListItem\",\"position\":1,\"name\":\"Home\",\"item\":\"https:\\\/\\\/tirinha.com\\\/\"},{\"@type\":\"ListItem\",\"position\":2,\"name\":\"SAN FERNANDO DE HENARES\\\/ &#8216;A Rota das Tapas&#8217; regressa a 30 bares da cidade\"}]},{\"@type\":\"WebSite\",\"@id\":\"https:\\\/\\\/tirinha.com\\\/#website\",\"url\":\"https:\\\/\\\/tirinha.com\\\/\",\"name\":\"Tirinha.com\",\"description\":\"Arte e livros resenhas\",\"publisher\":{\"@id\":\"https:\\\/\\\/tirinha.com\\\/#organization\"},\"potentialAction\":[{\"@type\":\"SearchAction\",\"target\":{\"@type\":\"EntryPoint\",\"urlTemplate\":\"https:\\\/\\\/tirinha.com\\\/?s={search_term_string}\"},\"query-input\":{\"@type\":\"PropertyValueSpecification\",\"valueRequired\":true,\"valueName\":\"search_term_string\"}}],\"inLanguage\":\"de\"},{\"@type\":\"Organization\",\"@id\":\"https:\\\/\\\/tirinha.com\\\/#organization\",\"name\":\"Tirinha.com\",\"url\":\"https:\\\/\\\/tirinha.com\\\/\",\"logo\":{\"@type\":\"ImageObject\",\"inLanguage\":\"de\",\"@id\":\"https:\\\/\\\/tirinha.com\\\/#\\\/schema\\\/logo\\\/image\\\/\",\"url\":\"https:\\\/\\\/tirinha.com\\\/wp-content\\\/uploads\\\/2023\\\/08\\\/cropped-Logo-Tirinha.webp\",\"contentUrl\":\"https:\\\/\\\/tirinha.com\\\/wp-content\\\/uploads\\\/2023\\\/08\\\/cropped-Logo-Tirinha.webp\",\"width\":512,\"height\":512,\"caption\":\"Tirinha.com\"},\"image\":{\"@id\":\"https:\\\/\\\/tirinha.com\\\/#\\\/schema\\\/logo\\\/image\\\/\"}},{\"@type\":\"Person\",\"@id\":\"https:\\\/\\\/tirinha.com\\\/#\\\/schema\\\/person\\\/e22bdfbe17e0461f7e927e6a1208d4d9\",\"name\":\"admin\",\"image\":{\"@type\":\"ImageObject\",\"inLanguage\":\"de\",\"@id\":\"https:\\\/\\\/tirinha.com\\\/wp-content\\\/litespeed\\\/avatar\\\/d0068f7931cc87d7274eb0c3db1deb4b.jpg?ver=1776829466\",\"url\":\"https:\\\/\\\/tirinha.com\\\/wp-content\\\/litespeed\\\/avatar\\\/d0068f7931cc87d7274eb0c3db1deb4b.jpg?ver=1776829466\",\"contentUrl\":\"https:\\\/\\\/tirinha.com\\\/wp-content\\\/litespeed\\\/avatar\\\/d0068f7931cc87d7274eb0c3db1deb4b.jpg?ver=1776829466\",\"caption\":\"admin\"},\"sameAs\":[\"https:\\\/\\\/tirinha.com\"],\"url\":\"https:\\\/\\\/tirinha.com\\\/de\\\/author\\\/admin\\\/\"}]}<\/script>\n<!-- \/ Yoast SEO plugin. -->","yoast_head_json":{"title":"SAN FERNANDO DE HENARES \/ Die 'Tapas-Route' kehrt in 30 Bars der Stadt zur\u00fcck \u2013 Tirinha.com","robots":{"index":"index","follow":"follow","max-snippet":"max-snippet:-1","max-image-preview":"max-image-preview:large","max-video-preview":"max-video-preview:-1"},"canonical":"https:\/\/tirinha.com\/de\/898\/san-fernando-de-henares-die-tapas-route-kehrt-in-30-bars-der-stadt-zuruck\/","og_locale":"de_DE","og_type":"article","og_title":"SAN FERNANDO DE HENARES\/ 'A Rota das Tapas' regressa a 30 bares da cidade - Tirinha.com","og_description":"O Prefeito de San Fernando de Henares, Javier Corpa, e a Vereadora do Com\u00e9rcio, Lorena Galindo, apresentaram uma nova edi\u00e7\u00e3o &hellip;","og_url":"https:\/\/tirinha.com\/de\/898\/san-fernando-de-henares-die-tapas-route-kehrt-in-30-bars-der-stadt-zuruck\/","og_site_name":"Tirinha.com","article_published_time":"2023-04-03T13:56:50+00:00","og_image":[{"url":"https:\/\/noticiasparamunicipios.com\/wp-content\/uploads\/2023\/03\/RdP_RutaTapas_2023.jpeg","type":"","width":"","height":""}],"author":"admin","twitter_card":"summary_large_image","twitter_image":"https:\/\/noticiasparamunicipios.com\/wp-content\/uploads\/2023\/03\/RdP_RutaTapas_2023.jpeg","twitter_misc":{"Verfasst von":"admin","Gesch\u00e4tzte Lesezeit":"2\u00a0Minuten"},"schema":{"@context":"https:\/\/schema.org","@graph":[{"@type":"Article","@id":"https:\/\/tirinha.com\/898\/san-fernando-de-henares-a-rota-das-tapas-regressa-a-30-bares-da-cidade\/#article","isPartOf":{"@id":"https:\/\/tirinha.com\/898\/san-fernando-de-henares-a-rota-das-tapas-regressa-a-30-bares-da-cidade\/"},"author":{"name":"admin","@id":"https:\/\/tirinha.com\/#\/schema\/person\/e22bdfbe17e0461f7e927e6a1208d4d9"},"headline":"SAN FERNANDO DE HENARES\/ &#8216;A Rota das Tapas&#8217; regressa a 30 bares da cidade","datePublished":"2023-04-03T13:56:50+00:00","mainEntityOfPage":{"@id":"https:\/\/tirinha.com\/898\/san-fernando-de-henares-a-rota-das-tapas-regressa-a-30-bares-da-cidade\/"},"wordCount":367,"commentCount":0,"publisher":{"@id":"https:\/\/tirinha.com\/#organization"},"image":{"@id":"https:\/\/tirinha.com\/898\/san-fernando-de-henares-a-rota-das-tapas-regressa-a-30-bares-da-cidade\/#primaryimage"},"thumbnailUrl":"https:\/\/noticiasparamunicipios.com\/wp-content\/uploads\/2023\/03\/RdP_RutaTapas_2023.jpeg","articleSection":["Cultura e lazer"],"inLanguage":"de","potentialAction":[{"@type":"CommentAction","name":"Comment","target":["https:\/\/tirinha.com\/898\/san-fernando-de-henares-a-rota-das-tapas-regressa-a-30-bares-da-cidade\/#respond"]}]},{"@type":"WebPage","@id":"https:\/\/tirinha.com\/898\/san-fernando-de-henares-a-rota-das-tapas-regressa-a-30-bares-da-cidade\/","url":"https:\/\/tirinha.com\/898\/san-fernando-de-henares-a-rota-das-tapas-regressa-a-30-bares-da-cidade\/","name":"SAN FERNANDO DE HENARES \/ Die 'Tapas-Route' kehrt in 30 Bars der Stadt zur\u00fcck \u2013 Tirinha.com","isPartOf":{"@id":"https:\/\/tirinha.com\/#website"},"primaryImageOfPage":{"@id":"https:\/\/tirinha.com\/898\/san-fernando-de-henares-a-rota-das-tapas-regressa-a-30-bares-da-cidade\/#primaryimage"},"image":{"@id":"https:\/\/tirinha.com\/898\/san-fernando-de-henares-a-rota-das-tapas-regressa-a-30-bares-da-cidade\/#primaryimage"},"thumbnailUrl":"https:\/\/noticiasparamunicipios.com\/wp-content\/uploads\/2023\/03\/RdP_RutaTapas_2023.jpeg","datePublished":"2023-04-03T13:56:50+00:00","breadcrumb":{"@id":"https:\/\/tirinha.com\/898\/san-fernando-de-henares-a-rota-das-tapas-regressa-a-30-bares-da-cidade\/#breadcrumb"},"inLanguage":"de","potentialAction":[{"@type":"ReadAction","target":["https:\/\/tirinha.com\/898\/san-fernando-de-henares-a-rota-das-tapas-regressa-a-30-bares-da-cidade\/"]}]},{"@type":"ImageObject","inLanguage":"de","@id":"https:\/\/tirinha.com\/898\/san-fernando-de-henares-a-rota-das-tapas-regressa-a-30-bares-da-cidade\/#primaryimage","url":"https:\/\/noticiasparamunicipios.com\/wp-content\/uploads\/2023\/03\/RdP_RutaTapas_2023.jpeg","contentUrl":"https:\/\/noticiasparamunicipios.com\/wp-content\/uploads\/2023\/03\/RdP_RutaTapas_2023.jpeg"},{"@type":"BreadcrumbList","@id":"https:\/\/tirinha.com\/898\/san-fernando-de-henares-a-rota-das-tapas-regressa-a-30-bares-da-cidade\/#breadcrumb","itemListElement":[{"@type":"ListItem","position":1,"name":"Home","item":"https:\/\/tirinha.com\/"},{"@type":"ListItem","position":2,"name":"SAN FERNANDO DE HENARES\/ &#8216;A Rota das Tapas&#8217; regressa a 30 bares da cidade"}]},{"@type":"WebSite","@id":"https:\/\/tirinha.com\/#website","url":"https:\/\/tirinha.com\/","name":"Tirinha.com","description":"Kunst- und Buchrezensionen","publisher":{"@id":"https:\/\/tirinha.com\/#organization"},"potentialAction":[{"@type":"SearchAction","target":{"@type":"EntryPoint","urlTemplate":"https:\/\/tirinha.com\/?s={search_term_string}"},"query-input":{"@type":"PropertyValueSpecification","valueRequired":true,"valueName":"search_term_string"}}],"inLanguage":"de"},{"@type":"Organization","@id":"https:\/\/tirinha.com\/#organization","name":"Tirinha.com","url":"https:\/\/tirinha.com\/","logo":{"@type":"ImageObject","inLanguage":"de","@id":"https:\/\/tirinha.com\/#\/schema\/logo\/image\/","url":"https:\/\/tirinha.com\/wp-content\/uploads\/2023\/08\/cropped-Logo-Tirinha.webp","contentUrl":"https:\/\/tirinha.com\/wp-content\/uploads\/2023\/08\/cropped-Logo-Tirinha.webp","width":512,"height":512,"caption":"Tirinha.com"},"image":{"@id":"https:\/\/tirinha.com\/#\/schema\/logo\/image\/"}},{"@type":"Person","@id":"https:\/\/tirinha.com\/#\/schema\/person\/e22bdfbe17e0461f7e927e6a1208d4d9","name":"Administrator","image":{"@type":"ImageObject","inLanguage":"de","@id":"https:\/\/tirinha.com\/wp-content\/litespeed\/avatar\/d0068f7931cc87d7274eb0c3db1deb4b.jpg?ver=1776829466","url":"https:\/\/tirinha.com\/wp-content\/litespeed\/avatar\/d0068f7931cc87d7274eb0c3db1deb4b.jpg?ver=1776829466","contentUrl":"https:\/\/tirinha.com\/wp-content\/litespeed\/avatar\/d0068f7931cc87d7274eb0c3db1deb4b.jpg?ver=1776829466","caption":"admin"},"sameAs":["https:\/\/tirinha.com"],"url":"https:\/\/tirinha.com\/de\/author\/admin\/"}]}},"_links":{"self":[{"href":"https:\/\/tirinha.com\/de\/wp-json\/wp\/v2\/posts\/898","targetHints":{"allow":["GET"]}}],"collection":[{"href":"https:\/\/tirinha.com\/de\/wp-json\/wp\/v2\/posts"}],"about":[{"href":"https:\/\/tirinha.com\/de\/wp-json\/wp\/v2\/types\/post"}],"author":[{"embeddable":true,"href":"https:\/\/tirinha.com\/de\/wp-json\/wp\/v2\/users\/1"}],"replies":[{"embeddable":true,"href":"https:\/\/tirinha.com\/de\/wp-json\/wp\/v2\/comments?post=898"}],"version-history":[{"count":0,"href":"https:\/\/tirinha.com\/de\/wp-json\/wp\/v2\/posts\/898\/revisions"}],"wp:featuredmedia":[{"embeddable":true,"href":"https:\/\/tirinha.com\/de\/wp-json\/wp\/v2\/media\/899"}],"wp:attachment":[{"href":"https:\/\/tirinha.com\/de\/wp-json\/wp\/v2\/media?parent=898"}],"wp:term":[{"taxonomy":"category","embeddable":true,"href":"https:\/\/tirinha.com\/de\/wp-json\/wp\/v2\/categories?post=898"},{"taxonomy":"post_tag","embeddable":true,"href":"https:\/\/tirinha.com\/de\/wp-json\/wp\/v2\/tags?post=898"}],"curies":[{"name":"wp","href":"https:\/\/api.w.org\/{rel}","templated":true}]}}