{"id":881,"date":"2023-04-03T13:44:06","date_gmt":"2023-04-03T13:44:06","guid":{"rendered":"https:\/\/tirinha.com\/a-obra-de-maria-cordoba-chega-a-madrid\/"},"modified":"2023-04-03T13:44:06","modified_gmt":"2023-04-03T13:44:06","slug":"maria-cordobas-werk-trifft-in-madrid-ein","status":"publish","type":"post","link":"https:\/\/tirinha.com\/de\/881\/a-obra-de-maria-cordoba-chega-a-madrid\/","title":{"rendered":"Das Werk von Mar\u00eda C\u00f3rdoba kommt in Madrid an"},"content":{"rendered":"<p><\/p>\n<div itemprop=\"articleBody\">\n<p style=\"text-align: justify;\">Kommt in Madrid an <strong>erstes Theaterskript<\/strong> von Mar\u00eda C\u00f3rdoba, ein etwa 70-min\u00fctiges Werk f\u00fcr alle Zuschauer. Nach zwei Jahren harter Arbeit ist Sala AZarte am 1. April um 18 Uhr zum ersten Mal Gastgeber der Produktion der Schauspielerin, Autorin und Co-Regisseurin. <\/p>\n<p style=\"text-align: justify;\">\n<p style=\"text-align: justify;\">\n<p style=\"text-align: justify;\">Sofia arbeitet als Thanatosthetikerin im Bestattungsunternehmen der Familie Bendita Luz. Eines Nachmittags stellt eine ganz besondere verstorbene Person ihre Wahrnehmung von Liebe auf den Kopf. Man sagt \u00fcber die Liebe, dass sie in der Luft liegt, dass es immer eine Pause f\u00fcr einen Zusammenbruch gibt und dass sie dann kommt, wenn man sie am wenigsten erwartet. Oder wenn nicht, sagen Sie es Sofia. Wirst du es vermissen? <\/p>\n<p style=\"text-align: justify;\">\n<p style=\"text-align: justify;\">\n<p style=\"text-align: justify;\">Sie k\u00f6nnen nicht zur Premiere kommen? Ich bringe gute Nachrichten f\u00fcr Sie! <strong>Jeden Samstag um 18 Uhr<\/strong> Im Sala AZarte k\u00f6nnen Sie die Arbeit von Mar\u00eda C\u00f3rdoba zum Preis von 12 \u20ac sehen. <\/p>\n<p style=\"text-align: justify;\">\n<p style=\"text-align: justify;\">\n<p style=\"text-align: justify;\">Die Co-Regie dieser Arbeit liegt bei <strong>Manuel de Andr\u00e9s <\/strong>und in der Hauptrolle <strong>Pedro Munoz <\/strong>Und <strong>Maria Cordoba.<\/strong><\/p>\n<p style=\"text-align: justify;\">\n<p style=\"text-align: justify;\">\n<p><\/p>\n<div id=\"ctl00_ctl00_cph1_cph1_ctrlBlogPost_sumario\" style=\"background-color:#c11d4d;\" class=\"sumarioCentral\">\n<p>Mar\u00eda C\u00f3rdobas erstes Theaterdrehbuch kommt in Sala AZarte an<\/p>\n<\/p><\/div>\n<\/p><\/div>","protected":false},"excerpt":{"rendered":"<p>Ankunft in Madrid mit Mar\u00eda C\u00f3rdobas erstem Theaterdrehbuch, einem Werk f\u00fcr alle Zuschauer mit einer Dauer von etwa\u2026 <\/p>","protected":false},"author":1,"featured_media":0,"comment_status":"open","ping_status":"open","sticky":false,"template":"","format":"standard","meta":{"fifu_image_url":"","fifu_image_alt":"","footnotes":""},"categories":[35],"tags":[],"class_list":["post-881","post","type-post","status-publish","format-standard","hentry","category-cultura-e-lazer","latest_post"],"yoast_head":"<!-- This site is optimized with the Yoast SEO plugin v27.3 - https:\/\/yoast.com\/product\/yoast-seo-wordpress\/ -->\n<title>A obra de Mar\u00eda C\u00f3rdoba chega a Madrid - Tirinha.com<\/title>\n<meta name=\"robots\" content=\"index, follow, max-snippet:-1, max-image-preview:large, max-video-preview:-1\" \/>\n<link rel=\"canonical\" href=\"https:\/\/tirinha.com\/de\/881\/maria-cordobas-werk-trifft-in-madrid-ein\/\" \/>\n<meta property=\"og:locale\" content=\"de_DE\" \/>\n<meta property=\"og:type\" content=\"article\" \/>\n<meta property=\"og:title\" content=\"A obra de Mar\u00eda C\u00f3rdoba chega a Madrid - Tirinha.com\" \/>\n<meta property=\"og:description\" content=\"Chega a Madrid em primeiro roteiro teatral de Mar\u00eda C\u00f3rdoba, uma obra para todos os p\u00fablicos com dura\u00e7\u00e3o aproximada de &hellip;\" \/>\n<meta property=\"og:url\" content=\"https:\/\/tirinha.com\/de\/881\/maria-cordobas-werk-trifft-in-madrid-ein\/\" \/>\n<meta property=\"og:site_name\" content=\"Tirinha.com\" \/>\n<meta property=\"article:published_time\" content=\"2023-04-03T13:44:06+00:00\" \/>\n<meta name=\"author\" content=\"admin\" \/>\n<meta name=\"twitter:card\" content=\"summary_large_image\" \/>\n<meta name=\"twitter:label1\" content=\"Verfasst von\" \/>\n\t<meta name=\"twitter:data1\" content=\"admin\" \/>\n\t<meta name=\"twitter:label2\" content=\"Gesch\u00e4tzte Lesezeit\" \/>\n\t<meta name=\"twitter:data2\" content=\"1\u00a0Minute\" \/>\n<script type=\"application\/ld+json\" class=\"yoast-schema-graph\">{\"@context\":\"https:\\\/\\\/schema.org\",\"@graph\":[{\"@type\":\"Article\",\"@id\":\"https:\\\/\\\/tirinha.com\\\/881\\\/a-obra-de-maria-cordoba-chega-a-madrid\\\/#article\",\"isPartOf\":{\"@id\":\"https:\\\/\\\/tirinha.com\\\/881\\\/a-obra-de-maria-cordoba-chega-a-madrid\\\/\"},\"author\":{\"name\":\"admin\",\"@id\":\"https:\\\/\\\/tirinha.com\\\/#\\\/schema\\\/person\\\/e22bdfbe17e0461f7e927e6a1208d4d9\"},\"headline\":\"A obra de Mar\u00eda C\u00f3rdoba chega a Madrid\",\"datePublished\":\"2023-04-03T13:44:06+00:00\",\"mainEntityOfPage\":{\"@id\":\"https:\\\/\\\/tirinha.com\\\/881\\\/a-obra-de-maria-cordoba-chega-a-madrid\\\/\"},\"wordCount\":189,\"commentCount\":0,\"publisher\":{\"@id\":\"https:\\\/\\\/tirinha.com\\\/#organization\"},\"articleSection\":[\"Cultura e lazer\"],\"inLanguage\":\"de\",\"potentialAction\":[{\"@type\":\"CommentAction\",\"name\":\"Comment\",\"target\":[\"https:\\\/\\\/tirinha.com\\\/881\\\/a-obra-de-maria-cordoba-chega-a-madrid\\\/#respond\"]}]},{\"@type\":\"WebPage\",\"@id\":\"https:\\\/\\\/tirinha.com\\\/881\\\/a-obra-de-maria-cordoba-chega-a-madrid\\\/\",\"url\":\"https:\\\/\\\/tirinha.com\\\/881\\\/a-obra-de-maria-cordoba-chega-a-madrid\\\/\",\"name\":\"A obra de Mar\u00eda C\u00f3rdoba chega a Madrid - Tirinha.com\",\"isPartOf\":{\"@id\":\"https:\\\/\\\/tirinha.com\\\/#website\"},\"datePublished\":\"2023-04-03T13:44:06+00:00\",\"breadcrumb\":{\"@id\":\"https:\\\/\\\/tirinha.com\\\/881\\\/a-obra-de-maria-cordoba-chega-a-madrid\\\/#breadcrumb\"},\"inLanguage\":\"de\",\"potentialAction\":[{\"@type\":\"ReadAction\",\"target\":[\"https:\\\/\\\/tirinha.com\\\/881\\\/a-obra-de-maria-cordoba-chega-a-madrid\\\/\"]}]},{\"@type\":\"BreadcrumbList\",\"@id\":\"https:\\\/\\\/tirinha.com\\\/881\\\/a-obra-de-maria-cordoba-chega-a-madrid\\\/#breadcrumb\",\"itemListElement\":[{\"@type\":\"ListItem\",\"position\":1,\"name\":\"Home\",\"item\":\"https:\\\/\\\/tirinha.com\\\/\"},{\"@type\":\"ListItem\",\"position\":2,\"name\":\"A obra de Mar\u00eda C\u00f3rdoba chega a Madrid\"}]},{\"@type\":\"WebSite\",\"@id\":\"https:\\\/\\\/tirinha.com\\\/#website\",\"url\":\"https:\\\/\\\/tirinha.com\\\/\",\"name\":\"Tirinha.com\",\"description\":\"Arte e livros resenhas\",\"publisher\":{\"@id\":\"https:\\\/\\\/tirinha.com\\\/#organization\"},\"potentialAction\":[{\"@type\":\"SearchAction\",\"target\":{\"@type\":\"EntryPoint\",\"urlTemplate\":\"https:\\\/\\\/tirinha.com\\\/?s={search_term_string}\"},\"query-input\":{\"@type\":\"PropertyValueSpecification\",\"valueRequired\":true,\"valueName\":\"search_term_string\"}}],\"inLanguage\":\"de\"},{\"@type\":\"Organization\",\"@id\":\"https:\\\/\\\/tirinha.com\\\/#organization\",\"name\":\"Tirinha.com\",\"url\":\"https:\\\/\\\/tirinha.com\\\/\",\"logo\":{\"@type\":\"ImageObject\",\"inLanguage\":\"de\",\"@id\":\"https:\\\/\\\/tirinha.com\\\/#\\\/schema\\\/logo\\\/image\\\/\",\"url\":\"https:\\\/\\\/tirinha.com\\\/wp-content\\\/uploads\\\/2023\\\/08\\\/cropped-Logo-Tirinha.webp\",\"contentUrl\":\"https:\\\/\\\/tirinha.com\\\/wp-content\\\/uploads\\\/2023\\\/08\\\/cropped-Logo-Tirinha.webp\",\"width\":512,\"height\":512,\"caption\":\"Tirinha.com\"},\"image\":{\"@id\":\"https:\\\/\\\/tirinha.com\\\/#\\\/schema\\\/logo\\\/image\\\/\"}},{\"@type\":\"Person\",\"@id\":\"https:\\\/\\\/tirinha.com\\\/#\\\/schema\\\/person\\\/e22bdfbe17e0461f7e927e6a1208d4d9\",\"name\":\"admin\",\"image\":{\"@type\":\"ImageObject\",\"inLanguage\":\"de\",\"@id\":\"https:\\\/\\\/tirinha.com\\\/wp-content\\\/litespeed\\\/avatar\\\/d0068f7931cc87d7274eb0c3db1deb4b.jpg?ver=1777434315\",\"url\":\"https:\\\/\\\/tirinha.com\\\/wp-content\\\/litespeed\\\/avatar\\\/d0068f7931cc87d7274eb0c3db1deb4b.jpg?ver=1777434315\",\"contentUrl\":\"https:\\\/\\\/tirinha.com\\\/wp-content\\\/litespeed\\\/avatar\\\/d0068f7931cc87d7274eb0c3db1deb4b.jpg?ver=1777434315\",\"caption\":\"admin\"},\"sameAs\":[\"https:\\\/\\\/tirinha.com\"],\"url\":\"https:\\\/\\\/tirinha.com\\\/de\\\/author\\\/admin\\\/\"}]}<\/script>\n<!-- \/ Yoast SEO plugin. -->","yoast_head_json":{"title":"Mar\u00eda C\u00f3rdobas Werk kommt in Madrid an - Tirinha.com","robots":{"index":"index","follow":"follow","max-snippet":"max-snippet:-1","max-image-preview":"max-image-preview:large","max-video-preview":"max-video-preview:-1"},"canonical":"https:\/\/tirinha.com\/de\/881\/maria-cordobas-werk-trifft-in-madrid-ein\/","og_locale":"de_DE","og_type":"article","og_title":"A obra de Mar\u00eda C\u00f3rdoba chega a Madrid - Tirinha.com","og_description":"Chega a Madrid em primeiro roteiro teatral de Mar\u00eda C\u00f3rdoba, uma obra para todos os p\u00fablicos com dura\u00e7\u00e3o aproximada de &hellip;","og_url":"https:\/\/tirinha.com\/de\/881\/maria-cordobas-werk-trifft-in-madrid-ein\/","og_site_name":"Tirinha.com","article_published_time":"2023-04-03T13:44:06+00:00","author":"admin","twitter_card":"summary_large_image","twitter_misc":{"Verfasst von":"admin","Gesch\u00e4tzte Lesezeit":"1\u00a0Minute"},"schema":{"@context":"https:\/\/schema.org","@graph":[{"@type":"Article","@id":"https:\/\/tirinha.com\/881\/a-obra-de-maria-cordoba-chega-a-madrid\/#article","isPartOf":{"@id":"https:\/\/tirinha.com\/881\/a-obra-de-maria-cordoba-chega-a-madrid\/"},"author":{"name":"admin","@id":"https:\/\/tirinha.com\/#\/schema\/person\/e22bdfbe17e0461f7e927e6a1208d4d9"},"headline":"A obra de Mar\u00eda C\u00f3rdoba chega a Madrid","datePublished":"2023-04-03T13:44:06+00:00","mainEntityOfPage":{"@id":"https:\/\/tirinha.com\/881\/a-obra-de-maria-cordoba-chega-a-madrid\/"},"wordCount":189,"commentCount":0,"publisher":{"@id":"https:\/\/tirinha.com\/#organization"},"articleSection":["Cultura e lazer"],"inLanguage":"de","potentialAction":[{"@type":"CommentAction","name":"Comment","target":["https:\/\/tirinha.com\/881\/a-obra-de-maria-cordoba-chega-a-madrid\/#respond"]}]},{"@type":"WebPage","@id":"https:\/\/tirinha.com\/881\/a-obra-de-maria-cordoba-chega-a-madrid\/","url":"https:\/\/tirinha.com\/881\/a-obra-de-maria-cordoba-chega-a-madrid\/","name":"Mar\u00eda C\u00f3rdobas Werk kommt in Madrid an - Tirinha.com","isPartOf":{"@id":"https:\/\/tirinha.com\/#website"},"datePublished":"2023-04-03T13:44:06+00:00","breadcrumb":{"@id":"https:\/\/tirinha.com\/881\/a-obra-de-maria-cordoba-chega-a-madrid\/#breadcrumb"},"inLanguage":"de","potentialAction":[{"@type":"ReadAction","target":["https:\/\/tirinha.com\/881\/a-obra-de-maria-cordoba-chega-a-madrid\/"]}]},{"@type":"BreadcrumbList","@id":"https:\/\/tirinha.com\/881\/a-obra-de-maria-cordoba-chega-a-madrid\/#breadcrumb","itemListElement":[{"@type":"ListItem","position":1,"name":"Home","item":"https:\/\/tirinha.com\/"},{"@type":"ListItem","position":2,"name":"A obra de Mar\u00eda C\u00f3rdoba chega a Madrid"}]},{"@type":"WebSite","@id":"https:\/\/tirinha.com\/#website","url":"https:\/\/tirinha.com\/","name":"Tirinha.com","description":"Kunst- und Buchrezensionen","publisher":{"@id":"https:\/\/tirinha.com\/#organization"},"potentialAction":[{"@type":"SearchAction","target":{"@type":"EntryPoint","urlTemplate":"https:\/\/tirinha.com\/?s={search_term_string}"},"query-input":{"@type":"PropertyValueSpecification","valueRequired":true,"valueName":"search_term_string"}}],"inLanguage":"de"},{"@type":"Organization","@id":"https:\/\/tirinha.com\/#organization","name":"Tirinha.com","url":"https:\/\/tirinha.com\/","logo":{"@type":"ImageObject","inLanguage":"de","@id":"https:\/\/tirinha.com\/#\/schema\/logo\/image\/","url":"https:\/\/tirinha.com\/wp-content\/uploads\/2023\/08\/cropped-Logo-Tirinha.webp","contentUrl":"https:\/\/tirinha.com\/wp-content\/uploads\/2023\/08\/cropped-Logo-Tirinha.webp","width":512,"height":512,"caption":"Tirinha.com"},"image":{"@id":"https:\/\/tirinha.com\/#\/schema\/logo\/image\/"}},{"@type":"Person","@id":"https:\/\/tirinha.com\/#\/schema\/person\/e22bdfbe17e0461f7e927e6a1208d4d9","name":"Administrator","image":{"@type":"ImageObject","inLanguage":"de","@id":"https:\/\/tirinha.com\/wp-content\/litespeed\/avatar\/d0068f7931cc87d7274eb0c3db1deb4b.jpg?ver=1777434315","url":"https:\/\/tirinha.com\/wp-content\/litespeed\/avatar\/d0068f7931cc87d7274eb0c3db1deb4b.jpg?ver=1777434315","contentUrl":"https:\/\/tirinha.com\/wp-content\/litespeed\/avatar\/d0068f7931cc87d7274eb0c3db1deb4b.jpg?ver=1777434315","caption":"admin"},"sameAs":["https:\/\/tirinha.com"],"url":"https:\/\/tirinha.com\/de\/author\/admin\/"}]}},"_links":{"self":[{"href":"https:\/\/tirinha.com\/de\/wp-json\/wp\/v2\/posts\/881","targetHints":{"allow":["GET"]}}],"collection":[{"href":"https:\/\/tirinha.com\/de\/wp-json\/wp\/v2\/posts"}],"about":[{"href":"https:\/\/tirinha.com\/de\/wp-json\/wp\/v2\/types\/post"}],"author":[{"embeddable":true,"href":"https:\/\/tirinha.com\/de\/wp-json\/wp\/v2\/users\/1"}],"replies":[{"embeddable":true,"href":"https:\/\/tirinha.com\/de\/wp-json\/wp\/v2\/comments?post=881"}],"version-history":[{"count":0,"href":"https:\/\/tirinha.com\/de\/wp-json\/wp\/v2\/posts\/881\/revisions"}],"wp:attachment":[{"href":"https:\/\/tirinha.com\/de\/wp-json\/wp\/v2\/media?parent=881"}],"wp:term":[{"taxonomy":"category","embeddable":true,"href":"https:\/\/tirinha.com\/de\/wp-json\/wp\/v2\/categories?post=881"},{"taxonomy":"post_tag","embeddable":true,"href":"https:\/\/tirinha.com\/de\/wp-json\/wp\/v2\/tags?post=881"}],"curies":[{"name":"wp","href":"https:\/\/api.w.org\/{rel}","templated":true}]}}