{"id":1867,"date":"2025-05-09T19:29:45","date_gmt":"2025-05-09T19:29:45","guid":{"rendered":"https:\/\/tirinha.com\/?p=1867"},"modified":"2025-05-21T12:19:47","modified_gmt":"2025-05-21T12:19:47","slug":"die-farbe-von-facebook-andern","status":"publish","type":"post","link":"https:\/\/tirinha.com\/de\/1867\/mudar-a-cor-do-facebook\/","title":{"rendered":"Erfahren Sie, wie Sie die Farbe von Facebook \u00e4ndern k\u00f6nnen"},"content":{"rendered":"<p>Facebook hat sich zu einem der meistgenutzten sozialen Netzwerke der Welt entwickelt und ist im t\u00e4glichen Leben von Milliarden von Menschen pr\u00e4sent. <\/p>\n\n\n\n<style>\n.botao-container {\n    display: flex;\n    justify-content: center;\n    margin: 20px 0; \/* Espa\u00e7amento opcional *\/\n}\n\n.botao-estilizado {\n    display: inline-block;\n    padding: 12px 24px;\n    font-size: 18px;\n    font-weight: bold;\n    font-family: Arial, sans-serif; \/* Fonte Arial *\/\n    color: white;\n    background: linear-gradient(145deg, #25D366, #128C7E); \/* Cores do WhatsApp *\/\n    border-radius: 8px;\n    box-shadow: 4px 4px 10px rgba(0, 0, 0, 0.2), \n                -2px -2px 5px rgba(255, 255, 255, 0.2);\n    text-decoration: none;\n    transition: all 0.3s ease-in-out;\n    text-align: center;\n}\n\n.botao-estilizado:hover {\n    background: linear-gradient(145deg, #128C7E, #075E54); \/* Tons mais escuros no hover *\/\n    box-shadow: 2px 2px 8px rgba(0, 0, 0, 0.3), \n                -1px -1px 4px rgba(255, 255, 255, 0.1);\n    transform: translateY(-3px);\n}\n<\/style>\n\n<div class=\"botao-container\">\n    <a href=\"https:\/\/play.google.com\/store\/search?q=change%20collor%20whatsapp&#038;c=apps&#038;hl=en\" class=\"botao-estilizado\">JETZT FARBE \u00c4NDERN<\/a>\n<\/div>\n\n\n\n<p>Da jedoch so viele Menschen dieselbe Plattform verwenden, ist es nat\u00fcrlich, dass einige Benutzer ihr Erlebnis personalisieren m\u00f6chten. <\/p>\n\n\n\n<p>Eine der am meisten gew\u00fcnschten \u00c4nderungen ist daher <strong>Facebook-Farbe \u00e4ndern<\/strong>, etwas, das das Surfen angenehmer, unterhaltsamer und sogar produktiver machen kann. <\/p>\n\n\n\n<p>In diesem Artikel erfahren Sie alles, was Sie wissen m\u00fcssen, um diesen Wechsel sicher und bequem durchzuf\u00fchren.<\/p>\n\n\n\n<h2 class=\"wp-block-heading\">Warum die Farbe von Facebook \u00e4ndern?<\/h2>\n\n\n\n<p>Zun\u00e4chst einmal ist es wichtig zu verstehen, warum so viele Menschen <strong>Facebook-Farbe \u00e4ndern<\/strong>. <\/p>\n\n\n\n<p>Nat\u00fcrlich ist das klassische Blau, obwohl das soziale Netzwerk \u00fcber ein klares und funktionales Design verf\u00fcgt, m\u00f6glicherweise nicht jedermanns Geschmack. Hier sind einige h\u00e4ufige Gr\u00fcnde:<\/p>\n\n\n\n<ul class=\"wp-block-list\">\n<li><strong>Personalisierte \u00c4sthetik<\/strong>: Manche Menschen bevorzugen einfach unterschiedliche Farben, die ihre Pers\u00f6nlichkeit oder ihren Stil widerspiegeln.<\/li>\n\n\n\n<li><strong>Beste Lekt\u00fcre<\/strong>: Das \u00c4ndern des wei\u00dfen Hintergrunds in einen dunkleren Farbton kann f\u00fcr diejenigen hilfreich sein, die viel Zeit auf der Plattform verbringen, da es die Augenbelastung verringert.<\/li>\n\n\n\n<li><strong>Differenzierung<\/strong>: Wenn Sie Ihr Facebook einzigartig machen, kann das Erlebnis noch angenehmer werden.<\/li>\n\n\n\n<li><strong>Zug\u00e4nglichkeit<\/strong>: Menschen mit Farbenblindheit oder Lichtempfindlichkeit k\u00f6nnen von anderen Farbkombinationen profitieren.<\/li>\n<\/ul>\n\n\n\n<p>Nachdem Sie nun die Gr\u00fcnde kennen, zeigen wir Ihnen die verschiedenen M\u00f6glichkeiten, die Farbe von Facebook zu \u00e4ndern.<\/p>\n\n\n\n<h2 class=\"wp-block-heading\">Ist es m\u00f6glich, die Farbe von Facebook offiziell zu \u00e4ndern?<\/h2>\n\n\n\n<p>Die direkte Antwort lautet: <strong>inoffiziell von Facebook selbst<\/strong>. Die Plattform bietet einige eingeschr\u00e4nkte Einstellungsm\u00f6glichkeiten, wie etwa den Dunkelmodus, verf\u00fcgt jedoch noch nicht \u00fcber eine native Funktion zur umfassenderen Farbanpassung.<\/p>\n\n\n\n<p>Trotzdem gibt es alternative und sichere L\u00f6sungen, die Ihre Anforderungen perfekt erf\u00fcllen k\u00f6nnen. <\/p>\n\n\n\n<p>Lassen Sie uns diese Optionen erkunden.<\/p>\n\n\n\n<h2 class=\"wp-block-heading\">So \u00e4ndern Sie die Facebook-Farbe mithilfe von Browsererweiterungen<\/h2>\n\n\n\n<p>Eine der praktischsten M\u00f6glichkeiten, die Farbe von Facebook zu \u00e4ndern, ist die Verwendung von Erweiterungen in den Browsern Google Chrome, Firefox oder Edge. <\/p>\n\n\n\n<p>Daher k\u00f6nnen Sie mit diesen Tools den visuellen Stil verschiedener Websites, einschlie\u00dflich Facebook, \u00e4ndern.<\/p>\n\n\n\n<h3 class=\"wp-block-heading\">Schritt f\u00fcr Schritt mit der Erweiterung <em>Stilvoll<\/em><\/h3>\n\n\n\n<p>Eine der beliebtesten Erweiterungen ist <strong>Stilvoll<\/strong>. So verwenden Sie es:<\/p>\n\n\n\n<ol class=\"wp-block-list\">\n<li><strong>Installieren Sie Stylish<\/strong>:\n<ul class=\"wp-block-list\">\n<li>Gehen Sie zum Chrome Web Store oder zum Erweiterungsstore Ihres Browsers.<\/li>\n\n\n\n<li>Suchen Sie nach \u201eStylish \u2013 Benutzerdefinierte Designs f\u00fcr jede Website\u201c.<\/li>\n\n\n\n<li>Klicken Sie auf \u201eZu Chrome hinzuf\u00fcgen\u201c (oder dem entsprechenden Browser).<\/li>\n<\/ul>\n<\/li>\n\n\n\n<li><strong>Zugang zu Facebook<\/strong>:\n<ul class=\"wp-block-list\">\n<li>Melden Sie sich wie gewohnt bei Ihrem Konto an.<\/li>\n<\/ul>\n<\/li>\n\n\n\n<li><strong>W\u00e4hlen Sie ein Thema<\/strong>:\n<ul class=\"wp-block-list\">\n<li>Wenn Stylish installiert ist, klicken Sie auf das Erweiterungssymbol in der oberen Ecke des Browsers.<\/li>\n\n\n\n<li>Klicken Sie auf \u201eWeitere Stile f\u00fcr diese Site suchen\u201c.<\/li>\n\n\n\n<li>Es \u00f6ffnet sich eine neue Registerkarte mit mehreren f\u00fcr Facebook verf\u00fcgbaren Designs.<\/li>\n\n\n\n<li>W\u00e4hlen Sie eines aus, das Ihnen gef\u00e4llt (es gibt die Themen Pink, Schwarz, Neon usw.).<\/li>\n<\/ul>\n<\/li>\n\n\n\n<li><strong>Wenden Sie das Design an<\/strong>:\n<ul class=\"wp-block-list\">\n<li>Klicken Sie auf \u201eStil installieren\u201c.<\/li>\n\n\n\n<li>Bereit! Die neue Farbe wird sofort aufgetragen.<\/li>\n<\/ul>\n<\/li>\n<\/ol>\n\n\n\n<p>Dies ist eine praktische, kostenlose und sichere M\u00f6glichkeit, <strong>Facebook-Farbe \u00e4ndern<\/strong> und ein pers\u00f6nlicheres visuelles Erlebnis haben.<\/p>\n\n\n\n<h2 class=\"wp-block-heading\">Andere Erweiterungen und Alternativen<\/h2>\n\n\n\n<p>Neben Stylish gibt es noch weitere Erweiterungen mit dem gleichen Zweck, wie zum Beispiel:<\/p>\n\n\n\n<ul class=\"wp-block-list\">\n<li><strong>Super Dark Mode<\/strong>: Konzentriert sich auf diejenigen, die dunkle T\u00f6ne bevorzugen.<\/li>\n\n\n\n<li><strong>Farbwechsler f\u00fcr Facebook<\/strong>: Erm\u00f6glicht Ihnen, die gew\u00fcnschten Farben manuell einzustellen.<\/li>\n\n\n\n<li><strong>Facebook-Theme-Ersteller<\/strong>: F\u00fcr diejenigen, die ihre eigenen Themen gerne von Grund auf neu erstellen.<\/li>\n<\/ul>\n\n\n\n<p>Denken Sie immer daran, nur Erweiterungen aus vertrauensw\u00fcrdigen Quellen zu installieren und lesen Sie Bewertungen und Beurteilungen, bevor Sie den Zugriff auf Ihren Browser zulassen.<\/p>\n\n\n\n<h2 class=\"wp-block-heading\">Wie \u00e4ndere ich die Farbe von Facebook auf dem Handy?<\/h2>\n\n\n\n<p>Leider sind bei Mobilger\u00e4ten nicht so viele Anpassungsm\u00f6glichkeiten m\u00f6glich wie bei Desktop-Browsern. Es gibt jedoch noch einige Optionen:<\/p>\n\n\n\n<h3 class=\"wp-block-heading\">1. <strong>Nativer Dunkelmodus<\/strong><\/h3>\n\n\n\n<p>DER <strong>Facebook Dark Mode<\/strong> ist jetzt offiziell f\u00fcr Android und iOS verf\u00fcgbar. So aktivieren Sie es:<\/p>\n\n\n\n<ul class=\"wp-block-list\">\n<li>Gehen Sie zum Hauptmen\u00fc der Anwendung (Symbol mit drei Strichen).<\/li>\n\n\n\n<li>Scrollen Sie nach unten zu \u201eEinstellungen &amp; Datenschutz\u201c.<\/li>\n\n\n\n<li>Tippen Sie auf \u201eDunkelmodus\u201c.<\/li>\n\n\n\n<li>W\u00e4hlen Sie zwischen \u201eEin\u201c, \u201eAus\u201c oder \u201eAutomatisch\u201c.<\/li>\n<\/ul>\n\n\n\n<h3 class=\"wp-block-heading\">2. <strong>Anwendungen von Drittanbietern (mit Vorsicht)<\/strong><\/h3>\n\n\n\n<p>In Stores wie dem Play Store sind Apps erh\u00e4ltlich, die versprechen, das Erscheinungsbild von Facebook zu ver\u00e4ndern. <\/p>\n\n\n\n<p>Es ist jedoch notwendig <strong>sehr vorsichtig<\/strong>, da viele dieser Apps Ihre Privatsph\u00e4re oder Sicherheit gef\u00e4hrden k\u00f6nnen.<\/p>\n\n\n\n<p>Wenn Sie sich f\u00fcr einen Test entscheiden, \u00fcberpr\u00fcfen Sie:<\/p>\n\n\n\n<ul class=\"wp-block-list\">\n<li>Aktuelle Benutzerbewertungen.<\/li>\n\n\n\n<li>Von der App angeforderte Berechtigungen.<\/li>\n\n\n\n<li>Ob der Entwickler vertrauensw\u00fcrdig ist.<\/li>\n<\/ul>\n\n\n\n<h2 class=\"wp-block-heading\">Sicherheitstipps zum \u00c4ndern der Facebook-Farbe<\/h2>\n\n\n\n<p>Wenn es um die Personalisierung von Online-Plattformen geht, muss unbedingt auch die Sicherheit ber\u00fccksichtigt werden. Hier sind einige bew\u00e4hrte Vorgehensweisen beim Anwenden visueller \u00c4nderungen:<\/p>\n\n\n\n<ul class=\"wp-block-list\">\n<li><strong>Vermeiden Sie das Herunterladen unbekannter Dateien<\/strong>.<\/li>\n\n\n\n<li><strong>Geben Sie Ihre Anmeldedaten nicht weiter<\/strong> zu verd\u00e4chtigen Erweiterungen oder Anwendungen.<\/li>\n\n\n\n<li><strong>Verwenden Sie aktualisierte Browser<\/strong> um einen besseren Schutz zu gew\u00e4hrleisten.<\/li>\n\n\n\n<li><strong>\u00dcberpr\u00fcfen Sie regelm\u00e4\u00dfig Ihre Erweiterungen<\/strong> und entfernen Sie diejenigen, die Sie nicht verwenden.<\/li>\n<\/ul>\n\n\n\n<h2 class=\"wp-block-heading\">Lohnt es sich, die Farbe von Facebook zu \u00e4ndern?<\/h2>\n\n\n\n<p>Daher h\u00e4ngt die Entscheidung von Ihrem Nutzungsprofil ab. F\u00fcr diejenigen, die t\u00e4glich Stunden in sozialen Medien verbringen, kann eine angenehmere Benutzeroberfl\u00e4che den Sehkomfort und sogar die Stimmung verbessern. <\/p>\n\n\n\n<p>F\u00fcr diejenigen, die das Standard-Erscheinungsbild lediglich ein wenig ver\u00e4ndern m\u00f6chten, kann dies jedoch eine unterhaltsame M\u00f6glichkeit zur Personalisierung sein.<\/p>\n\n\n\n<p>Wenn Sie Facebook h\u00e4ufig zum Arbeiten, Lernen oder Lesen von Inhalten verwenden, k\u00f6nnen Sie durch \u00c4ndern des Hintergrunds und der Farben das Surfen effizienter und produktiver gestalten.<\/p>\n\n\n\n<h2 class=\"wp-block-heading\">Abschlie\u00dfende \u00dcberlegungen<\/h2>\n\n\n\n<p><strong>\u00c4ndern Sie die Farbe von Facebook<\/strong> Ja, das ist m\u00f6glich, wenn auch nicht nativ \u00fcber die Plattform. <\/p>\n\n\n\n<p>Mit ein paar einfachen Tools wie Browsererweiterungen k\u00f6nnen Sie Ihr Social-Media-Erlebnis ver\u00e4ndern und zu Ihrem eigenen machen.<\/p>\n\n\n\n<p>Allerdings ist die Personalisierung der digitalen Umgebung ein wachsender Trend, insbesondere bei Benutzern, die Wert auf visuellen Komfort, Originalit\u00e4t und Zug\u00e4nglichkeit legen. <\/p>\n\n\n\n<p>Nat\u00fcrlich m\u00fcssen Sie bei Tools zweifelhafter Herkunft vorsichtig sein, um die Sicherheit Ihrer Daten nicht zu gef\u00e4hrden.<\/p>\n\n\n\n<p>Da Sie nun endlich wissen, wie Sie die Farbe von Facebook \u00e4ndern k\u00f6nnen, wie w\u00e4re es, wenn Sie verschiedene Stile ausprobieren und herausfinden, welcher am besten zu Ihnen passt?<\/p>","protected":false},"excerpt":{"rendered":"<p>Facebook ist zu einem der meistgenutzten sozialen Netzwerke der Welt geworden und im t\u00e4glichen Leben von Milliarden von \u2026 pr\u00e4sent. <\/p>","protected":false},"author":1,"featured_media":1868,"comment_status":"closed","ping_status":"closed","sticky":false,"template":"","format":"standard","meta":{"fifu_image_url":"","fifu_image_alt":"","footnotes":""},"categories":[36],"tags":[1734,1648,1649],"class_list":["post-1867","post","type-post","status-publish","format-standard","has-post-thumbnail","hentry","category-aplicativo","tag-descubra-como-mudar-a-cor-do-facebook","tag-facebook","tag-mude-a-cor-do-facebook","latest_post"],"yoast_head":"<!-- This site is optimized with the Yoast SEO plugin v27.3 - https:\/\/yoast.com\/product\/yoast-seo-wordpress\/ -->\n<title>Descubra como mudar a cor do Facebook - Tirinha.com<\/title>\n<meta name=\"description\" content=\"Uma das mudan\u00e7as mais desejadas \u00e9 mudar a cor do Facebook, algo que pode tornar a navega\u00e7\u00e3o mais agrad\u00e1vel, divertida e at\u00e9 produtiva.\" \/>\n<meta name=\"robots\" content=\"index, follow, max-snippet:-1, max-image-preview:large, max-video-preview:-1\" \/>\n<link rel=\"canonical\" href=\"https:\/\/tirinha.com\/de\/1867\/die-farbe-von-facebook-andern\/\" \/>\n<meta property=\"og:locale\" content=\"de_DE\" \/>\n<meta property=\"og:type\" content=\"article\" \/>\n<meta property=\"og:title\" content=\"Descubra como mudar a cor do Facebook - Tirinha.com\" \/>\n<meta property=\"og:description\" content=\"Uma das mudan\u00e7as mais desejadas \u00e9 mudar a cor do Facebook, algo que pode tornar a navega\u00e7\u00e3o mais agrad\u00e1vel, divertida e at\u00e9 produtiva.\" \/>\n<meta property=\"og:url\" content=\"https:\/\/tirinha.com\/de\/1867\/die-farbe-von-facebook-andern\/\" \/>\n<meta property=\"og:site_name\" content=\"Tirinha.com\" \/>\n<meta property=\"article:published_time\" content=\"2025-05-09T19:29:45+00:00\" \/>\n<meta property=\"article:modified_time\" content=\"2025-05-21T12:19:47+00:00\" \/>\n<meta property=\"og:image\" content=\"https:\/\/tirinha.com\/wp-content\/uploads\/2025\/05\/ChatGPT-Image-9-de-mai.-de-2025-16_27_54.png\" \/>\n\t<meta property=\"og:image:width\" content=\"1024\" \/>\n\t<meta property=\"og:image:height\" content=\"1024\" \/>\n\t<meta property=\"og:image:type\" content=\"image\/png\" \/>\n<meta name=\"author\" content=\"admin\" \/>\n<meta name=\"twitter:card\" content=\"summary_large_image\" \/>\n<meta name=\"twitter:label1\" content=\"Verfasst von\" \/>\n\t<meta name=\"twitter:data1\" content=\"admin\" \/>\n\t<meta name=\"twitter:label2\" content=\"Gesch\u00e4tzte Lesezeit\" \/>\n\t<meta name=\"twitter:data2\" content=\"6\u00a0Minuten\" \/>\n<script type=\"application\/ld+json\" class=\"yoast-schema-graph\">{\"@context\":\"https:\\\/\\\/schema.org\",\"@graph\":[{\"@type\":\"Article\",\"@id\":\"https:\\\/\\\/tirinha.com\\\/1867\\\/mudar-a-cor-do-facebook\\\/#article\",\"isPartOf\":{\"@id\":\"https:\\\/\\\/tirinha.com\\\/1867\\\/mudar-a-cor-do-facebook\\\/\"},\"author\":{\"name\":\"admin\",\"@id\":\"https:\\\/\\\/tirinha.com\\\/#\\\/schema\\\/person\\\/e22bdfbe17e0461f7e927e6a1208d4d9\"},\"headline\":\"Descubra como mudar a cor do Facebook\",\"datePublished\":\"2025-05-09T19:29:45+00:00\",\"dateModified\":\"2025-05-21T12:19:47+00:00\",\"mainEntityOfPage\":{\"@id\":\"https:\\\/\\\/tirinha.com\\\/1867\\\/mudar-a-cor-do-facebook\\\/\"},\"wordCount\":998,\"publisher\":{\"@id\":\"https:\\\/\\\/tirinha.com\\\/#organization\"},\"image\":{\"@id\":\"https:\\\/\\\/tirinha.com\\\/1867\\\/mudar-a-cor-do-facebook\\\/#primaryimage\"},\"thumbnailUrl\":\"https:\\\/\\\/tirinha.com\\\/wp-content\\\/uploads\\\/2025\\\/05\\\/ChatGPT-Image-9-de-mai.-de-2025-16_27_54.png\",\"keywords\":[\"Descubra como mudar a cor do Facebook\",\"facebook\",\"Mude a Cor Do Facebook\"],\"articleSection\":[\"Aplicativo\"],\"inLanguage\":\"de\"},{\"@type\":\"WebPage\",\"@id\":\"https:\\\/\\\/tirinha.com\\\/1867\\\/mudar-a-cor-do-facebook\\\/\",\"url\":\"https:\\\/\\\/tirinha.com\\\/1867\\\/mudar-a-cor-do-facebook\\\/\",\"name\":\"Descubra como mudar a cor do Facebook - Tirinha.com\",\"isPartOf\":{\"@id\":\"https:\\\/\\\/tirinha.com\\\/#website\"},\"primaryImageOfPage\":{\"@id\":\"https:\\\/\\\/tirinha.com\\\/1867\\\/mudar-a-cor-do-facebook\\\/#primaryimage\"},\"image\":{\"@id\":\"https:\\\/\\\/tirinha.com\\\/1867\\\/mudar-a-cor-do-facebook\\\/#primaryimage\"},\"thumbnailUrl\":\"https:\\\/\\\/tirinha.com\\\/wp-content\\\/uploads\\\/2025\\\/05\\\/ChatGPT-Image-9-de-mai.-de-2025-16_27_54.png\",\"datePublished\":\"2025-05-09T19:29:45+00:00\",\"dateModified\":\"2025-05-21T12:19:47+00:00\",\"description\":\"Uma das mudan\u00e7as mais desejadas \u00e9 mudar a cor do Facebook, algo que pode tornar a navega\u00e7\u00e3o mais agrad\u00e1vel, divertida e at\u00e9 produtiva.\",\"breadcrumb\":{\"@id\":\"https:\\\/\\\/tirinha.com\\\/1867\\\/mudar-a-cor-do-facebook\\\/#breadcrumb\"},\"inLanguage\":\"de\",\"potentialAction\":[{\"@type\":\"ReadAction\",\"target\":[\"https:\\\/\\\/tirinha.com\\\/1867\\\/mudar-a-cor-do-facebook\\\/\"]}]},{\"@type\":\"ImageObject\",\"inLanguage\":\"de\",\"@id\":\"https:\\\/\\\/tirinha.com\\\/1867\\\/mudar-a-cor-do-facebook\\\/#primaryimage\",\"url\":\"https:\\\/\\\/tirinha.com\\\/wp-content\\\/uploads\\\/2025\\\/05\\\/ChatGPT-Image-9-de-mai.-de-2025-16_27_54.png\",\"contentUrl\":\"https:\\\/\\\/tirinha.com\\\/wp-content\\\/uploads\\\/2025\\\/05\\\/ChatGPT-Image-9-de-mai.-de-2025-16_27_54.png\",\"width\":1024,\"height\":1024,\"caption\":\"mudar cor do facebook\"},{\"@type\":\"BreadcrumbList\",\"@id\":\"https:\\\/\\\/tirinha.com\\\/1867\\\/mudar-a-cor-do-facebook\\\/#breadcrumb\",\"itemListElement\":[{\"@type\":\"ListItem\",\"position\":1,\"name\":\"Home\",\"item\":\"https:\\\/\\\/tirinha.com\\\/\"},{\"@type\":\"ListItem\",\"position\":2,\"name\":\"Descubra como mudar a cor do Facebook\"}]},{\"@type\":\"WebSite\",\"@id\":\"https:\\\/\\\/tirinha.com\\\/#website\",\"url\":\"https:\\\/\\\/tirinha.com\\\/\",\"name\":\"Tirinha.com\",\"description\":\"Arte e livros resenhas\",\"publisher\":{\"@id\":\"https:\\\/\\\/tirinha.com\\\/#organization\"},\"potentialAction\":[{\"@type\":\"SearchAction\",\"target\":{\"@type\":\"EntryPoint\",\"urlTemplate\":\"https:\\\/\\\/tirinha.com\\\/?s={search_term_string}\"},\"query-input\":{\"@type\":\"PropertyValueSpecification\",\"valueRequired\":true,\"valueName\":\"search_term_string\"}}],\"inLanguage\":\"de\"},{\"@type\":\"Organization\",\"@id\":\"https:\\\/\\\/tirinha.com\\\/#organization\",\"name\":\"Tirinha.com\",\"url\":\"https:\\\/\\\/tirinha.com\\\/\",\"logo\":{\"@type\":\"ImageObject\",\"inLanguage\":\"de\",\"@id\":\"https:\\\/\\\/tirinha.com\\\/#\\\/schema\\\/logo\\\/image\\\/\",\"url\":\"https:\\\/\\\/tirinha.com\\\/wp-content\\\/uploads\\\/2023\\\/08\\\/cropped-Logo-Tirinha.webp\",\"contentUrl\":\"https:\\\/\\\/tirinha.com\\\/wp-content\\\/uploads\\\/2023\\\/08\\\/cropped-Logo-Tirinha.webp\",\"width\":512,\"height\":512,\"caption\":\"Tirinha.com\"},\"image\":{\"@id\":\"https:\\\/\\\/tirinha.com\\\/#\\\/schema\\\/logo\\\/image\\\/\"}},{\"@type\":\"Person\",\"@id\":\"https:\\\/\\\/tirinha.com\\\/#\\\/schema\\\/person\\\/e22bdfbe17e0461f7e927e6a1208d4d9\",\"name\":\"admin\",\"image\":{\"@type\":\"ImageObject\",\"inLanguage\":\"de\",\"@id\":\"https:\\\/\\\/tirinha.com\\\/wp-content\\\/litespeed\\\/avatar\\\/d0068f7931cc87d7274eb0c3db1deb4b.jpg?ver=1776829466\",\"url\":\"https:\\\/\\\/tirinha.com\\\/wp-content\\\/litespeed\\\/avatar\\\/d0068f7931cc87d7274eb0c3db1deb4b.jpg?ver=1776829466\",\"contentUrl\":\"https:\\\/\\\/tirinha.com\\\/wp-content\\\/litespeed\\\/avatar\\\/d0068f7931cc87d7274eb0c3db1deb4b.jpg?ver=1776829466\",\"caption\":\"admin\"},\"sameAs\":[\"https:\\\/\\\/tirinha.com\"],\"url\":\"https:\\\/\\\/tirinha.com\\\/de\\\/author\\\/admin\\\/\"}]}<\/script>\n<!-- \/ Yoast SEO plugin. -->","yoast_head_json":{"title":"Erfahre, wie du die Farbe von Facebook \u00e4ndern kannst \u2013 Tirinha.com","description":"Eine der am meisten gew\u00fcnschten \u00c4nderungen ist die \u00c4nderung der Farbe von Facebook, was das Surfen angenehmer, unterhaltsamer und sogar produktiver machen kann.","robots":{"index":"index","follow":"follow","max-snippet":"max-snippet:-1","max-image-preview":"max-image-preview:large","max-video-preview":"max-video-preview:-1"},"canonical":"https:\/\/tirinha.com\/de\/1867\/die-farbe-von-facebook-andern\/","og_locale":"de_DE","og_type":"article","og_title":"Descubra como mudar a cor do Facebook - Tirinha.com","og_description":"Uma das mudan\u00e7as mais desejadas \u00e9 mudar a cor do Facebook, algo que pode tornar a navega\u00e7\u00e3o mais agrad\u00e1vel, divertida e at\u00e9 produtiva.","og_url":"https:\/\/tirinha.com\/de\/1867\/die-farbe-von-facebook-andern\/","og_site_name":"Tirinha.com","article_published_time":"2025-05-09T19:29:45+00:00","article_modified_time":"2025-05-21T12:19:47+00:00","og_image":[{"width":1024,"height":1024,"url":"https:\/\/tirinha.com\/wp-content\/uploads\/2025\/05\/ChatGPT-Image-9-de-mai.-de-2025-16_27_54.png","type":"image\/png"}],"author":"admin","twitter_card":"summary_large_image","twitter_misc":{"Verfasst von":"admin","Gesch\u00e4tzte Lesezeit":"6\u00a0Minuten"},"schema":{"@context":"https:\/\/schema.org","@graph":[{"@type":"Article","@id":"https:\/\/tirinha.com\/1867\/mudar-a-cor-do-facebook\/#article","isPartOf":{"@id":"https:\/\/tirinha.com\/1867\/mudar-a-cor-do-facebook\/"},"author":{"name":"admin","@id":"https:\/\/tirinha.com\/#\/schema\/person\/e22bdfbe17e0461f7e927e6a1208d4d9"},"headline":"Descubra como mudar a cor do Facebook","datePublished":"2025-05-09T19:29:45+00:00","dateModified":"2025-05-21T12:19:47+00:00","mainEntityOfPage":{"@id":"https:\/\/tirinha.com\/1867\/mudar-a-cor-do-facebook\/"},"wordCount":998,"publisher":{"@id":"https:\/\/tirinha.com\/#organization"},"image":{"@id":"https:\/\/tirinha.com\/1867\/mudar-a-cor-do-facebook\/#primaryimage"},"thumbnailUrl":"https:\/\/tirinha.com\/wp-content\/uploads\/2025\/05\/ChatGPT-Image-9-de-mai.-de-2025-16_27_54.png","keywords":["Descubra como mudar a cor do Facebook","facebook","Mude a Cor Do Facebook"],"articleSection":["Aplicativo"],"inLanguage":"de"},{"@type":"WebPage","@id":"https:\/\/tirinha.com\/1867\/mudar-a-cor-do-facebook\/","url":"https:\/\/tirinha.com\/1867\/mudar-a-cor-do-facebook\/","name":"Erfahre, wie du die Farbe von Facebook \u00e4ndern kannst \u2013 Tirinha.com","isPartOf":{"@id":"https:\/\/tirinha.com\/#website"},"primaryImageOfPage":{"@id":"https:\/\/tirinha.com\/1867\/mudar-a-cor-do-facebook\/#primaryimage"},"image":{"@id":"https:\/\/tirinha.com\/1867\/mudar-a-cor-do-facebook\/#primaryimage"},"thumbnailUrl":"https:\/\/tirinha.com\/wp-content\/uploads\/2025\/05\/ChatGPT-Image-9-de-mai.-de-2025-16_27_54.png","datePublished":"2025-05-09T19:29:45+00:00","dateModified":"2025-05-21T12:19:47+00:00","description":"Eine der am meisten gew\u00fcnschten \u00c4nderungen ist die \u00c4nderung der Farbe von Facebook, was das Surfen angenehmer, unterhaltsamer und sogar produktiver machen kann.","breadcrumb":{"@id":"https:\/\/tirinha.com\/1867\/mudar-a-cor-do-facebook\/#breadcrumb"},"inLanguage":"de","potentialAction":[{"@type":"ReadAction","target":["https:\/\/tirinha.com\/1867\/mudar-a-cor-do-facebook\/"]}]},{"@type":"ImageObject","inLanguage":"de","@id":"https:\/\/tirinha.com\/1867\/mudar-a-cor-do-facebook\/#primaryimage","url":"https:\/\/tirinha.com\/wp-content\/uploads\/2025\/05\/ChatGPT-Image-9-de-mai.-de-2025-16_27_54.png","contentUrl":"https:\/\/tirinha.com\/wp-content\/uploads\/2025\/05\/ChatGPT-Image-9-de-mai.-de-2025-16_27_54.png","width":1024,"height":1024,"caption":"mudar cor do facebook"},{"@type":"BreadcrumbList","@id":"https:\/\/tirinha.com\/1867\/mudar-a-cor-do-facebook\/#breadcrumb","itemListElement":[{"@type":"ListItem","position":1,"name":"Home","item":"https:\/\/tirinha.com\/"},{"@type":"ListItem","position":2,"name":"Descubra como mudar a cor do Facebook"}]},{"@type":"WebSite","@id":"https:\/\/tirinha.com\/#website","url":"https:\/\/tirinha.com\/","name":"Tirinha.com","description":"Kunst- und Buchrezensionen","publisher":{"@id":"https:\/\/tirinha.com\/#organization"},"potentialAction":[{"@type":"SearchAction","target":{"@type":"EntryPoint","urlTemplate":"https:\/\/tirinha.com\/?s={search_term_string}"},"query-input":{"@type":"PropertyValueSpecification","valueRequired":true,"valueName":"search_term_string"}}],"inLanguage":"de"},{"@type":"Organization","@id":"https:\/\/tirinha.com\/#organization","name":"Tirinha.com","url":"https:\/\/tirinha.com\/","logo":{"@type":"ImageObject","inLanguage":"de","@id":"https:\/\/tirinha.com\/#\/schema\/logo\/image\/","url":"https:\/\/tirinha.com\/wp-content\/uploads\/2023\/08\/cropped-Logo-Tirinha.webp","contentUrl":"https:\/\/tirinha.com\/wp-content\/uploads\/2023\/08\/cropped-Logo-Tirinha.webp","width":512,"height":512,"caption":"Tirinha.com"},"image":{"@id":"https:\/\/tirinha.com\/#\/schema\/logo\/image\/"}},{"@type":"Person","@id":"https:\/\/tirinha.com\/#\/schema\/person\/e22bdfbe17e0461f7e927e6a1208d4d9","name":"Administrator","image":{"@type":"ImageObject","inLanguage":"de","@id":"https:\/\/tirinha.com\/wp-content\/litespeed\/avatar\/d0068f7931cc87d7274eb0c3db1deb4b.jpg?ver=1776829466","url":"https:\/\/tirinha.com\/wp-content\/litespeed\/avatar\/d0068f7931cc87d7274eb0c3db1deb4b.jpg?ver=1776829466","contentUrl":"https:\/\/tirinha.com\/wp-content\/litespeed\/avatar\/d0068f7931cc87d7274eb0c3db1deb4b.jpg?ver=1776829466","caption":"admin"},"sameAs":["https:\/\/tirinha.com"],"url":"https:\/\/tirinha.com\/de\/author\/admin\/"}]}},"_links":{"self":[{"href":"https:\/\/tirinha.com\/de\/wp-json\/wp\/v2\/posts\/1867","targetHints":{"allow":["GET"]}}],"collection":[{"href":"https:\/\/tirinha.com\/de\/wp-json\/wp\/v2\/posts"}],"about":[{"href":"https:\/\/tirinha.com\/de\/wp-json\/wp\/v2\/types\/post"}],"author":[{"embeddable":true,"href":"https:\/\/tirinha.com\/de\/wp-json\/wp\/v2\/users\/1"}],"replies":[{"embeddable":true,"href":"https:\/\/tirinha.com\/de\/wp-json\/wp\/v2\/comments?post=1867"}],"version-history":[{"count":0,"href":"https:\/\/tirinha.com\/de\/wp-json\/wp\/v2\/posts\/1867\/revisions"}],"wp:featuredmedia":[{"embeddable":true,"href":"https:\/\/tirinha.com\/de\/wp-json\/wp\/v2\/media\/1868"}],"wp:attachment":[{"href":"https:\/\/tirinha.com\/de\/wp-json\/wp\/v2\/media?parent=1867"}],"wp:term":[{"taxonomy":"category","embeddable":true,"href":"https:\/\/tirinha.com\/de\/wp-json\/wp\/v2\/categories?post=1867"},{"taxonomy":"post_tag","embeddable":true,"href":"https:\/\/tirinha.com\/de\/wp-json\/wp\/v2\/tags?post=1867"}],"curies":[{"name":"wp","href":"https:\/\/api.w.org\/{rel}","templated":true}]}}