{"id":1100,"date":"2023-04-08T19:43:37","date_gmt":"2023-04-08T19:43:37","guid":{"rendered":"https:\/\/tirinha.com\/50-anos-sem-pablo-picasso\/"},"modified":"2023-04-08T19:43:37","modified_gmt":"2023-04-08T19:43:37","slug":"50-jahre-ohne-pablo-picasso","status":"publish","type":"post","link":"https:\/\/tirinha.com\/de\/1100\/50-anos-sem-pablo-picasso\/","title":{"rendered":"50 Jahre ohne Pablo Picasso"},"content":{"rendered":"<p><\/p>\n<div>\n<p><strong>Im Jahr 2023 wird es weltweit mehr als 50 Ausstellungen der Kunst von Pablo Picasso geben. Obwohl Spanien und Frankreich f\u00fcr das Leben des K\u00fcnstlers am wichtigsten sind, wird die Kunst auch in der Schweiz, Deutschland, dem F\u00fcrstentum Monaco, Belgien und Rum\u00e4nien ausgestellt.<\/strong><\/p>\n<p><strong>Pablo Ruiz Picasso<\/strong>besser bekannt als Pablo Picasso, starb an diesem Tag vor 50 Jahren. <span style=\"font-weight: 400\">Ein Sterbender, umgeben von Journalisten, die in den letzten Tagen seines Lebens ins Haus sp\u00e4hten. Endlich nat\u00fcrlich zu a enden <strong>Lungen\u00f6dem<\/strong> in Frankreich. Er wurde im Park des Schlosses Vauvenargues in S\u00fcdfrankreich beigesetzt.<\/span><\/p>\n<p><span style=\"font-weight: 400\">Nach der neugierigen und beunruhigend stillen Ankunft des K\u00fcnstlers auf der Welt trat die Kunst intuitiv in sein Leben ein. Das haben sie gesagt <strong>Sein erstes Wort war \u201epiz, piz\u201c<\/strong> Dies spiegelt wider, dass der kleine M\u00e1laga-Mann von seinem Vater einen \u201eBleistift\u201c wollte, damit er zeichnen konnte, bevor er \u00fcberhaupt laufen konnte.<\/span><\/p>\n<p><span style=\"font-weight: 400\">Picassos umfangreiche, hinterfragte und studierte k\u00fcnstlerische Biografie, <strong>ist in verschiedene Phasen unterteilt.<\/strong><\/span><\/p>\n<p><span style=\"font-weight: 400\">Ein junger Andalusier, geboren in <strong>25. November 1881<\/strong>dass er bereits mit acht Jahren malen w\u00fcrde <em>Blick auf den Hafen von Malaga <\/em>(1890). W\u00e4hrend seiner pr\u00e4genden Jahre malte er auch Portr\u00e4ts seiner Verwandten. <em>Portr\u00e4t Tante Pepa<\/em> (1896) und kopierte sogar andere Werke.<\/span><\/p>\n<p><span style=\"font-weight: 400\">Nachdem Picasso aufgrund der instabilen Arbeit seines Vaters nach La Coru\u00f1a gezogen war, malte er weiterhin Szenen aus seinem t\u00e4glichen Leben und besuchte unter anderem die Kunstschule von La Coru\u00f1a. F\u00fcnf Jahre sp\u00e4ter zog die Familie nach Barcelona, um den Tod von Picassos j\u00fcngerer Schwester zu verarbeiten. <strong>H\u00fclse, <\/strong>Mit wem w\u00fcrde ich sterben? <strong>gerade mal 7 Jahre alt <\/strong>krankheitsbedingt alt <strong>Diphtherie.<\/strong><\/span><\/p>\n<h3>Blaue B\u00fchne (1900 \u2013 1904)<\/h3>\n<p><span style=\"font-weight: 400\">In <strong>1900<\/strong> und anl\u00e4sslich der Weltausstellung pr\u00e4sentierte Picasso zusammen mit seinem gro\u00dfen Freund, ebenfalls Maler, <strong>Carlos Casagemas<\/strong>Sie marschierten in Richtung Paris. Zum einen <strong>romantisches Drama<\/strong> unerwidert, <strong>Casagemas begeht Selbstmord<\/strong> mit einer Kugel im Kopf. Es war ein schwerer Schlag f\u00fcr Picasso. <\/span><\/p>\n<p><span style=\"font-weight: 400\">In dieser Phase vermitteln Picassos Werke <strong>Traurigkeit und Verlassenheit<\/strong>. Wir k\u00f6nnen auch Charaktere sehen <strong>l\u00e4nglich, mit gesenktem Kopf und statisch<\/strong>vertritt die <strong>Unterklassen<\/strong> wie Obdachlose, Prostituierte, Kranke und extrem arme Familien aus Barcelona und Paris, die mit durch die Nachbarschaft ziehen <strong>gro\u00dfe Melancholie.<\/strong><\/span><\/p>\n<p><span style=\"font-weight: 400\">Er <strong>blaue Farbe<\/strong> w\u00fcrde das markieren <strong>tiefe Traurigkeit<\/strong> wie Picasso den Tod seines Freundes empfand. In diesen Gem\u00e4lden dominieren kalte Farben und leere Hintergr\u00fcnde.<\/span><\/p>\n<p><span style=\"font-weight: 400\"><em>Zwei Schwestern<\/em> (1902), <em>Der alte blinde Gitarrist<\/em> (1903) und <em>Die Trag\u00f6die<\/em> (1903) sind einige der Werke, die er in dieser Phase ausf\u00fchrte. Die Arbeit, die diese Phase abschlie\u00dft, ist <em>sparsames Essen<\/em> (1904).<\/span><\/p>\n<figure id=\"attachment_85229\" aria-describedby=\"caption-attachment-85229\" style=\"width: 444px\" class=\"wp-caption aligncenter\"><img fetchpriority=\"high\" data-attachment-id=\"85229\" data-permalink=\"https:\/\/elgeneracionalpost.com\/cultura\/2023\/0408\/85160\/50-anos-sin-pablo-picasso.html\/attachment\/la-tragedia-1903\" data-orig-file=\"https:\/\/i0.wp.com\/elgeneracionalpost.com\/wp-content\/uploads\/2023\/04\/La-tragedia-1903.png?fit=800%2C1229&amp;ssl=1\" data-orig-size=\"800,1229\" data-comments-opened=\"0\" data-image-meta=\"{&quot;aperture&quot;:&quot;0&quot;,&quot;credit&quot;:&quot;&quot;,&quot;camera&quot;:&quot;&quot;,&quot;caption&quot;:&quot;&quot;,&quot;created_timestamp&quot;:&quot;0&quot;,&quot;copyright&quot;:&quot;&quot;,&quot;focal_length&quot;:&quot;0&quot;,&quot;iso&quot;:&quot;0&quot;,&quot;shutter_speed&quot;:&quot;0&quot;,&quot;title&quot;:&quot;&quot;,&quot;orientation&quot;:&quot;0&quot;}\" data-image-title=\"La tragedia (1903)\" data-image-description=\"&lt;p&gt;La tragedia (1903) Pablo Picasso&lt;\/p&gt;&#10;\" data-image-caption=\"&lt;p&gt;La tragedia (1903) Pablo Picasso&lt;\/p&gt;&#10;\" data-medium-file=\"https:\/\/i0.wp.com\/elgeneracionalpost.com\/wp-content\/uploads\/2023\/04\/La-tragedia-1903.png?fit=195%2C300&amp;ssl=1\" data-large-file=\"https:\/\/i0.wp.com\/elgeneracionalpost.com\/wp-content\/uploads\/2023\/04\/La-tragedia-1903.png?fit=667%2C1024&amp;ssl=1\" decoding=\"async\" class=\"wp-image-85229 jetpack-lazy-image\" src=\"https:\/\/i0.wp.com\/elgeneracionalpost.com\/wp-content\/uploads\/2023\/04\/La-tragedia-1903.png?resize=444%2C682&amp;ssl=1\" alt=\"\" width=\"444\" height=\"682\" data-recalc-dims=\"1\" data-lazy-srcset=\"https:\/\/i0.wp.com\/elgeneracionalpost.com\/wp-content\/uploads\/2023\/04\/La-tragedia-1903.png?w=800&amp;ssl=1 800w, https:\/\/i0.wp.com\/elgeneracionalpost.com\/wp-content\/uploads\/2023\/04\/La-tragedia-1903.png?resize=195%2C300&amp;ssl=1 195w, https:\/\/i0.wp.com\/elgeneracionalpost.com\/wp-content\/uploads\/2023\/04\/La-tragedia-1903.png?resize=667%2C1024&amp;ssl=1 667w, https:\/\/i0.wp.com\/elgeneracionalpost.com\/wp-content\/uploads\/2023\/04\/La-tragedia-1903.png?resize=768%2C1180&amp;ssl=1 768w, https:\/\/i0.wp.com\/elgeneracionalpost.com\/wp-content\/uploads\/2023\/04\/La-tragedia-1903.png?resize=150%2C230&amp;ssl=1 150w, https:\/\/i0.wp.com\/elgeneracionalpost.com\/wp-content\/uploads\/2023\/04\/La-tragedia-1903.png?resize=300%2C461&amp;ssl=1 300w, https:\/\/i0.wp.com\/elgeneracionalpost.com\/wp-content\/uploads\/2023\/04\/La-tragedia-1903.png?resize=696%2C1069&amp;ssl=1 696w\" data-lazy-sizes=\"(max-width: 444px) 100vw, 444px\" data-lazy-src=\"https:\/\/i0.wp.com\/elgeneracionalpost.com\/wp-content\/uploads\/2023\/04\/La-tragedia-1903.png?resize=444%2C682&amp;is-pending-load=1#038;ssl=1\" srcset=\"data:image\/gif;base64,R0lGODlhAQABAIAAAAAAAP\/\/\/yH5BAEAAAAALAAAAAABAAEAAAIBRAA7\"\/><noscript><img data-lazy-fallback=\"1\" data-attachment-id=\"85229\" data-permalink=\"https:\/\/elgeneracionalpost.com\/cultura\/2023\/0408\/85160\/50-anos-sin-pablo-picasso.html\/attachment\/la-tragedia-1903\" data-orig-file=\"https:\/\/i0.wp.com\/elgeneracionalpost.com\/wp-content\/uploads\/2023\/04\/La-tragedia-1903.png?fit=800%2C1229&amp;ssl=1\" data-orig-size=\"800,1229\" data-comments-opened=\"0\" data-image-meta=\"{&quot;aperture&quot;:&quot;0&quot;,&quot;credit&quot;:&quot;&quot;,&quot;camera&quot;:&quot;&quot;,&quot;caption&quot;:&quot;&quot;,&quot;created_timestamp&quot;:&quot;0&quot;,&quot;copyright&quot;:&quot;&quot;,&quot;focal_length&quot;:&quot;0&quot;,&quot;iso&quot;:&quot;0&quot;,&quot;shutter_speed&quot;:&quot;0&quot;,&quot;title&quot;:&quot;&quot;,&quot;orientation&quot;:&quot;0&quot;}\" data-image-title=\"La tragedia (1903)\" data-image-description=\"&lt;p&gt;La tragedia (1903) Pablo Picasso&lt;\/p&gt;&#10;\" data-image-caption=\"&lt;p&gt;La tragedia (1903) Pablo Picasso&lt;\/p&gt;&#10;\" data-medium-file=\"https:\/\/i0.wp.com\/elgeneracionalpost.com\/wp-content\/uploads\/2023\/04\/La-tragedia-1903.png?fit=195%2C300&amp;ssl=1\" data-large-file=\"https:\/\/i0.wp.com\/elgeneracionalpost.com\/wp-content\/uploads\/2023\/04\/La-tragedia-1903.png?fit=667%2C1024&amp;ssl=1\" decoding=\"async\" class=\"wp-image-85229\" src=\"https:\/\/i0.wp.com\/elgeneracionalpost.com\/wp-content\/uploads\/2023\/04\/La-tragedia-1903.png?resize=444%2C682&amp;ssl=1\" alt=\"\" width=\"444\" height=\"682\" srcset=\"https:\/\/i0.wp.com\/elgeneracionalpost.com\/wp-content\/uploads\/2023\/04\/La-tragedia-1903.png?w=800&amp;ssl=1 800w, https:\/\/i0.wp.com\/elgeneracionalpost.com\/wp-content\/uploads\/2023\/04\/La-tragedia-1903.png?resize=195%2C300&amp;ssl=1 195w, https:\/\/i0.wp.com\/elgeneracionalpost.com\/wp-content\/uploads\/2023\/04\/La-tragedia-1903.png?resize=667%2C1024&amp;ssl=1 667w, https:\/\/i0.wp.com\/elgeneracionalpost.com\/wp-content\/uploads\/2023\/04\/La-tragedia-1903.png?resize=768%2C1180&amp;ssl=1 768w, https:\/\/i0.wp.com\/elgeneracionalpost.com\/wp-content\/uploads\/2023\/04\/La-tragedia-1903.png?resize=150%2C230&amp;ssl=1 150w, https:\/\/i0.wp.com\/elgeneracionalpost.com\/wp-content\/uploads\/2023\/04\/La-tragedia-1903.png?resize=300%2C461&amp;ssl=1 300w, https:\/\/i0.wp.com\/elgeneracionalpost.com\/wp-content\/uploads\/2023\/04\/La-tragedia-1903.png?resize=696%2C1069&amp;ssl=1 696w\" sizes=\"(max-width: 444px) 100vw, 444px\" data-recalc-dims=\"1\"\/><\/noscript><figcaption id=\"caption-attachment-85229\" class=\"wp-caption-text\">Die Trag\u00f6die (1903) Pablo Picasso<\/figcaption><\/figure>\n<h3>Rosa B\u00fchne (1904 \u2013 1907)<\/h3>\n<p><span style=\"font-weight: 400\">Der Mann aus Malaga <strong>beschlie\u00dft, nach Montmartre, Paris zu ziehen.<\/strong> Die Pariser Aura inspiriert den K\u00fcnstler zu den Gem\u00e4lden auf dieser B\u00fchne. Es ist das Gegenteil des vorherigen Schritts, da die Ressourcen <strong>ein fr\u00f6hlicherer und lebendigerer Ton<\/strong>obwohl die Charaktere dies nicht getan haben <strong>kaum Emotionen. <\/strong><\/span><\/p>\n<p><span style=\"font-weight: 400\">Die Protagonisten sind Clowns, Akrobaten und Jongleure, <strong>Der Zirkus ist lebenswichtig<\/strong> um diese Phase zu verstehen. DER <strong>die Farben sind w\u00e4rmer<\/strong> <strong>und in Pastellt\u00f6nen.<\/strong> Verwenden Sie jetzt lustige und vollst\u00e4ndige Bilder.<\/span><\/p>\n<p><span style=\"font-weight: 400\">Drei der bedeutendsten Gem\u00e4lde aus dieser Phase sind <em>die Akrobatenfamilie<\/em> (1905), <em>Der Schauspieler<\/em> (1904) und <em>Niederl\u00e4ndische Sch\u00f6nheit<\/em> (1906).<\/span><\/p>\n<h3>Dunkle Periode (1906 \u2013 1909)<\/h3>\n<p><span style=\"font-weight: 400\">Primitive afrikanische Kunst und iberische Kunst inspirierten den K\u00fcnstler in dieser neuen Phase, dem \u00dcbergang zum Kubismus.<strong> Die Figuren zerfallen<\/strong> und dunkle Farben und Graut\u00f6ne dominieren.<\/span><\/p>\n<p><span style=\"font-weight: 400\">In dieser Phase sticht die Arbeit heraus <em>B\u00fcste einer Frau<\/em> (1909).<\/span><\/p>\n<h3>Kubismus<\/h3>\n<p><span style=\"font-weight: 400\">Es war ein <strong>Bewegung<\/strong> der sich entwickelt hat <strong>mit Jorge Braque<\/strong> in Paris. Es zeichnete sich durch die Verwendung von aus <strong>geometrische Formen<\/strong> (W\u00fcrfel, Kugeln\u2026), die Figuren aus der Natur darstellen. Es entstand eine dritte Dimension, die sich durch den Bruch mit der Perspektive auszeichnet. Es sollte nicht mit abstrakter Kunst verwechselt werden <strong>Alle verwendeten Formen haben einen konkreten Nutzen.<\/strong><\/span><\/p>\n<p><span style=\"font-weight: 400\">Die Arbeit, die mit diesem Schritt beginnt, ist <em>Die Damen von Avignon<\/em> (1907).<\/span><\/p>\n<p><span style=\"font-weight: 400\">Innerhalb des Kubismus finden wir drei Phasen: <strong>Szenischer Kubismus, analytischer oder hermetischer Kubismus und synthetischer Kubismus.<\/strong><\/span><\/p>\n<figure id=\"attachment_85231\" aria-describedby=\"caption-attachment-85231\" style=\"width: 503px\" class=\"wp-caption aligncenter\"><img data-attachment-id=\"85231\" data-permalink=\"https:\/\/elgeneracionalpost.com\/cultura\/2023\/0408\/85160\/50-anos-sin-pablo-picasso.html\/attachment\/las-senoritas-de-avignon-1907\" data-orig-file=\"https:\/\/i0.wp.com\/elgeneracionalpost.com\/wp-content\/uploads\/2023\/04\/Las-senoritas-de-Avignon-1907.png?fit=800%2C829&amp;ssl=1\" data-orig-size=\"800,829\" data-comments-opened=\"0\" data-image-meta=\"{&quot;aperture&quot;:&quot;0&quot;,&quot;credit&quot;:&quot;&quot;,&quot;camera&quot;:&quot;&quot;,&quot;caption&quot;:&quot;&quot;,&quot;created_timestamp&quot;:&quot;0&quot;,&quot;copyright&quot;:&quot;&quot;,&quot;focal_length&quot;:&quot;0&quot;,&quot;iso&quot;:&quot;0&quot;,&quot;shutter_speed&quot;:&quot;0&quot;,&quot;title&quot;:&quot;&quot;,&quot;orientation&quot;:&quot;0&quot;}\" data-image-title=\"Las se\u00f1oritas de Avignon (1907)\" data-image-description=\"&lt;p&gt;Las se\u00f1oritas de Avignon (1907) Pablo Picasso&lt;\/p&gt;&#10;\" data-image-caption=\"&lt;p&gt;Las se\u00f1oritas de Avignon (1907) Pablo Picasso&lt;\/p&gt;&#10;\" data-medium-file=\"https:\/\/i0.wp.com\/elgeneracionalpost.com\/wp-content\/uploads\/2023\/04\/Las-senoritas-de-Avignon-1907.png?fit=290%2C300&amp;ssl=1\" data-large-file=\"https:\/\/i0.wp.com\/elgeneracionalpost.com\/wp-content\/uploads\/2023\/04\/Las-senoritas-de-Avignon-1907.png?fit=696%2C721&amp;ssl=1\" decoding=\"async\" class=\"wp-image-85231 jetpack-lazy-image\" src=\"https:\/\/i0.wp.com\/elgeneracionalpost.com\/wp-content\/uploads\/2023\/04\/Las-senoritas-de-Avignon-1907.png?resize=503%2C521&amp;ssl=1\" alt=\"\" width=\"503\" height=\"521\" data-recalc-dims=\"1\" data-lazy-srcset=\"https:\/\/i0.wp.com\/elgeneracionalpost.com\/wp-content\/uploads\/2023\/04\/Las-senoritas-de-Avignon-1907.png?w=800&amp;ssl=1 800w, https:\/\/i0.wp.com\/elgeneracionalpost.com\/wp-content\/uploads\/2023\/04\/Las-senoritas-de-Avignon-1907.png?resize=290%2C300&amp;ssl=1 290w, https:\/\/i0.wp.com\/elgeneracionalpost.com\/wp-content\/uploads\/2023\/04\/Las-senoritas-de-Avignon-1907.png?resize=768%2C796&amp;ssl=1 768w, https:\/\/i0.wp.com\/elgeneracionalpost.com\/wp-content\/uploads\/2023\/04\/Las-senoritas-de-Avignon-1907.png?resize=150%2C155&amp;ssl=1 150w, https:\/\/i0.wp.com\/elgeneracionalpost.com\/wp-content\/uploads\/2023\/04\/Las-senoritas-de-Avignon-1907.png?resize=300%2C311&amp;ssl=1 300w, https:\/\/i0.wp.com\/elgeneracionalpost.com\/wp-content\/uploads\/2023\/04\/Las-senoritas-de-Avignon-1907.png?resize=696%2C721&amp;ssl=1 696w\" data-lazy-sizes=\"(max-width: 503px) 100vw, 503px\" data-lazy-src=\"https:\/\/i0.wp.com\/elgeneracionalpost.com\/wp-content\/uploads\/2023\/04\/Las-senoritas-de-Avignon-1907.png?resize=503%2C521&amp;is-pending-load=1#038;ssl=1\" srcset=\"data:image\/gif;base64,R0lGODlhAQABAIAAAAAAAP\/\/\/yH5BAEAAAAALAAAAAABAAEAAAIBRAA7\"\/><noscript><img loading=\"lazy\" data-lazy-fallback=\"1\" data-attachment-id=\"85231\" data-permalink=\"https:\/\/elgeneracionalpost.com\/cultura\/2023\/0408\/85160\/50-anos-sin-pablo-picasso.html\/attachment\/las-senoritas-de-avignon-1907\" data-orig-file=\"https:\/\/i0.wp.com\/elgeneracionalpost.com\/wp-content\/uploads\/2023\/04\/Las-senoritas-de-Avignon-1907.png?fit=800%2C829&amp;ssl=1\" data-orig-size=\"800,829\" data-comments-opened=\"0\" data-image-meta=\"{&quot;aperture&quot;:&quot;0&quot;,&quot;credit&quot;:&quot;&quot;,&quot;camera&quot;:&quot;&quot;,&quot;caption&quot;:&quot;&quot;,&quot;created_timestamp&quot;:&quot;0&quot;,&quot;copyright&quot;:&quot;&quot;,&quot;focal_length&quot;:&quot;0&quot;,&quot;iso&quot;:&quot;0&quot;,&quot;shutter_speed&quot;:&quot;0&quot;,&quot;title&quot;:&quot;&quot;,&quot;orientation&quot;:&quot;0&quot;}\" data-image-title=\"Las se\u00f1oritas de Avignon (1907)\" data-image-description=\"&lt;p&gt;Las se\u00f1oritas de Avignon (1907) Pablo Picasso&lt;\/p&gt;&#10;\" data-image-caption=\"&lt;p&gt;Las se\u00f1oritas de Avignon (1907) Pablo Picasso&lt;\/p&gt;&#10;\" data-medium-file=\"https:\/\/i0.wp.com\/elgeneracionalpost.com\/wp-content\/uploads\/2023\/04\/Las-senoritas-de-Avignon-1907.png?fit=290%2C300&amp;ssl=1\" data-large-file=\"https:\/\/i0.wp.com\/elgeneracionalpost.com\/wp-content\/uploads\/2023\/04\/Las-senoritas-de-Avignon-1907.png?fit=696%2C721&amp;ssl=1\" decoding=\"async\" class=\"wp-image-85231\" src=\"https:\/\/i0.wp.com\/elgeneracionalpost.com\/wp-content\/uploads\/2023\/04\/Las-senoritas-de-Avignon-1907.png?resize=503%2C521&amp;ssl=1\" alt=\"\" width=\"503\" height=\"521\" srcset=\"https:\/\/i0.wp.com\/elgeneracionalpost.com\/wp-content\/uploads\/2023\/04\/Las-senoritas-de-Avignon-1907.png?w=800&amp;ssl=1 800w, https:\/\/i0.wp.com\/elgeneracionalpost.com\/wp-content\/uploads\/2023\/04\/Las-senoritas-de-Avignon-1907.png?resize=290%2C300&amp;ssl=1 290w, https:\/\/i0.wp.com\/elgeneracionalpost.com\/wp-content\/uploads\/2023\/04\/Las-senoritas-de-Avignon-1907.png?resize=768%2C796&amp;ssl=1 768w, https:\/\/i0.wp.com\/elgeneracionalpost.com\/wp-content\/uploads\/2023\/04\/Las-senoritas-de-Avignon-1907.png?resize=150%2C155&amp;ssl=1 150w, https:\/\/i0.wp.com\/elgeneracionalpost.com\/wp-content\/uploads\/2023\/04\/Las-senoritas-de-Avignon-1907.png?resize=300%2C311&amp;ssl=1 300w, https:\/\/i0.wp.com\/elgeneracionalpost.com\/wp-content\/uploads\/2023\/04\/Las-senoritas-de-Avignon-1907.png?resize=696%2C721&amp;ssl=1 696w\" sizes=\"auto, (max-width: 503px) 100vw, 503px\" data-recalc-dims=\"1\"\/><\/noscript><figcaption id=\"caption-attachment-85231\" class=\"wp-caption-text\">Die M\u00e4dchen von Avignon (1907) Pablo Picasso<\/figcaption><\/figure>\n<h3>B\u00fchnenkubismus<\/h3>\n<p><span style=\"font-weight: 400\">B\u00fchnenkubismus, auch bekannt als \u201e<strong>voranalytisch<\/strong>\u201c, ist die erste Phase dieser Phase. <\/span><span style=\"font-weight: 400\">Hier finden wir C\u00e9zanne, den K\u00fcnstler, der den Grundstein f\u00fcr diese Bewegung legte, indem er die kubistische Kunst inspirierte.<\/span><\/p>\n<p><span style=\"font-weight: 400\">In dieser Phase sticht die Arbeit heraus <em>Landschaft mit zwei Figuren<\/em> (1908).<\/span><\/p>\n<h3>Analytischer Kubismus<\/h3>\n<p><span style=\"font-weight: 400\">Der Name dieser Etappe stammt von <strong>tiefe Analyse<\/strong> was Picasso mit seinen Werken gemacht hat, mit seinen unterschiedlichen Sichtweisen. Zus\u00e4tzlich zu einer gr\u00f6\u00dferen Anzahl von Pl\u00e4nen. <\/span><\/p>\n<p><span style=\"font-weight: 400\">Wir sehen die Verwendung von <strong>Die<\/strong> <strong>Farbpalette von Ocker, Blau, Gr\u00fcn und sogar Grau.<\/strong><\/span><\/p>\n<p><span style=\"font-weight: 400\">Wir k\u00f6nnen in dieser Phase verschiedene Werke sehen, z. <em>Der Dichter<\/em> (1911) und <em>Stillleben mit Klarinette<\/em> (1911).<\/span><\/p>\n<figure id=\"attachment_85237\" aria-describedby=\"caption-attachment-85237\" style=\"width: 489px\" class=\"wp-caption aligncenter\"><img loading=\"lazy\" data-attachment-id=\"85237\" data-permalink=\"https:\/\/elgeneracionalpost.com\/cultura\/2023\/0408\/85160\/50-anos-sin-pablo-picasso.html\/attachment\/naturaleza-muerta-con-clarinete-1911\" data-orig-file=\"https:\/\/i0.wp.com\/elgeneracionalpost.com\/wp-content\/uploads\/2023\/04\/Naturaleza-muerta-con-clarinete-1911.jpeg?fit=1228%2C1881&amp;ssl=1\" data-orig-size=\"1228,1881\" data-comments-opened=\"0\" data-image-meta=\"{&quot;aperture&quot;:&quot;0&quot;,&quot;credit&quot;:&quot;&quot;,&quot;camera&quot;:&quot;&quot;,&quot;caption&quot;:&quot;&quot;,&quot;created_timestamp&quot;:&quot;0&quot;,&quot;copyright&quot;:&quot;&quot;,&quot;focal_length&quot;:&quot;0&quot;,&quot;iso&quot;:&quot;0&quot;,&quot;shutter_speed&quot;:&quot;0&quot;,&quot;title&quot;:&quot;&quot;,&quot;orientation&quot;:&quot;0&quot;}\" data-image-title=\"Naturaleza muerta con clarinete (1911)\" data-image-description=\"\" data-image-caption=\"&lt;p&gt;Naturaleza muerta con clarinete (1911) Pablo Picasso&lt;\/p&gt;&#10;\" data-medium-file=\"https:\/\/i0.wp.com\/elgeneracionalpost.com\/wp-content\/uploads\/2023\/04\/Naturaleza-muerta-con-clarinete-1911.jpeg?fit=196%2C300&amp;ssl=1\" data-large-file=\"https:\/\/i0.wp.com\/elgeneracionalpost.com\/wp-content\/uploads\/2023\/04\/Naturaleza-muerta-con-clarinete-1911.jpeg?fit=669%2C1024&amp;ssl=1\" decoding=\"async\" class=\"wp-image-85237 jetpack-lazy-image\" src=\"https:\/\/i0.wp.com\/elgeneracionalpost.com\/wp-content\/uploads\/2023\/04\/Naturaleza-muerta-con-clarinete-1911.jpeg?resize=489%2C749&amp;ssl=1\" alt=\"\" width=\"489\" height=\"749\" data-recalc-dims=\"1\" data-lazy-srcset=\"https:\/\/i0.wp.com\/elgeneracionalpost.com\/wp-content\/uploads\/2023\/04\/Naturaleza-muerta-con-clarinete-1911.jpeg?w=1228&amp;ssl=1 1228w, https:\/\/i0.wp.com\/elgeneracionalpost.com\/wp-content\/uploads\/2023\/04\/Naturaleza-muerta-con-clarinete-1911.jpeg?resize=196%2C300&amp;ssl=1 196w, https:\/\/i0.wp.com\/elgeneracionalpost.com\/wp-content\/uploads\/2023\/04\/Naturaleza-muerta-con-clarinete-1911.jpeg?resize=669%2C1024&amp;ssl=1 669w, https:\/\/i0.wp.com\/elgeneracionalpost.com\/wp-content\/uploads\/2023\/04\/Naturaleza-muerta-con-clarinete-1911.jpeg?resize=768%2C1176&amp;ssl=1 768w, https:\/\/i0.wp.com\/elgeneracionalpost.com\/wp-content\/uploads\/2023\/04\/Naturaleza-muerta-con-clarinete-1911.jpeg?resize=1003%2C1536&amp;ssl=1 1003w, https:\/\/i0.wp.com\/elgeneracionalpost.com\/wp-content\/uploads\/2023\/04\/Naturaleza-muerta-con-clarinete-1911.jpeg?resize=150%2C230&amp;ssl=1 150w, https:\/\/i0.wp.com\/elgeneracionalpost.com\/wp-content\/uploads\/2023\/04\/Naturaleza-muerta-con-clarinete-1911.jpeg?resize=300%2C460&amp;ssl=1 300w, https:\/\/i0.wp.com\/elgeneracionalpost.com\/wp-content\/uploads\/2023\/04\/Naturaleza-muerta-con-clarinete-1911.jpeg?resize=696%2C1066&amp;ssl=1 696w, https:\/\/i0.wp.com\/elgeneracionalpost.com\/wp-content\/uploads\/2023\/04\/Naturaleza-muerta-con-clarinete-1911.jpeg?resize=1068%2C1636&amp;ssl=1 1068w\" data-lazy-sizes=\"(max-width: 489px) 100vw, 489px\" data-lazy-src=\"https:\/\/i0.wp.com\/elgeneracionalpost.com\/wp-content\/uploads\/2023\/04\/Naturaleza-muerta-con-clarinete-1911.jpeg?resize=489%2C749&amp;is-pending-load=1#038;ssl=1\" srcset=\"data:image\/gif;base64,R0lGODlhAQABAIAAAAAAAP\/\/\/yH5BAEAAAAALAAAAAABAAEAAAIBRAA7\"\/><noscript><img loading=\"lazy\" data-lazy-fallback=\"1\" data-attachment-id=\"85237\" data-permalink=\"https:\/\/elgeneracionalpost.com\/cultura\/2023\/0408\/85160\/50-anos-sin-pablo-picasso.html\/attachment\/naturaleza-muerta-con-clarinete-1911\" data-orig-file=\"https:\/\/i0.wp.com\/elgeneracionalpost.com\/wp-content\/uploads\/2023\/04\/Naturaleza-muerta-con-clarinete-1911.jpeg?fit=1228%2C1881&amp;ssl=1\" data-orig-size=\"1228,1881\" data-comments-opened=\"0\" data-image-meta=\"{&quot;aperture&quot;:&quot;0&quot;,&quot;credit&quot;:&quot;&quot;,&quot;camera&quot;:&quot;&quot;,&quot;caption&quot;:&quot;&quot;,&quot;created_timestamp&quot;:&quot;0&quot;,&quot;copyright&quot;:&quot;&quot;,&quot;focal_length&quot;:&quot;0&quot;,&quot;iso&quot;:&quot;0&quot;,&quot;shutter_speed&quot;:&quot;0&quot;,&quot;title&quot;:&quot;&quot;,&quot;orientation&quot;:&quot;0&quot;}\" data-image-title=\"Naturaleza muerta con clarinete (1911)\" data-image-description=\"\" data-image-caption=\"&lt;p&gt;Naturaleza muerta con clarinete (1911) Pablo Picasso&lt;\/p&gt;&#10;\" data-medium-file=\"https:\/\/i0.wp.com\/elgeneracionalpost.com\/wp-content\/uploads\/2023\/04\/Naturaleza-muerta-con-clarinete-1911.jpeg?fit=196%2C300&amp;ssl=1\" data-large-file=\"https:\/\/i0.wp.com\/elgeneracionalpost.com\/wp-content\/uploads\/2023\/04\/Naturaleza-muerta-con-clarinete-1911.jpeg?fit=669%2C1024&amp;ssl=1\" decoding=\"async\" class=\"wp-image-85237\" src=\"https:\/\/i0.wp.com\/elgeneracionalpost.com\/wp-content\/uploads\/2023\/04\/Naturaleza-muerta-con-clarinete-1911.jpeg?resize=489%2C749&amp;ssl=1\" alt=\"\" width=\"489\" height=\"749\" srcset=\"https:\/\/i0.wp.com\/elgeneracionalpost.com\/wp-content\/uploads\/2023\/04\/Naturaleza-muerta-con-clarinete-1911.jpeg?w=1228&amp;ssl=1 1228w, https:\/\/i0.wp.com\/elgeneracionalpost.com\/wp-content\/uploads\/2023\/04\/Naturaleza-muerta-con-clarinete-1911.jpeg?resize=196%2C300&amp;ssl=1 196w, https:\/\/i0.wp.com\/elgeneracionalpost.com\/wp-content\/uploads\/2023\/04\/Naturaleza-muerta-con-clarinete-1911.jpeg?resize=669%2C1024&amp;ssl=1 669w, https:\/\/i0.wp.com\/elgeneracionalpost.com\/wp-content\/uploads\/2023\/04\/Naturaleza-muerta-con-clarinete-1911.jpeg?resize=768%2C1176&amp;ssl=1 768w, https:\/\/i0.wp.com\/elgeneracionalpost.com\/wp-content\/uploads\/2023\/04\/Naturaleza-muerta-con-clarinete-1911.jpeg?resize=1003%2C1536&amp;ssl=1 1003w, https:\/\/i0.wp.com\/elgeneracionalpost.com\/wp-content\/uploads\/2023\/04\/Naturaleza-muerta-con-clarinete-1911.jpeg?resize=150%2C230&amp;ssl=1 150w, https:\/\/i0.wp.com\/elgeneracionalpost.com\/wp-content\/uploads\/2023\/04\/Naturaleza-muerta-con-clarinete-1911.jpeg?resize=300%2C460&amp;ssl=1 300w, https:\/\/i0.wp.com\/elgeneracionalpost.com\/wp-content\/uploads\/2023\/04\/Naturaleza-muerta-con-clarinete-1911.jpeg?resize=696%2C1066&amp;ssl=1 696w, https:\/\/i0.wp.com\/elgeneracionalpost.com\/wp-content\/uploads\/2023\/04\/Naturaleza-muerta-con-clarinete-1911.jpeg?resize=1068%2C1636&amp;ssl=1 1068w\" sizes=\"auto, (max-width: 489px) 100vw, 489px\" data-recalc-dims=\"1\"\/><\/noscript><figcaption id=\"caption-attachment-85237\" class=\"wp-caption-text\">Stillleben mit Klarinette (1911) Pablo Picasso<\/figcaption><\/figure>\n<h3>Synthetischer Kubismus (1912 \u2013 1914)<\/h3>\n<p><span style=\"font-weight: 400\">Zum jetzigen Zeitpunkt gibt es solche <strong>Er<\/strong> <strong>Collage<\/strong>. Er begann, in seiner Arbeit Papier und Tischdecken zu verwenden. Der Zweck der Collage <strong>bestand darin, die zuvor zerlegten Bilder zu rekonstruieren.<\/strong> Dadurch wurde die Schaffung der \u201eGesamtbedeutung des Ergebnisses\u201c mit einer Farbpalette deutlich erweitert.<\/span><\/p>\n<p><span style=\"font-weight: 400\">Jobs wie <em>Gitarre, Klarinette und Flasche auf einem Tisch<\/em> (1916) und <em>Bouteille von unten<\/em> (1914).<\/span><\/p>\n<h3>Neoklassizismus (1917 \u2013 1925)<\/h3>\n<p><span style=\"font-weight: 400\">Das Thema dieser Etappe war definitiv <strong>das famili\u00e4re Umfeld<\/strong>tats\u00e4chlich hat er seine Frau gemalt <strong>Olga Khokhlova<\/strong> mehrfach (<em>Portr\u00e4t von Olga auf einem Sofa<\/em> (1918)). So wird Ruhe vermittelt. Im Jahr 1921, Picasso<strong> hat einen Sohn namens Paulo<\/strong>eine weitere Inspirationsquelle f\u00fcr den K\u00fcnstler.<\/span><\/p>\n<p><span style=\"font-weight: 400\">Auch das Thema dieser Werke waren mythologische Motive.<\/span><\/p>\n<h3>Surrealismus (1928-1932)<\/h3>\n<p><span style=\"font-weight: 400\">Surrealismus, wo Picasso immer geleugnet hat, aber seine Bilder sagen etwas anderes. <\/span><\/p>\n<p><span style=\"font-weight: 400\">Charaktere \u00fcberwiegen <strong>monstr\u00f6s, deformiert und gro\u00df. <\/strong><\/span><span style=\"font-weight: 400\">In diesem Stadium beginnt der K\u00fcnstler, das darzustellen <strong>Traumwelt<\/strong>Absoluter Mangel an Kontrolle und unverst\u00e4ndliche Metaphern pr\u00e4gten die Malague\u00f1o-B\u00fchne.<\/span><\/p>\n<p><span style=\"font-weight: 400\">Eines der wichtigsten Werke ist <em>Figuren am Meer<\/em> (1931).<\/span><\/p>\n<figure id=\"attachment_85233\" aria-describedby=\"caption-attachment-85233\" style=\"width: 1600px\" class=\"wp-caption aligncenter\"><img loading=\"lazy\" data-attachment-id=\"85233\" data-permalink=\"https:\/\/elgeneracionalpost.com\/cultura\/2023\/0408\/85160\/50-anos-sin-pablo-picasso.html\/attachment\/figuras-a-orillas-del-mar-1931\" data-orig-file=\"https:\/\/i0.wp.com\/elgeneracionalpost.com\/wp-content\/uploads\/2023\/04\/Figuras-a-orillas-del-mar-1931.jpg?fit=1600%2C1118&amp;ssl=1\" data-orig-size=\"1600,1118\" data-comments-opened=\"0\" data-image-meta=\"{&quot;aperture&quot;:&quot;0&quot;,&quot;credit&quot;:&quot;&quot;,&quot;camera&quot;:&quot;&quot;,&quot;caption&quot;:&quot;&quot;,&quot;created_timestamp&quot;:&quot;0&quot;,&quot;copyright&quot;:&quot;&quot;,&quot;focal_length&quot;:&quot;0&quot;,&quot;iso&quot;:&quot;0&quot;,&quot;shutter_speed&quot;:&quot;0&quot;,&quot;title&quot;:&quot;&quot;,&quot;orientation&quot;:&quot;0&quot;}\" data-image-title=\"Figuras a orillas del mar (1931)\" data-image-description=\"&lt;p&gt;Figuras a orillas del mar (1931) Pablo Picasso&lt;\/p&gt;&#10;\" data-image-caption=\"&lt;p&gt;Figuras a orillas del mar (1931) Pablo Picasso&lt;\/p&gt;&#10;\" data-medium-file=\"https:\/\/i0.wp.com\/elgeneracionalpost.com\/wp-content\/uploads\/2023\/04\/Figuras-a-orillas-del-mar-1931.jpg?fit=300%2C210&amp;ssl=1\" data-large-file=\"https:\/\/i0.wp.com\/elgeneracionalpost.com\/wp-content\/uploads\/2023\/04\/Figuras-a-orillas-del-mar-1931.jpg?fit=696%2C487&amp;ssl=1\" decoding=\"async\" class=\"size-full wp-image-85233 jetpack-lazy-image\" src=\"https:\/\/i0.wp.com\/elgeneracionalpost.com\/wp-content\/uploads\/2023\/04\/Figuras-a-orillas-del-mar-1931.jpg?resize=696%2C486&amp;ssl=1\" alt=\"\" width=\"696\" height=\"486\" data-recalc-dims=\"1\" data-lazy-srcset=\"https:\/\/i0.wp.com\/elgeneracionalpost.com\/wp-content\/uploads\/2023\/04\/Figuras-a-orillas-del-mar-1931.jpg?w=1600&amp;ssl=1 1600w, https:\/\/i0.wp.com\/elgeneracionalpost.com\/wp-content\/uploads\/2023\/04\/Figuras-a-orillas-del-mar-1931.jpg?resize=300%2C210&amp;ssl=1 300w, https:\/\/i0.wp.com\/elgeneracionalpost.com\/wp-content\/uploads\/2023\/04\/Figuras-a-orillas-del-mar-1931.jpg?resize=1024%2C716&amp;ssl=1 1024w, https:\/\/i0.wp.com\/elgeneracionalpost.com\/wp-content\/uploads\/2023\/04\/Figuras-a-orillas-del-mar-1931.jpg?resize=768%2C537&amp;ssl=1 768w, https:\/\/i0.wp.com\/elgeneracionalpost.com\/wp-content\/uploads\/2023\/04\/Figuras-a-orillas-del-mar-1931.jpg?resize=1536%2C1073&amp;ssl=1 1536w, https:\/\/i0.wp.com\/elgeneracionalpost.com\/wp-content\/uploads\/2023\/04\/Figuras-a-orillas-del-mar-1931.jpg?resize=150%2C105&amp;ssl=1 150w, https:\/\/i0.wp.com\/elgeneracionalpost.com\/wp-content\/uploads\/2023\/04\/Figuras-a-orillas-del-mar-1931.jpg?resize=696%2C486&amp;ssl=1 696w, https:\/\/i0.wp.com\/elgeneracionalpost.com\/wp-content\/uploads\/2023\/04\/Figuras-a-orillas-del-mar-1931.jpg?resize=1068%2C746&amp;ssl=1 1068w, https:\/\/i0.wp.com\/elgeneracionalpost.com\/wp-content\/uploads\/2023\/04\/Figuras-a-orillas-del-mar-1931.jpg?w=1392&amp;ssl=1 1392w\" data-lazy-sizes=\"(max-width: 696px) 100vw, 696px\" data-lazy-src=\"https:\/\/i0.wp.com\/elgeneracionalpost.com\/wp-content\/uploads\/2023\/04\/Figuras-a-orillas-del-mar-1931.jpg?resize=696%2C486&amp;is-pending-load=1#038;ssl=1\" srcset=\"data:image\/gif;base64,R0lGODlhAQABAIAAAAAAAP\/\/\/yH5BAEAAAAALAAAAAABAAEAAAIBRAA7\"\/><noscript><img loading=\"lazy\" data-lazy-fallback=\"1\" data-attachment-id=\"85233\" data-permalink=\"https:\/\/elgeneracionalpost.com\/cultura\/2023\/0408\/85160\/50-anos-sin-pablo-picasso.html\/attachment\/figuras-a-orillas-del-mar-1931\" data-orig-file=\"https:\/\/i0.wp.com\/elgeneracionalpost.com\/wp-content\/uploads\/2023\/04\/Figuras-a-orillas-del-mar-1931.jpg?fit=1600%2C1118&amp;ssl=1\" data-orig-size=\"1600,1118\" data-comments-opened=\"0\" data-image-meta=\"{&quot;aperture&quot;:&quot;0&quot;,&quot;credit&quot;:&quot;&quot;,&quot;camera&quot;:&quot;&quot;,&quot;caption&quot;:&quot;&quot;,&quot;created_timestamp&quot;:&quot;0&quot;,&quot;copyright&quot;:&quot;&quot;,&quot;focal_length&quot;:&quot;0&quot;,&quot;iso&quot;:&quot;0&quot;,&quot;shutter_speed&quot;:&quot;0&quot;,&quot;title&quot;:&quot;&quot;,&quot;orientation&quot;:&quot;0&quot;}\" data-image-title=\"Figuras a orillas del mar (1931)\" data-image-description=\"&lt;p&gt;Figuras a orillas del mar (1931) Pablo Picasso&lt;\/p&gt;&#10;\" data-image-caption=\"&lt;p&gt;Figuras a orillas del mar (1931) Pablo Picasso&lt;\/p&gt;&#10;\" data-medium-file=\"https:\/\/i0.wp.com\/elgeneracionalpost.com\/wp-content\/uploads\/2023\/04\/Figuras-a-orillas-del-mar-1931.jpg?fit=300%2C210&amp;ssl=1\" data-large-file=\"https:\/\/i0.wp.com\/elgeneracionalpost.com\/wp-content\/uploads\/2023\/04\/Figuras-a-orillas-del-mar-1931.jpg?fit=696%2C487&amp;ssl=1\" decoding=\"async\" class=\"size-full wp-image-85233\" src=\"https:\/\/i0.wp.com\/elgeneracionalpost.com\/wp-content\/uploads\/2023\/04\/Figuras-a-orillas-del-mar-1931.jpg?resize=696%2C486&amp;ssl=1\" alt=\"\" width=\"696\" height=\"486\" srcset=\"https:\/\/i0.wp.com\/elgeneracionalpost.com\/wp-content\/uploads\/2023\/04\/Figuras-a-orillas-del-mar-1931.jpg?w=1600&amp;ssl=1 1600w, https:\/\/i0.wp.com\/elgeneracionalpost.com\/wp-content\/uploads\/2023\/04\/Figuras-a-orillas-del-mar-1931.jpg?resize=300%2C210&amp;ssl=1 300w, https:\/\/i0.wp.com\/elgeneracionalpost.com\/wp-content\/uploads\/2023\/04\/Figuras-a-orillas-del-mar-1931.jpg?resize=1024%2C716&amp;ssl=1 1024w, https:\/\/i0.wp.com\/elgeneracionalpost.com\/wp-content\/uploads\/2023\/04\/Figuras-a-orillas-del-mar-1931.jpg?resize=768%2C537&amp;ssl=1 768w, https:\/\/i0.wp.com\/elgeneracionalpost.com\/wp-content\/uploads\/2023\/04\/Figuras-a-orillas-del-mar-1931.jpg?resize=1536%2C1073&amp;ssl=1 1536w, https:\/\/i0.wp.com\/elgeneracionalpost.com\/wp-content\/uploads\/2023\/04\/Figuras-a-orillas-del-mar-1931.jpg?resize=150%2C105&amp;ssl=1 150w, https:\/\/i0.wp.com\/elgeneracionalpost.com\/wp-content\/uploads\/2023\/04\/Figuras-a-orillas-del-mar-1931.jpg?resize=696%2C486&amp;ssl=1 696w, https:\/\/i0.wp.com\/elgeneracionalpost.com\/wp-content\/uploads\/2023\/04\/Figuras-a-orillas-del-mar-1931.jpg?resize=1068%2C746&amp;ssl=1 1068w, https:\/\/i0.wp.com\/elgeneracionalpost.com\/wp-content\/uploads\/2023\/04\/Figuras-a-orillas-del-mar-1931.jpg?w=1392&amp;ssl=1 1392w\" sizes=\"auto, (max-width: 696px) 100vw, 696px\" data-recalc-dims=\"1\"\/><\/noscript><figcaption id=\"caption-attachment-85233\" class=\"wp-caption-text\">Figuren am Meer (1931) Pablo Picasso<\/figcaption><\/figure>\n<h3>Expressionismus (1932-1946)<\/h3>\n<p><span style=\"font-weight: 400\">Der Spanische B\u00fcrgerkrieg und der Zweite Weltkrieg verzerrten Picassos Werke. Jetzt <strong>Angst und Angst<\/strong> Aufgrund des Schmerzes all dieser Opfer waren sie die Protagonisten dieser leeren Leinw\u00e4nde.<\/span><\/p>\n<h3><em>Die Guernica<\/em> (1937)<\/h3>\n<p><span style=\"font-weight: 400\">Die unvorhergesehenen Bombenangriffe der Deutschen auf die Bev\u00f6lkerung des Baskenlandes und der Auftrag der Regierung der Zweiten Republik machten Picasso zu einem seiner weltweit bekanntesten Werke. In nur einem Monat malte der K\u00fcnstler ein fast 8 Meter breites Gem\u00e4lde, das 1937 auf der Pariser Weltausstellung ausgestellt werden sollte. <\/span><\/p>\n<figure id=\"attachment_85235\" aria-describedby=\"caption-attachment-85235\" style=\"width: 2105px\" class=\"wp-caption aligncenter\"><img loading=\"lazy\" data-attachment-id=\"85235\" data-permalink=\"https:\/\/elgeneracionalpost.com\/cultura\/2023\/0408\/85160\/50-anos-sin-pablo-picasso.html\/attachment\/el-guernica-1937\" data-orig-file=\"https:\/\/i0.wp.com\/elgeneracionalpost.com\/wp-content\/uploads\/2023\/04\/El-Guernica-1937.jpg?fit=2105%2C953&amp;ssl=1\" data-orig-size=\"2105,953\" data-comments-opened=\"0\" data-image-meta=\"{&quot;aperture&quot;:&quot;0&quot;,&quot;credit&quot;:&quot;&quot;,&quot;camera&quot;:&quot;&quot;,&quot;caption&quot;:&quot;&quot;,&quot;created_timestamp&quot;:&quot;0&quot;,&quot;copyright&quot;:&quot;&quot;,&quot;focal_length&quot;:&quot;0&quot;,&quot;iso&quot;:&quot;0&quot;,&quot;shutter_speed&quot;:&quot;0&quot;,&quot;title&quot;:&quot;&quot;,&quot;orientation&quot;:&quot;0&quot;}\" data-image-title=\"El Guernica (1937)\" data-image-description=\"&lt;p&gt;El Guernica (1937) Pablo Picasso&lt;\/p&gt;&#10;\" data-image-caption=\"&lt;p&gt;El Guernica (1937) Pablo Picasso&lt;\/p&gt;&#10;\" data-medium-file=\"https:\/\/i0.wp.com\/elgeneracionalpost.com\/wp-content\/uploads\/2023\/04\/El-Guernica-1937.jpg?fit=300%2C136&amp;ssl=1\" data-large-file=\"https:\/\/i0.wp.com\/elgeneracionalpost.com\/wp-content\/uploads\/2023\/04\/El-Guernica-1937.jpg?fit=696%2C315&amp;ssl=1\" decoding=\"async\" class=\"size-full wp-image-85235 jetpack-lazy-image\" src=\"https:\/\/i0.wp.com\/elgeneracionalpost.com\/wp-content\/uploads\/2023\/04\/El-Guernica-1937.jpg?resize=696%2C315&amp;ssl=1\" alt=\"\" width=\"696\" height=\"315\" data-recalc-dims=\"1\" data-lazy-srcset=\"https:\/\/i0.wp.com\/elgeneracionalpost.com\/wp-content\/uploads\/2023\/04\/El-Guernica-1937.jpg?w=2105&amp;ssl=1 2105w, https:\/\/i0.wp.com\/elgeneracionalpost.com\/wp-content\/uploads\/2023\/04\/El-Guernica-1937.jpg?resize=300%2C136&amp;ssl=1 300w, https:\/\/i0.wp.com\/elgeneracionalpost.com\/wp-content\/uploads\/2023\/04\/El-Guernica-1937.jpg?resize=1024%2C464&amp;ssl=1 1024w, https:\/\/i0.wp.com\/elgeneracionalpost.com\/wp-content\/uploads\/2023\/04\/El-Guernica-1937.jpg?resize=768%2C348&amp;ssl=1 768w, https:\/\/i0.wp.com\/elgeneracionalpost.com\/wp-content\/uploads\/2023\/04\/El-Guernica-1937.jpg?resize=1536%2C695&amp;ssl=1 1536w, https:\/\/i0.wp.com\/elgeneracionalpost.com\/wp-content\/uploads\/2023\/04\/El-Guernica-1937.jpg?resize=2048%2C927&amp;ssl=1 2048w, https:\/\/i0.wp.com\/elgeneracionalpost.com\/wp-content\/uploads\/2023\/04\/El-Guernica-1937.jpg?resize=150%2C68&amp;ssl=1 150w, https:\/\/i0.wp.com\/elgeneracionalpost.com\/wp-content\/uploads\/2023\/04\/El-Guernica-1937.jpg?resize=696%2C315&amp;ssl=1 696w, https:\/\/i0.wp.com\/elgeneracionalpost.com\/wp-content\/uploads\/2023\/04\/El-Guernica-1937.jpg?resize=1068%2C484&amp;ssl=1 1068w, https:\/\/i0.wp.com\/elgeneracionalpost.com\/wp-content\/uploads\/2023\/04\/El-Guernica-1937.jpg?resize=1920%2C869&amp;ssl=1 1920w, https:\/\/i0.wp.com\/elgeneracionalpost.com\/wp-content\/uploads\/2023\/04\/El-Guernica-1937.jpg?w=1392&amp;ssl=1 1392w\" data-lazy-sizes=\"(max-width: 696px) 100vw, 696px\" data-lazy-src=\"https:\/\/i0.wp.com\/elgeneracionalpost.com\/wp-content\/uploads\/2023\/04\/El-Guernica-1937.jpg?resize=696%2C315&amp;is-pending-load=1#038;ssl=1\" srcset=\"data:image\/gif;base64,R0lGODlhAQABAIAAAAAAAP\/\/\/yH5BAEAAAAALAAAAAABAAEAAAIBRAA7\"\/><noscript><img loading=\"lazy\" data-lazy-fallback=\"1\" data-attachment-id=\"85235\" data-permalink=\"https:\/\/elgeneracionalpost.com\/cultura\/2023\/0408\/85160\/50-anos-sin-pablo-picasso.html\/attachment\/el-guernica-1937\" data-orig-file=\"https:\/\/i0.wp.com\/elgeneracionalpost.com\/wp-content\/uploads\/2023\/04\/El-Guernica-1937.jpg?fit=2105%2C953&amp;ssl=1\" data-orig-size=\"2105,953\" data-comments-opened=\"0\" data-image-meta=\"{&quot;aperture&quot;:&quot;0&quot;,&quot;credit&quot;:&quot;&quot;,&quot;camera&quot;:&quot;&quot;,&quot;caption&quot;:&quot;&quot;,&quot;created_timestamp&quot;:&quot;0&quot;,&quot;copyright&quot;:&quot;&quot;,&quot;focal_length&quot;:&quot;0&quot;,&quot;iso&quot;:&quot;0&quot;,&quot;shutter_speed&quot;:&quot;0&quot;,&quot;title&quot;:&quot;&quot;,&quot;orientation&quot;:&quot;0&quot;}\" data-image-title=\"El Guernica (1937)\" data-image-description=\"&lt;p&gt;El Guernica (1937) Pablo Picasso&lt;\/p&gt;&#10;\" data-image-caption=\"&lt;p&gt;El Guernica (1937) Pablo Picasso&lt;\/p&gt;&#10;\" data-medium-file=\"https:\/\/i0.wp.com\/elgeneracionalpost.com\/wp-content\/uploads\/2023\/04\/El-Guernica-1937.jpg?fit=300%2C136&amp;ssl=1\" data-large-file=\"https:\/\/i0.wp.com\/elgeneracionalpost.com\/wp-content\/uploads\/2023\/04\/El-Guernica-1937.jpg?fit=696%2C315&amp;ssl=1\" decoding=\"async\" class=\"size-full wp-image-85235\" src=\"https:\/\/i0.wp.com\/elgeneracionalpost.com\/wp-content\/uploads\/2023\/04\/El-Guernica-1937.jpg?resize=696%2C315&amp;ssl=1\" alt=\"\" width=\"696\" height=\"315\" srcset=\"https:\/\/i0.wp.com\/elgeneracionalpost.com\/wp-content\/uploads\/2023\/04\/El-Guernica-1937.jpg?w=2105&amp;ssl=1 2105w, https:\/\/i0.wp.com\/elgeneracionalpost.com\/wp-content\/uploads\/2023\/04\/El-Guernica-1937.jpg?resize=300%2C136&amp;ssl=1 300w, https:\/\/i0.wp.com\/elgeneracionalpost.com\/wp-content\/uploads\/2023\/04\/El-Guernica-1937.jpg?resize=1024%2C464&amp;ssl=1 1024w, https:\/\/i0.wp.com\/elgeneracionalpost.com\/wp-content\/uploads\/2023\/04\/El-Guernica-1937.jpg?resize=768%2C348&amp;ssl=1 768w, https:\/\/i0.wp.com\/elgeneracionalpost.com\/wp-content\/uploads\/2023\/04\/El-Guernica-1937.jpg?resize=1536%2C695&amp;ssl=1 1536w, https:\/\/i0.wp.com\/elgeneracionalpost.com\/wp-content\/uploads\/2023\/04\/El-Guernica-1937.jpg?resize=2048%2C927&amp;ssl=1 2048w, https:\/\/i0.wp.com\/elgeneracionalpost.com\/wp-content\/uploads\/2023\/04\/El-Guernica-1937.jpg?resize=150%2C68&amp;ssl=1 150w, https:\/\/i0.wp.com\/elgeneracionalpost.com\/wp-content\/uploads\/2023\/04\/El-Guernica-1937.jpg?resize=696%2C315&amp;ssl=1 696w, https:\/\/i0.wp.com\/elgeneracionalpost.com\/wp-content\/uploads\/2023\/04\/El-Guernica-1937.jpg?resize=1068%2C484&amp;ssl=1 1068w, https:\/\/i0.wp.com\/elgeneracionalpost.com\/wp-content\/uploads\/2023\/04\/El-Guernica-1937.jpg?resize=1920%2C869&amp;ssl=1 1920w, https:\/\/i0.wp.com\/elgeneracionalpost.com\/wp-content\/uploads\/2023\/04\/El-Guernica-1937.jpg?w=1392&amp;ssl=1 1392w\" sizes=\"auto, (max-width: 696px) 100vw, 696px\" data-recalc-dims=\"1\"\/><\/noscript><figcaption id=\"caption-attachment-85235\" class=\"wp-caption-text\">Guernica (1937) Pablo Picasso<\/figcaption><\/figure>\n<h3>Vallauris (1946-1953)<\/h3>\n<p><span style=\"font-weight: 400\">Picasso in diesem Stadium, <strong>l\u00e4sst sich in der franz\u00f6sischen Stadt Vallauris nieder<\/strong> Seitdem er sich in eine Ausstellung von verliebt hat <strong>Keramik<\/strong>. Er stellte T\u00f6pfe, Gipsskulpturen, Vasen, Fliesen ... alle Arten von Keramik her, tats\u00e4chlich schuf er mehr als 2.000 St\u00fccke. Er l\u00e4sst sich vom Familienleben und auch von seinem Interesse an inspirieren<strong> Stierkampf.<\/strong><\/span><\/p>\n<h3>Letzte Etappe (1954 \u2013 1973)<\/h3>\n<p><span style=\"font-weight: 400\">In dieser letzten Phase widmete sich Picasso<strong> Arbeit \u00fcberpr\u00fcfen<\/strong> von Malern vom Format eines Vel\u00e1zquez, Goya oder Manet. Im Jahr 1972 schuf der K\u00fcnstler <strong>von ihnen<\/strong> <strong>Neueste Selbstportr\u00e4ts<\/strong>. Er starb ein Jahr sp\u00e4ter, am 8. April 1973. An diesem Tag vor 50 Jahren.<\/span><\/p>\n<div class=\"sharedaddy sd-block sd-like jetpack-likes-widget-wrapper jetpack-likes-widget-unloaded\" id=\"like-post-wrapper-153844979-85160-6431c3e7bf081\" data-src=\"https:\/\/widgets.wp.com\/likes\/#blog_id=153844979&amp;post_id=85160&amp;origin=elgeneracionalpost.com&amp;obj_id=153844979-85160-6431c3e7bf081\" data-name=\"like-post-frame-153844979-85160-6431c3e7bf081\" data-title=\"Me gusta o Compartir\">\n<h3 class=\"sd-title\">Ich mag das:<\/h3>\n<p><span class=\"button\"><span>Ich mag<\/span><\/span> <span class=\"loading\">Laden\u2026<\/span><\/p>\n<p><span class=\"sd-text-color\"\/><\/div>\n<p><h3 class=\"jp-relatedposts-headline\"><em>Verwandt<\/em><\/h3>\n<\/p>\n<\/div>","protected":false},"excerpt":{"rendered":"<p>Im Jahr 2023 wird es weltweit mehr als 50 Ausstellungen der Kunst von Pablo Picasso geben. Obwohl Spanien und Frankreich\u2026 <\/p>","protected":false},"author":1,"featured_media":1101,"comment_status":"open","ping_status":"open","sticky":false,"template":"","format":"standard","meta":{"fifu_image_url":"https:\/\/i0.wp.com\/elgeneracionalpost.com\/wp-content\/uploads\/2023\/04\/picasso_1.jpg?fit=1030,1030&ssl=1","fifu_image_alt":"","footnotes":""},"categories":[35],"tags":[],"class_list":["post-1100","post","type-post","status-publish","format-standard","has-post-thumbnail","hentry","category-cultura-e-lazer","latest_post"],"yoast_head":"<!-- This site is optimized with the Yoast SEO plugin v27.3 - https:\/\/yoast.com\/product\/yoast-seo-wordpress\/ -->\n<title>50 anos sem Pablo Picasso - Tirinha.com<\/title>\n<meta name=\"robots\" content=\"index, follow, max-snippet:-1, max-image-preview:large, max-video-preview:-1\" \/>\n<link rel=\"canonical\" href=\"https:\/\/tirinha.com\/de\/1100\/50-jahre-ohne-pablo-picasso\/\" \/>\n<meta property=\"og:locale\" content=\"de_DE\" \/>\n<meta property=\"og:type\" content=\"article\" \/>\n<meta property=\"og:title\" content=\"50 anos sem Pablo Picasso - Tirinha.com\" \/>\n<meta property=\"og:description\" content=\"Em 2023 ser\u00e3o mais de 50 exposi\u00e7\u00f5es da arte de Pablo Picasso pelo mundo. Embora a Espanha e a Fran\u00e7a &hellip;\" \/>\n<meta property=\"og:url\" content=\"https:\/\/tirinha.com\/de\/1100\/50-jahre-ohne-pablo-picasso\/\" \/>\n<meta property=\"og:site_name\" content=\"Tirinha.com\" \/>\n<meta property=\"article:published_time\" content=\"2023-04-08T19:43:37+00:00\" \/>\n<meta property=\"og:image\" content=\"https:\/\/i0.wp.com\/elgeneracionalpost.com\/wp-content\/uploads\/2023\/04\/picasso_1.jpg?fit=1030,1030&ssl=1\" \/>\n<meta name=\"author\" content=\"admin\" \/>\n<meta name=\"twitter:card\" content=\"summary_large_image\" \/>\n<meta name=\"twitter:image\" content=\"https:\/\/i0.wp.com\/elgeneracionalpost.com\/wp-content\/uploads\/2023\/04\/picasso_1.jpg?fit=1030,1030&ssl=1\" \/>\n<meta name=\"twitter:label1\" content=\"Verfasst von\" \/>\n\t<meta name=\"twitter:data1\" content=\"admin\" \/>\n\t<meta name=\"twitter:label2\" content=\"Gesch\u00e4tzte Lesezeit\" \/>\n\t<meta name=\"twitter:data2\" content=\"6\u00a0Minuten\" \/>\n<script type=\"application\/ld+json\" class=\"yoast-schema-graph\">{\"@context\":\"https:\\\/\\\/schema.org\",\"@graph\":[{\"@type\":\"Article\",\"@id\":\"https:\\\/\\\/tirinha.com\\\/1100\\\/50-anos-sem-pablo-picasso\\\/#article\",\"isPartOf\":{\"@id\":\"https:\\\/\\\/tirinha.com\\\/1100\\\/50-anos-sem-pablo-picasso\\\/\"},\"author\":{\"name\":\"admin\",\"@id\":\"https:\\\/\\\/tirinha.com\\\/#\\\/schema\\\/person\\\/e22bdfbe17e0461f7e927e6a1208d4d9\"},\"headline\":\"50 anos sem Pablo Picasso\",\"datePublished\":\"2023-04-08T19:43:37+00:00\",\"mainEntityOfPage\":{\"@id\":\"https:\\\/\\\/tirinha.com\\\/1100\\\/50-anos-sem-pablo-picasso\\\/\"},\"wordCount\":1162,\"commentCount\":0,\"publisher\":{\"@id\":\"https:\\\/\\\/tirinha.com\\\/#organization\"},\"image\":{\"@id\":\"https:\\\/\\\/tirinha.com\\\/1100\\\/50-anos-sem-pablo-picasso\\\/#primaryimage\"},\"thumbnailUrl\":\"https:\\\/\\\/i0.wp.com\\\/elgeneracionalpost.com\\\/wp-content\\\/uploads\\\/2023\\\/04\\\/picasso_1.jpg?fit=1030,1030&ssl=1\",\"articleSection\":[\"Cultura e lazer\"],\"inLanguage\":\"de\",\"potentialAction\":[{\"@type\":\"CommentAction\",\"name\":\"Comment\",\"target\":[\"https:\\\/\\\/tirinha.com\\\/1100\\\/50-anos-sem-pablo-picasso\\\/#respond\"]}]},{\"@type\":\"WebPage\",\"@id\":\"https:\\\/\\\/tirinha.com\\\/1100\\\/50-anos-sem-pablo-picasso\\\/\",\"url\":\"https:\\\/\\\/tirinha.com\\\/1100\\\/50-anos-sem-pablo-picasso\\\/\",\"name\":\"50 anos sem Pablo Picasso - Tirinha.com\",\"isPartOf\":{\"@id\":\"https:\\\/\\\/tirinha.com\\\/#website\"},\"primaryImageOfPage\":{\"@id\":\"https:\\\/\\\/tirinha.com\\\/1100\\\/50-anos-sem-pablo-picasso\\\/#primaryimage\"},\"image\":{\"@id\":\"https:\\\/\\\/tirinha.com\\\/1100\\\/50-anos-sem-pablo-picasso\\\/#primaryimage\"},\"thumbnailUrl\":\"https:\\\/\\\/i0.wp.com\\\/elgeneracionalpost.com\\\/wp-content\\\/uploads\\\/2023\\\/04\\\/picasso_1.jpg?fit=1030,1030&ssl=1\",\"datePublished\":\"2023-04-08T19:43:37+00:00\",\"breadcrumb\":{\"@id\":\"https:\\\/\\\/tirinha.com\\\/1100\\\/50-anos-sem-pablo-picasso\\\/#breadcrumb\"},\"inLanguage\":\"de\",\"potentialAction\":[{\"@type\":\"ReadAction\",\"target\":[\"https:\\\/\\\/tirinha.com\\\/1100\\\/50-anos-sem-pablo-picasso\\\/\"]}]},{\"@type\":\"ImageObject\",\"inLanguage\":\"de\",\"@id\":\"https:\\\/\\\/tirinha.com\\\/1100\\\/50-anos-sem-pablo-picasso\\\/#primaryimage\",\"url\":\"https:\\\/\\\/i0.wp.com\\\/elgeneracionalpost.com\\\/wp-content\\\/uploads\\\/2023\\\/04\\\/picasso_1.jpg?fit=1030,1030&ssl=1\",\"contentUrl\":\"https:\\\/\\\/i0.wp.com\\\/elgeneracionalpost.com\\\/wp-content\\\/uploads\\\/2023\\\/04\\\/picasso_1.jpg?fit=1030,1030&ssl=1\"},{\"@type\":\"BreadcrumbList\",\"@id\":\"https:\\\/\\\/tirinha.com\\\/1100\\\/50-anos-sem-pablo-picasso\\\/#breadcrumb\",\"itemListElement\":[{\"@type\":\"ListItem\",\"position\":1,\"name\":\"Home\",\"item\":\"https:\\\/\\\/tirinha.com\\\/\"},{\"@type\":\"ListItem\",\"position\":2,\"name\":\"50 anos sem Pablo Picasso\"}]},{\"@type\":\"WebSite\",\"@id\":\"https:\\\/\\\/tirinha.com\\\/#website\",\"url\":\"https:\\\/\\\/tirinha.com\\\/\",\"name\":\"Tirinha.com\",\"description\":\"Arte e livros resenhas\",\"publisher\":{\"@id\":\"https:\\\/\\\/tirinha.com\\\/#organization\"},\"potentialAction\":[{\"@type\":\"SearchAction\",\"target\":{\"@type\":\"EntryPoint\",\"urlTemplate\":\"https:\\\/\\\/tirinha.com\\\/?s={search_term_string}\"},\"query-input\":{\"@type\":\"PropertyValueSpecification\",\"valueRequired\":true,\"valueName\":\"search_term_string\"}}],\"inLanguage\":\"de\"},{\"@type\":\"Organization\",\"@id\":\"https:\\\/\\\/tirinha.com\\\/#organization\",\"name\":\"Tirinha.com\",\"url\":\"https:\\\/\\\/tirinha.com\\\/\",\"logo\":{\"@type\":\"ImageObject\",\"inLanguage\":\"de\",\"@id\":\"https:\\\/\\\/tirinha.com\\\/#\\\/schema\\\/logo\\\/image\\\/\",\"url\":\"https:\\\/\\\/tirinha.com\\\/wp-content\\\/uploads\\\/2023\\\/08\\\/cropped-Logo-Tirinha.webp\",\"contentUrl\":\"https:\\\/\\\/tirinha.com\\\/wp-content\\\/uploads\\\/2023\\\/08\\\/cropped-Logo-Tirinha.webp\",\"width\":512,\"height\":512,\"caption\":\"Tirinha.com\"},\"image\":{\"@id\":\"https:\\\/\\\/tirinha.com\\\/#\\\/schema\\\/logo\\\/image\\\/\"}},{\"@type\":\"Person\",\"@id\":\"https:\\\/\\\/tirinha.com\\\/#\\\/schema\\\/person\\\/e22bdfbe17e0461f7e927e6a1208d4d9\",\"name\":\"admin\",\"image\":{\"@type\":\"ImageObject\",\"inLanguage\":\"de\",\"@id\":\"https:\\\/\\\/tirinha.com\\\/wp-content\\\/litespeed\\\/avatar\\\/d0068f7931cc87d7274eb0c3db1deb4b.jpg?ver=1776829466\",\"url\":\"https:\\\/\\\/tirinha.com\\\/wp-content\\\/litespeed\\\/avatar\\\/d0068f7931cc87d7274eb0c3db1deb4b.jpg?ver=1776829466\",\"contentUrl\":\"https:\\\/\\\/tirinha.com\\\/wp-content\\\/litespeed\\\/avatar\\\/d0068f7931cc87d7274eb0c3db1deb4b.jpg?ver=1776829466\",\"caption\":\"admin\"},\"sameAs\":[\"https:\\\/\\\/tirinha.com\"],\"url\":\"https:\\\/\\\/tirinha.com\\\/de\\\/author\\\/admin\\\/\"}]}<\/script>\n<!-- \/ Yoast SEO plugin. -->","yoast_head_json":{"title":"50 Jahre ohne Pablo Picasso - Tirinha.com","robots":{"index":"index","follow":"follow","max-snippet":"max-snippet:-1","max-image-preview":"max-image-preview:large","max-video-preview":"max-video-preview:-1"},"canonical":"https:\/\/tirinha.com\/de\/1100\/50-jahre-ohne-pablo-picasso\/","og_locale":"de_DE","og_type":"article","og_title":"50 anos sem Pablo Picasso - Tirinha.com","og_description":"Em 2023 ser\u00e3o mais de 50 exposi\u00e7\u00f5es da arte de Pablo Picasso pelo mundo. Embora a Espanha e a Fran\u00e7a &hellip;","og_url":"https:\/\/tirinha.com\/de\/1100\/50-jahre-ohne-pablo-picasso\/","og_site_name":"Tirinha.com","article_published_time":"2023-04-08T19:43:37+00:00","og_image":[{"url":"https:\/\/i0.wp.com\/elgeneracionalpost.com\/wp-content\/uploads\/2023\/04\/picasso_1.jpg?fit=1030,1030&ssl=1","type":"","width":"","height":""}],"author":"admin","twitter_card":"summary_large_image","twitter_image":"https:\/\/i0.wp.com\/elgeneracionalpost.com\/wp-content\/uploads\/2023\/04\/picasso_1.jpg?fit=1030,1030&ssl=1","twitter_misc":{"Verfasst von":"admin","Gesch\u00e4tzte Lesezeit":"6\u00a0Minuten"},"schema":{"@context":"https:\/\/schema.org","@graph":[{"@type":"Article","@id":"https:\/\/tirinha.com\/1100\/50-anos-sem-pablo-picasso\/#article","isPartOf":{"@id":"https:\/\/tirinha.com\/1100\/50-anos-sem-pablo-picasso\/"},"author":{"name":"admin","@id":"https:\/\/tirinha.com\/#\/schema\/person\/e22bdfbe17e0461f7e927e6a1208d4d9"},"headline":"50 anos sem Pablo Picasso","datePublished":"2023-04-08T19:43:37+00:00","mainEntityOfPage":{"@id":"https:\/\/tirinha.com\/1100\/50-anos-sem-pablo-picasso\/"},"wordCount":1162,"commentCount":0,"publisher":{"@id":"https:\/\/tirinha.com\/#organization"},"image":{"@id":"https:\/\/tirinha.com\/1100\/50-anos-sem-pablo-picasso\/#primaryimage"},"thumbnailUrl":"https:\/\/i0.wp.com\/elgeneracionalpost.com\/wp-content\/uploads\/2023\/04\/picasso_1.jpg?fit=1030,1030&ssl=1","articleSection":["Cultura e lazer"],"inLanguage":"de","potentialAction":[{"@type":"CommentAction","name":"Comment","target":["https:\/\/tirinha.com\/1100\/50-anos-sem-pablo-picasso\/#respond"]}]},{"@type":"WebPage","@id":"https:\/\/tirinha.com\/1100\/50-anos-sem-pablo-picasso\/","url":"https:\/\/tirinha.com\/1100\/50-anos-sem-pablo-picasso\/","name":"50 Jahre ohne Pablo Picasso - Tirinha.com","isPartOf":{"@id":"https:\/\/tirinha.com\/#website"},"primaryImageOfPage":{"@id":"https:\/\/tirinha.com\/1100\/50-anos-sem-pablo-picasso\/#primaryimage"},"image":{"@id":"https:\/\/tirinha.com\/1100\/50-anos-sem-pablo-picasso\/#primaryimage"},"thumbnailUrl":"https:\/\/i0.wp.com\/elgeneracionalpost.com\/wp-content\/uploads\/2023\/04\/picasso_1.jpg?fit=1030,1030&ssl=1","datePublished":"2023-04-08T19:43:37+00:00","breadcrumb":{"@id":"https:\/\/tirinha.com\/1100\/50-anos-sem-pablo-picasso\/#breadcrumb"},"inLanguage":"de","potentialAction":[{"@type":"ReadAction","target":["https:\/\/tirinha.com\/1100\/50-anos-sem-pablo-picasso\/"]}]},{"@type":"ImageObject","inLanguage":"de","@id":"https:\/\/tirinha.com\/1100\/50-anos-sem-pablo-picasso\/#primaryimage","url":"https:\/\/i0.wp.com\/elgeneracionalpost.com\/wp-content\/uploads\/2023\/04\/picasso_1.jpg?fit=1030,1030&ssl=1","contentUrl":"https:\/\/i0.wp.com\/elgeneracionalpost.com\/wp-content\/uploads\/2023\/04\/picasso_1.jpg?fit=1030,1030&ssl=1"},{"@type":"BreadcrumbList","@id":"https:\/\/tirinha.com\/1100\/50-anos-sem-pablo-picasso\/#breadcrumb","itemListElement":[{"@type":"ListItem","position":1,"name":"Home","item":"https:\/\/tirinha.com\/"},{"@type":"ListItem","position":2,"name":"50 anos sem Pablo Picasso"}]},{"@type":"WebSite","@id":"https:\/\/tirinha.com\/#website","url":"https:\/\/tirinha.com\/","name":"Tirinha.com","description":"Kunst- und Buchrezensionen","publisher":{"@id":"https:\/\/tirinha.com\/#organization"},"potentialAction":[{"@type":"SearchAction","target":{"@type":"EntryPoint","urlTemplate":"https:\/\/tirinha.com\/?s={search_term_string}"},"query-input":{"@type":"PropertyValueSpecification","valueRequired":true,"valueName":"search_term_string"}}],"inLanguage":"de"},{"@type":"Organization","@id":"https:\/\/tirinha.com\/#organization","name":"Tirinha.com","url":"https:\/\/tirinha.com\/","logo":{"@type":"ImageObject","inLanguage":"de","@id":"https:\/\/tirinha.com\/#\/schema\/logo\/image\/","url":"https:\/\/tirinha.com\/wp-content\/uploads\/2023\/08\/cropped-Logo-Tirinha.webp","contentUrl":"https:\/\/tirinha.com\/wp-content\/uploads\/2023\/08\/cropped-Logo-Tirinha.webp","width":512,"height":512,"caption":"Tirinha.com"},"image":{"@id":"https:\/\/tirinha.com\/#\/schema\/logo\/image\/"}},{"@type":"Person","@id":"https:\/\/tirinha.com\/#\/schema\/person\/e22bdfbe17e0461f7e927e6a1208d4d9","name":"Administrator","image":{"@type":"ImageObject","inLanguage":"de","@id":"https:\/\/tirinha.com\/wp-content\/litespeed\/avatar\/d0068f7931cc87d7274eb0c3db1deb4b.jpg?ver=1776829466","url":"https:\/\/tirinha.com\/wp-content\/litespeed\/avatar\/d0068f7931cc87d7274eb0c3db1deb4b.jpg?ver=1776829466","contentUrl":"https:\/\/tirinha.com\/wp-content\/litespeed\/avatar\/d0068f7931cc87d7274eb0c3db1deb4b.jpg?ver=1776829466","caption":"admin"},"sameAs":["https:\/\/tirinha.com"],"url":"https:\/\/tirinha.com\/de\/author\/admin\/"}]}},"_links":{"self":[{"href":"https:\/\/tirinha.com\/de\/wp-json\/wp\/v2\/posts\/1100","targetHints":{"allow":["GET"]}}],"collection":[{"href":"https:\/\/tirinha.com\/de\/wp-json\/wp\/v2\/posts"}],"about":[{"href":"https:\/\/tirinha.com\/de\/wp-json\/wp\/v2\/types\/post"}],"author":[{"embeddable":true,"href":"https:\/\/tirinha.com\/de\/wp-json\/wp\/v2\/users\/1"}],"replies":[{"embeddable":true,"href":"https:\/\/tirinha.com\/de\/wp-json\/wp\/v2\/comments?post=1100"}],"version-history":[{"count":0,"href":"https:\/\/tirinha.com\/de\/wp-json\/wp\/v2\/posts\/1100\/revisions"}],"wp:featuredmedia":[{"embeddable":true,"href":"https:\/\/tirinha.com\/de\/wp-json\/wp\/v2\/media\/1101"}],"wp:attachment":[{"href":"https:\/\/tirinha.com\/de\/wp-json\/wp\/v2\/media?parent=1100"}],"wp:term":[{"taxonomy":"category","embeddable":true,"href":"https:\/\/tirinha.com\/de\/wp-json\/wp\/v2\/categories?post=1100"},{"taxonomy":"post_tag","embeddable":true,"href":"https:\/\/tirinha.com\/de\/wp-json\/wp\/v2\/tags?post=1100"}],"curies":[{"name":"wp","href":"https:\/\/api.w.org\/{rel}","templated":true}]}}