{"id":1047,"date":"2023-04-04T19:28:02","date_gmt":"2023-04-04T19:28:02","guid":{"rendered":"https:\/\/tirinha.com\/a-associacao-espanhola-de-pintores-e-escultores-chega-ao-el-retiro\/"},"modified":"2023-04-04T19:28:02","modified_gmt":"2023-04-04T19:28:02","slug":"die-spanische-vereinigung-der-maler-und-bildhauer-trifft-im-retiro-ein","status":"publish","type":"post","link":"https:\/\/tirinha.com\/de\/1047\/a-associacao-espanhola-de-pintores-e-escultores-chega-ao-el-retiro\/","title":{"rendered":"Der spanische Verband der Maler und Bildhauer kommt in El Retiro an"},"content":{"rendered":"<p><\/p>\n<div data-td-block-uid=\"tdi_70\">\n<div class=\"tdb-block-inner td-fix-index\">\n<h3>Zum 85. Jahrestag des Sal\u00f3n de Oto\u00f1o findet die AEPE bis zum 25. November im Casa de Vacas im Parque del Buen Retiro im Zentrum von Madrid statt. Die \u00d6ffnungszeiten sind Montag bis Sonntag von 10 bis 21 Uhr.<\/h3>\n<p>Die Eingabe ist <b>frei<\/b> und vereint Werke von K\u00fcnstlern aus unterschiedlichen Sparten, wobei der Schwerpunkt auf Skulptur und Malerei in unterschiedlichen Variationen liegt.<\/p>\n<p>Die Werke sind bewusst platziert. Wir decken Bewegungen aller Art ab, von abstrakter Kunst bis hin zu <i>Vruma-2 <\/i>(Victoria Jaimez) zum Realismus von <i>gr\u00fcne Zeit <\/i>(Francisco Manuel Sanz Arenas), durch anatomische skulpturale Studien wie <i>Frei<\/i> von Elizosculptor. Wir vergleichen die konstruktivistisch beeinflusste Skulptur aus rostfreiem Eisen von Jes\u00fas del Peso, pur <b>\u00e4sthetisch<\/b>und arbeitet mehr auf die <b>Spiegelung<\/b>als <i>Vergangenheit<\/i>von Austin Tirado.<\/p>\n<figure id=\"attachment_489\" aria-describedby=\"caption-attachment-489\" style=\"width: 3024px\" class=\"wp-caption alignnone\"><img fetchpriority=\"high\" data-attachment-id=\"489\" data-permalink=\"https:\/\/elgeneracionalpost.com\/cultura\/2018\/1115\/487\/la-asociacion-espanola-de-pintores-y-escultores-llega-a-el-retiro.html\/attachment\/img_4720\" data-orig-file=\"https:\/\/i0.wp.com\/elgeneracionalpost.com\/wp-content\/uploads\/2018\/11\/img_4720.jpg?fit=3024%2C4032&amp;ssl=1\" data-orig-size=\"3024,4032\" data-comments-opened=\"1\" data-image-meta=\"{&quot;aperture&quot;:&quot;0&quot;,&quot;credit&quot;:&quot;&quot;,&quot;camera&quot;:&quot;&quot;,&quot;caption&quot;:&quot;&quot;,&quot;created_timestamp&quot;:&quot;0&quot;,&quot;copyright&quot;:&quot;&quot;,&quot;focal_length&quot;:&quot;0&quot;,&quot;iso&quot;:&quot;0&quot;,&quot;shutter_speed&quot;:&quot;0&quot;,&quot;title&quot;:&quot;&quot;,&quot;orientation&quot;:&quot;1&quot;}\" data-image-title=\"IMG_4720\" data-image-description=\"\" data-image-caption=\"\" data-medium-file=\"https:\/\/i0.wp.com\/elgeneracionalpost.com\/wp-content\/uploads\/2018\/11\/img_4720.jpg?fit=225%2C300&amp;ssl=1\" data-large-file=\"https:\/\/i0.wp.com\/elgeneracionalpost.com\/wp-content\/uploads\/2018\/11\/img_4720.jpg?fit=696%2C928&amp;ssl=1\" decoding=\"async\" class=\"alignnone size-full wp-image-489 jetpack-lazy-image\" src=\"https:\/\/i0.wp.com\/elgeneracionalpost.com\/wp-content\/uploads\/2018\/11\/img_4720.jpg?resize=696%2C928&amp;ssl=1\" alt=\"IMG_4720\" width=\"696\" height=\"928\" data-recalc-dims=\"1\" data-lazy-src=\"https:\/\/i0.wp.com\/elgeneracionalpost.com\/wp-content\/uploads\/2018\/11\/img_4720.jpg?resize=696%2C928&amp;is-pending-load=1#038;ssl=1\" srcset=\"data:image\/gif;base64,R0lGODlhAQABAIAAAAAAAP\/\/\/yH5BAEAAAAALAAAAAABAAEAAAIBRAA7\"\/><noscript><img data-lazy-fallback=\"1\" data-attachment-id=\"489\" data-permalink=\"https:\/\/elgeneracionalpost.com\/cultura\/2018\/1115\/487\/la-asociacion-espanola-de-pintores-y-escultores-llega-a-el-retiro.html\/attachment\/img_4720\" data-orig-file=\"https:\/\/i0.wp.com\/elgeneracionalpost.com\/wp-content\/uploads\/2018\/11\/img_4720.jpg?fit=3024%2C4032&amp;ssl=1\" data-orig-size=\"3024,4032\" data-comments-opened=\"1\" data-image-meta=\"{&quot;aperture&quot;:&quot;0&quot;,&quot;credit&quot;:&quot;&quot;,&quot;camera&quot;:&quot;&quot;,&quot;caption&quot;:&quot;&quot;,&quot;created_timestamp&quot;:&quot;0&quot;,&quot;copyright&quot;:&quot;&quot;,&quot;focal_length&quot;:&quot;0&quot;,&quot;iso&quot;:&quot;0&quot;,&quot;shutter_speed&quot;:&quot;0&quot;,&quot;title&quot;:&quot;&quot;,&quot;orientation&quot;:&quot;1&quot;}\" data-image-title=\"IMG_4720\" data-image-description=\"\" data-image-caption=\"\" data-medium-file=\"https:\/\/i0.wp.com\/elgeneracionalpost.com\/wp-content\/uploads\/2018\/11\/img_4720.jpg?fit=225%2C300&amp;ssl=1\" data-large-file=\"https:\/\/i0.wp.com\/elgeneracionalpost.com\/wp-content\/uploads\/2018\/11\/img_4720.jpg?fit=696%2C928&amp;ssl=1\" decoding=\"async\" class=\"alignnone size-full wp-image-489\" src=\"https:\/\/i0.wp.com\/elgeneracionalpost.com\/wp-content\/uploads\/2018\/11\/img_4720.jpg?resize=696%2C928&amp;ssl=1\" alt=\"IMG_4720\" width=\"696\" height=\"928\" data-recalc-dims=\"1\"\/><\/noscript><figcaption id=\"caption-attachment-489\" class=\"wp-caption-text\"><i>gr\u00fcne Zeit<\/i>(Francisco Manuel Sanz Arenas)<\/figcaption><\/figure>\n<p>Pinselstriche wie in <i>Tiefe<\/i> (Jos\u00e9 Luis Mart\u00edn de Blas Aguado), der thematisch an die erinnert <i>Lilien <\/i>von <b>Monet<\/b> und Pinselstriche in kraftvoller Arbeit <i>Hier meine Dame<\/i> von Guillermo de las Heras mit seinem Spiel aus Licht und Schatten. Wir heben die Arbeit hervor <i>Ein Morgen mit Abuja<\/i>Die <em>Collage<\/em> von Mariana \u00c1lvarez, mit seinen gelblichen und r\u00f6tlichen T\u00f6nen, die Erde, Sonne und Haut atmen.<\/p>\n<p>Dauerhafte und punktuelle Ausstellungen wie diese k\u00f6nnen mit dem Wissen, dass sie kostenlos sind, an Prestige verlieren. Wir m\u00fcssen jedoch bedenken, dass es sich um einen Verein handelt und dass, wie in diesem Fall auch im Fall der Fundaci\u00f3n MAPFRE oder LaCaixa, die Ann\u00e4herung der Kunst an die breite \u00d6ffentlichkeit durch kostenlose oder kosteng\u00fcnstige Ausstellungen ihren K\u00fcnstlern und Institutionen nicht schaden, sondern sie loben sollte . <b>Nicht weil es teuer ist, es ist Kunst, es ist mehr Kunst.<\/b><\/p>\n<figure id=\"attachment_490\" aria-describedby=\"caption-attachment-490\" style=\"width: 3024px\" class=\"wp-caption alignnone\"><img data-attachment-id=\"490\" data-permalink=\"https:\/\/elgeneracionalpost.com\/cultura\/2018\/1115\/487\/la-asociacion-espanola-de-pintores-y-escultores-llega-a-el-retiro.html\/attachment\/img_4721\" data-orig-file=\"https:\/\/i0.wp.com\/elgeneracionalpost.com\/wp-content\/uploads\/2018\/11\/img_4721.jpg?fit=3024%2C4032&amp;ssl=1\" data-orig-size=\"3024,4032\" data-comments-opened=\"1\" data-image-meta=\"{&quot;aperture&quot;:&quot;0&quot;,&quot;credit&quot;:&quot;&quot;,&quot;camera&quot;:&quot;&quot;,&quot;caption&quot;:&quot;&quot;,&quot;created_timestamp&quot;:&quot;0&quot;,&quot;copyright&quot;:&quot;&quot;,&quot;focal_length&quot;:&quot;0&quot;,&quot;iso&quot;:&quot;0&quot;,&quot;shutter_speed&quot;:&quot;0&quot;,&quot;title&quot;:&quot;&quot;,&quot;orientation&quot;:&quot;1&quot;}\" data-image-title=\"IMG_4721\" data-image-description=\"\" data-image-caption=\"\" data-medium-file=\"https:\/\/i0.wp.com\/elgeneracionalpost.com\/wp-content\/uploads\/2018\/11\/img_4721.jpg?fit=225%2C300&amp;ssl=1\" data-large-file=\"https:\/\/i0.wp.com\/elgeneracionalpost.com\/wp-content\/uploads\/2018\/11\/img_4721.jpg?fit=696%2C928&amp;ssl=1\" decoding=\"async\" class=\"alignnone size-full wp-image-490 jetpack-lazy-image\" src=\"https:\/\/i0.wp.com\/elgeneracionalpost.com\/wp-content\/uploads\/2018\/11\/img_4721.jpg?resize=696%2C928&amp;ssl=1\" alt=\"IMG_4721\" width=\"696\" height=\"928\" data-recalc-dims=\"1\" data-lazy-src=\"https:\/\/i0.wp.com\/elgeneracionalpost.com\/wp-content\/uploads\/2018\/11\/img_4721.jpg?resize=696%2C928&amp;is-pending-load=1#038;ssl=1\" srcset=\"data:image\/gif;base64,R0lGODlhAQABAIAAAAAAAP\/\/\/yH5BAEAAAAALAAAAAABAAEAAAIBRAA7\"\/><noscript><img loading=\"lazy\" data-lazy-fallback=\"1\" data-attachment-id=\"490\" data-permalink=\"https:\/\/elgeneracionalpost.com\/cultura\/2018\/1115\/487\/la-asociacion-espanola-de-pintores-y-escultores-llega-a-el-retiro.html\/attachment\/img_4721\" data-orig-file=\"https:\/\/i0.wp.com\/elgeneracionalpost.com\/wp-content\/uploads\/2018\/11\/img_4721.jpg?fit=3024%2C4032&amp;ssl=1\" data-orig-size=\"3024,4032\" data-comments-opened=\"1\" data-image-meta=\"{&quot;aperture&quot;:&quot;0&quot;,&quot;credit&quot;:&quot;&quot;,&quot;camera&quot;:&quot;&quot;,&quot;caption&quot;:&quot;&quot;,&quot;created_timestamp&quot;:&quot;0&quot;,&quot;copyright&quot;:&quot;&quot;,&quot;focal_length&quot;:&quot;0&quot;,&quot;iso&quot;:&quot;0&quot;,&quot;shutter_speed&quot;:&quot;0&quot;,&quot;title&quot;:&quot;&quot;,&quot;orientation&quot;:&quot;1&quot;}\" data-image-title=\"IMG_4721\" data-image-description=\"\" data-image-caption=\"\" data-medium-file=\"https:\/\/i0.wp.com\/elgeneracionalpost.com\/wp-content\/uploads\/2018\/11\/img_4721.jpg?fit=225%2C300&amp;ssl=1\" data-large-file=\"https:\/\/i0.wp.com\/elgeneracionalpost.com\/wp-content\/uploads\/2018\/11\/img_4721.jpg?fit=696%2C928&amp;ssl=1\" decoding=\"async\" class=\"alignnone size-full wp-image-490\" src=\"https:\/\/i0.wp.com\/elgeneracionalpost.com\/wp-content\/uploads\/2018\/11\/img_4721.jpg?resize=696%2C928&amp;ssl=1\" alt=\"IMG_4721\" width=\"696\" height=\"928\" data-recalc-dims=\"1\"\/><\/noscript><figcaption id=\"caption-attachment-490\" class=\"wp-caption-text\"><i>Ein Morgen mit Abuja<\/i> (Mariana Alvarez)<\/figcaption><\/figure>\n<\/p>\n<div class=\"sharedaddy sd-block sd-like jetpack-likes-widget-wrapper jetpack-likes-widget-unloaded\" id=\"like-post-wrapper-153844979-487-642c7a4208465\" data-src=\"https:\/\/widgets.wp.com\/likes\/#blog_id=153844979&amp;post_id=487&amp;origin=elgeneracionalpost.com&amp;obj_id=153844979-487-642c7a4208465\" data-name=\"like-post-frame-153844979-487-642c7a4208465\" data-title=\"Me gusta o Compartir\">\n<h3 class=\"sd-title\">Ich mag das:<\/h3>\n<p><span class=\"button\"><span>Ich mag<\/span><\/span> <span class=\"loading\">Laden\u2026<\/span><\/p>\n<p><span class=\"sd-text-color\"\/><\/div>\n<p><h3 class=\"jp-relatedposts-headline\"><em>Verwandt<\/em><\/h3>\n<\/p>\n<\/div>\n<\/div>","protected":false},"excerpt":{"rendered":"<p>Zum 85. Jahrestag des Sal\u00f3n de Oto\u00f1o wird AEPE bis zum 25. November im Casa de Vacas do Parque stattfinden \u2026 <\/p>","protected":false},"author":1,"featured_media":1048,"comment_status":"open","ping_status":"open","sticky":false,"template":"","format":"standard","meta":{"fifu_image_url":"https:\/\/i0.wp.com\/elgeneracionalpost.com\/wp-content\/uploads\/2018\/11\/img_4719.jpg?fit=696,928&ssl=1","fifu_image_alt":"","footnotes":""},"categories":[35],"tags":[],"class_list":["post-1047","post","type-post","status-publish","format-standard","has-post-thumbnail","hentry","category-cultura-e-lazer","latest_post"],"yoast_head":"<!-- This site is optimized with the Yoast SEO plugin v27.3 - https:\/\/yoast.com\/product\/yoast-seo-wordpress\/ -->\n<title>A Associa\u00e7\u00e3o Espanhola de Pintores e Escultores chega ao El Retiro - Tirinha.com<\/title>\n<meta name=\"robots\" content=\"index, follow, max-snippet:-1, max-image-preview:large, max-video-preview:-1\" \/>\n<link rel=\"canonical\" href=\"https:\/\/tirinha.com\/de\/1047\/die-spanische-vereinigung-der-maler-und-bildhauer-trifft-im-retiro-ein\/\" \/>\n<meta property=\"og:locale\" content=\"de_DE\" \/>\n<meta property=\"og:type\" content=\"article\" \/>\n<meta property=\"og:title\" content=\"A Associa\u00e7\u00e3o Espanhola de Pintores e Escultores chega ao El Retiro - Tirinha.com\" \/>\n<meta property=\"og:description\" content=\"O 85\u00ba anivers\u00e1rio do Sal\u00f3n de Oto\u00f1o acolher\u00e1 a AEPE at\u00e9 25 de novembro na Casa de Vacas do Parque &hellip;\" \/>\n<meta property=\"og:url\" content=\"https:\/\/tirinha.com\/de\/1047\/die-spanische-vereinigung-der-maler-und-bildhauer-trifft-im-retiro-ein\/\" \/>\n<meta property=\"og:site_name\" content=\"Tirinha.com\" \/>\n<meta property=\"article:published_time\" content=\"2023-04-04T19:28:02+00:00\" \/>\n<meta property=\"og:image\" content=\"https:\/\/i0.wp.com\/elgeneracionalpost.com\/wp-content\/uploads\/2018\/11\/img_4719.jpg?fit=696,928&ssl=1\" \/>\n<meta name=\"author\" content=\"admin\" \/>\n<meta name=\"twitter:card\" content=\"summary_large_image\" \/>\n<meta name=\"twitter:image\" content=\"https:\/\/i0.wp.com\/elgeneracionalpost.com\/wp-content\/uploads\/2018\/11\/img_4719.jpg?fit=696,928&ssl=1\" \/>\n<meta name=\"twitter:label1\" content=\"Verfasst von\" \/>\n\t<meta name=\"twitter:data1\" content=\"admin\" \/>\n\t<meta name=\"twitter:label2\" content=\"Gesch\u00e4tzte Lesezeit\" \/>\n\t<meta name=\"twitter:data2\" content=\"1\u00a0Minute\" \/>\n<script type=\"application\/ld+json\" class=\"yoast-schema-graph\">{\"@context\":\"https:\\\/\\\/schema.org\",\"@graph\":[{\"@type\":\"Article\",\"@id\":\"https:\\\/\\\/tirinha.com\\\/1047\\\/a-associacao-espanhola-de-pintores-e-escultores-chega-ao-el-retiro\\\/#article\",\"isPartOf\":{\"@id\":\"https:\\\/\\\/tirinha.com\\\/1047\\\/a-associacao-espanhola-de-pintores-e-escultores-chega-ao-el-retiro\\\/\"},\"author\":{\"name\":\"admin\",\"@id\":\"https:\\\/\\\/tirinha.com\\\/#\\\/schema\\\/person\\\/e22bdfbe17e0461f7e927e6a1208d4d9\"},\"headline\":\"A Associa\u00e7\u00e3o Espanhola de Pintores e Escultores chega ao El Retiro\",\"datePublished\":\"2023-04-04T19:28:02+00:00\",\"mainEntityOfPage\":{\"@id\":\"https:\\\/\\\/tirinha.com\\\/1047\\\/a-associacao-espanhola-de-pintores-e-escultores-chega-ao-el-retiro\\\/\"},\"wordCount\":298,\"commentCount\":0,\"publisher\":{\"@id\":\"https:\\\/\\\/tirinha.com\\\/#organization\"},\"image\":{\"@id\":\"https:\\\/\\\/tirinha.com\\\/1047\\\/a-associacao-espanhola-de-pintores-e-escultores-chega-ao-el-retiro\\\/#primaryimage\"},\"thumbnailUrl\":\"https:\\\/\\\/i0.wp.com\\\/elgeneracionalpost.com\\\/wp-content\\\/uploads\\\/2018\\\/11\\\/img_4719.jpg?fit=696,928&ssl=1\",\"articleSection\":[\"Cultura e lazer\"],\"inLanguage\":\"de\",\"potentialAction\":[{\"@type\":\"CommentAction\",\"name\":\"Comment\",\"target\":[\"https:\\\/\\\/tirinha.com\\\/1047\\\/a-associacao-espanhola-de-pintores-e-escultores-chega-ao-el-retiro\\\/#respond\"]}]},{\"@type\":\"WebPage\",\"@id\":\"https:\\\/\\\/tirinha.com\\\/1047\\\/a-associacao-espanhola-de-pintores-e-escultores-chega-ao-el-retiro\\\/\",\"url\":\"https:\\\/\\\/tirinha.com\\\/1047\\\/a-associacao-espanhola-de-pintores-e-escultores-chega-ao-el-retiro\\\/\",\"name\":\"A Associa\u00e7\u00e3o Espanhola de Pintores e Escultores chega ao El Retiro - Tirinha.com\",\"isPartOf\":{\"@id\":\"https:\\\/\\\/tirinha.com\\\/#website\"},\"primaryImageOfPage\":{\"@id\":\"https:\\\/\\\/tirinha.com\\\/1047\\\/a-associacao-espanhola-de-pintores-e-escultores-chega-ao-el-retiro\\\/#primaryimage\"},\"image\":{\"@id\":\"https:\\\/\\\/tirinha.com\\\/1047\\\/a-associacao-espanhola-de-pintores-e-escultores-chega-ao-el-retiro\\\/#primaryimage\"},\"thumbnailUrl\":\"https:\\\/\\\/i0.wp.com\\\/elgeneracionalpost.com\\\/wp-content\\\/uploads\\\/2018\\\/11\\\/img_4719.jpg?fit=696,928&ssl=1\",\"datePublished\":\"2023-04-04T19:28:02+00:00\",\"breadcrumb\":{\"@id\":\"https:\\\/\\\/tirinha.com\\\/1047\\\/a-associacao-espanhola-de-pintores-e-escultores-chega-ao-el-retiro\\\/#breadcrumb\"},\"inLanguage\":\"de\",\"potentialAction\":[{\"@type\":\"ReadAction\",\"target\":[\"https:\\\/\\\/tirinha.com\\\/1047\\\/a-associacao-espanhola-de-pintores-e-escultores-chega-ao-el-retiro\\\/\"]}]},{\"@type\":\"ImageObject\",\"inLanguage\":\"de\",\"@id\":\"https:\\\/\\\/tirinha.com\\\/1047\\\/a-associacao-espanhola-de-pintores-e-escultores-chega-ao-el-retiro\\\/#primaryimage\",\"url\":\"https:\\\/\\\/i0.wp.com\\\/elgeneracionalpost.com\\\/wp-content\\\/uploads\\\/2018\\\/11\\\/img_4719.jpg?fit=696,928&ssl=1\",\"contentUrl\":\"https:\\\/\\\/i0.wp.com\\\/elgeneracionalpost.com\\\/wp-content\\\/uploads\\\/2018\\\/11\\\/img_4719.jpg?fit=696,928&ssl=1\"},{\"@type\":\"BreadcrumbList\",\"@id\":\"https:\\\/\\\/tirinha.com\\\/1047\\\/a-associacao-espanhola-de-pintores-e-escultores-chega-ao-el-retiro\\\/#breadcrumb\",\"itemListElement\":[{\"@type\":\"ListItem\",\"position\":1,\"name\":\"Home\",\"item\":\"https:\\\/\\\/tirinha.com\\\/\"},{\"@type\":\"ListItem\",\"position\":2,\"name\":\"A Associa\u00e7\u00e3o Espanhola de Pintores e Escultores chega ao El Retiro\"}]},{\"@type\":\"WebSite\",\"@id\":\"https:\\\/\\\/tirinha.com\\\/#website\",\"url\":\"https:\\\/\\\/tirinha.com\\\/\",\"name\":\"Tirinha.com\",\"description\":\"Arte e livros resenhas\",\"publisher\":{\"@id\":\"https:\\\/\\\/tirinha.com\\\/#organization\"},\"potentialAction\":[{\"@type\":\"SearchAction\",\"target\":{\"@type\":\"EntryPoint\",\"urlTemplate\":\"https:\\\/\\\/tirinha.com\\\/?s={search_term_string}\"},\"query-input\":{\"@type\":\"PropertyValueSpecification\",\"valueRequired\":true,\"valueName\":\"search_term_string\"}}],\"inLanguage\":\"de\"},{\"@type\":\"Organization\",\"@id\":\"https:\\\/\\\/tirinha.com\\\/#organization\",\"name\":\"Tirinha.com\",\"url\":\"https:\\\/\\\/tirinha.com\\\/\",\"logo\":{\"@type\":\"ImageObject\",\"inLanguage\":\"de\",\"@id\":\"https:\\\/\\\/tirinha.com\\\/#\\\/schema\\\/logo\\\/image\\\/\",\"url\":\"https:\\\/\\\/tirinha.com\\\/wp-content\\\/uploads\\\/2023\\\/08\\\/cropped-Logo-Tirinha.webp\",\"contentUrl\":\"https:\\\/\\\/tirinha.com\\\/wp-content\\\/uploads\\\/2023\\\/08\\\/cropped-Logo-Tirinha.webp\",\"width\":512,\"height\":512,\"caption\":\"Tirinha.com\"},\"image\":{\"@id\":\"https:\\\/\\\/tirinha.com\\\/#\\\/schema\\\/logo\\\/image\\\/\"}},{\"@type\":\"Person\",\"@id\":\"https:\\\/\\\/tirinha.com\\\/#\\\/schema\\\/person\\\/e22bdfbe17e0461f7e927e6a1208d4d9\",\"name\":\"admin\",\"image\":{\"@type\":\"ImageObject\",\"inLanguage\":\"de\",\"@id\":\"https:\\\/\\\/tirinha.com\\\/wp-content\\\/litespeed\\\/avatar\\\/d0068f7931cc87d7274eb0c3db1deb4b.jpg?ver=1776829466\",\"url\":\"https:\\\/\\\/tirinha.com\\\/wp-content\\\/litespeed\\\/avatar\\\/d0068f7931cc87d7274eb0c3db1deb4b.jpg?ver=1776829466\",\"contentUrl\":\"https:\\\/\\\/tirinha.com\\\/wp-content\\\/litespeed\\\/avatar\\\/d0068f7931cc87d7274eb0c3db1deb4b.jpg?ver=1776829466\",\"caption\":\"admin\"},\"sameAs\":[\"https:\\\/\\\/tirinha.com\"],\"url\":\"https:\\\/\\\/tirinha.com\\\/de\\\/author\\\/admin\\\/\"}]}<\/script>\n<!-- \/ Yoast SEO plugin. -->","yoast_head_json":{"title":"Der spanische Verband der Maler und Bildhauer trifft im Retiro-Park ein \u2013 Tirinha.com","robots":{"index":"index","follow":"follow","max-snippet":"max-snippet:-1","max-image-preview":"max-image-preview:large","max-video-preview":"max-video-preview:-1"},"canonical":"https:\/\/tirinha.com\/de\/1047\/die-spanische-vereinigung-der-maler-und-bildhauer-trifft-im-retiro-ein\/","og_locale":"de_DE","og_type":"article","og_title":"A Associa\u00e7\u00e3o Espanhola de Pintores e Escultores chega ao El Retiro - Tirinha.com","og_description":"O 85\u00ba anivers\u00e1rio do Sal\u00f3n de Oto\u00f1o acolher\u00e1 a AEPE at\u00e9 25 de novembro na Casa de Vacas do Parque &hellip;","og_url":"https:\/\/tirinha.com\/de\/1047\/die-spanische-vereinigung-der-maler-und-bildhauer-trifft-im-retiro-ein\/","og_site_name":"Tirinha.com","article_published_time":"2023-04-04T19:28:02+00:00","og_image":[{"url":"https:\/\/i0.wp.com\/elgeneracionalpost.com\/wp-content\/uploads\/2018\/11\/img_4719.jpg?fit=696,928&ssl=1","type":"","width":"","height":""}],"author":"admin","twitter_card":"summary_large_image","twitter_image":"https:\/\/i0.wp.com\/elgeneracionalpost.com\/wp-content\/uploads\/2018\/11\/img_4719.jpg?fit=696,928&ssl=1","twitter_misc":{"Verfasst von":"admin","Gesch\u00e4tzte Lesezeit":"1\u00a0Minute"},"schema":{"@context":"https:\/\/schema.org","@graph":[{"@type":"Article","@id":"https:\/\/tirinha.com\/1047\/a-associacao-espanhola-de-pintores-e-escultores-chega-ao-el-retiro\/#article","isPartOf":{"@id":"https:\/\/tirinha.com\/1047\/a-associacao-espanhola-de-pintores-e-escultores-chega-ao-el-retiro\/"},"author":{"name":"admin","@id":"https:\/\/tirinha.com\/#\/schema\/person\/e22bdfbe17e0461f7e927e6a1208d4d9"},"headline":"A Associa\u00e7\u00e3o Espanhola de Pintores e Escultores chega ao El Retiro","datePublished":"2023-04-04T19:28:02+00:00","mainEntityOfPage":{"@id":"https:\/\/tirinha.com\/1047\/a-associacao-espanhola-de-pintores-e-escultores-chega-ao-el-retiro\/"},"wordCount":298,"commentCount":0,"publisher":{"@id":"https:\/\/tirinha.com\/#organization"},"image":{"@id":"https:\/\/tirinha.com\/1047\/a-associacao-espanhola-de-pintores-e-escultores-chega-ao-el-retiro\/#primaryimage"},"thumbnailUrl":"https:\/\/i0.wp.com\/elgeneracionalpost.com\/wp-content\/uploads\/2018\/11\/img_4719.jpg?fit=696,928&ssl=1","articleSection":["Cultura e lazer"],"inLanguage":"de","potentialAction":[{"@type":"CommentAction","name":"Comment","target":["https:\/\/tirinha.com\/1047\/a-associacao-espanhola-de-pintores-e-escultores-chega-ao-el-retiro\/#respond"]}]},{"@type":"WebPage","@id":"https:\/\/tirinha.com\/1047\/a-associacao-espanhola-de-pintores-e-escultores-chega-ao-el-retiro\/","url":"https:\/\/tirinha.com\/1047\/a-associacao-espanhola-de-pintores-e-escultores-chega-ao-el-retiro\/","name":"Der spanische Verband der Maler und Bildhauer trifft im Retiro-Park ein \u2013 Tirinha.com","isPartOf":{"@id":"https:\/\/tirinha.com\/#website"},"primaryImageOfPage":{"@id":"https:\/\/tirinha.com\/1047\/a-associacao-espanhola-de-pintores-e-escultores-chega-ao-el-retiro\/#primaryimage"},"image":{"@id":"https:\/\/tirinha.com\/1047\/a-associacao-espanhola-de-pintores-e-escultores-chega-ao-el-retiro\/#primaryimage"},"thumbnailUrl":"https:\/\/i0.wp.com\/elgeneracionalpost.com\/wp-content\/uploads\/2018\/11\/img_4719.jpg?fit=696,928&ssl=1","datePublished":"2023-04-04T19:28:02+00:00","breadcrumb":{"@id":"https:\/\/tirinha.com\/1047\/a-associacao-espanhola-de-pintores-e-escultores-chega-ao-el-retiro\/#breadcrumb"},"inLanguage":"de","potentialAction":[{"@type":"ReadAction","target":["https:\/\/tirinha.com\/1047\/a-associacao-espanhola-de-pintores-e-escultores-chega-ao-el-retiro\/"]}]},{"@type":"ImageObject","inLanguage":"de","@id":"https:\/\/tirinha.com\/1047\/a-associacao-espanhola-de-pintores-e-escultores-chega-ao-el-retiro\/#primaryimage","url":"https:\/\/i0.wp.com\/elgeneracionalpost.com\/wp-content\/uploads\/2018\/11\/img_4719.jpg?fit=696,928&ssl=1","contentUrl":"https:\/\/i0.wp.com\/elgeneracionalpost.com\/wp-content\/uploads\/2018\/11\/img_4719.jpg?fit=696,928&ssl=1"},{"@type":"BreadcrumbList","@id":"https:\/\/tirinha.com\/1047\/a-associacao-espanhola-de-pintores-e-escultores-chega-ao-el-retiro\/#breadcrumb","itemListElement":[{"@type":"ListItem","position":1,"name":"Home","item":"https:\/\/tirinha.com\/"},{"@type":"ListItem","position":2,"name":"A Associa\u00e7\u00e3o Espanhola de Pintores e Escultores chega ao El Retiro"}]},{"@type":"WebSite","@id":"https:\/\/tirinha.com\/#website","url":"https:\/\/tirinha.com\/","name":"Tirinha.com","description":"Kunst- und Buchrezensionen","publisher":{"@id":"https:\/\/tirinha.com\/#organization"},"potentialAction":[{"@type":"SearchAction","target":{"@type":"EntryPoint","urlTemplate":"https:\/\/tirinha.com\/?s={search_term_string}"},"query-input":{"@type":"PropertyValueSpecification","valueRequired":true,"valueName":"search_term_string"}}],"inLanguage":"de"},{"@type":"Organization","@id":"https:\/\/tirinha.com\/#organization","name":"Tirinha.com","url":"https:\/\/tirinha.com\/","logo":{"@type":"ImageObject","inLanguage":"de","@id":"https:\/\/tirinha.com\/#\/schema\/logo\/image\/","url":"https:\/\/tirinha.com\/wp-content\/uploads\/2023\/08\/cropped-Logo-Tirinha.webp","contentUrl":"https:\/\/tirinha.com\/wp-content\/uploads\/2023\/08\/cropped-Logo-Tirinha.webp","width":512,"height":512,"caption":"Tirinha.com"},"image":{"@id":"https:\/\/tirinha.com\/#\/schema\/logo\/image\/"}},{"@type":"Person","@id":"https:\/\/tirinha.com\/#\/schema\/person\/e22bdfbe17e0461f7e927e6a1208d4d9","name":"Administrator","image":{"@type":"ImageObject","inLanguage":"de","@id":"https:\/\/tirinha.com\/wp-content\/litespeed\/avatar\/d0068f7931cc87d7274eb0c3db1deb4b.jpg?ver=1776829466","url":"https:\/\/tirinha.com\/wp-content\/litespeed\/avatar\/d0068f7931cc87d7274eb0c3db1deb4b.jpg?ver=1776829466","contentUrl":"https:\/\/tirinha.com\/wp-content\/litespeed\/avatar\/d0068f7931cc87d7274eb0c3db1deb4b.jpg?ver=1776829466","caption":"admin"},"sameAs":["https:\/\/tirinha.com"],"url":"https:\/\/tirinha.com\/de\/author\/admin\/"}]}},"_links":{"self":[{"href":"https:\/\/tirinha.com\/de\/wp-json\/wp\/v2\/posts\/1047","targetHints":{"allow":["GET"]}}],"collection":[{"href":"https:\/\/tirinha.com\/de\/wp-json\/wp\/v2\/posts"}],"about":[{"href":"https:\/\/tirinha.com\/de\/wp-json\/wp\/v2\/types\/post"}],"author":[{"embeddable":true,"href":"https:\/\/tirinha.com\/de\/wp-json\/wp\/v2\/users\/1"}],"replies":[{"embeddable":true,"href":"https:\/\/tirinha.com\/de\/wp-json\/wp\/v2\/comments?post=1047"}],"version-history":[{"count":0,"href":"https:\/\/tirinha.com\/de\/wp-json\/wp\/v2\/posts\/1047\/revisions"}],"wp:featuredmedia":[{"embeddable":true,"href":"https:\/\/tirinha.com\/de\/wp-json\/wp\/v2\/media\/1048"}],"wp:attachment":[{"href":"https:\/\/tirinha.com\/de\/wp-json\/wp\/v2\/media?parent=1047"}],"wp:term":[{"taxonomy":"category","embeddable":true,"href":"https:\/\/tirinha.com\/de\/wp-json\/wp\/v2\/categories?post=1047"},{"taxonomy":"post_tag","embeddable":true,"href":"https:\/\/tirinha.com\/de\/wp-json\/wp\/v2\/tags?post=1047"}],"curies":[{"name":"wp","href":"https:\/\/api.w.org\/{rel}","templated":true}]}}