{"id":1027,"date":"2023-04-04T03:10:27","date_gmt":"2023-04-04T03:10:27","guid":{"rendered":"https:\/\/tirinha.com\/linkin-park-lanca-figting-myself-para-o-aniversario-de-meteora\/"},"modified":"2023-04-04T03:10:27","modified_gmt":"2023-04-04T03:10:27","slug":"linkin-park-veroffentlicht-fighting-myself-zum-jubilaum-von-meteora","status":"publish","type":"post","link":"https:\/\/tirinha.com\/de\/1027\/linkin-park-lanca-figting-myself-para-o-aniversario-de-meteora\/","title":{"rendered":"Linkin Park ver\u00f6ffentlicht \u201eFigting Myself\u201c zum \u201eMeteora\u201c-Jubil\u00e4um"},"content":{"rendered":"<p><\/p>\n<div>\n<h2>Die legend\u00e4re amerikanische Band hat letzten Freitag einen zweiten neuen Song ver\u00f6ffentlicht<\/h2>\n<p><strong>Dieses St\u00fcck wird Teil der besonderen Neuauflage des Albums sein, das am 7. April anl\u00e4sslich seines 20-j\u00e4hrigen Jubil\u00e4ums ver\u00f6ffentlicht wird.<\/strong><\/p>\n<p>Diese zweite Vorschau mit der Stimme von <strong>verstorbener S\u00e4nger<\/strong> <strong>Chester Bennington<\/strong>Sie haben es zusammen mit einem Musikvideo eines K\u00fcnstlers namens Jacky Lu gepostet <strong>eine k\u00fcnstliche Intelligenz<\/strong>. ein Lied, das <b>Die Band erholte sich <\/b><strong>nachdem ich alte Dateien durchw\u00fchlt habe<\/strong>.<\/p>\n<p><span class=\"embed-youtube\" style=\"text-align:center; display: block;\"><iframe title=\"Linkin Park \u2013 Fighting Myself (Offizielles Audio)\" width=\"790\" height=\"444\" src=\"https:\/\/www.youtube.com\/embed\/iKBCVZqqooY?feature=oembed\" frameborder=\"0\" allow=\"accelerometer; autoplay; clipboard-write; encrypted-media; gyroscope; picture-in-picture; web-share\" allowfullscreen><\/iframe><\/span><\/p>\n<p><em><strong>Meteor<\/strong><\/em><em> <\/em><strong>vor zwei Jahren <\/strong><b>Jahrzehnte<\/b> und deshalb wollten sie eine starten <strong>limitierte Auflage zum Feiern<\/strong>. Dies wird enthalten <strong>sechs neue Lieder<\/strong>, <strong>neue Inhalte, vier Alben und ein Buch mit Illustrationen.<\/strong> Es wird am 7. April auf der offiziellen Website verf\u00fcgbar sein.<\/p>\n<p><strong>letzten Februar<\/strong> ver\u00f6ffentlichte die erste Vorschau dieser Ausgabe, ein St\u00fcck namens <em>verloren <\/em>das schon <strong>Es hat 31 Millionen Aufrufe <em>YouTube<\/em><\/strong>. Begleitet wurde der Launch von einem ebenfalls mit k\u00fcnstlicher Intelligenz erstellten Video. Das <strong>sammelt alte Bilder der Band, die mit einer Anime-\u00c4sthetik nachgebildet wurden<\/strong>.<\/p>\n<p>Dieses Lied <strong>dazugeh\u00f6ren w\u00fcrde <em>Trackliste <\/em>von <\/strong><em><strong>Meteor<\/strong>, <\/em>obwohl es letztendlich verworfen wurde, \u201eweil es die gleiche Intensit\u00e4t hatte wie andere Themen.\u201c <em>Nummer&quot;<\/em>, <strong>laut Mike Shinoda, dem Leads\u00e4nger der Band.<\/strong> &quot;Finden <em>verloren<\/em> Es war, als w\u00fcrde man ein Lieblingsfoto finden, von dem man vergessen hatte, dass man es aufgenommen hatte, als w\u00fcrde es auf den richtigen Moment warten, um sich zu offenbaren\u201c, erkl\u00e4rt Shinoda in seinen sozialen Netzwerken.<\/p>\n<blockquote class=\"instagram-media\" data-instgrm-captioned=\"\" data-instgrm-permalink=\"https:\/\/www.instagram.com\/p\/CoeH6yMLpAQ\/?utm_source=ig_embed&amp;utm_campaign=loading\" data-instgrm-version=\"14\" style=\" background:#FFF; border:0; border-radius:3px; box-shadow:0 0 1px 0 rgba(0,0,0,0.5),0 1px 10px 0 rgba(0,0,0,0.15); margin: 1px; max-width:658px; min-width:326px; padding:0; width:99.375%; width:-webkit-calc(100% - 2px); width:calc(100% - 2px);\">\n<\/blockquote>\n<h3>20 Jahre zweites Werk der Band<\/h3>\n<p>Letzten Samstag feierte dieses Album seinen Geburtstag: <em>Meteor<\/em> <strong>wurde am 25. M\u00e4rz 2003 ver\u00f6ffentlicht<\/strong> und insgesamt verkauft <strong>rund 13 Millionen Exemplare<\/strong> auf der ganzen Welt. Es ist eine Arbeit, die vollst\u00e4ndig darauf basiert <strong>Stra\u00dfen\u00e4sthetik,<\/strong> sowie auf dem Umschlag abgebildet, mit <strong>Graffiti-Einfl\u00fcsse<\/strong>. Dein Name ist <strong>inspiriert von der felsigen Region Meteora in Griechenland<\/strong>Ort, an dem es unz\u00e4hlige auf Felsen errichtete Heiligt\u00fcmer gibt.<\/p>\n<p>Nach seinem ersten Album <em>Hybridtheorie, <\/em><strong>Die Band verfolgte einen kontinuierlichen Stil<\/strong> in dem <strong>Sie mischen Rap Metal und <\/strong><strong>Nu-Metall<\/strong><em>, <\/em>was Linkin Park schon immer charakterisiert hat<em>. <\/em>Obwohl sich dies dadurch unterschied, dass a <strong>melodischerer Stil, der Einfl\u00fcsse aus neuen Stilen und Kulturen wie Japan aufnimmt. <\/strong><\/p>\n<figure style=\"width: 1024px\" class=\"wp-caption alignnone\"><img fetchpriority=\"high\" decoding=\"async\" src=\"https:\/\/i0.wp.com\/live.staticflickr.com\/3073\/3084900851_8017f35dc9_b.jpg?resize=696%2C464&amp;ssl=1\" alt=\"Linkin Park CDs | Minuten vor Mitternacht... kein Risiko f\u00fcr... | flickr\" width=\"696\" height=\"464\" data-recalc-dims=\"1\" data-lazy-src=\"https:\/\/i0.wp.com\/live.staticflickr.com\/3073\/3084900851_8017f35dc9_b.jpg?resize=696%2C464&amp;is-pending-load=1#038;ssl=1\" srcset=\"data:image\/gif;base64,R0lGODlhAQABAIAAAAAAAP\/\/\/yH5BAEAAAAALAAAAAABAAEAAAIBRAA7\" class=\"jetpack-lazy-image\"\/><noscript><img loading=\"lazy\" data-lazy-fallback=\"1\" decoding=\"async\" src=\"https:\/\/i0.wp.com\/live.staticflickr.com\/3073\/3084900851_8017f35dc9_b.jpg?resize=696%2C464&amp;ssl=1\" alt=\"Linkin Park CDs | Minuten vor Mitternacht... kein Risiko f\u00fcr... | flickr\" width=\"696\" height=\"464\" data-recalc-dims=\"1\"\/><\/noscript><figcaption class=\"wp-caption-text\">Gestapelte Gruppenscheiben | Quelle: Flickr<\/figcaption><\/figure>\n<p><strong>gr\u00f6\u00dfte Hits wie <\/strong><em><strong>Taub, schwach oder irgendwo, wo ich hingeh\u00f6re <\/strong><\/em>geh\u00f6ren zusammen mit 10 weiteren Liedern zu diesem Album. Dies erm\u00f6glichte es der Band, sich als eine der besten zu etablieren <strong>gro\u00dfartige Alternative-Rock-Bands der Zeit<\/strong>Jahre sp\u00e4ter wurde sie zu einer legend\u00e4ren Band. <strong>Chesters Tod im Jahr 2017<\/strong> lie\u00df die Band aufh\u00f6ren, aber zum Gl\u00fcck <strong>Es gibt noch viel Material, das sie bergen wollen<\/strong>und nach und nach hinterlassen sie uns kleine Perlen, die die Fans zu sch\u00e4tzen wissen.<\/p>\n<div class=\"sharedaddy sd-block sd-like jetpack-likes-widget-wrapper jetpack-likes-widget-unloaded\" id=\"like-post-wrapper-153844979-83943-642b9522c42a1\" data-src=\"https:\/\/widgets.wp.com\/likes\/#blog_id=153844979&amp;post_id=83943&amp;origin=elgeneracionalpost.com&amp;obj_id=153844979-83943-642b9522c42a1\" data-name=\"like-post-frame-153844979-83943-642b9522c42a1\" data-title=\"Me gusta o Compartir\">\n<h3 class=\"sd-title\">Ich mag das:<\/h3>\n<p><span class=\"button\"><span>Ich mag<\/span><\/span> <span class=\"loading\">Laden\u2026<\/span><\/p>\n<p><span class=\"sd-text-color\"\/><\/div>\n<p><h3 class=\"jp-relatedposts-headline\"><em>Verwandt<\/em><\/h3>\n<\/p>\n<\/div>\n<p><script async defer src=\"https:\/\/platform.instagram.com\/en_US\/embeds.js\"><\/script><\/p>","protected":false},"excerpt":{"rendered":"<p>Die legend\u00e4re amerikanische Band hat letzten Freitag einen zweiten neuen Song ver\u00f6ffentlicht. Dieses St\u00fcck wird Teil der besonderen Neuauflage von \u2026 sein. <\/p>","protected":false},"author":1,"featured_media":1029,"comment_status":"open","ping_status":"open","sticky":false,"template":"","format":"standard","meta":{"fifu_image_url":"https:\/\/i0.wp.com\/elgeneracionalpost.com\/wp-content\/uploads\/2023\/03\/Linkin-park.jpg?fit=2048,1632&ssl=1","fifu_image_alt":"","footnotes":""},"categories":[35],"tags":[],"class_list":["post-1027","post","type-post","status-publish","format-standard","has-post-thumbnail","hentry","category-cultura-e-lazer","latest_post"],"yoast_head":"<!-- This site is optimized with the Yoast SEO plugin v27.3 - https:\/\/yoast.com\/product\/yoast-seo-wordpress\/ -->\n<title>Linkin Park lan\u00e7a &#039;Figting Myself&#039; para o anivers\u00e1rio de &#039;Meteora&#039; - Tirinha.com<\/title>\n<meta name=\"robots\" content=\"index, follow, max-snippet:-1, max-image-preview:large, max-video-preview:-1\" \/>\n<link rel=\"canonical\" href=\"https:\/\/tirinha.com\/de\/1027\/linkin-park-veroffentlicht-fighting-myself-zum-jubilaum-von-meteora\/\" \/>\n<meta property=\"og:locale\" content=\"de_DE\" \/>\n<meta property=\"og:type\" content=\"article\" \/>\n<meta property=\"og:title\" content=\"Linkin Park lan\u00e7a &#039;Figting Myself&#039; para o anivers\u00e1rio de &#039;Meteora&#039; - Tirinha.com\" \/>\n<meta property=\"og:description\" content=\"A lend\u00e1ria banda americana compartilhou uma segunda m\u00fasica in\u00e9dita na \u00faltima sexta-feira Esta pe\u00e7a far\u00e1 parte da reedi\u00e7\u00e3o especial do &hellip;\" \/>\n<meta property=\"og:url\" content=\"https:\/\/tirinha.com\/de\/1027\/linkin-park-veroffentlicht-fighting-myself-zum-jubilaum-von-meteora\/\" \/>\n<meta property=\"og:site_name\" content=\"Tirinha.com\" \/>\n<meta property=\"article:published_time\" content=\"2023-04-04T03:10:27+00:00\" \/>\n<meta property=\"og:image\" content=\"https:\/\/i0.wp.com\/elgeneracionalpost.com\/wp-content\/uploads\/2023\/03\/Linkin-park.jpg?fit=2048,1632&ssl=1\" \/>\n<meta name=\"author\" content=\"admin\" \/>\n<meta name=\"twitter:card\" content=\"summary_large_image\" \/>\n<meta name=\"twitter:image\" content=\"https:\/\/i0.wp.com\/elgeneracionalpost.com\/wp-content\/uploads\/2023\/03\/Linkin-park.jpg?fit=2048,1632&ssl=1\" \/>\n<meta name=\"twitter:label1\" content=\"Verfasst von\" \/>\n\t<meta name=\"twitter:data1\" content=\"admin\" \/>\n\t<meta name=\"twitter:label2\" content=\"Gesch\u00e4tzte Lesezeit\" \/>\n\t<meta name=\"twitter:data2\" content=\"2\u00a0Minuten\" \/>\n<script type=\"application\/ld+json\" class=\"yoast-schema-graph\">{\"@context\":\"https:\\\/\\\/schema.org\",\"@graph\":[{\"@type\":\"Article\",\"@id\":\"https:\\\/\\\/tirinha.com\\\/1027\\\/linkin-park-lanca-figting-myself-para-o-aniversario-de-meteora\\\/#article\",\"isPartOf\":{\"@id\":\"https:\\\/\\\/tirinha.com\\\/1027\\\/linkin-park-lanca-figting-myself-para-o-aniversario-de-meteora\\\/\"},\"author\":{\"name\":\"admin\",\"@id\":\"https:\\\/\\\/tirinha.com\\\/#\\\/schema\\\/person\\\/e22bdfbe17e0461f7e927e6a1208d4d9\"},\"headline\":\"Linkin Park lan\u00e7a &#8216;Figting Myself&#8217; para o anivers\u00e1rio de &#8216;Meteora&#8217;\",\"datePublished\":\"2023-04-04T03:10:27+00:00\",\"mainEntityOfPage\":{\"@id\":\"https:\\\/\\\/tirinha.com\\\/1027\\\/linkin-park-lanca-figting-myself-para-o-aniversario-de-meteora\\\/\"},\"wordCount\":494,\"commentCount\":0,\"publisher\":{\"@id\":\"https:\\\/\\\/tirinha.com\\\/#organization\"},\"image\":{\"@id\":\"https:\\\/\\\/tirinha.com\\\/1027\\\/linkin-park-lanca-figting-myself-para-o-aniversario-de-meteora\\\/#primaryimage\"},\"thumbnailUrl\":\"https:\\\/\\\/i0.wp.com\\\/elgeneracionalpost.com\\\/wp-content\\\/uploads\\\/2023\\\/03\\\/Linkin-park.jpg?fit=2048,1632&ssl=1\",\"articleSection\":[\"Cultura e lazer\"],\"inLanguage\":\"de\",\"potentialAction\":[{\"@type\":\"CommentAction\",\"name\":\"Comment\",\"target\":[\"https:\\\/\\\/tirinha.com\\\/1027\\\/linkin-park-lanca-figting-myself-para-o-aniversario-de-meteora\\\/#respond\"]}]},{\"@type\":\"WebPage\",\"@id\":\"https:\\\/\\\/tirinha.com\\\/1027\\\/linkin-park-lanca-figting-myself-para-o-aniversario-de-meteora\\\/\",\"url\":\"https:\\\/\\\/tirinha.com\\\/1027\\\/linkin-park-lanca-figting-myself-para-o-aniversario-de-meteora\\\/\",\"name\":\"Linkin Park lan\u00e7a 'Figting Myself' para o anivers\u00e1rio de 'Meteora' - Tirinha.com\",\"isPartOf\":{\"@id\":\"https:\\\/\\\/tirinha.com\\\/#website\"},\"primaryImageOfPage\":{\"@id\":\"https:\\\/\\\/tirinha.com\\\/1027\\\/linkin-park-lanca-figting-myself-para-o-aniversario-de-meteora\\\/#primaryimage\"},\"image\":{\"@id\":\"https:\\\/\\\/tirinha.com\\\/1027\\\/linkin-park-lanca-figting-myself-para-o-aniversario-de-meteora\\\/#primaryimage\"},\"thumbnailUrl\":\"https:\\\/\\\/i0.wp.com\\\/elgeneracionalpost.com\\\/wp-content\\\/uploads\\\/2023\\\/03\\\/Linkin-park.jpg?fit=2048,1632&ssl=1\",\"datePublished\":\"2023-04-04T03:10:27+00:00\",\"breadcrumb\":{\"@id\":\"https:\\\/\\\/tirinha.com\\\/1027\\\/linkin-park-lanca-figting-myself-para-o-aniversario-de-meteora\\\/#breadcrumb\"},\"inLanguage\":\"de\",\"potentialAction\":[{\"@type\":\"ReadAction\",\"target\":[\"https:\\\/\\\/tirinha.com\\\/1027\\\/linkin-park-lanca-figting-myself-para-o-aniversario-de-meteora\\\/\"]}]},{\"@type\":\"ImageObject\",\"inLanguage\":\"de\",\"@id\":\"https:\\\/\\\/tirinha.com\\\/1027\\\/linkin-park-lanca-figting-myself-para-o-aniversario-de-meteora\\\/#primaryimage\",\"url\":\"https:\\\/\\\/i0.wp.com\\\/elgeneracionalpost.com\\\/wp-content\\\/uploads\\\/2023\\\/03\\\/Linkin-park.jpg?fit=2048,1632&ssl=1\",\"contentUrl\":\"https:\\\/\\\/i0.wp.com\\\/elgeneracionalpost.com\\\/wp-content\\\/uploads\\\/2023\\\/03\\\/Linkin-park.jpg?fit=2048,1632&ssl=1\"},{\"@type\":\"BreadcrumbList\",\"@id\":\"https:\\\/\\\/tirinha.com\\\/1027\\\/linkin-park-lanca-figting-myself-para-o-aniversario-de-meteora\\\/#breadcrumb\",\"itemListElement\":[{\"@type\":\"ListItem\",\"position\":1,\"name\":\"Home\",\"item\":\"https:\\\/\\\/tirinha.com\\\/\"},{\"@type\":\"ListItem\",\"position\":2,\"name\":\"Linkin Park lan\u00e7a &#8216;Figting Myself&#8217; para o anivers\u00e1rio de &#8216;Meteora&#8217;\"}]},{\"@type\":\"WebSite\",\"@id\":\"https:\\\/\\\/tirinha.com\\\/#website\",\"url\":\"https:\\\/\\\/tirinha.com\\\/\",\"name\":\"Tirinha.com\",\"description\":\"Arte e livros resenhas\",\"publisher\":{\"@id\":\"https:\\\/\\\/tirinha.com\\\/#organization\"},\"potentialAction\":[{\"@type\":\"SearchAction\",\"target\":{\"@type\":\"EntryPoint\",\"urlTemplate\":\"https:\\\/\\\/tirinha.com\\\/?s={search_term_string}\"},\"query-input\":{\"@type\":\"PropertyValueSpecification\",\"valueRequired\":true,\"valueName\":\"search_term_string\"}}],\"inLanguage\":\"de\"},{\"@type\":\"Organization\",\"@id\":\"https:\\\/\\\/tirinha.com\\\/#organization\",\"name\":\"Tirinha.com\",\"url\":\"https:\\\/\\\/tirinha.com\\\/\",\"logo\":{\"@type\":\"ImageObject\",\"inLanguage\":\"de\",\"@id\":\"https:\\\/\\\/tirinha.com\\\/#\\\/schema\\\/logo\\\/image\\\/\",\"url\":\"https:\\\/\\\/tirinha.com\\\/wp-content\\\/uploads\\\/2023\\\/08\\\/cropped-Logo-Tirinha.webp\",\"contentUrl\":\"https:\\\/\\\/tirinha.com\\\/wp-content\\\/uploads\\\/2023\\\/08\\\/cropped-Logo-Tirinha.webp\",\"width\":512,\"height\":512,\"caption\":\"Tirinha.com\"},\"image\":{\"@id\":\"https:\\\/\\\/tirinha.com\\\/#\\\/schema\\\/logo\\\/image\\\/\"}},{\"@type\":\"Person\",\"@id\":\"https:\\\/\\\/tirinha.com\\\/#\\\/schema\\\/person\\\/e22bdfbe17e0461f7e927e6a1208d4d9\",\"name\":\"admin\",\"image\":{\"@type\":\"ImageObject\",\"inLanguage\":\"de\",\"@id\":\"https:\\\/\\\/tirinha.com\\\/wp-content\\\/litespeed\\\/avatar\\\/d0068f7931cc87d7274eb0c3db1deb4b.jpg?ver=1776829466\",\"url\":\"https:\\\/\\\/tirinha.com\\\/wp-content\\\/litespeed\\\/avatar\\\/d0068f7931cc87d7274eb0c3db1deb4b.jpg?ver=1776829466\",\"contentUrl\":\"https:\\\/\\\/tirinha.com\\\/wp-content\\\/litespeed\\\/avatar\\\/d0068f7931cc87d7274eb0c3db1deb4b.jpg?ver=1776829466\",\"caption\":\"admin\"},\"sameAs\":[\"https:\\\/\\\/tirinha.com\"],\"url\":\"https:\\\/\\\/tirinha.com\\\/de\\\/author\\\/admin\\\/\"}]}<\/script>\n<!-- \/ Yoast SEO plugin. -->","yoast_head_json":{"title":"Linkin Park ver\u00f6ffentlicht 'Fighting Myself' zum Jubil\u00e4um von 'Meteora' \u2013 Tirinha.com","robots":{"index":"index","follow":"follow","max-snippet":"max-snippet:-1","max-image-preview":"max-image-preview:large","max-video-preview":"max-video-preview:-1"},"canonical":"https:\/\/tirinha.com\/de\/1027\/linkin-park-veroffentlicht-fighting-myself-zum-jubilaum-von-meteora\/","og_locale":"de_DE","og_type":"article","og_title":"Linkin Park lan\u00e7a 'Figting Myself' para o anivers\u00e1rio de 'Meteora' - Tirinha.com","og_description":"A lend\u00e1ria banda americana compartilhou uma segunda m\u00fasica in\u00e9dita na \u00faltima sexta-feira Esta pe\u00e7a far\u00e1 parte da reedi\u00e7\u00e3o especial do &hellip;","og_url":"https:\/\/tirinha.com\/de\/1027\/linkin-park-veroffentlicht-fighting-myself-zum-jubilaum-von-meteora\/","og_site_name":"Tirinha.com","article_published_time":"2023-04-04T03:10:27+00:00","og_image":[{"url":"https:\/\/i0.wp.com\/elgeneracionalpost.com\/wp-content\/uploads\/2023\/03\/Linkin-park.jpg?fit=2048,1632&ssl=1","type":"","width":"","height":""}],"author":"admin","twitter_card":"summary_large_image","twitter_image":"https:\/\/i0.wp.com\/elgeneracionalpost.com\/wp-content\/uploads\/2023\/03\/Linkin-park.jpg?fit=2048,1632&ssl=1","twitter_misc":{"Verfasst von":"admin","Gesch\u00e4tzte Lesezeit":"2\u00a0Minuten"},"schema":{"@context":"https:\/\/schema.org","@graph":[{"@type":"Article","@id":"https:\/\/tirinha.com\/1027\/linkin-park-lanca-figting-myself-para-o-aniversario-de-meteora\/#article","isPartOf":{"@id":"https:\/\/tirinha.com\/1027\/linkin-park-lanca-figting-myself-para-o-aniversario-de-meteora\/"},"author":{"name":"admin","@id":"https:\/\/tirinha.com\/#\/schema\/person\/e22bdfbe17e0461f7e927e6a1208d4d9"},"headline":"Linkin Park lan\u00e7a &#8216;Figting Myself&#8217; para o anivers\u00e1rio de &#8216;Meteora&#8217;","datePublished":"2023-04-04T03:10:27+00:00","mainEntityOfPage":{"@id":"https:\/\/tirinha.com\/1027\/linkin-park-lanca-figting-myself-para-o-aniversario-de-meteora\/"},"wordCount":494,"commentCount":0,"publisher":{"@id":"https:\/\/tirinha.com\/#organization"},"image":{"@id":"https:\/\/tirinha.com\/1027\/linkin-park-lanca-figting-myself-para-o-aniversario-de-meteora\/#primaryimage"},"thumbnailUrl":"https:\/\/i0.wp.com\/elgeneracionalpost.com\/wp-content\/uploads\/2023\/03\/Linkin-park.jpg?fit=2048,1632&ssl=1","articleSection":["Cultura e lazer"],"inLanguage":"de","potentialAction":[{"@type":"CommentAction","name":"Comment","target":["https:\/\/tirinha.com\/1027\/linkin-park-lanca-figting-myself-para-o-aniversario-de-meteora\/#respond"]}]},{"@type":"WebPage","@id":"https:\/\/tirinha.com\/1027\/linkin-park-lanca-figting-myself-para-o-aniversario-de-meteora\/","url":"https:\/\/tirinha.com\/1027\/linkin-park-lanca-figting-myself-para-o-aniversario-de-meteora\/","name":"Linkin Park ver\u00f6ffentlicht 'Fighting Myself' zum Jubil\u00e4um von 'Meteora' \u2013 Tirinha.com","isPartOf":{"@id":"https:\/\/tirinha.com\/#website"},"primaryImageOfPage":{"@id":"https:\/\/tirinha.com\/1027\/linkin-park-lanca-figting-myself-para-o-aniversario-de-meteora\/#primaryimage"},"image":{"@id":"https:\/\/tirinha.com\/1027\/linkin-park-lanca-figting-myself-para-o-aniversario-de-meteora\/#primaryimage"},"thumbnailUrl":"https:\/\/i0.wp.com\/elgeneracionalpost.com\/wp-content\/uploads\/2023\/03\/Linkin-park.jpg?fit=2048,1632&ssl=1","datePublished":"2023-04-04T03:10:27+00:00","breadcrumb":{"@id":"https:\/\/tirinha.com\/1027\/linkin-park-lanca-figting-myself-para-o-aniversario-de-meteora\/#breadcrumb"},"inLanguage":"de","potentialAction":[{"@type":"ReadAction","target":["https:\/\/tirinha.com\/1027\/linkin-park-lanca-figting-myself-para-o-aniversario-de-meteora\/"]}]},{"@type":"ImageObject","inLanguage":"de","@id":"https:\/\/tirinha.com\/1027\/linkin-park-lanca-figting-myself-para-o-aniversario-de-meteora\/#primaryimage","url":"https:\/\/i0.wp.com\/elgeneracionalpost.com\/wp-content\/uploads\/2023\/03\/Linkin-park.jpg?fit=2048,1632&ssl=1","contentUrl":"https:\/\/i0.wp.com\/elgeneracionalpost.com\/wp-content\/uploads\/2023\/03\/Linkin-park.jpg?fit=2048,1632&ssl=1"},{"@type":"BreadcrumbList","@id":"https:\/\/tirinha.com\/1027\/linkin-park-lanca-figting-myself-para-o-aniversario-de-meteora\/#breadcrumb","itemListElement":[{"@type":"ListItem","position":1,"name":"Home","item":"https:\/\/tirinha.com\/"},{"@type":"ListItem","position":2,"name":"Linkin Park lan\u00e7a &#8216;Figting Myself&#8217; para o anivers\u00e1rio de &#8216;Meteora&#8217;"}]},{"@type":"WebSite","@id":"https:\/\/tirinha.com\/#website","url":"https:\/\/tirinha.com\/","name":"Tirinha.com","description":"Kunst- und Buchrezensionen","publisher":{"@id":"https:\/\/tirinha.com\/#organization"},"potentialAction":[{"@type":"SearchAction","target":{"@type":"EntryPoint","urlTemplate":"https:\/\/tirinha.com\/?s={search_term_string}"},"query-input":{"@type":"PropertyValueSpecification","valueRequired":true,"valueName":"search_term_string"}}],"inLanguage":"de"},{"@type":"Organization","@id":"https:\/\/tirinha.com\/#organization","name":"Tirinha.com","url":"https:\/\/tirinha.com\/","logo":{"@type":"ImageObject","inLanguage":"de","@id":"https:\/\/tirinha.com\/#\/schema\/logo\/image\/","url":"https:\/\/tirinha.com\/wp-content\/uploads\/2023\/08\/cropped-Logo-Tirinha.webp","contentUrl":"https:\/\/tirinha.com\/wp-content\/uploads\/2023\/08\/cropped-Logo-Tirinha.webp","width":512,"height":512,"caption":"Tirinha.com"},"image":{"@id":"https:\/\/tirinha.com\/#\/schema\/logo\/image\/"}},{"@type":"Person","@id":"https:\/\/tirinha.com\/#\/schema\/person\/e22bdfbe17e0461f7e927e6a1208d4d9","name":"Administrator","image":{"@type":"ImageObject","inLanguage":"de","@id":"https:\/\/tirinha.com\/wp-content\/litespeed\/avatar\/d0068f7931cc87d7274eb0c3db1deb4b.jpg?ver=1776829466","url":"https:\/\/tirinha.com\/wp-content\/litespeed\/avatar\/d0068f7931cc87d7274eb0c3db1deb4b.jpg?ver=1776829466","contentUrl":"https:\/\/tirinha.com\/wp-content\/litespeed\/avatar\/d0068f7931cc87d7274eb0c3db1deb4b.jpg?ver=1776829466","caption":"admin"},"sameAs":["https:\/\/tirinha.com"],"url":"https:\/\/tirinha.com\/de\/author\/admin\/"}]}},"_links":{"self":[{"href":"https:\/\/tirinha.com\/de\/wp-json\/wp\/v2\/posts\/1027","targetHints":{"allow":["GET"]}}],"collection":[{"href":"https:\/\/tirinha.com\/de\/wp-json\/wp\/v2\/posts"}],"about":[{"href":"https:\/\/tirinha.com\/de\/wp-json\/wp\/v2\/types\/post"}],"author":[{"embeddable":true,"href":"https:\/\/tirinha.com\/de\/wp-json\/wp\/v2\/users\/1"}],"replies":[{"embeddable":true,"href":"https:\/\/tirinha.com\/de\/wp-json\/wp\/v2\/comments?post=1027"}],"version-history":[{"count":0,"href":"https:\/\/tirinha.com\/de\/wp-json\/wp\/v2\/posts\/1027\/revisions"}],"wp:featuredmedia":[{"embeddable":true,"href":"https:\/\/tirinha.com\/de\/wp-json\/wp\/v2\/media\/1029"}],"wp:attachment":[{"href":"https:\/\/tirinha.com\/de\/wp-json\/wp\/v2\/media?parent=1027"}],"wp:term":[{"taxonomy":"category","embeddable":true,"href":"https:\/\/tirinha.com\/de\/wp-json\/wp\/v2\/categories?post=1027"},{"taxonomy":"post_tag","embeddable":true,"href":"https:\/\/tirinha.com\/de\/wp-json\/wp\/v2\/tags?post=1027"}],"curies":[{"name":"wp","href":"https:\/\/api.w.org\/{rel}","templated":true}]}}