{"id":925,"date":"2023-04-03T17:35:40","date_gmt":"2023-04-03T17:35:40","guid":{"rendered":"https:\/\/tirinha.com\/fuenlabrada-a-cidade-vira-rock-carlos-escobedo-carino-e-ruben-del-pozo\/"},"modified":"2023-04-03T17:35:40","modified_gmt":"2023-04-03T17:35:40","slug":"%d1%84%d1%83%d0%b5%d0%bd%d0%bb%d0%b0%d0%b1%d1%80%d0%b0%d0%b4%d0%b0-%d0%b3%d1%80%d0%b0%d0%b4%d1%8a%d1%82-%d1%81%d0%b5-%d0%bf%d1%80%d0%b5%d0%b2%d1%80%d1%8a%d1%89%d0%b0-%d0%b2-%d1%80%d0%be%d0%ba-%d0%ba","status":"publish","type":"post","link":"https:\/\/tirinha.com\/bg\/925\/fuenlabrada-a-cidade-vira-rock-carlos-escobedo-carino-e-ruben-del-pozo\/","title":{"rendered":"\u0424\u0423\u0415\u041d\u041b\u0410\u0411\u0420\u0410\u0414\u0410\/ \u0413\u0440\u0430\u0434\u044a\u0442 \u0441\u0435 \u043f\u0440\u0435\u0432\u0440\u044a\u0449\u0430 \u0432 \u0440\u043e\u043a: \u041a\u0430\u0440\u043b\u043e\u0441 \u0415\u0441\u043a\u043e\u0431\u0435\u0434\u043e, \u201eCari\u00f1o\u201c \u0438 \u0420\u0443\u0431\u0435\u043d \u0434\u0435\u043b \u041f\u043e\u0441\u043e"},"content":{"rendered":"<p><\/p>\n<div>\n<p>\u0413\u0440\u0430\u0434 \u0424\u0443\u0435\u043d\u043b\u0430\u0431\u0440\u0430\u0434\u0430 \u0435 \u0434\u043e\u043c\u0430\u043a\u0438\u043d \u043d\u0430 \u043f\u044a\u0440\u0432\u043e\u0442\u043e \u0438\u0437\u0434\u0430\u043d\u0438\u0435 \u043d\u0430 \u043d\u043e\u0432 \u0444\u0435\u0441\u0442\u0438\u0432\u0430\u043b \u0442\u043e\u0437\u0438 \u0443\u0438\u043a\u0435\u043d\u0434: <strong>\u0424\u0435\u0441\u0442\u0438\u0432\u0430\u043b\u044a\u0442 \u043d\u0430 \u0437\u0432\u0435\u0437\u0434\u0438\u0442\u0435<\/strong>\u043a\u043e\u0439\u0442\u043e \u043f\u0440\u0438\u0441\u0442\u0438\u0433\u0430 \u0432 Casa da M\u00fasica \u043d\u0430 24, 25 \u0438 26 \u043c\u0430\u0440\u0442 \u0441 \u0442\u0440\u0438 \u0448\u043e\u0443\u0442\u0430 \u043d\u0430 \u0430\u0440\u0442\u0438\u0441\u0442\u0438\u0442\u0435 <strong>\u041a\u0430\u0440\u043b\u043e\u0441 \u0415\u0441\u043a\u043e\u0431\u0435\u0434\u043e<\/strong>, <strong>\u041c\u0435\u043b, \u0420\u0443\u0431\u0435\u043d \u041f\u043e\u0437\u043e<\/strong> \u0438 \u0431\u0430\u043d\u0434\u0438\u0442\u0435 \u043d\u0430 Fuenlabre &#039;Popdata&#039; \u0438 A Tiro.  <\/p>\n<p>\u0412\u044a\u0432 \u0424\u0443\u0435\u043d\u043b\u0430\u0431\u0440\u0430\u0434\u0430 \u0444\u0435\u0441\u0442\u0438\u0432\u0430\u043b\u044a\u0442 \u041a\u0430\u0440\u043b\u043e\u0441 \u0415\u0441\u043a\u043e\u0431\u0435\u0434\u043e \u0449\u0435 \u0431\u044a\u0434\u0435 \u043e\u0442\u043a\u0440\u0438\u0442 \u0441 \u201eEn Estado Puro\u201c. \u0422\u043e \u0449\u0435 \u0441\u0435 \u043f\u0440\u043e\u0432\u0435\u0434\u0435 \u043d\u0430 24 \u043c\u0430\u0440\u0442, \u043f\u0435\u0442\u044a\u043a, \u043e\u0442 22 \u0447\u0430\u0441\u0430. \u0415\u0441\u043a\u043e\u0431\u0435\u0434\u043e \u0435 \u0440\u043e\u043a \u0441\u043f\u0440\u0430\u0432\u043a\u0430, \u0438\u0437\u0432\u0435\u0441\u0442\u0435\u043d \u043c\u0443\u0437\u0438\u043a\u0430\u043d\u0442 \u0438 \u0432\u043e\u043a\u0430\u043b\u0438\u0441\u0442 \u043d\u0430 \u0433\u0440\u0443\u043f\u0438 \u043a\u0430\u0442\u043e <strong>\u0422\u0440\u0435\u0437\u0432\u0435\u043d \u0438\u043b\u0438 Habeas Corpus<\/strong>. \u201eEn Estado Puro\u201c \u0435 \u043d\u043e\u0432 \u043f\u0440\u043e\u0435\u043a\u0442, \u0430\u043a\u0443\u0441\u0442\u0438\u0447\u043d\u0430, \u0442\u043e\u043f\u043b\u0430 \u0438 \u0438\u043d\u0442\u0438\u043c\u043d\u0430 \u043f\u043e\u0441\u0442\u0430\u043d\u043e\u0432\u043a\u0430.    <\/p>\n<aside class=\"scaip scaip-1\">\n\t\t<\/aside>\n<p>\u0412 \u0441\u044a\u0431\u043e\u0442\u0430, 25-\u0442\u0438, \u0449\u0435 \u0434\u043e\u0439\u0434\u0435 \u0440\u0435\u0434 \u043d\u0430 &#039;Cari\u00f1o&#039; \u0438 \u0433\u0440\u0443\u043f\u0430\u0442\u0430 Fuenlabre &#039;PopData&#039;. Casa de la M\u00fasica \u0449\u0435 \u0431\u044a\u0434\u0435 \u0434\u043e\u043c\u0430\u043a\u0438\u043d \u043d\u0430 \u0438\u0437\u043f\u044a\u043b\u043d\u0435\u043d\u0438\u0435\u0442\u043e \u043d\u0430 \u0442\u0430\u0437\u0438 \u0438\u0441\u043f\u0430\u043d\u0441\u043a\u0430 \u0438\u043d\u0434\u0438 \u043f\u043e\u043f \u0433\u0440\u0443\u043f\u0430, \u0441\u044a\u0441\u0442\u0430\u0432\u0435\u043d\u0430 \u043e\u0442<strong> \u041f\u0430\u043e\u043b\u0430 \u0420\u0438\u0432\u0435\u0440\u043e, \u0410\u043b\u0438\u0441\u0438\u044f \u0420\u043e\u0441 \u0438 \u041c\u0430\u0440\u0438\u044f \u0422\u0430\u043b\u0430\u0432\u0435\u0440\u0430\u043d\u043e.<\/strong> \u041c\u0435\u0436\u0434\u0443\u0432\u0440\u0435\u043c\u0435\u043d\u043d\u043e Popdata \u043e\u0442 Fuenlabre \u0449\u0435 \u043d\u0438 \u043f\u0440\u0435\u0434\u043b\u043e\u0436\u0438 \u0441\u0432\u043e\u0438\u0442\u0435 \u043b\u0438\u0447\u043d\u0438 \u0442\u0435\u043a\u0441\u0442\u043e\u0432\u0435, \u0441 \u043a\u043e\u0438\u0442\u043e \u0432\u044a\u0437\u043d\u0430\u043c\u0435\u0440\u044f\u0432\u0430 \u0434\u0430 \u043e\u0442\u0440\u0430\u0437\u0438 \u0442\u043e\u0437\u0438 \u043d\u043e\u0432 \u0441\u0432\u044f\u0442.  <\/p>\n<figure class=\"wp-block-image size-large\"><img fetchpriority=\"high\" decoding=\"async\" width=\"780\" height=\"446\" alt=\"\u0421\u0442\u0435\u043d\u043e\u043f\u0438\u0441 \u0432 \u0414\u043e\u043c\u0430 \u043d\u0430 \u043c\u0443\u0437\u0438\u043a\u0430\u0442\u0430\" class=\"wp-image-379597 jetpack-lazy-image\" data-recalc-dims=\"1\" srcset=\"https:\/\/i0.wp.com\/noticiasparamunicipios.com\/wp-content\/uploads\/2023\/02\/MURAL-CASA-DE-LA-MUSICA-INSTANTE-CONCIERTO-1.png?resize=1024%2C585&amp;ssl=1 1024w, https:\/\/i0.wp.com\/noticiasparamunicipios.com\/wp-content\/uploads\/2023\/02\/MURAL-CASA-DE-LA-MUSICA-INSTANTE-CONCIERTO-1.png?resize=300%2C171&amp;ssl=1 300w, https:\/\/i0.wp.com\/noticiasparamunicipios.com\/wp-content\/uploads\/2023\/02\/MURAL-CASA-DE-LA-MUSICA-INSTANTE-CONCIERTO-1.png?resize=768%2C438&amp;ssl=1 768w, https:\/\/i0.wp.com\/noticiasparamunicipios.com\/wp-content\/uploads\/2023\/02\/MURAL-CASA-DE-LA-MUSICA-INSTANTE-CONCIERTO-1.png?resize=1200%2C685&amp;ssl=1 1200w, https:\/\/i0.wp.com\/noticiasparamunicipios.com\/wp-content\/uploads\/2023\/02\/MURAL-CASA-DE-LA-MUSICA-INSTANTE-CONCIERTO-1.png?resize=400%2C228&amp;ssl=1 400w, https:\/\/i0.wp.com\/noticiasparamunicipios.com\/wp-content\/uploads\/2023\/02\/MURAL-CASA-DE-LA-MUSICA-INSTANTE-CONCIERTO-1.png?w=1433&amp;ssl=1 1433w\" data-lazy-sizes=\"(max-width: 780px) 100vw, 780px\" src=\"https:\/\/i0.wp.com\/noticiasparamunicipios.com\/wp-content\/uploads\/2023\/02\/MURAL-CASA-DE-LA-MUSICA-INSTANTE-CONCIERTO-1.png?resize=780%2C446&amp;is-pending-load=1#038;ssl=1\"\/><noscript><img data-lazy-fallback=\"1\" decoding=\"async\" width=\"780\" height=\"446\" src=\"https:\/\/i0.wp.com\/noticiasparamunicipios.com\/wp-content\/uploads\/2023\/02\/MURAL-CASA-DE-LA-MUSICA-INSTANTE-CONCIERTO-1.png?resize=780%2C446&amp;ssl=1\" alt=\"\u0441\u0442\u0435\u043d\u043e\u043f\u0438\u0441 \u043d\u0430 \u043a\u044a\u0449\u0430\u0442\u0430 \u043d\u0430 \u043c\u0443\u0437\u0438\u043a\u0430\u0442\u0430\" class=\"wp-image-379597\" srcset=\"https:\/\/i0.wp.com\/noticiasparamunicipios.com\/wp-content\/uploads\/2023\/02\/MURAL-CASA-DE-LA-MUSICA-INSTANTE-CONCIERTO-1.png?resize=1024%2C585&amp;ssl=1 1024w, https:\/\/i0.wp.com\/noticiasparamunicipios.com\/wp-content\/uploads\/2023\/02\/MURAL-CASA-DE-LA-MUSICA-INSTANTE-CONCIERTO-1.png?resize=300%2C171&amp;ssl=1 300w, https:\/\/i0.wp.com\/noticiasparamunicipios.com\/wp-content\/uploads\/2023\/02\/MURAL-CASA-DE-LA-MUSICA-INSTANTE-CONCIERTO-1.png?resize=768%2C438&amp;ssl=1 768w, https:\/\/i0.wp.com\/noticiasparamunicipios.com\/wp-content\/uploads\/2023\/02\/MURAL-CASA-DE-LA-MUSICA-INSTANTE-CONCIERTO-1.png?resize=1200%2C685&amp;ssl=1 1200w, https:\/\/i0.wp.com\/noticiasparamunicipios.com\/wp-content\/uploads\/2023\/02\/MURAL-CASA-DE-LA-MUSICA-INSTANTE-CONCIERTO-1.png?resize=400%2C228&amp;ssl=1 400w, https:\/\/i0.wp.com\/noticiasparamunicipios.com\/wp-content\/uploads\/2023\/02\/MURAL-CASA-DE-LA-MUSICA-INSTANTE-CONCIERTO-1.png?w=1433&amp;ssl=1 1433w\" sizes=\"(max-width: 780px) 100vw, 780px\" data-recalc-dims=\"1\"\/><\/noscript><figcaption class=\"wp-element-caption\">\u041a\u044a\u0449\u0430\u0442\u0430 \u043d\u0430 \u043c\u0443\u0437\u0438\u043a\u0430\u0442\u0430, \u0424\u0443\u0435\u043d\u043b\u0430\u0431\u0440\u0430\u0434\u0430.<\/figcaption><\/figure>\n<p>\u0418 \u0449\u0435 \u0437\u0430\u0442\u0432\u043e\u0440\u0438 \u0443\u0438\u043a\u0435\u043d\u0434\u0430 <strong>\u0420\u0443\u0431\u0435\u043d \u0434\u0435\u043b \u041f\u043e\u0441\u043e<\/strong>, \u043a\u043e\u0439\u0442\u043e \u0449\u0435 \u0441\u0435 \u043f\u0440\u0435\u0434\u0441\u0442\u0430\u0432\u0438 \u0432 \u043d\u0435\u0434\u0435\u043b\u044f \u043e\u0442 20:30\u0447. \u0422\u043e\u0439 \u0435 \u043c\u0443\u0437\u0438\u043a\u0430\u043d\u0442 \u0441 \u043d\u0430\u0434 25 \u0433\u043e\u0434\u0438\u043d\u0438 \u043a\u0430\u0440\u0438\u0435\u0440\u0430 \u0438 \u043a\u043e\u0439\u0442\u043e \u0435 \u0440\u0430\u0431\u043e\u0442\u0438\u043b \u0432 \u0433\u0440\u0443\u043f\u0438 \u043a\u0430\u0442\u043e Pereza \u0438\u043b\u0438 Buenas Noches Rose. \u201eVampire\u201c \u0435 \u043f\u043e\u0441\u043b\u0435\u0434\u043d\u0438\u044f\u0442 \u0438\u043c \u0430\u043b\u0431\u0443\u043c \u0434\u043e \u043c\u043e\u043c\u0435\u043d\u0442\u0430. Tiro \u0449\u0435 \u043d\u0438 \u043f\u0440\u0435\u043d\u0435\u0441\u0435 \u0432 \u043d\u0430\u0439-\u0447\u0438\u0441\u0442\u0438\u044f \u0440\u043e\u043a\u0435\u043d\u0434\u0440\u043e\u043b.    <\/p>\n<p>\u041c\u0438\u043d\u0430\u043b\u0438\u044f \u044f\u043d\u0443\u0430\u0440\u0438 \u043f\u043e\u0432\u0435\u0447\u0435 \u043e\u0442 2000 \u0434\u0443\u0448\u0438 \u043f\u043e\u0441\u0435\u0442\u0438\u0445\u0430 \u0441\u0435\u0434\u0435\u043c\u0442\u0435 \u043a\u043e\u043d\u0446\u0435\u0440\u0442\u0430, \u043e\u0440\u0433\u0430\u043d\u0438\u0437\u0438\u0440\u0430\u043d\u0438 \u043f\u043e \u0432\u0440\u0435\u043c\u0435 \u043d\u0430 <strong>\u0417\u0438\u043c\u0435\u043d \u0444\u0435\u0441\u0442\u0438\u0432\u0430\u043b \u0432\u044a\u0432 \u0424\u0443\u0435\u043d\u043b\u0430\u0431\u0440\u0430\u0434\u0430. <\/strong>\u041e\u0441\u0432\u0435\u043d \u0442\u043e\u0432\u0430 \u043f\u0440\u0435\u0437 \u044e\u043d\u0438 \u0438\u0437\u043b\u0438\u0437\u0430 \u043d\u043e\u0432\u043e \u0438\u0437\u0434\u0430\u043d\u0438\u0435 \u043d\u0430 <strong> \u0440\u043e\u043a \u0444\u0435\u0441\u0442\u0438\u0432\u0430\u043b<\/strong>. \u0424\u0435\u0441\u0442\u0438\u0432\u0430\u043b\u044a\u0442 \u043d\u0430 \u0433\u0440\u0430\u0434\u0441\u043a\u0430\u0442\u0430 \u043a\u0443\u043b\u0442\u0443\u0440\u0430 \u201eSwitch On Madrid\u201c \u0435 \u0434\u0440\u0443\u0433\u043e \u043e\u0442 \u043c\u0443\u0437\u0438\u043a\u0430\u043b\u043d\u0438\u0442\u0435 \u0441\u044a\u0431\u0438\u0442\u0438\u044f \u0432 \u041c\u0430\u0434\u0440\u0438\u0434, \u043a\u043e\u0435\u0442\u043e \u0441\u043a\u043e\u0440\u043e \u0449\u0435 \u043f\u0440\u0435\u043c\u0438\u043d\u0435 \u0438 \u043f\u0440\u0435\u0437 \u0424\u0443\u0435\u043d\u043b\u0430\u0431\u0440\u0430\u0434\u0430.   <\/p>\n<aside class=\"scaip scaip-2\">\n\t\t<\/aside>\n<p>\u201e\u0422\u043e\u0437\u0438 \u0442\u0438\u043f \u043a\u0443\u043b\u0442\u0443\u0440\u043d\u0438 \u0438\u043d\u0438\u0446\u0438\u0430\u0442\u0438\u0432\u0438 \u0441\u0435 \u0432\u043f\u0438\u0441\u0432\u0430\u0442 \u0438\u0434\u0435\u0430\u043b\u043d\u043e \u0432\u044a\u0432 \u0424\u0443\u0435\u043d\u043b\u0430\u0431\u0440\u0430\u0434\u0430, \u0433\u0440\u0430\u0434, \u043a\u044a\u0434\u0435\u0442\u043e 35% \u043e\u0442 \u043d\u0430\u0441\u0435\u043b\u0435\u043d\u0438\u0435\u0442\u043e \u0435 \u043f\u043e\u0434 35 \u0433\u043e\u0434\u0438\u043d\u0438 \u0438 \u043a\u043e\u0439\u0442\u043e \u0438\u043c\u0430 \u043c\u043e\u0449\u043d\u0438 \u043f\u0440\u043e\u0433\u0440\u0430\u043c\u0438 \u0437\u0430 \u043e\u0442\u0434\u0438\u0445 \u0438 \u043e\u0431\u0443\u0447\u0435\u043d\u0438\u0435, \u043a\u0430\u043a\u0442\u043e \u0438 \u043e\u0431\u043e\u0440\u0443\u0434\u0432\u0430\u043d\u0435, \u043d\u0430\u0441\u043e\u0447\u0435\u043d\u043e \u043a\u044a\u043c \u043c\u043b\u0430\u0434\u0435\u0436\u0442\u0430\u201c, \u043a\u0430\u0437\u0432\u0430 \u0441\u044a\u0432\u0435\u0442\u043d\u0438\u043a\u044a\u0442 \u0437\u0430 \u043c\u043b\u0430\u0434\u0435\u0436\u0442\u0430 \u0438 \u0434\u0435\u0446\u0430\u0442\u0430,<strong> \u0411\u0435\u0430\u0442\u0440\u0438\u0441 \u041f\u0435\u043d\u0430\u043b\u0432\u0435\u0440.   <\/strong><\/p>\n<p><h3 class=\"jp-relatedposts-headline\"><em>\u0421\u0432\u044a\u0440\u0437\u0430\u043d\u0438<\/em><\/h3>\n<\/p><\/div>","protected":false},"excerpt":{"rendered":"<p>\u0422\u043e\u0437\u0438 \u0443\u0438\u043a\u0435\u043d\u0434 \u0433\u0440\u0430\u0434 \u0424\u0443\u0435\u043d\u043b\u0430\u0431\u0440\u0430\u0434\u0430 \u0435 \u0434\u043e\u043c\u0430\u043a\u0438\u043d \u043d\u0430 \u043f\u044a\u0440\u0432\u043e\u0442\u043e \u0438\u0437\u0434\u0430\u043d\u0438\u0435 \u043d\u0430 \u043d\u043e\u0432 \u0444\u0435\u0441\u0442\u0438\u0432\u0430\u043b: \u0424\u0435\u0441\u0442\u0438\u0432\u0430\u043b\u044a\u0442 \u043d\u0430 \u0437\u0432\u0435\u0437\u0434\u0438\u0442\u0435, \u043a\u043e\u0439\u0442\u043e... <\/p>","protected":false},"author":1,"featured_media":926,"comment_status":"open","ping_status":"open","sticky":false,"template":"","format":"standard","meta":{"fifu_image_url":"https:\/\/noticiasparamunicipios.com\/wp-content\/uploads\/2023\/03\/Carlos-Escobedo.jpg","fifu_image_alt":"","footnotes":""},"categories":[35],"tags":[],"class_list":["post-925","post","type-post","status-publish","format-standard","has-post-thumbnail","hentry","category-cultura-e-lazer","latest_post"],"yoast_head":"<!-- This site is optimized with the Yoast SEO plugin v27.3 - https:\/\/yoast.com\/product\/yoast-seo-wordpress\/ -->\n<title>FUENLABRADA\/ A cidade vira rock: Carlos Escobedo, &#039;Cari\u00f1o&#039; e Rub\u00e9n del Pozo - Tirinha.com<\/title>\n<meta name=\"robots\" content=\"index, follow, max-snippet:-1, max-image-preview:large, max-video-preview:-1\" \/>\n<link rel=\"canonical\" href=\"https:\/\/tirinha.com\/bg\/925\/\u0444\u0443\u0435\u043d\u043b\u0430\u0431\u0440\u0430\u0434\u0430-\u0433\u0440\u0430\u0434\u044a\u0442-\u0441\u0435-\u043f\u0440\u0435\u0432\u0440\u044a\u0449\u0430-\u0432-\u0440\u043e\u043a-\u043a\/\" \/>\n<meta property=\"og:locale\" content=\"bg_BG\" \/>\n<meta property=\"og:type\" content=\"article\" \/>\n<meta property=\"og:title\" content=\"FUENLABRADA\/ A cidade vira rock: Carlos Escobedo, &#039;Cari\u00f1o&#039; e Rub\u00e9n del Pozo - Tirinha.com\" \/>\n<meta property=\"og:description\" content=\"A cidade de Fuenlabrada recebe neste fim de semana a primeira edi\u00e7\u00e3o de um novo festival: O Festival das Estrelasque &hellip;\" \/>\n<meta property=\"og:url\" content=\"https:\/\/tirinha.com\/bg\/925\/\u0444\u0443\u0435\u043d\u043b\u0430\u0431\u0440\u0430\u0434\u0430-\u0433\u0440\u0430\u0434\u044a\u0442-\u0441\u0435-\u043f\u0440\u0435\u0432\u0440\u044a\u0449\u0430-\u0432-\u0440\u043e\u043a-\u043a\/\" \/>\n<meta property=\"og:site_name\" content=\"Tirinha.com\" \/>\n<meta property=\"article:published_time\" content=\"2023-04-03T17:35:40+00:00\" \/>\n<meta property=\"og:image\" content=\"https:\/\/noticiasparamunicipios.com\/wp-content\/uploads\/2023\/03\/Carlos-Escobedo.jpg\" \/>\n<meta name=\"author\" content=\"admin\" \/>\n<meta name=\"twitter:card\" content=\"summary_large_image\" \/>\n<meta name=\"twitter:image\" content=\"https:\/\/noticiasparamunicipios.com\/wp-content\/uploads\/2023\/03\/Carlos-Escobedo.jpg\" \/>\n<meta name=\"twitter:label1\" content=\"Written by\" \/>\n\t<meta name=\"twitter:data1\" content=\"admin\" \/>\n\t<meta name=\"twitter:label2\" content=\"Est. reading time\" \/>\n\t<meta name=\"twitter:data2\" content=\"2 \u043c\u0438\u043d\u0443\u0442\u0438\" \/>\n<script type=\"application\/ld+json\" class=\"yoast-schema-graph\">{\"@context\":\"https:\\\/\\\/schema.org\",\"@graph\":[{\"@type\":\"Article\",\"@id\":\"https:\\\/\\\/tirinha.com\\\/925\\\/fuenlabrada-a-cidade-vira-rock-carlos-escobedo-carino-e-ruben-del-pozo\\\/#article\",\"isPartOf\":{\"@id\":\"https:\\\/\\\/tirinha.com\\\/925\\\/fuenlabrada-a-cidade-vira-rock-carlos-escobedo-carino-e-ruben-del-pozo\\\/\"},\"author\":{\"name\":\"admin\",\"@id\":\"https:\\\/\\\/tirinha.com\\\/#\\\/schema\\\/person\\\/e22bdfbe17e0461f7e927e6a1208d4d9\"},\"headline\":\"FUENLABRADA\\\/ A cidade vira rock: Carlos Escobedo, &#8216;Cari\u00f1o&#8217; e Rub\u00e9n del Pozo\",\"datePublished\":\"2023-04-03T17:35:40+00:00\",\"mainEntityOfPage\":{\"@id\":\"https:\\\/\\\/tirinha.com\\\/925\\\/fuenlabrada-a-cidade-vira-rock-carlos-escobedo-carino-e-ruben-del-pozo\\\/\"},\"wordCount\":339,\"commentCount\":0,\"publisher\":{\"@id\":\"https:\\\/\\\/tirinha.com\\\/#organization\"},\"image\":{\"@id\":\"https:\\\/\\\/tirinha.com\\\/925\\\/fuenlabrada-a-cidade-vira-rock-carlos-escobedo-carino-e-ruben-del-pozo\\\/#primaryimage\"},\"thumbnailUrl\":\"https:\\\/\\\/noticiasparamunicipios.com\\\/wp-content\\\/uploads\\\/2023\\\/03\\\/Carlos-Escobedo.jpg\",\"articleSection\":[\"Cultura e lazer\"],\"inLanguage\":\"bg-BG\",\"potentialAction\":[{\"@type\":\"CommentAction\",\"name\":\"Comment\",\"target\":[\"https:\\\/\\\/tirinha.com\\\/925\\\/fuenlabrada-a-cidade-vira-rock-carlos-escobedo-carino-e-ruben-del-pozo\\\/#respond\"]}]},{\"@type\":\"WebPage\",\"@id\":\"https:\\\/\\\/tirinha.com\\\/925\\\/fuenlabrada-a-cidade-vira-rock-carlos-escobedo-carino-e-ruben-del-pozo\\\/\",\"url\":\"https:\\\/\\\/tirinha.com\\\/925\\\/fuenlabrada-a-cidade-vira-rock-carlos-escobedo-carino-e-ruben-del-pozo\\\/\",\"name\":\"FUENLABRADA\\\/ A cidade vira rock: Carlos Escobedo, 'Cari\u00f1o' e Rub\u00e9n del Pozo - Tirinha.com\",\"isPartOf\":{\"@id\":\"https:\\\/\\\/tirinha.com\\\/#website\"},\"primaryImageOfPage\":{\"@id\":\"https:\\\/\\\/tirinha.com\\\/925\\\/fuenlabrada-a-cidade-vira-rock-carlos-escobedo-carino-e-ruben-del-pozo\\\/#primaryimage\"},\"image\":{\"@id\":\"https:\\\/\\\/tirinha.com\\\/925\\\/fuenlabrada-a-cidade-vira-rock-carlos-escobedo-carino-e-ruben-del-pozo\\\/#primaryimage\"},\"thumbnailUrl\":\"https:\\\/\\\/noticiasparamunicipios.com\\\/wp-content\\\/uploads\\\/2023\\\/03\\\/Carlos-Escobedo.jpg\",\"datePublished\":\"2023-04-03T17:35:40+00:00\",\"breadcrumb\":{\"@id\":\"https:\\\/\\\/tirinha.com\\\/925\\\/fuenlabrada-a-cidade-vira-rock-carlos-escobedo-carino-e-ruben-del-pozo\\\/#breadcrumb\"},\"inLanguage\":\"bg-BG\",\"potentialAction\":[{\"@type\":\"ReadAction\",\"target\":[\"https:\\\/\\\/tirinha.com\\\/925\\\/fuenlabrada-a-cidade-vira-rock-carlos-escobedo-carino-e-ruben-del-pozo\\\/\"]}]},{\"@type\":\"ImageObject\",\"inLanguage\":\"bg-BG\",\"@id\":\"https:\\\/\\\/tirinha.com\\\/925\\\/fuenlabrada-a-cidade-vira-rock-carlos-escobedo-carino-e-ruben-del-pozo\\\/#primaryimage\",\"url\":\"https:\\\/\\\/noticiasparamunicipios.com\\\/wp-content\\\/uploads\\\/2023\\\/03\\\/Carlos-Escobedo.jpg\",\"contentUrl\":\"https:\\\/\\\/noticiasparamunicipios.com\\\/wp-content\\\/uploads\\\/2023\\\/03\\\/Carlos-Escobedo.jpg\"},{\"@type\":\"BreadcrumbList\",\"@id\":\"https:\\\/\\\/tirinha.com\\\/925\\\/fuenlabrada-a-cidade-vira-rock-carlos-escobedo-carino-e-ruben-del-pozo\\\/#breadcrumb\",\"itemListElement\":[{\"@type\":\"ListItem\",\"position\":1,\"name\":\"Home\",\"item\":\"https:\\\/\\\/tirinha.com\\\/\"},{\"@type\":\"ListItem\",\"position\":2,\"name\":\"FUENLABRADA\\\/ A cidade vira rock: Carlos Escobedo, &#8216;Cari\u00f1o&#8217; e Rub\u00e9n del Pozo\"}]},{\"@type\":\"WebSite\",\"@id\":\"https:\\\/\\\/tirinha.com\\\/#website\",\"url\":\"https:\\\/\\\/tirinha.com\\\/\",\"name\":\"Tirinha.com\",\"description\":\"Arte e livros resenhas\",\"publisher\":{\"@id\":\"https:\\\/\\\/tirinha.com\\\/#organization\"},\"potentialAction\":[{\"@type\":\"SearchAction\",\"target\":{\"@type\":\"EntryPoint\",\"urlTemplate\":\"https:\\\/\\\/tirinha.com\\\/?s={search_term_string}\"},\"query-input\":{\"@type\":\"PropertyValueSpecification\",\"valueRequired\":true,\"valueName\":\"search_term_string\"}}],\"inLanguage\":\"bg-BG\"},{\"@type\":\"Organization\",\"@id\":\"https:\\\/\\\/tirinha.com\\\/#organization\",\"name\":\"Tirinha.com\",\"url\":\"https:\\\/\\\/tirinha.com\\\/\",\"logo\":{\"@type\":\"ImageObject\",\"inLanguage\":\"bg-BG\",\"@id\":\"https:\\\/\\\/tirinha.com\\\/#\\\/schema\\\/logo\\\/image\\\/\",\"url\":\"https:\\\/\\\/tirinha.com\\\/wp-content\\\/uploads\\\/2023\\\/08\\\/cropped-Logo-Tirinha.webp\",\"contentUrl\":\"https:\\\/\\\/tirinha.com\\\/wp-content\\\/uploads\\\/2023\\\/08\\\/cropped-Logo-Tirinha.webp\",\"width\":512,\"height\":512,\"caption\":\"Tirinha.com\"},\"image\":{\"@id\":\"https:\\\/\\\/tirinha.com\\\/#\\\/schema\\\/logo\\\/image\\\/\"}},{\"@type\":\"Person\",\"@id\":\"https:\\\/\\\/tirinha.com\\\/#\\\/schema\\\/person\\\/e22bdfbe17e0461f7e927e6a1208d4d9\",\"name\":\"admin\",\"image\":{\"@type\":\"ImageObject\",\"inLanguage\":\"bg-BG\",\"@id\":\"https:\\\/\\\/tirinha.com\\\/wp-content\\\/litespeed\\\/avatar\\\/d0068f7931cc87d7274eb0c3db1deb4b.jpg?ver=1776829466\",\"url\":\"https:\\\/\\\/tirinha.com\\\/wp-content\\\/litespeed\\\/avatar\\\/d0068f7931cc87d7274eb0c3db1deb4b.jpg?ver=1776829466\",\"contentUrl\":\"https:\\\/\\\/tirinha.com\\\/wp-content\\\/litespeed\\\/avatar\\\/d0068f7931cc87d7274eb0c3db1deb4b.jpg?ver=1776829466\",\"caption\":\"admin\"},\"sameAs\":[\"https:\\\/\\\/tirinha.com\"],\"url\":\"https:\\\/\\\/tirinha.com\\\/bg\\\/author\\\/admin\\\/\"}]}<\/script>\n<!-- \/ Yoast SEO plugin. -->","yoast_head_json":{"title":"\u0424\u0423\u0415\u041d\u041b\u0410\u0411\u0420\u0410\u0414\u0410\/ \u0413\u0440\u0430\u0434\u044a\u0442 \u0441\u0435 \u043f\u0440\u0435\u0432\u0440\u044a\u0449\u0430 \u0432 \u0440\u043e\u043a: \u041a\u0430\u0440\u043b\u043e\u0441 \u0415\u0441\u043a\u043e\u0431\u0435\u0434\u043e, 'Cari\u00f1o' \u0438 \u0420\u0443\u0431\u0435\u043d \u0434\u0435\u043b \u041f\u043e\u0441\u043e \u2013 Tirinha.com","robots":{"index":"index","follow":"follow","max-snippet":"max-snippet:-1","max-image-preview":"max-image-preview:large","max-video-preview":"max-video-preview:-1"},"canonical":"https:\/\/tirinha.com\/bg\/925\/\u0444\u0443\u0435\u043d\u043b\u0430\u0431\u0440\u0430\u0434\u0430-\u0433\u0440\u0430\u0434\u044a\u0442-\u0441\u0435-\u043f\u0440\u0435\u0432\u0440\u044a\u0449\u0430-\u0432-\u0440\u043e\u043a-\u043a\/","og_locale":"bg_BG","og_type":"article","og_title":"FUENLABRADA\/ A cidade vira rock: Carlos Escobedo, 'Cari\u00f1o' e Rub\u00e9n del Pozo - Tirinha.com","og_description":"A cidade de Fuenlabrada recebe neste fim de semana a primeira edi\u00e7\u00e3o de um novo festival: O Festival das Estrelasque &hellip;","og_url":"https:\/\/tirinha.com\/bg\/925\/\u0444\u0443\u0435\u043d\u043b\u0430\u0431\u0440\u0430\u0434\u0430-\u0433\u0440\u0430\u0434\u044a\u0442-\u0441\u0435-\u043f\u0440\u0435\u0432\u0440\u044a\u0449\u0430-\u0432-\u0440\u043e\u043a-\u043a\/","og_site_name":"Tirinha.com","article_published_time":"2023-04-03T17:35:40+00:00","og_image":[{"url":"https:\/\/noticiasparamunicipios.com\/wp-content\/uploads\/2023\/03\/Carlos-Escobedo.jpg","type":"","width":"","height":""}],"author":"admin","twitter_card":"summary_large_image","twitter_image":"https:\/\/noticiasparamunicipios.com\/wp-content\/uploads\/2023\/03\/Carlos-Escobedo.jpg","twitter_misc":{"Written by":"admin","Est. reading time":"2 \u043c\u0438\u043d\u0443\u0442\u0438"},"schema":{"@context":"https:\/\/schema.org","@graph":[{"@type":"Article","@id":"https:\/\/tirinha.com\/925\/fuenlabrada-a-cidade-vira-rock-carlos-escobedo-carino-e-ruben-del-pozo\/#article","isPartOf":{"@id":"https:\/\/tirinha.com\/925\/fuenlabrada-a-cidade-vira-rock-carlos-escobedo-carino-e-ruben-del-pozo\/"},"author":{"name":"admin","@id":"https:\/\/tirinha.com\/#\/schema\/person\/e22bdfbe17e0461f7e927e6a1208d4d9"},"headline":"FUENLABRADA\/ A cidade vira rock: Carlos Escobedo, &#8216;Cari\u00f1o&#8217; e Rub\u00e9n del Pozo","datePublished":"2023-04-03T17:35:40+00:00","mainEntityOfPage":{"@id":"https:\/\/tirinha.com\/925\/fuenlabrada-a-cidade-vira-rock-carlos-escobedo-carino-e-ruben-del-pozo\/"},"wordCount":339,"commentCount":0,"publisher":{"@id":"https:\/\/tirinha.com\/#organization"},"image":{"@id":"https:\/\/tirinha.com\/925\/fuenlabrada-a-cidade-vira-rock-carlos-escobedo-carino-e-ruben-del-pozo\/#primaryimage"},"thumbnailUrl":"https:\/\/noticiasparamunicipios.com\/wp-content\/uploads\/2023\/03\/Carlos-Escobedo.jpg","articleSection":["Cultura e lazer"],"inLanguage":"bg-BG","potentialAction":[{"@type":"CommentAction","name":"Comment","target":["https:\/\/tirinha.com\/925\/fuenlabrada-a-cidade-vira-rock-carlos-escobedo-carino-e-ruben-del-pozo\/#respond"]}]},{"@type":"WebPage","@id":"https:\/\/tirinha.com\/925\/fuenlabrada-a-cidade-vira-rock-carlos-escobedo-carino-e-ruben-del-pozo\/","url":"https:\/\/tirinha.com\/925\/fuenlabrada-a-cidade-vira-rock-carlos-escobedo-carino-e-ruben-del-pozo\/","name":"\u0424\u0423\u0415\u041d\u041b\u0410\u0411\u0420\u0410\u0414\u0410\/ \u0413\u0440\u0430\u0434\u044a\u0442 \u0441\u0435 \u043f\u0440\u0435\u0432\u0440\u044a\u0449\u0430 \u0432 \u0440\u043e\u043a: \u041a\u0430\u0440\u043b\u043e\u0441 \u0415\u0441\u043a\u043e\u0431\u0435\u0434\u043e, 'Cari\u00f1o' \u0438 \u0420\u0443\u0431\u0435\u043d \u0434\u0435\u043b \u041f\u043e\u0441\u043e \u2013 Tirinha.com","isPartOf":{"@id":"https:\/\/tirinha.com\/#website"},"primaryImageOfPage":{"@id":"https:\/\/tirinha.com\/925\/fuenlabrada-a-cidade-vira-rock-carlos-escobedo-carino-e-ruben-del-pozo\/#primaryimage"},"image":{"@id":"https:\/\/tirinha.com\/925\/fuenlabrada-a-cidade-vira-rock-carlos-escobedo-carino-e-ruben-del-pozo\/#primaryimage"},"thumbnailUrl":"https:\/\/noticiasparamunicipios.com\/wp-content\/uploads\/2023\/03\/Carlos-Escobedo.jpg","datePublished":"2023-04-03T17:35:40+00:00","breadcrumb":{"@id":"https:\/\/tirinha.com\/925\/fuenlabrada-a-cidade-vira-rock-carlos-escobedo-carino-e-ruben-del-pozo\/#breadcrumb"},"inLanguage":"bg-BG","potentialAction":[{"@type":"ReadAction","target":["https:\/\/tirinha.com\/925\/fuenlabrada-a-cidade-vira-rock-carlos-escobedo-carino-e-ruben-del-pozo\/"]}]},{"@type":"ImageObject","inLanguage":"bg-BG","@id":"https:\/\/tirinha.com\/925\/fuenlabrada-a-cidade-vira-rock-carlos-escobedo-carino-e-ruben-del-pozo\/#primaryimage","url":"https:\/\/noticiasparamunicipios.com\/wp-content\/uploads\/2023\/03\/Carlos-Escobedo.jpg","contentUrl":"https:\/\/noticiasparamunicipios.com\/wp-content\/uploads\/2023\/03\/Carlos-Escobedo.jpg"},{"@type":"BreadcrumbList","@id":"https:\/\/tirinha.com\/925\/fuenlabrada-a-cidade-vira-rock-carlos-escobedo-carino-e-ruben-del-pozo\/#breadcrumb","itemListElement":[{"@type":"ListItem","position":1,"name":"Home","item":"https:\/\/tirinha.com\/"},{"@type":"ListItem","position":2,"name":"FUENLABRADA\/ A cidade vira rock: Carlos Escobedo, &#8216;Cari\u00f1o&#8217; e Rub\u00e9n del Pozo"}]},{"@type":"WebSite","@id":"https:\/\/tirinha.com\/#website","url":"https:\/\/tirinha.com\/","name":"Tirinha.com","description":"\u0420\u0435\u0446\u0435\u043d\u0437\u0438\u0438 \u0437\u0430 \u0438\u0437\u043a\u0443\u0441\u0442\u0432\u043e \u0438 \u043a\u043d\u0438\u0433\u0438","publisher":{"@id":"https:\/\/tirinha.com\/#organization"},"potentialAction":[{"@type":"SearchAction","target":{"@type":"EntryPoint","urlTemplate":"https:\/\/tirinha.com\/?s={search_term_string}"},"query-input":{"@type":"PropertyValueSpecification","valueRequired":true,"valueName":"search_term_string"}}],"inLanguage":"bg-BG"},{"@type":"Organization","@id":"https:\/\/tirinha.com\/#organization","name":"Tirinha.com","url":"https:\/\/tirinha.com\/","logo":{"@type":"ImageObject","inLanguage":"bg-BG","@id":"https:\/\/tirinha.com\/#\/schema\/logo\/image\/","url":"https:\/\/tirinha.com\/wp-content\/uploads\/2023\/08\/cropped-Logo-Tirinha.webp","contentUrl":"https:\/\/tirinha.com\/wp-content\/uploads\/2023\/08\/cropped-Logo-Tirinha.webp","width":512,"height":512,"caption":"Tirinha.com"},"image":{"@id":"https:\/\/tirinha.com\/#\/schema\/logo\/image\/"}},{"@type":"Person","@id":"https:\/\/tirinha.com\/#\/schema\/person\/e22bdfbe17e0461f7e927e6a1208d4d9","name":"\u0430\u0434\u043c\u0438\u043d\u0438\u0441\u0442\u0440\u0430\u0442\u043e\u0440","image":{"@type":"ImageObject","inLanguage":"bg-BG","@id":"https:\/\/tirinha.com\/wp-content\/litespeed\/avatar\/d0068f7931cc87d7274eb0c3db1deb4b.jpg?ver=1776829466","url":"https:\/\/tirinha.com\/wp-content\/litespeed\/avatar\/d0068f7931cc87d7274eb0c3db1deb4b.jpg?ver=1776829466","contentUrl":"https:\/\/tirinha.com\/wp-content\/litespeed\/avatar\/d0068f7931cc87d7274eb0c3db1deb4b.jpg?ver=1776829466","caption":"admin"},"sameAs":["https:\/\/tirinha.com"],"url":"https:\/\/tirinha.com\/bg\/author\/admin\/"}]}},"_links":{"self":[{"href":"https:\/\/tirinha.com\/bg\/wp-json\/wp\/v2\/posts\/925","targetHints":{"allow":["GET"]}}],"collection":[{"href":"https:\/\/tirinha.com\/bg\/wp-json\/wp\/v2\/posts"}],"about":[{"href":"https:\/\/tirinha.com\/bg\/wp-json\/wp\/v2\/types\/post"}],"author":[{"embeddable":true,"href":"https:\/\/tirinha.com\/bg\/wp-json\/wp\/v2\/users\/1"}],"replies":[{"embeddable":true,"href":"https:\/\/tirinha.com\/bg\/wp-json\/wp\/v2\/comments?post=925"}],"version-history":[{"count":0,"href":"https:\/\/tirinha.com\/bg\/wp-json\/wp\/v2\/posts\/925\/revisions"}],"wp:featuredmedia":[{"embeddable":true,"href":"https:\/\/tirinha.com\/bg\/wp-json\/wp\/v2\/media\/926"}],"wp:attachment":[{"href":"https:\/\/tirinha.com\/bg\/wp-json\/wp\/v2\/media?parent=925"}],"wp:term":[{"taxonomy":"category","embeddable":true,"href":"https:\/\/tirinha.com\/bg\/wp-json\/wp\/v2\/categories?post=925"},{"taxonomy":"post_tag","embeddable":true,"href":"https:\/\/tirinha.com\/bg\/wp-json\/wp\/v2\/tags?post=925"}],"curies":[{"name":"\u0440\u0430\u0431\u043e\u0442\u043d\u0430 \u0441\u0440\u0435\u0449\u0430","href":"https:\/\/api.w.org\/{rel}","templated":true}]}}